{"id":123210,"date":"2025-09-14T07:37:33","date_gmt":"2025-09-14T12:37:33","guid":{"rendered":"https:\/\/futbolhoy.co\/?p=123210"},"modified":"2025-09-15T09:56:54","modified_gmt":"2025-09-15T14:56:54","slug":"nacional-tendra-fuerte-castigo-tras-error-de-alineacion-indebida","status":"publish","type":"post","link":"https:\/\/futbolhoy.co\/index.php\/2025\/09\/14\/nacional-tendra-fuerte-castigo-tras-error-de-alineacion-indebida\/","title":{"rendered":"Nacional tendr\u00e1 fuerte castigo tras error de alineaci\u00f3n indebida"},"content":{"rendered":"<p style=\"text-align: justify;\"><span style=\"font-family: helvetica, arial, sans-serif;\"><strong>Atl\u00e9tico Nacional<\/strong> perdi\u00f3 0-1 ante Bucaramanga en el juego por la fecha 11 de la Liga BetPlay. El conjunto Verdolaga dej\u00f3 ir una racha de 13 partidos consecutivos sin caer, aunque por un<strong> error de alineaci\u00f3n indebida<\/strong>, la derrota ser\u00e1 m\u00e1s abultada.<\/span><\/p>\n<p style=\"text-align: justify;\"><span style=\"font-family: helvetica, arial, sans-serif;\">Del minuto 73 al 76\u2019 hubo cuatro extranjeros en simultaneo dentro del campo de juego para el conjunto Verdolaga: el uruguayo<strong> Camilo C\u00e1ndido y Juan Bauz\u00e1<\/strong>, que fueron titulares, sumados al argentino<strong> Facundo Bastista y Billy Arce<\/strong>, quienes ingresaron para el complemento.<\/span><\/p>\n<p style=\"text-align: justify;\"><span style=\"font-family: helvetica, arial, sans-serif;\">Al darse cuenta del error, el t\u00e9cnico Javier Gandolfi retir\u00f3 del terreno de juego a Camilo C\u00e1ndido para darle paso a <strong>Andr\u00e9s Salazar<\/strong>, pero el fallo ya se hab\u00eda cometido. El entrenador argentino, lo reconoci\u00f3 en rueda de prensa.<\/span><\/p>\n<p style=\"text-align: justify;\"><span style=\"font-family: helvetica, arial, sans-serif;\">\u201cLa respuesta es muy corta; cuando decido realizar el cambio, en ning\u00fan momento tuve en cuenta que ten\u00edamos los tres (extranjeros) en el campo de juego. Obviamente,<strong> no hay excusas<\/strong> y luego hablar\u00e9 con el cuerpo t\u00e9cnico, esto no puede pasar. No hay mucho para agregar\u201d, dijo el argentino.<\/span><\/p>\n<p style=\"text-align: justify;\"><span style=\"font-family: helvetica, arial, sans-serif;\">En el art\u00edculo 83 del C\u00f3digo Disciplinario \u00danico se establece el castigo de la p\u00e9rdida por retirada o renuncia (0-3) y una multa de 20 salarios m\u00ednimos mensuales, lo que equivale a una cifra superior a los<strong> 28 millones de pesos<\/strong>. Esto tendr\u00e1 que concretarse con la resoluci\u00f3n del Comit\u00e9 Disciplinario, la cual saldr\u00e1 en los pr\u00f3ximos d\u00edas.<\/span><\/p>\n","protected":false},"excerpt":{"rendered":"<p>Atl\u00e9tico Nacional perdi\u00f3 0-1 ante Bucaramanga en el juego por la fecha 11 de la Liga BetPlay. El conjunto Verdolaga dej\u00f3 ir una racha de 13 partidos consecutivos sin caer, aunque por un error de alineaci\u00f3n indebida, la derrota ser\u00e1 m\u00e1s abultada. Del minuto 73 al 76\u2019 hubo cuatro extranjeros en simultaneo dentro del campo [&hellip;]<\/p>\n","protected":false},"author":4,"featured_media":123230,"comment_status":"open","ping_status":"open","sticky":false,"template":"","format":"standard","meta":{"_acf_changed":false,"footnotes":""},"categories":[7],"tags":[],"class_list":{"0":"post-123210","1":"post","2":"type-post","3":"status-publish","4":"format-standard","5":"has-post-thumbnail","7":"category-liga-betplay"},"acf":[],"yoast_head":"<!-- This site is optimized with the Yoast SEO plugin v26.8 - https:\/\/yoast.com\/product\/yoast-seo-wordpress\/ -->\n<title>Nacional tendr\u00e1 fuerte castigo tras error de alineaci\u00f3n indebida -<\/title>\n<meta name=\"robots\" content=\"index, follow, max-snippet:-1, max-image-preview:large, max-video-preview:-1\" \/>\n<link rel=\"canonical\" href=\"https:\/\/futbolhoy.co\/index.php\/2025\/09\/14\/nacional-tendra-fuerte-castigo-tras-error-de-alineacion-indebida\/\" \/>\n<meta property=\"og:locale\" content=\"es_ES\" \/>\n<meta property=\"og:type\" content=\"article\" \/>\n<meta property=\"og:title\" content=\"Nacional tendr\u00e1 fuerte castigo tras error de alineaci\u00f3n indebida -\" \/>\n<meta property=\"og:description\" content=\"Atl\u00e9tico Nacional perdi\u00f3 0-1 ante Bucaramanga en el juego por la fecha 11 de la Liga BetPlay. El conjunto Verdolaga dej\u00f3 ir una racha de 13 partidos consecutivos sin caer, aunque por un error de alineaci\u00f3n indebida, la derrota ser\u00e1 m\u00e1s abultada. Del minuto 73 al 76\u2019 hubo cuatro extranjeros en simultaneo dentro del campo [&hellip;]\" \/>\n<meta property=\"og:url\" content=\"https:\/\/futbolhoy.co\/index.php\/2025\/09\/14\/nacional-tendra-fuerte-castigo-tras-error-de-alineacion-indebida\/\" \/>\n<meta property=\"article:publisher\" content=\"https:\/\/www.facebook.com\/FutbolHoyCol\/\" \/>\n<meta property=\"article:published_time\" content=\"2025-09-14T12:37:33+00:00\" \/>\n<meta property=\"article:modified_time\" content=\"2025-09-15T14:56:54+00:00\" \/>\n<meta property=\"og:image\" content=\"https:\/\/futbolhoy.co\/wp-content\/uploads\/2025\/09\/G0xpgaRWQAA2GXN.jpg\" \/>\n\t<meta property=\"og:image:width\" content=\"805\" \/>\n\t<meta property=\"og:image:height\" content=\"577\" \/>\n\t<meta property=\"og:image:type\" content=\"image\/jpeg\" \/>\n<meta name=\"author\" content=\"contenido\" \/>\n<meta name=\"twitter:card\" content=\"summary_large_image\" \/>\n<meta name=\"twitter:creator\" content=\"@FutbolHoyCol\" \/>\n<meta name=\"twitter:site\" content=\"@FutbolHoyCol\" \/>\n<meta name=\"twitter:label1\" content=\"Escrito por\" \/>\n\t<meta name=\"twitter:data1\" content=\"contenido\" \/>\n\t<meta name=\"twitter:label2\" content=\"Tiempo de lectura\" \/>\n\t<meta name=\"twitter:data2\" content=\"1 minuto\" \/>\n<script type=\"application\/ld+json\" class=\"yoast-schema-graph\">{\"@context\":\"https:\/\/schema.org\",\"@graph\":[{\"@type\":\"Article\",\"@id\":\"https:\/\/futbolhoy.co\/index.php\/2025\/09\/14\/nacional-tendra-fuerte-castigo-tras-error-de-alineacion-indebida\/#article\",\"isPartOf\":{\"@id\":\"https:\/\/futbolhoy.co\/index.php\/2025\/09\/14\/nacional-tendra-fuerte-castigo-tras-error-de-alineacion-indebida\/\"},\"author\":{\"name\":\"contenido\",\"@id\":\"https:\/\/futbolhoy.co\/#\/schema\/person\/1721b69355b6623eaff15ac7b92d4cc3\"},\"headline\":\"Nacional tendr\u00e1 fuerte castigo tras error de alineaci\u00f3n indebida\",\"datePublished\":\"2025-09-14T12:37:33+00:00\",\"dateModified\":\"2025-09-15T14:56:54+00:00\",\"mainEntityOfPage\":{\"@id\":\"https:\/\/futbolhoy.co\/index.php\/2025\/09\/14\/nacional-tendra-fuerte-castigo-tras-error-de-alineacion-indebida\/\"},\"wordCount\":251,\"commentCount\":0,\"publisher\":{\"@id\":\"https:\/\/futbolhoy.co\/#organization\"},\"image\":{\"@id\":\"https:\/\/futbolhoy.co\/index.php\/2025\/09\/14\/nacional-tendra-fuerte-castigo-tras-error-de-alineacion-indebida\/#primaryimage\"},\"thumbnailUrl\":\"https:\/\/futbolhoy.co\/wp-content\/uploads\/2025\/09\/G0xpgaRWQAA2GXN.jpg\",\"articleSection\":[\"Liga BetPlay\"],\"inLanguage\":\"es\",\"potentialAction\":[{\"@type\":\"CommentAction\",\"name\":\"Comment\",\"target\":[\"https:\/\/futbolhoy.co\/index.php\/2025\/09\/14\/nacional-tendra-fuerte-castigo-tras-error-de-alineacion-indebida\/#respond\"]}]},{\"@type\":\"WebPage\",\"@id\":\"https:\/\/futbolhoy.co\/index.php\/2025\/09\/14\/nacional-tendra-fuerte-castigo-tras-error-de-alineacion-indebida\/\",\"url\":\"https:\/\/futbolhoy.co\/index.php\/2025\/09\/14\/nacional-tendra-fuerte-castigo-tras-error-de-alineacion-indebida\/\",\"name\":\"Nacional tendr\u00e1 fuerte castigo tras error de alineaci\u00f3n indebida -\",\"isPartOf\":{\"@id\":\"https:\/\/futbolhoy.co\/#website\"},\"primaryImageOfPage\":{\"@id\":\"https:\/\/futbolhoy.co\/index.php\/2025\/09\/14\/nacional-tendra-fuerte-castigo-tras-error-de-alineacion-indebida\/#primaryimage\"},\"image\":{\"@id\":\"https:\/\/futbolhoy.co\/index.php\/2025\/09\/14\/nacional-tendra-fuerte-castigo-tras-error-de-alineacion-indebida\/#primaryimage\"},\"thumbnailUrl\":\"https:\/\/futbolhoy.co\/wp-content\/uploads\/2025\/09\/G0xpgaRWQAA2GXN.jpg\",\"datePublished\":\"2025-09-14T12:37:33+00:00\",\"dateModified\":\"2025-09-15T14:56:54+00:00\",\"breadcrumb\":{\"@id\":\"https:\/\/futbolhoy.co\/index.php\/2025\/09\/14\/nacional-tendra-fuerte-castigo-tras-error-de-alineacion-indebida\/#breadcrumb\"},\"inLanguage\":\"es\",\"potentialAction\":[{\"@type\":\"ReadAction\",\"target\":[\"https:\/\/futbolhoy.co\/index.php\/2025\/09\/14\/nacional-tendra-fuerte-castigo-tras-error-de-alineacion-indebida\/\"]}]},{\"@type\":\"ImageObject\",\"inLanguage\":\"es\",\"@id\":\"https:\/\/futbolhoy.co\/index.php\/2025\/09\/14\/nacional-tendra-fuerte-castigo-tras-error-de-alineacion-indebida\/#primaryimage\",\"url\":\"https:\/\/futbolhoy.co\/wp-content\/uploads\/2025\/09\/G0xpgaRWQAA2GXN.jpg\",\"contentUrl\":\"https:\/\/futbolhoy.co\/wp-content\/uploads\/2025\/09\/G0xpgaRWQAA2GXN.jpg\",\"width\":805,\"height\":577},{\"@type\":\"BreadcrumbList\",\"@id\":\"https:\/\/futbolhoy.co\/index.php\/2025\/09\/14\/nacional-tendra-fuerte-castigo-tras-error-de-alineacion-indebida\/#breadcrumb\",\"itemListElement\":[{\"@type\":\"ListItem\",\"position\":1,\"name\":\"Portada\",\"item\":\"https:\/\/futbolhoy.co\/\"},{\"@type\":\"ListItem\",\"position\":2,\"name\":\"Nacional tendr\u00e1 fuerte castigo tras error de alineaci\u00f3n indebida\"}]},{\"@type\":\"WebSite\",\"@id\":\"https:\/\/futbolhoy.co\/#website\",\"url\":\"https:\/\/futbolhoy.co\/\",\"name\":\"FutbolHoy\",\"description\":\"\",\"publisher\":{\"@id\":\"https:\/\/futbolhoy.co\/#organization\"},\"potentialAction\":[{\"@type\":\"SearchAction\",\"target\":{\"@type\":\"EntryPoint\",\"urlTemplate\":\"https:\/\/futbolhoy.co\/?s={search_term_string}\"},\"query-input\":{\"@type\":\"PropertyValueSpecification\",\"valueRequired\":true,\"valueName\":\"search_term_string\"}}],\"inLanguage\":\"es\"},{\"@type\":\"Organization\",\"@id\":\"https:\/\/futbolhoy.co\/#organization\",\"name\":\"Futbolhoy.co\",\"url\":\"https:\/\/futbolhoy.co\/\",\"logo\":{\"@type\":\"ImageObject\",\"inLanguage\":\"es\",\"@id\":\"https:\/\/futbolhoy.co\/#\/schema\/logo\/image\/\",\"url\":\"https:\/\/futbolhoy.co\/wp-content\/uploads\/2018\/08\/17426380_1906371736249227_6326180412931521141_n.jpg\",\"contentUrl\":\"https:\/\/futbolhoy.co\/wp-content\/uploads\/2018\/08\/17426380_1906371736249227_6326180412931521141_n.jpg\",\"width\":960,\"height\":960,\"caption\":\"Futbolhoy.co\"},\"image\":{\"@id\":\"https:\/\/futbolhoy.co\/#\/schema\/logo\/image\/\"},\"sameAs\":[\"https:\/\/www.facebook.com\/FutbolHoyCol\/\",\"https:\/\/x.com\/FutbolHoyCol\",\"https:\/\/www.instagram.com\/futbolhoycol\/\"]},{\"@type\":\"Person\",\"@id\":\"https:\/\/futbolhoy.co\/#\/schema\/person\/1721b69355b6623eaff15ac7b92d4cc3\",\"name\":\"contenido\",\"image\":{\"@type\":\"ImageObject\",\"inLanguage\":\"es\",\"@id\":\"https:\/\/futbolhoy.co\/#\/schema\/person\/image\/\",\"url\":\"https:\/\/secure.gravatar.com\/avatar\/4f656d3256f5134f466206e7c3941518?s=96&d=mm&r=g\",\"contentUrl\":\"https:\/\/secure.gravatar.com\/avatar\/4f656d3256f5134f466206e7c3941518?s=96&d=mm&r=g\",\"caption\":\"contenido\"}}]}<\/script>\n<!-- \/ Yoast SEO plugin. -->","yoast_head_json":{"title":"Nacional tendr\u00e1 fuerte castigo tras error de alineaci\u00f3n indebida -","robots":{"index":"index","follow":"follow","max-snippet":"max-snippet:-1","max-image-preview":"max-image-preview:large","max-video-preview":"max-video-preview:-1"},"canonical":"https:\/\/futbolhoy.co\/index.php\/2025\/09\/14\/nacional-tendra-fuerte-castigo-tras-error-de-alineacion-indebida\/","og_locale":"es_ES","og_type":"article","og_title":"Nacional tendr\u00e1 fuerte castigo tras error de alineaci\u00f3n indebida -","og_description":"Atl\u00e9tico Nacional perdi\u00f3 0-1 ante Bucaramanga en el juego por la fecha 11 de la Liga BetPlay. El conjunto Verdolaga dej\u00f3 ir una racha de 13 partidos consecutivos sin caer, aunque por un error de alineaci\u00f3n indebida, la derrota ser\u00e1 m\u00e1s abultada. Del minuto 73 al 76\u2019 hubo cuatro extranjeros en simultaneo dentro del campo [&hellip;]","og_url":"https:\/\/futbolhoy.co\/index.php\/2025\/09\/14\/nacional-tendra-fuerte-castigo-tras-error-de-alineacion-indebida\/","article_publisher":"https:\/\/www.facebook.com\/FutbolHoyCol\/","article_published_time":"2025-09-14T12:37:33+00:00","article_modified_time":"2025-09-15T14:56:54+00:00","og_image":[{"width":805,"height":577,"url":"https:\/\/futbolhoy.co\/wp-content\/uploads\/2025\/09\/G0xpgaRWQAA2GXN.jpg","type":"image\/jpeg"}],"author":"contenido","twitter_card":"summary_large_image","twitter_creator":"@FutbolHoyCol","twitter_site":"@FutbolHoyCol","twitter_misc":{"Escrito por":"contenido","Tiempo de lectura":"1 minuto"},"schema":{"@context":"https:\/\/schema.org","@graph":[{"@type":"Article","@id":"https:\/\/futbolhoy.co\/index.php\/2025\/09\/14\/nacional-tendra-fuerte-castigo-tras-error-de-alineacion-indebida\/#article","isPartOf":{"@id":"https:\/\/futbolhoy.co\/index.php\/2025\/09\/14\/nacional-tendra-fuerte-castigo-tras-error-de-alineacion-indebida\/"},"author":{"name":"contenido","@id":"https:\/\/futbolhoy.co\/#\/schema\/person\/1721b69355b6623eaff15ac7b92d4cc3"},"headline":"Nacional tendr\u00e1 fuerte castigo tras error de alineaci\u00f3n indebida","datePublished":"2025-09-14T12:37:33+00:00","dateModified":"2025-09-15T14:56:54+00:00","mainEntityOfPage":{"@id":"https:\/\/futbolhoy.co\/index.php\/2025\/09\/14\/nacional-tendra-fuerte-castigo-tras-error-de-alineacion-indebida\/"},"wordCount":251,"commentCount":0,"publisher":{"@id":"https:\/\/futbolhoy.co\/#organization"},"image":{"@id":"https:\/\/futbolhoy.co\/index.php\/2025\/09\/14\/nacional-tendra-fuerte-castigo-tras-error-de-alineacion-indebida\/#primaryimage"},"thumbnailUrl":"https:\/\/futbolhoy.co\/wp-content\/uploads\/2025\/09\/G0xpgaRWQAA2GXN.jpg","articleSection":["Liga BetPlay"],"inLanguage":"es","potentialAction":[{"@type":"CommentAction","name":"Comment","target":["https:\/\/futbolhoy.co\/index.php\/2025\/09\/14\/nacional-tendra-fuerte-castigo-tras-error-de-alineacion-indebida\/#respond"]}]},{"@type":"WebPage","@id":"https:\/\/futbolhoy.co\/index.php\/2025\/09\/14\/nacional-tendra-fuerte-castigo-tras-error-de-alineacion-indebida\/","url":"https:\/\/futbolhoy.co\/index.php\/2025\/09\/14\/nacional-tendra-fuerte-castigo-tras-error-de-alineacion-indebida\/","name":"Nacional tendr\u00e1 fuerte castigo tras error de alineaci\u00f3n indebida -","isPartOf":{"@id":"https:\/\/futbolhoy.co\/#website"},"primaryImageOfPage":{"@id":"https:\/\/futbolhoy.co\/index.php\/2025\/09\/14\/nacional-tendra-fuerte-castigo-tras-error-de-alineacion-indebida\/#primaryimage"},"image":{"@id":"https:\/\/futbolhoy.co\/index.php\/2025\/09\/14\/nacional-tendra-fuerte-castigo-tras-error-de-alineacion-indebida\/#primaryimage"},"thumbnailUrl":"https:\/\/futbolhoy.co\/wp-content\/uploads\/2025\/09\/G0xpgaRWQAA2GXN.jpg","datePublished":"2025-09-14T12:37:33+00:00","dateModified":"2025-09-15T14:56:54+00:00","breadcrumb":{"@id":"https:\/\/futbolhoy.co\/index.php\/2025\/09\/14\/nacional-tendra-fuerte-castigo-tras-error-de-alineacion-indebida\/#breadcrumb"},"inLanguage":"es","potentialAction":[{"@type":"ReadAction","target":["https:\/\/futbolhoy.co\/index.php\/2025\/09\/14\/nacional-tendra-fuerte-castigo-tras-error-de-alineacion-indebida\/"]}]},{"@type":"ImageObject","inLanguage":"es","@id":"https:\/\/futbolhoy.co\/index.php\/2025\/09\/14\/nacional-tendra-fuerte-castigo-tras-error-de-alineacion-indebida\/#primaryimage","url":"https:\/\/futbolhoy.co\/wp-content\/uploads\/2025\/09\/G0xpgaRWQAA2GXN.jpg","contentUrl":"https:\/\/futbolhoy.co\/wp-content\/uploads\/2025\/09\/G0xpgaRWQAA2GXN.jpg","width":805,"height":577},{"@type":"BreadcrumbList","@id":"https:\/\/futbolhoy.co\/index.php\/2025\/09\/14\/nacional-tendra-fuerte-castigo-tras-error-de-alineacion-indebida\/#breadcrumb","itemListElement":[{"@type":"ListItem","position":1,"name":"Portada","item":"https:\/\/futbolhoy.co\/"},{"@type":"ListItem","position":2,"name":"Nacional tendr\u00e1 fuerte castigo tras error de alineaci\u00f3n indebida"}]},{"@type":"WebSite","@id":"https:\/\/futbolhoy.co\/#website","url":"https:\/\/futbolhoy.co\/","name":"FutbolHoy","description":"","publisher":{"@id":"https:\/\/futbolhoy.co\/#organization"},"potentialAction":[{"@type":"SearchAction","target":{"@type":"EntryPoint","urlTemplate":"https:\/\/futbolhoy.co\/?s={search_term_string}"},"query-input":{"@type":"PropertyValueSpecification","valueRequired":true,"valueName":"search_term_string"}}],"inLanguage":"es"},{"@type":"Organization","@id":"https:\/\/futbolhoy.co\/#organization","name":"Futbolhoy.co","url":"https:\/\/futbolhoy.co\/","logo":{"@type":"ImageObject","inLanguage":"es","@id":"https:\/\/futbolhoy.co\/#\/schema\/logo\/image\/","url":"https:\/\/futbolhoy.co\/wp-content\/uploads\/2018\/08\/17426380_1906371736249227_6326180412931521141_n.jpg","contentUrl":"https:\/\/futbolhoy.co\/wp-content\/uploads\/2018\/08\/17426380_1906371736249227_6326180412931521141_n.jpg","width":960,"height":960,"caption":"Futbolhoy.co"},"image":{"@id":"https:\/\/futbolhoy.co\/#\/schema\/logo\/image\/"},"sameAs":["https:\/\/www.facebook.com\/FutbolHoyCol\/","https:\/\/x.com\/FutbolHoyCol","https:\/\/www.instagram.com\/futbolhoycol\/"]},{"@type":"Person","@id":"https:\/\/futbolhoy.co\/#\/schema\/person\/1721b69355b6623eaff15ac7b92d4cc3","name":"contenido","image":{"@type":"ImageObject","inLanguage":"es","@id":"https:\/\/futbolhoy.co\/#\/schema\/person\/image\/","url":"https:\/\/secure.gravatar.com\/avatar\/4f656d3256f5134f466206e7c3941518?s=96&d=mm&r=g","contentUrl":"https:\/\/secure.gravatar.com\/avatar\/4f656d3256f5134f466206e7c3941518?s=96&d=mm&r=g","caption":"contenido"}}]}},"publishpress_future_action":{"enabled":false,"date":"2026-05-03 01:11:28","action":"change-status","newStatus":"draft","terms":[],"taxonomy":"category","extraData":[]},"publishpress_future_workflow_manual_trigger":{"enabledWorkflows":[]},"_links":{"self":[{"href":"https:\/\/futbolhoy.co\/index.php\/wp-json\/wp\/v2\/posts\/123210","targetHints":{"allow":["GET"]}}],"collection":[{"href":"https:\/\/futbolhoy.co\/index.php\/wp-json\/wp\/v2\/posts"}],"about":[{"href":"https:\/\/futbolhoy.co\/index.php\/wp-json\/wp\/v2\/types\/post"}],"author":[{"embeddable":true,"href":"https:\/\/futbolhoy.co\/index.php\/wp-json\/wp\/v2\/users\/4"}],"replies":[{"embeddable":true,"href":"https:\/\/futbolhoy.co\/index.php\/wp-json\/wp\/v2\/comments?post=123210"}],"version-history":[{"count":1,"href":"https:\/\/futbolhoy.co\/index.php\/wp-json\/wp\/v2\/posts\/123210\/revisions"}],"predecessor-version":[{"id":123219,"href":"https:\/\/futbolhoy.co\/index.php\/wp-json\/wp\/v2\/posts\/123210\/revisions\/123219"}],"wp:featuredmedia":[{"embeddable":true,"href":"https:\/\/futbolhoy.co\/index.php\/wp-json\/wp\/v2\/media\/123230"}],"wp:attachment":[{"href":"https:\/\/futbolhoy.co\/index.php\/wp-json\/wp\/v2\/media?parent=123210"}],"wp:term":[{"taxonomy":"category","embeddable":true,"href":"https:\/\/futbolhoy.co\/index.php\/wp-json\/wp\/v2\/categories?post=123210"},{"taxonomy":"post_tag","embeddable":true,"href":"https:\/\/futbolhoy.co\/index.php\/wp-json\/wp\/v2\/tags?post=123210"}],"curies":[{"name":"wp","href":"https:\/\/api.w.org\/{rel}","templated":true}]}}