{"id":123596,"date":"2025-09-22T07:59:31","date_gmt":"2025-09-22T12:59:31","guid":{"rendered":"https:\/\/futbolhoy.co\/?p=123596"},"modified":"2025-09-23T10:55:53","modified_gmt":"2025-09-23T15:55:53","slug":"goles-colombianos-el-fin-de-semana-carrascal-vegara-cucho-y-mas","status":"publish","type":"post","link":"https:\/\/futbolhoy.co\/index.php\/2025\/09\/22\/goles-colombianos-el-fin-de-semana-carrascal-vegara-cucho-y-mas\/","title":{"rendered":"Goles colombianos el fin de semana: Carrascal, Vegara, Cucho y m\u00e1s"},"content":{"rendered":"<p style=\"text-align: justify;\"><span style=\"font-family: helvetica, arial, sans-serif;\"><strong>Juan Camilo Hern\u00e1ndez, Jorge Carrascal y Duv\u00e1n Vergara<\/strong> lideraron la cosecha de goles colombianos en el mundo durante el pasado fin de semana. A continuaci\u00f3n repasamos estas y otras anotaciones.<\/span><\/p>\n<ul>\n<li style=\"text-align: justify;\"><span style=\"font-family: helvetica, arial, sans-serif;\"><strong>Juan Camilo Hern\u00e1ndez<\/strong> aport\u00f3 un gol en la victoria del <strong>Real Betis<\/strong> 3-1 sobre la <strong>Real Sociedad<\/strong> por <strong>LaLiga de Espa\u00f1a<\/strong>. Es la segunda anotaci\u00f3n del Cucho en la temporada.<\/span><\/li>\n<\/ul>\n<blockquote class=\"twitter-tweet\" data-media-max-width=\"560\">\n<p dir=\"ltr\" lang=\"es\">\ud83d\udd25\u26bd\ufe0f Juan Camilo \u2018Cucho\u2019 Hern\u00e1ndez anot\u00f3 un golazo en la victoria del Real Betis 3-1 ante la Real Sociedad.<a href=\"https:\/\/t.co\/6DEcPG6IZZ\">pic.twitter.com\/6DEcPG6IZZ<\/a><\/p>\n<p>\u2014 FutbolHoy (@FutbolHoyCol) <a href=\"https:\/\/twitter.com\/FutbolHoyCol\/status\/1969166039763087365?ref_src=twsrc%5Etfw\">September 19, 2025<\/a><\/p><\/blockquote>\n<p><script async src=\"https:\/\/platform.twitter.com\/widgets.js\" charset=\"utf-8\"><\/script><\/p>\n<ul>\n<li style=\"text-align: justify;\"><span style=\"font-family: helvetica, arial, sans-serif;\"><strong>Duv\u00e1n Vergara<\/strong> abri\u00f3 el marcador en triunfo de<strong> Racing de Avellaneda<\/strong> 0-2 sobre <strong>Hurac\u00e1n.<\/strong> Tercer gol con el equipo argentino.<\/span><br \/>\n<blockquote class=\"twitter-tweet\" data-media-max-width=\"560\">\n<p dir=\"ltr\" lang=\"es\">\u26bd\ufe0f\ud83c\udde8\ud83c\uddf4 Duv\u00e1n Vergara abri\u00f3 el marcador en la victoria de Racing 0-2 sobre Hurac\u00e1n.<a href=\"https:\/\/t.co\/2ScY8K4bFd\">pic.twitter.com\/2ScY8K4bFd<\/a><\/p>\n<p>\u2014 FutbolHoy (@FutbolHoyCol) <a href=\"https:\/\/twitter.com\/FutbolHoyCol\/status\/1969188376029888537?ref_src=twsrc%5Etfw\">September 19, 2025<\/a><\/p><\/blockquote>\n<p><script async src=\"https:\/\/platform.twitter.com\/widgets.js\" charset=\"utf-8\"><\/script><\/li>\n<li style=\"text-align: justify;\"><span style=\"font-family: helvetica, arial, sans-serif;\"><strong>Jorge Carrascal<\/strong> anot\u00f3 el gol de <strong>Flamengo<\/strong> en el empate 1-1 frente a<strong> Vasco Da Gama<\/strong>. Este es el primer gol del cartagenero con el equipo brasile\u00f1o.<\/span><br \/>\n<blockquote class=\"twitter-tweet\" data-media-max-width=\"560\">\n<p dir=\"ltr\" lang=\"es\">Jorge Carrascal \ud83c\udde8\ud83c\uddf4 convirti\u00f3 su primer gol con la camiseta de Flamengo \ud83c\udde7\ud83c\uddf7. Fue para el triunfo parcial 1-0 sobre Vaco da Gama. As\u00ed \ud83d\udc47<a href=\"https:\/\/t.co\/8ZNvOOvf2q\">pic.twitter.com\/8ZNvOOvf2q<\/a><\/p>\n<p>\u2014 VSports Team (@VSportsTM) <a href=\"https:\/\/twitter.com\/VSportsTM\/status\/1969867936908058724?ref_src=twsrc%5Etfw\">September 21, 2025<\/a><\/p><\/blockquote>\n<p>&nbsp;<\/p>\n<p><script async src=\"https:\/\/platform.twitter.com\/widgets.js\" charset=\"utf-8\"><\/script><\/li>\n<li style=\"text-align: justify;\"><span style=\"font-family: helvetica, arial, sans-serif;\"><strong>Kevin Balanta<\/strong> anot\u00f3 el \u00fanico gol del Santos Laguna, que perdi\u00f3 goleado 1-4 a manos de<strong> Atl\u00e9tico San Luis.<\/strong> Primer gol en la presente temporada.<\/span><br \/>\n<blockquote class=\"twitter-tweet\" data-media-max-width=\"560\">\n<p dir=\"ltr\" lang=\"es\">Balanta se levant\u00f3... \u00a1Y conect\u00f3 el bal\u00f3n con furia! \ud83d\udc4a<\/p>\n<p>* Ac\u00e1 les dej\u00f3 el gol de <a href=\"https:\/\/twitter.com\/ClubSantos?ref_src=twsrc%5Etfw\">@ClubSantos<\/a> ante los potosinos. \ud83d\udcf9<a href=\"https:\/\/twitter.com\/hashtag\/J9?src=hash&amp;ref_src=twsrc%5Etfw\">#J9<\/a> <a href=\"https:\/\/twitter.com\/hashtag\/AP25?src=hash&amp;ref_src=twsrc%5Etfw\">#AP25<\/a> | <a href=\"https:\/\/twitter.com\/hashtag\/LaLigaDeLaAfici%C3%B3n?src=hash&amp;ref_src=twsrc%5Etfw\">#LaLigaDeLaAfici\u00f3n<\/a> <a href=\"https:\/\/t.co\/wk3WJMOgBK\">pic.twitter.com\/wk3WJMOgBK<\/a><\/p>\n<p>\u2014 Liga BBVA MX (@LigaBBVAMX) <a href=\"https:\/\/twitter.com\/LigaBBVAMX\/status\/1969927506888446385?ref_src=twsrc%5Etfw\">September 22, 2025<\/a><\/p><\/blockquote>\n<p><script async src=\"https:\/\/platform.twitter.com\/widgets.js\" charset=\"utf-8\"><\/script><\/li>\n<li style=\"text-align: justify;\"><span style=\"font-family: helvetica, arial, sans-serif;\"><strong>Cristian Arango<\/strong> anot\u00f3 el \u00fanico gol del<strong> San Jose Earthquakes<\/strong> en la derrota 1-3 contra el <strong>St. Louis City SC<\/strong> por la <strong>MLS.<\/strong> Es el gol n\u00famero 14 del Chicho en lo corrido del 2025.<\/span><br \/>\n<blockquote class=\"twitter-tweet\" data-media-max-width=\"560\">\n<p dir=\"ltr\" lang=\"es\">\u00a1Chicho Arango descuenta para <a href=\"https:\/\/twitter.com\/SJEarthquakes?ref_src=twsrc%5Etfw\">@SJEarthquakes<\/a> con su decimotercer gol de la temporada! <a href=\"https:\/\/t.co\/WU5E4zfVpI\">pic.twitter.com\/WU5E4zfVpI<\/a><\/p>\n<p>\u2014 MLS Espa\u00f1ol (@MLSes) <a href=\"https:\/\/twitter.com\/MLSes\/status\/1969602255021121620?ref_src=twsrc%5Etfw\">September 21, 2025<\/a><\/p><\/blockquote>\n<p><script async src=\"https:\/\/platform.twitter.com\/widgets.js\" charset=\"utf-8\"><\/script><\/li>\n<\/ul>\n","protected":false},"excerpt":{"rendered":"<p>Juan Camilo Hern\u00e1ndez, Jorge Carrascal y Duv\u00e1n Vergara lideraron la cosecha de goles colombianos en el mundo durante el pasado fin de semana. A continuaci\u00f3n repasamos estas y otras anotaciones. Juan Camilo Hern\u00e1ndez aport\u00f3 un gol en la victoria del Real Betis 3-1 sobre la Real Sociedad por LaLiga de Espa\u00f1a. Es la segunda anotaci\u00f3n [&hellip;]<\/p>\n","protected":false},"author":4,"featured_media":123597,"comment_status":"open","ping_status":"open","sticky":false,"template":"","format":"standard","meta":{"_acf_changed":false,"footnotes":""},"categories":[418],"tags":[],"class_list":{"0":"post-123596","1":"post","2":"type-post","3":"status-publish","4":"format-standard","5":"has-post-thumbnail","7":"category-colombia"},"acf":[],"yoast_head":"<!-- This site is optimized with the Yoast SEO plugin v26.8 - https:\/\/yoast.com\/product\/yoast-seo-wordpress\/ -->\n<title>Goles colombianos el fin de semana: Carrascal, Vegara, Cucho y m\u00e1s -<\/title>\n<meta name=\"robots\" content=\"index, follow, max-snippet:-1, max-image-preview:large, max-video-preview:-1\" \/>\n<link rel=\"canonical\" href=\"https:\/\/futbolhoy.co\/index.php\/2025\/09\/22\/goles-colombianos-el-fin-de-semana-carrascal-vegara-cucho-y-mas\/\" \/>\n<meta property=\"og:locale\" content=\"es_ES\" \/>\n<meta property=\"og:type\" content=\"article\" \/>\n<meta property=\"og:title\" content=\"Goles colombianos el fin de semana: Carrascal, Vegara, Cucho y m\u00e1s -\" \/>\n<meta property=\"og:description\" content=\"Juan Camilo Hern\u00e1ndez, Jorge Carrascal y Duv\u00e1n Vergara lideraron la cosecha de goles colombianos en el mundo durante el pasado fin de semana. A continuaci\u00f3n repasamos estas y otras anotaciones. Juan Camilo Hern\u00e1ndez aport\u00f3 un gol en la victoria del Real Betis 3-1 sobre la Real Sociedad por LaLiga de Espa\u00f1a. Es la segunda anotaci\u00f3n [&hellip;]\" \/>\n<meta property=\"og:url\" content=\"https:\/\/futbolhoy.co\/index.php\/2025\/09\/22\/goles-colombianos-el-fin-de-semana-carrascal-vegara-cucho-y-mas\/\" \/>\n<meta property=\"article:publisher\" content=\"https:\/\/www.facebook.com\/FutbolHoyCol\/\" \/>\n<meta property=\"article:published_time\" content=\"2025-09-22T12:59:31+00:00\" \/>\n<meta property=\"article:modified_time\" content=\"2025-09-23T15:55:53+00:00\" \/>\n<meta property=\"og:image\" content=\"https:\/\/futbolhoy.co\/wp-content\/uploads\/2025\/09\/Carrascal.png\" \/>\n\t<meta property=\"og:image:width\" content=\"461\" \/>\n\t<meta property=\"og:image:height\" content=\"339\" \/>\n\t<meta property=\"og:image:type\" content=\"image\/png\" \/>\n<meta name=\"author\" content=\"contenido\" \/>\n<meta name=\"twitter:card\" content=\"summary_large_image\" \/>\n<meta name=\"twitter:creator\" content=\"@FutbolHoyCol\" \/>\n<meta name=\"twitter:site\" content=\"@FutbolHoyCol\" \/>\n<meta name=\"twitter:label1\" content=\"Escrito por\" \/>\n\t<meta name=\"twitter:data1\" content=\"contenido\" \/>\n\t<meta name=\"twitter:label2\" content=\"Tiempo de lectura\" \/>\n\t<meta name=\"twitter:data2\" content=\"2 minutos\" \/>\n<script type=\"application\/ld+json\" class=\"yoast-schema-graph\">{\"@context\":\"https:\/\/schema.org\",\"@graph\":[{\"@type\":\"Article\",\"@id\":\"https:\/\/futbolhoy.co\/index.php\/2025\/09\/22\/goles-colombianos-el-fin-de-semana-carrascal-vegara-cucho-y-mas\/#article\",\"isPartOf\":{\"@id\":\"https:\/\/futbolhoy.co\/index.php\/2025\/09\/22\/goles-colombianos-el-fin-de-semana-carrascal-vegara-cucho-y-mas\/\"},\"author\":{\"name\":\"contenido\",\"@id\":\"https:\/\/futbolhoy.co\/#\/schema\/person\/1721b69355b6623eaff15ac7b92d4cc3\"},\"headline\":\"Goles colombianos el fin de semana: Carrascal, Vegara, Cucho y m\u00e1s\",\"datePublished\":\"2025-09-22T12:59:31+00:00\",\"dateModified\":\"2025-09-23T15:55:53+00:00\",\"mainEntityOfPage\":{\"@id\":\"https:\/\/futbolhoy.co\/index.php\/2025\/09\/22\/goles-colombianos-el-fin-de-semana-carrascal-vegara-cucho-y-mas\/\"},\"wordCount\":328,\"commentCount\":0,\"publisher\":{\"@id\":\"https:\/\/futbolhoy.co\/#organization\"},\"image\":{\"@id\":\"https:\/\/futbolhoy.co\/index.php\/2025\/09\/22\/goles-colombianos-el-fin-de-semana-carrascal-vegara-cucho-y-mas\/#primaryimage\"},\"thumbnailUrl\":\"https:\/\/futbolhoy.co\/wp-content\/uploads\/2025\/09\/Carrascal.png\",\"articleSection\":[\"Colombia\"],\"inLanguage\":\"es\",\"potentialAction\":[{\"@type\":\"CommentAction\",\"name\":\"Comment\",\"target\":[\"https:\/\/futbolhoy.co\/index.php\/2025\/09\/22\/goles-colombianos-el-fin-de-semana-carrascal-vegara-cucho-y-mas\/#respond\"]}]},{\"@type\":\"WebPage\",\"@id\":\"https:\/\/futbolhoy.co\/index.php\/2025\/09\/22\/goles-colombianos-el-fin-de-semana-carrascal-vegara-cucho-y-mas\/\",\"url\":\"https:\/\/futbolhoy.co\/index.php\/2025\/09\/22\/goles-colombianos-el-fin-de-semana-carrascal-vegara-cucho-y-mas\/\",\"name\":\"Goles colombianos el fin de semana: Carrascal, Vegara, Cucho y m\u00e1s -\",\"isPartOf\":{\"@id\":\"https:\/\/futbolhoy.co\/#website\"},\"primaryImageOfPage\":{\"@id\":\"https:\/\/futbolhoy.co\/index.php\/2025\/09\/22\/goles-colombianos-el-fin-de-semana-carrascal-vegara-cucho-y-mas\/#primaryimage\"},\"image\":{\"@id\":\"https:\/\/futbolhoy.co\/index.php\/2025\/09\/22\/goles-colombianos-el-fin-de-semana-carrascal-vegara-cucho-y-mas\/#primaryimage\"},\"thumbnailUrl\":\"https:\/\/futbolhoy.co\/wp-content\/uploads\/2025\/09\/Carrascal.png\",\"datePublished\":\"2025-09-22T12:59:31+00:00\",\"dateModified\":\"2025-09-23T15:55:53+00:00\",\"breadcrumb\":{\"@id\":\"https:\/\/futbolhoy.co\/index.php\/2025\/09\/22\/goles-colombianos-el-fin-de-semana-carrascal-vegara-cucho-y-mas\/#breadcrumb\"},\"inLanguage\":\"es\",\"potentialAction\":[{\"@type\":\"ReadAction\",\"target\":[\"https:\/\/futbolhoy.co\/index.php\/2025\/09\/22\/goles-colombianos-el-fin-de-semana-carrascal-vegara-cucho-y-mas\/\"]}]},{\"@type\":\"ImageObject\",\"inLanguage\":\"es\",\"@id\":\"https:\/\/futbolhoy.co\/index.php\/2025\/09\/22\/goles-colombianos-el-fin-de-semana-carrascal-vegara-cucho-y-mas\/#primaryimage\",\"url\":\"https:\/\/futbolhoy.co\/wp-content\/uploads\/2025\/09\/Carrascal.png\",\"contentUrl\":\"https:\/\/futbolhoy.co\/wp-content\/uploads\/2025\/09\/Carrascal.png\",\"width\":461,\"height\":339},{\"@type\":\"BreadcrumbList\",\"@id\":\"https:\/\/futbolhoy.co\/index.php\/2025\/09\/22\/goles-colombianos-el-fin-de-semana-carrascal-vegara-cucho-y-mas\/#breadcrumb\",\"itemListElement\":[{\"@type\":\"ListItem\",\"position\":1,\"name\":\"Portada\",\"item\":\"https:\/\/futbolhoy.co\/\"},{\"@type\":\"ListItem\",\"position\":2,\"name\":\"Goles colombianos el fin de semana: Carrascal, Vegara, Cucho y m\u00e1s\"}]},{\"@type\":\"WebSite\",\"@id\":\"https:\/\/futbolhoy.co\/#website\",\"url\":\"https:\/\/futbolhoy.co\/\",\"name\":\"FutbolHoy\",\"description\":\"\",\"publisher\":{\"@id\":\"https:\/\/futbolhoy.co\/#organization\"},\"potentialAction\":[{\"@type\":\"SearchAction\",\"target\":{\"@type\":\"EntryPoint\",\"urlTemplate\":\"https:\/\/futbolhoy.co\/?s={search_term_string}\"},\"query-input\":{\"@type\":\"PropertyValueSpecification\",\"valueRequired\":true,\"valueName\":\"search_term_string\"}}],\"inLanguage\":\"es\"},{\"@type\":\"Organization\",\"@id\":\"https:\/\/futbolhoy.co\/#organization\",\"name\":\"Futbolhoy.co\",\"url\":\"https:\/\/futbolhoy.co\/\",\"logo\":{\"@type\":\"ImageObject\",\"inLanguage\":\"es\",\"@id\":\"https:\/\/futbolhoy.co\/#\/schema\/logo\/image\/\",\"url\":\"https:\/\/futbolhoy.co\/wp-content\/uploads\/2018\/08\/17426380_1906371736249227_6326180412931521141_n.jpg\",\"contentUrl\":\"https:\/\/futbolhoy.co\/wp-content\/uploads\/2018\/08\/17426380_1906371736249227_6326180412931521141_n.jpg\",\"width\":960,\"height\":960,\"caption\":\"Futbolhoy.co\"},\"image\":{\"@id\":\"https:\/\/futbolhoy.co\/#\/schema\/logo\/image\/\"},\"sameAs\":[\"https:\/\/www.facebook.com\/FutbolHoyCol\/\",\"https:\/\/x.com\/FutbolHoyCol\",\"https:\/\/www.instagram.com\/futbolhoycol\/\"]},{\"@type\":\"Person\",\"@id\":\"https:\/\/futbolhoy.co\/#\/schema\/person\/1721b69355b6623eaff15ac7b92d4cc3\",\"name\":\"contenido\",\"image\":{\"@type\":\"ImageObject\",\"inLanguage\":\"es\",\"@id\":\"https:\/\/futbolhoy.co\/#\/schema\/person\/image\/\",\"url\":\"https:\/\/secure.gravatar.com\/avatar\/4f656d3256f5134f466206e7c3941518?s=96&d=mm&r=g\",\"contentUrl\":\"https:\/\/secure.gravatar.com\/avatar\/4f656d3256f5134f466206e7c3941518?s=96&d=mm&r=g\",\"caption\":\"contenido\"}}]}<\/script>\n<!-- \/ Yoast SEO plugin. -->","yoast_head_json":{"title":"Goles colombianos el fin de semana: Carrascal, Vegara, Cucho y m\u00e1s -","robots":{"index":"index","follow":"follow","max-snippet":"max-snippet:-1","max-image-preview":"max-image-preview:large","max-video-preview":"max-video-preview:-1"},"canonical":"https:\/\/futbolhoy.co\/index.php\/2025\/09\/22\/goles-colombianos-el-fin-de-semana-carrascal-vegara-cucho-y-mas\/","og_locale":"es_ES","og_type":"article","og_title":"Goles colombianos el fin de semana: Carrascal, Vegara, Cucho y m\u00e1s -","og_description":"Juan Camilo Hern\u00e1ndez, Jorge Carrascal y Duv\u00e1n Vergara lideraron la cosecha de goles colombianos en el mundo durante el pasado fin de semana. A continuaci\u00f3n repasamos estas y otras anotaciones. Juan Camilo Hern\u00e1ndez aport\u00f3 un gol en la victoria del Real Betis 3-1 sobre la Real Sociedad por LaLiga de Espa\u00f1a. Es la segunda anotaci\u00f3n [&hellip;]","og_url":"https:\/\/futbolhoy.co\/index.php\/2025\/09\/22\/goles-colombianos-el-fin-de-semana-carrascal-vegara-cucho-y-mas\/","article_publisher":"https:\/\/www.facebook.com\/FutbolHoyCol\/","article_published_time":"2025-09-22T12:59:31+00:00","article_modified_time":"2025-09-23T15:55:53+00:00","og_image":[{"width":461,"height":339,"url":"https:\/\/futbolhoy.co\/wp-content\/uploads\/2025\/09\/Carrascal.png","type":"image\/png"}],"author":"contenido","twitter_card":"summary_large_image","twitter_creator":"@FutbolHoyCol","twitter_site":"@FutbolHoyCol","twitter_misc":{"Escrito por":"contenido","Tiempo de lectura":"2 minutos"},"schema":{"@context":"https:\/\/schema.org","@graph":[{"@type":"Article","@id":"https:\/\/futbolhoy.co\/index.php\/2025\/09\/22\/goles-colombianos-el-fin-de-semana-carrascal-vegara-cucho-y-mas\/#article","isPartOf":{"@id":"https:\/\/futbolhoy.co\/index.php\/2025\/09\/22\/goles-colombianos-el-fin-de-semana-carrascal-vegara-cucho-y-mas\/"},"author":{"name":"contenido","@id":"https:\/\/futbolhoy.co\/#\/schema\/person\/1721b69355b6623eaff15ac7b92d4cc3"},"headline":"Goles colombianos el fin de semana: Carrascal, Vegara, Cucho y m\u00e1s","datePublished":"2025-09-22T12:59:31+00:00","dateModified":"2025-09-23T15:55:53+00:00","mainEntityOfPage":{"@id":"https:\/\/futbolhoy.co\/index.php\/2025\/09\/22\/goles-colombianos-el-fin-de-semana-carrascal-vegara-cucho-y-mas\/"},"wordCount":328,"commentCount":0,"publisher":{"@id":"https:\/\/futbolhoy.co\/#organization"},"image":{"@id":"https:\/\/futbolhoy.co\/index.php\/2025\/09\/22\/goles-colombianos-el-fin-de-semana-carrascal-vegara-cucho-y-mas\/#primaryimage"},"thumbnailUrl":"https:\/\/futbolhoy.co\/wp-content\/uploads\/2025\/09\/Carrascal.png","articleSection":["Colombia"],"inLanguage":"es","potentialAction":[{"@type":"CommentAction","name":"Comment","target":["https:\/\/futbolhoy.co\/index.php\/2025\/09\/22\/goles-colombianos-el-fin-de-semana-carrascal-vegara-cucho-y-mas\/#respond"]}]},{"@type":"WebPage","@id":"https:\/\/futbolhoy.co\/index.php\/2025\/09\/22\/goles-colombianos-el-fin-de-semana-carrascal-vegara-cucho-y-mas\/","url":"https:\/\/futbolhoy.co\/index.php\/2025\/09\/22\/goles-colombianos-el-fin-de-semana-carrascal-vegara-cucho-y-mas\/","name":"Goles colombianos el fin de semana: Carrascal, Vegara, Cucho y m\u00e1s -","isPartOf":{"@id":"https:\/\/futbolhoy.co\/#website"},"primaryImageOfPage":{"@id":"https:\/\/futbolhoy.co\/index.php\/2025\/09\/22\/goles-colombianos-el-fin-de-semana-carrascal-vegara-cucho-y-mas\/#primaryimage"},"image":{"@id":"https:\/\/futbolhoy.co\/index.php\/2025\/09\/22\/goles-colombianos-el-fin-de-semana-carrascal-vegara-cucho-y-mas\/#primaryimage"},"thumbnailUrl":"https:\/\/futbolhoy.co\/wp-content\/uploads\/2025\/09\/Carrascal.png","datePublished":"2025-09-22T12:59:31+00:00","dateModified":"2025-09-23T15:55:53+00:00","breadcrumb":{"@id":"https:\/\/futbolhoy.co\/index.php\/2025\/09\/22\/goles-colombianos-el-fin-de-semana-carrascal-vegara-cucho-y-mas\/#breadcrumb"},"inLanguage":"es","potentialAction":[{"@type":"ReadAction","target":["https:\/\/futbolhoy.co\/index.php\/2025\/09\/22\/goles-colombianos-el-fin-de-semana-carrascal-vegara-cucho-y-mas\/"]}]},{"@type":"ImageObject","inLanguage":"es","@id":"https:\/\/futbolhoy.co\/index.php\/2025\/09\/22\/goles-colombianos-el-fin-de-semana-carrascal-vegara-cucho-y-mas\/#primaryimage","url":"https:\/\/futbolhoy.co\/wp-content\/uploads\/2025\/09\/Carrascal.png","contentUrl":"https:\/\/futbolhoy.co\/wp-content\/uploads\/2025\/09\/Carrascal.png","width":461,"height":339},{"@type":"BreadcrumbList","@id":"https:\/\/futbolhoy.co\/index.php\/2025\/09\/22\/goles-colombianos-el-fin-de-semana-carrascal-vegara-cucho-y-mas\/#breadcrumb","itemListElement":[{"@type":"ListItem","position":1,"name":"Portada","item":"https:\/\/futbolhoy.co\/"},{"@type":"ListItem","position":2,"name":"Goles colombianos el fin de semana: Carrascal, Vegara, Cucho y m\u00e1s"}]},{"@type":"WebSite","@id":"https:\/\/futbolhoy.co\/#website","url":"https:\/\/futbolhoy.co\/","name":"FutbolHoy","description":"","publisher":{"@id":"https:\/\/futbolhoy.co\/#organization"},"potentialAction":[{"@type":"SearchAction","target":{"@type":"EntryPoint","urlTemplate":"https:\/\/futbolhoy.co\/?s={search_term_string}"},"query-input":{"@type":"PropertyValueSpecification","valueRequired":true,"valueName":"search_term_string"}}],"inLanguage":"es"},{"@type":"Organization","@id":"https:\/\/futbolhoy.co\/#organization","name":"Futbolhoy.co","url":"https:\/\/futbolhoy.co\/","logo":{"@type":"ImageObject","inLanguage":"es","@id":"https:\/\/futbolhoy.co\/#\/schema\/logo\/image\/","url":"https:\/\/futbolhoy.co\/wp-content\/uploads\/2018\/08\/17426380_1906371736249227_6326180412931521141_n.jpg","contentUrl":"https:\/\/futbolhoy.co\/wp-content\/uploads\/2018\/08\/17426380_1906371736249227_6326180412931521141_n.jpg","width":960,"height":960,"caption":"Futbolhoy.co"},"image":{"@id":"https:\/\/futbolhoy.co\/#\/schema\/logo\/image\/"},"sameAs":["https:\/\/www.facebook.com\/FutbolHoyCol\/","https:\/\/x.com\/FutbolHoyCol","https:\/\/www.instagram.com\/futbolhoycol\/"]},{"@type":"Person","@id":"https:\/\/futbolhoy.co\/#\/schema\/person\/1721b69355b6623eaff15ac7b92d4cc3","name":"contenido","image":{"@type":"ImageObject","inLanguage":"es","@id":"https:\/\/futbolhoy.co\/#\/schema\/person\/image\/","url":"https:\/\/secure.gravatar.com\/avatar\/4f656d3256f5134f466206e7c3941518?s=96&d=mm&r=g","contentUrl":"https:\/\/secure.gravatar.com\/avatar\/4f656d3256f5134f466206e7c3941518?s=96&d=mm&r=g","caption":"contenido"}}]}},"publishpress_future_action":{"enabled":false,"date":"2026-05-05 17:06:13","action":"change-status","newStatus":"draft","terms":[],"taxonomy":"category","extraData":[]},"publishpress_future_workflow_manual_trigger":{"enabledWorkflows":[]},"_links":{"self":[{"href":"https:\/\/futbolhoy.co\/index.php\/wp-json\/wp\/v2\/posts\/123596","targetHints":{"allow":["GET"]}}],"collection":[{"href":"https:\/\/futbolhoy.co\/index.php\/wp-json\/wp\/v2\/posts"}],"about":[{"href":"https:\/\/futbolhoy.co\/index.php\/wp-json\/wp\/v2\/types\/post"}],"author":[{"embeddable":true,"href":"https:\/\/futbolhoy.co\/index.php\/wp-json\/wp\/v2\/users\/4"}],"replies":[{"embeddable":true,"href":"https:\/\/futbolhoy.co\/index.php\/wp-json\/wp\/v2\/comments?post=123596"}],"version-history":[{"count":2,"href":"https:\/\/futbolhoy.co\/index.php\/wp-json\/wp\/v2\/posts\/123596\/revisions"}],"predecessor-version":[{"id":123599,"href":"https:\/\/futbolhoy.co\/index.php\/wp-json\/wp\/v2\/posts\/123596\/revisions\/123599"}],"wp:featuredmedia":[{"embeddable":true,"href":"https:\/\/futbolhoy.co\/index.php\/wp-json\/wp\/v2\/media\/123597"}],"wp:attachment":[{"href":"https:\/\/futbolhoy.co\/index.php\/wp-json\/wp\/v2\/media?parent=123596"}],"wp:term":[{"taxonomy":"category","embeddable":true,"href":"https:\/\/futbolhoy.co\/index.php\/wp-json\/wp\/v2\/categories?post=123596"},{"taxonomy":"post_tag","embeddable":true,"href":"https:\/\/futbolhoy.co\/index.php\/wp-json\/wp\/v2\/tags?post=123596"}],"curies":[{"name":"wp","href":"https:\/\/api.w.org\/{rel}","templated":true}]}}