{"id":123601,"date":"2025-09-22T15:44:57","date_gmt":"2025-09-22T20:44:57","guid":{"rendered":"https:\/\/futbolhoy.co\/?p=123601"},"modified":"2025-09-23T13:16:40","modified_gmt":"2025-09-23T18:16:40","slug":"confirmada-la-convocatoria-de-seleccion-colombia-sub-20-para-el-mundial-2025","status":"publish","type":"post","link":"https:\/\/futbolhoy.co\/index.php\/2025\/09\/22\/confirmada-la-convocatoria-de-seleccion-colombia-sub-20-para-el-mundial-2025\/","title":{"rendered":"\u00a1Confirmada la convocatoria de Selecci\u00f3n Colombia Sub-20 para el Mundial 2025!"},"content":{"rendered":"<p style=\"text-align: justify;\"><span style=\"font-family: helvetica, arial, sans-serif;\">El t\u00e9cnico<strong> C\u00e9sar Torres<\/strong> revel\u00f3 la lista de 21 jugadores convocados por la <strong>Selecci\u00f3n Colombia<\/strong> <strong>Sub 20<\/strong> para el <strong>Mundial 2025<\/strong>, que iniciar\u00e1 el 27 de diciembre y finalizar\u00e1 el 19 de octubre.\u00a0<\/span><\/p>\n<p style=\"text-align: justify;\"><span style=\"font-family: helvetica, arial, sans-serif;\">La n\u00f3mina incluye a 15 jugadores de la <strong>Liga BetPlay<\/strong>, y 6 que juegan en el extranjero, para el camino de\u00a0 'La Tricolor' en Chile, que comenzar\u00e1 el <strong>29 de septiembre<\/strong> ante Arabia Saud\u00ed.<\/span><\/p>\n<h3 style=\"text-align: justify;\"><span style=\"font-family: helvetica, arial, sans-serif;\">Convocatoria Selecci\u00f3n Colombia para el Mundial 2025 sub-20<\/span><\/h3>\n<blockquote class=\"instagram-media\" style=\"background: #FFF; border: 0; border-radius: 3px; box-shadow: 0 0 1px 0 rgba(0,0,0,0.5),0 1px 10px 0 rgba(0,0,0,0.15); margin: 1px; max-width: 540px; min-width: 326px; padding: 0; width: calc(100% - 2px);\" data-instgrm-captioned=\"\" data-instgrm-permalink=\"https:\/\/www.instagram.com\/reel\/DO6sOGvkow9\/?utm_source=ig_embed&amp;utm_campaign=loading\" data-instgrm-version=\"14\">\n<div style=\"padding: 16px;\">\n<p>&nbsp;<\/p>\n<div style=\"display: flex; flex-direction: row; align-items: center;\">\n<div style=\"background-color: #f4f4f4; border-radius: 50%; flex-grow: 0; height: 40px; margin-right: 14px; width: 40px;\"><\/div>\n<div style=\"display: flex; flex-direction: column; flex-grow: 1; justify-content: center;\">\n<div style=\"background-color: #f4f4f4; border-radius: 4px; flex-grow: 0; height: 14px; margin-bottom: 6px; width: 100px;\"><\/div>\n<div style=\"background-color: #f4f4f4; border-radius: 4px; flex-grow: 0; height: 14px; width: 60px;\"><\/div>\n<\/div>\n<\/div>\n<div style=\"padding: 19% 0;\"><\/div>\n<div style=\"display: block; height: 50px; margin: 0 auto 12px; width: 50px;\"><\/div>\n<div style=\"padding-top: 8px;\">\n<div style=\"color: #3897f0; font-family: Arial,sans-serif; font-size: 14px; font-style: normal; font-weight: 550; line-height: 18px;\">Ver esta publicaci\u00f3n en Instagram<\/div>\n<\/div>\n<div style=\"padding: 12.5% 0;\"><\/div>\n<div style=\"display: flex; flex-direction: row; margin-bottom: 14px; align-items: center;\">\n<div>\n<div style=\"background-color: #f4f4f4; border-radius: 50%; height: 12.5px; width: 12.5px; transform: translateX(0px) translateY(7px);\"><\/div>\n<div style=\"background-color: #f4f4f4; height: 12.5px; transform: rotate(-45deg) translateX(3px) translateY(1px); width: 12.5px; flex-grow: 0; margin-right: 14px; margin-left: 2px;\"><\/div>\n<div style=\"background-color: #f4f4f4; border-radius: 50%; height: 12.5px; width: 12.5px; transform: translateX(9px) translateY(-18px);\"><\/div>\n<\/div>\n<div style=\"margin-left: 8px;\">\n<div style=\"background-color: #f4f4f4; border-radius: 50%; flex-grow: 0; height: 20px; width: 20px;\"><\/div>\n<div style=\"width: 0; height: 0; border-top: 2px solid transparent; border-left: 6px solid #f4f4f4; border-bottom: 2px solid transparent; transform: translateX(16px) translateY(-4px) rotate(30deg);\"><\/div>\n<\/div>\n<div style=\"margin-left: auto;\">\n<div style=\"width: 0px; border-top: 8px solid #F4F4F4; border-right: 8px solid transparent; transform: translateY(16px);\"><\/div>\n<div style=\"background-color: #f4f4f4; flex-grow: 0; height: 12px; width: 16px; transform: translateY(-4px);\"><\/div>\n<div style=\"width: 0; height: 0; border-top: 8px solid #F4F4F4; border-left: 8px solid transparent; transform: translateY(-4px) translateX(8px);\"><\/div>\n<\/div>\n<\/div>\n<div style=\"display: flex; flex-direction: column; flex-grow: 1; justify-content: center; margin-bottom: 24px;\">\n<div style=\"background-color: #f4f4f4; border-radius: 4px; flex-grow: 0; height: 14px; margin-bottom: 6px; width: 224px;\"><\/div>\n<div style=\"background-color: #f4f4f4; border-radius: 4px; flex-grow: 0; height: 14px; width: 144px;\"><\/div>\n<\/div>\n<p>&nbsp;<\/p>\n<p style=\"color: #c9c8cd; font-family: Arial,sans-serif; font-size: 14px; line-height: 17px; margin-bottom: 0; margin-top: 8px; overflow: hidden; padding: 8px 0 7px; text-align: center; text-overflow: ellipsis; white-space: nowrap;\"><a style=\"color: #c9c8cd; font-family: Arial,sans-serif; font-size: 14px; font-style: normal; font-weight: normal; line-height: 17px; text-decoration: none;\" href=\"https:\/\/www.instagram.com\/reel\/DO6sOGvkow9\/?utm_source=ig_embed&amp;utm_campaign=loading\" target=\"_blank\" rel=\"noopener\">Una publicaci\u00f3n compartida por Selecci\u00f3n Colombia (@fcfseleccioncol)<\/a><\/p>\n<\/div>\n<\/blockquote>\n<p style=\"text-align: justify;\"><script async src=\"\/\/www.instagram.com\/embed.js\"><\/script><strong><span style=\"font-family: helvetica, arial, sans-serif;\">Porteros:<\/span><\/strong><\/p>\n<p style=\"text-align: justify;\"><span style=\"font-family: helvetica, arial, sans-serif;\">Luis Mena (Atl\u00e9tico Huila, Colombia), Alxei Rojas (Arsenal, Inglaterra) y Jortdan Garc\u00eda (Fortaleza, Colombia).<\/span><\/p>\n<p style=\"text-align: justify;\"><strong><span style=\"font-family: helvetica, arial, sans-serif;\">Defensores:<\/span><\/strong><\/p>\n<p style=\"text-align: justify;\"><span style=\"font-family: helvetica, arial, sans-serif;\">Sim\u00f3n Garc\u00eda (Atl\u00e9tico Nacional, Colombia), Juli\u00e1n Baz\u00e1n (Deportivo Pereira, Colombia), Yeimar Mosquera (Aston Villa, Inglaterra), Weimar Vivas (Bragantino, Brasil), Carlos Sarabia (Millonarios, Colombia) y Juan Ariza (Independiente Medell\u00edn, Colombia).<\/span><\/p>\n<p style=\"text-align: justify;\"><strong><span style=\"font-family: helvetica, arial, sans-serif;\">Mediocampistas:<\/span><\/strong><\/p>\n<p style=\"text-align: justify;\"><span style=\"font-family: helvetica, arial, sans-serif;\">Elkin Rivero (Atl\u00e9tico Nacional, Colombia), Luis Land\u00e1zuri (Atl\u00e9tico Nacional, Colombia)(, K\u00e9ner Gonz\u00e1lez (Am\u00e9rica de Cali, Colombia), Royner Ben\u00edtez (\u00c1guilas Doradas, Colombia), Jos\u00e9 Cavad\u00eda (Am\u00e9rica de Cali, Colombia), Joel Romero (Am\u00e9rica de Cali, Colombia) y Jordan Barrera (Botafogo, Brasil).<\/span><\/p>\n<p style=\"text-align: justify;\"><strong><span style=\"font-family: helvetica, arial, sans-serif;\">Delanteros:<\/span><\/strong><\/p>\n<p style=\"text-align: justify;\"><span style=\"font-family: helvetica, arial, sans-serif;\">Joel Canchimbo (Junior, Colombia), Jhon Renter\u00eda (Sarmiento, Argentina), \u00d3scar Perea (AVS, Portugal), N\u00e9iser Villarreal (Millonarios, Colombia) y Emilio Ariztizabal (Fortaleza, Colombia).<\/span><\/p>\n<p style=\"text-align: justify;\"><span style=\"font-family: helvetica, arial, sans-serif;\">'La Tricolor' hace parte del Grupo F junto a Noruega, Nigeria y Arabia Saud\u00ed, y as\u00ed ser\u00e1 el calendario durante la fase de grupos de la Copa del Mundo en Chile 2025:<\/span><\/p>\n<h4 style=\"text-align: justify;\"><span style=\"font-family: helvetica, arial, sans-serif;\">Lunes 29 de septiembre:<\/span><\/h4>\n<ul style=\"text-align: justify;\">\n<li style=\"text-align: justify;\"><span style=\"font-family: helvetica, arial, sans-serif;\">6:00 pm - Colombia vs. Arabia Saud\u00ed<\/span><\/li>\n<\/ul>\n<p style=\"text-align: justify;\"><span style=\"font-family: helvetica, arial, sans-serif;\">Estadio Fiscal, Talca.<\/span><\/p>\n<h4 style=\"text-align: justify;\"><span style=\"font-family: helvetica, arial, sans-serif;\">Jueves 2 de octubre<\/span><\/h4>\n<ul style=\"text-align: justify;\">\n<li style=\"text-align: justify;\"><span style=\"font-family: helvetica, arial, sans-serif;\">3:00 pm - Colombia Vs. Noruega\u00a0<\/span><\/li>\n<\/ul>\n<p style=\"text-align: justify;\"><span style=\"font-family: helvetica, arial, sans-serif;\">Estadio Fiscal, Talca<\/span><\/p>\n<h4 style=\"text-align: justify;\"><span style=\"font-family: helvetica, arial, sans-serif;\">Domingo 5 de octubre<\/span><\/h4>\n<ul style=\"text-align: justify;\">\n<li style=\"text-align: justify;\"><span style=\"font-family: helvetica, arial, sans-serif;\">6:00 pm - Nigeria Vs. Colombia\u00a0<\/span><\/li>\n<\/ul>\n<p style=\"text-align: justify;\"><span style=\"font-family: helvetica, arial, sans-serif;\">Estadio Fiscal, Talca<\/span><\/p>\n<p style=\"text-align: justify;\"><span style=\"font-family: helvetica, arial, sans-serif;\">La selecci\u00f3n que clasifique en el primer lugar del Grupo F, chocara en octavos de final con el segundo del <strong>Grupo E<\/strong>. Mientras que el segundo puesto, jugar\u00e1 frente a la segunda casilla del E.<\/span><\/p>\n<p style=\"text-align: justify;\"><span style=\"font-family: helvetica, arial, sans-serif;\">Cabe mencionar que tras la fase de grupos,<strong> avanzar\u00e1 3 equipos como mejores terceros<\/strong>.<\/span><\/p>\n<h3 style=\"text-align: justify;\"><span style=\"font-family: helvetica, arial, sans-serif;\">Grupos del Mundial 2025<\/span><\/h3>\n<p><img fetchpriority=\"high\" decoding=\"async\" class=\"alignnone size-full wp-image-123605\" src=\"https:\/\/futbolhoy.co\/wp-content\/uploads\/2025\/09\/G1IkyT9XIAAiU-M.png\" alt=\"\" width=\"800\" height=\"800\" srcset=\"https:\/\/futbolhoy.co\/wp-content\/uploads\/2025\/09\/G1IkyT9XIAAiU-M.png 800w, https:\/\/futbolhoy.co\/wp-content\/uploads\/2025\/09\/G1IkyT9XIAAiU-M-300x300.png 300w, https:\/\/futbolhoy.co\/wp-content\/uploads\/2025\/09\/G1IkyT9XIAAiU-M-150x150.png 150w, https:\/\/futbolhoy.co\/wp-content\/uploads\/2025\/09\/G1IkyT9XIAAiU-M-768x768.png 768w, https:\/\/futbolhoy.co\/wp-content\/uploads\/2025\/09\/G1IkyT9XIAAiU-M-696x696.png 696w, https:\/\/futbolhoy.co\/wp-content\/uploads\/2025\/09\/G1IkyT9XIAAiU-M-128x128.png 128w, https:\/\/futbolhoy.co\/wp-content\/uploads\/2025\/09\/G1IkyT9XIAAiU-M-32x32.png 32w\" sizes=\"(max-width: 800px) 100vw, 800px\" \/><\/p>\n<p style=\"text-align: justify;\"><span style=\"font-family: helvetica, arial, sans-serif;\"><strong>Uruguay<\/strong> es el defensor del t\u00edtulo conseguido en 2023, en Argentina, cuando venci\u00f3 a Italia en la gran final. Por su parte, <strong>Argentina<\/strong> es la selecci\u00f3n que m\u00e1s veces ha ganado este certamen (6).<\/span><\/p>\n","protected":false},"excerpt":{"rendered":"<p>El t\u00e9cnico C\u00e9sar Torres revel\u00f3 la lista de 21 jugadores convocados por la Selecci\u00f3n Colombia Sub 20 para el Mundial 2025, que iniciar\u00e1 el 27 de diciembre y finalizar\u00e1 el 19 de octubre.\u00a0 La n\u00f3mina incluye a 15 jugadores de la Liga BetPlay, y 6 que juegan en el extranjero, para el camino de\u00a0 'La [&hellip;]<\/p>\n","protected":false},"author":4,"featured_media":123602,"comment_status":"open","ping_status":"open","sticky":false,"template":"","format":"standard","meta":{"_acf_changed":false,"footnotes":""},"categories":[418],"tags":[],"class_list":{"0":"post-123601","1":"post","2":"type-post","3":"status-publish","4":"format-standard","5":"has-post-thumbnail","7":"category-colombia"},"acf":[],"yoast_head":"<!-- This site is optimized with the Yoast SEO plugin v26.8 - https:\/\/yoast.com\/product\/yoast-seo-wordpress\/ -->\n<title>\u00a1Confirmada la convocatoria de Selecci\u00f3n Colombia Sub-20 para el Mundial 2025! -<\/title>\n<meta name=\"robots\" content=\"index, follow, max-snippet:-1, max-image-preview:large, max-video-preview:-1\" \/>\n<link rel=\"canonical\" href=\"https:\/\/futbolhoy.co\/index.php\/2025\/09\/22\/confirmada-la-convocatoria-de-seleccion-colombia-sub-20-para-el-mundial-2025\/\" \/>\n<meta property=\"og:locale\" content=\"es_ES\" \/>\n<meta property=\"og:type\" content=\"article\" \/>\n<meta property=\"og:title\" content=\"\u00a1Confirmada la convocatoria de Selecci\u00f3n Colombia Sub-20 para el Mundial 2025! -\" \/>\n<meta property=\"og:description\" content=\"El t\u00e9cnico C\u00e9sar Torres revel\u00f3 la lista de 21 jugadores convocados por la Selecci\u00f3n Colombia Sub 20 para el Mundial 2025, que iniciar\u00e1 el 27 de diciembre y finalizar\u00e1 el 19 de octubre.\u00a0 La n\u00f3mina incluye a 15 jugadores de la Liga BetPlay, y 6 que juegan en el extranjero, para el camino de\u00a0 &#039;La [&hellip;]\" \/>\n<meta property=\"og:url\" content=\"https:\/\/futbolhoy.co\/index.php\/2025\/09\/22\/confirmada-la-convocatoria-de-seleccion-colombia-sub-20-para-el-mundial-2025\/\" \/>\n<meta property=\"article:publisher\" content=\"https:\/\/www.facebook.com\/FutbolHoyCol\/\" \/>\n<meta property=\"article:published_time\" content=\"2025-09-22T20:44:57+00:00\" \/>\n<meta property=\"article:modified_time\" content=\"2025-09-23T18:16:40+00:00\" \/>\n<meta property=\"og:image\" content=\"https:\/\/futbolhoy.co\/wp-content\/uploads\/2025\/09\/WhatsApp-Image-2025-09-22-at-3.42.38-PM.jpeg\" \/>\n\t<meta property=\"og:image:width\" content=\"708\" \/>\n\t<meta property=\"og:image:height\" content=\"341\" \/>\n\t<meta property=\"og:image:type\" content=\"image\/jpeg\" \/>\n<meta name=\"author\" content=\"contenido\" \/>\n<meta name=\"twitter:card\" content=\"summary_large_image\" \/>\n<meta name=\"twitter:creator\" content=\"@FutbolHoyCol\" \/>\n<meta name=\"twitter:site\" content=\"@FutbolHoyCol\" \/>\n<meta name=\"twitter:label1\" content=\"Escrito por\" \/>\n\t<meta name=\"twitter:data1\" content=\"contenido\" \/>\n\t<meta name=\"twitter:label2\" content=\"Tiempo de lectura\" \/>\n\t<meta name=\"twitter:data2\" content=\"2 minutos\" \/>\n<script type=\"application\/ld+json\" class=\"yoast-schema-graph\">{\"@context\":\"https:\/\/schema.org\",\"@graph\":[{\"@type\":\"Article\",\"@id\":\"https:\/\/futbolhoy.co\/index.php\/2025\/09\/22\/confirmada-la-convocatoria-de-seleccion-colombia-sub-20-para-el-mundial-2025\/#article\",\"isPartOf\":{\"@id\":\"https:\/\/futbolhoy.co\/index.php\/2025\/09\/22\/confirmada-la-convocatoria-de-seleccion-colombia-sub-20-para-el-mundial-2025\/\"},\"author\":{\"name\":\"contenido\",\"@id\":\"https:\/\/futbolhoy.co\/#\/schema\/person\/1721b69355b6623eaff15ac7b92d4cc3\"},\"headline\":\"\u00a1Confirmada la convocatoria de Selecci\u00f3n Colombia Sub-20 para el Mundial 2025!\",\"datePublished\":\"2025-09-22T20:44:57+00:00\",\"dateModified\":\"2025-09-23T18:16:40+00:00\",\"mainEntityOfPage\":{\"@id\":\"https:\/\/futbolhoy.co\/index.php\/2025\/09\/22\/confirmada-la-convocatoria-de-seleccion-colombia-sub-20-para-el-mundial-2025\/\"},\"wordCount\":377,\"commentCount\":0,\"publisher\":{\"@id\":\"https:\/\/futbolhoy.co\/#organization\"},\"image\":{\"@id\":\"https:\/\/futbolhoy.co\/index.php\/2025\/09\/22\/confirmada-la-convocatoria-de-seleccion-colombia-sub-20-para-el-mundial-2025\/#primaryimage\"},\"thumbnailUrl\":\"https:\/\/futbolhoy.co\/wp-content\/uploads\/2025\/09\/WhatsApp-Image-2025-09-22-at-3.42.38-PM.jpeg\",\"articleSection\":[\"Colombia\"],\"inLanguage\":\"es\",\"potentialAction\":[{\"@type\":\"CommentAction\",\"name\":\"Comment\",\"target\":[\"https:\/\/futbolhoy.co\/index.php\/2025\/09\/22\/confirmada-la-convocatoria-de-seleccion-colombia-sub-20-para-el-mundial-2025\/#respond\"]}]},{\"@type\":\"WebPage\",\"@id\":\"https:\/\/futbolhoy.co\/index.php\/2025\/09\/22\/confirmada-la-convocatoria-de-seleccion-colombia-sub-20-para-el-mundial-2025\/\",\"url\":\"https:\/\/futbolhoy.co\/index.php\/2025\/09\/22\/confirmada-la-convocatoria-de-seleccion-colombia-sub-20-para-el-mundial-2025\/\",\"name\":\"\u00a1Confirmada la convocatoria de Selecci\u00f3n Colombia Sub-20 para el Mundial 2025! -\",\"isPartOf\":{\"@id\":\"https:\/\/futbolhoy.co\/#website\"},\"primaryImageOfPage\":{\"@id\":\"https:\/\/futbolhoy.co\/index.php\/2025\/09\/22\/confirmada-la-convocatoria-de-seleccion-colombia-sub-20-para-el-mundial-2025\/#primaryimage\"},\"image\":{\"@id\":\"https:\/\/futbolhoy.co\/index.php\/2025\/09\/22\/confirmada-la-convocatoria-de-seleccion-colombia-sub-20-para-el-mundial-2025\/#primaryimage\"},\"thumbnailUrl\":\"https:\/\/futbolhoy.co\/wp-content\/uploads\/2025\/09\/WhatsApp-Image-2025-09-22-at-3.42.38-PM.jpeg\",\"datePublished\":\"2025-09-22T20:44:57+00:00\",\"dateModified\":\"2025-09-23T18:16:40+00:00\",\"breadcrumb\":{\"@id\":\"https:\/\/futbolhoy.co\/index.php\/2025\/09\/22\/confirmada-la-convocatoria-de-seleccion-colombia-sub-20-para-el-mundial-2025\/#breadcrumb\"},\"inLanguage\":\"es\",\"potentialAction\":[{\"@type\":\"ReadAction\",\"target\":[\"https:\/\/futbolhoy.co\/index.php\/2025\/09\/22\/confirmada-la-convocatoria-de-seleccion-colombia-sub-20-para-el-mundial-2025\/\"]}]},{\"@type\":\"ImageObject\",\"inLanguage\":\"es\",\"@id\":\"https:\/\/futbolhoy.co\/index.php\/2025\/09\/22\/confirmada-la-convocatoria-de-seleccion-colombia-sub-20-para-el-mundial-2025\/#primaryimage\",\"url\":\"https:\/\/futbolhoy.co\/wp-content\/uploads\/2025\/09\/WhatsApp-Image-2025-09-22-at-3.42.38-PM.jpeg\",\"contentUrl\":\"https:\/\/futbolhoy.co\/wp-content\/uploads\/2025\/09\/WhatsApp-Image-2025-09-22-at-3.42.38-PM.jpeg\",\"width\":708,\"height\":341},{\"@type\":\"BreadcrumbList\",\"@id\":\"https:\/\/futbolhoy.co\/index.php\/2025\/09\/22\/confirmada-la-convocatoria-de-seleccion-colombia-sub-20-para-el-mundial-2025\/#breadcrumb\",\"itemListElement\":[{\"@type\":\"ListItem\",\"position\":1,\"name\":\"Portada\",\"item\":\"https:\/\/futbolhoy.co\/\"},{\"@type\":\"ListItem\",\"position\":2,\"name\":\"\u00a1Confirmada la convocatoria de Selecci\u00f3n Colombia Sub-20 para el Mundial 2025!\"}]},{\"@type\":\"WebSite\",\"@id\":\"https:\/\/futbolhoy.co\/#website\",\"url\":\"https:\/\/futbolhoy.co\/\",\"name\":\"FutbolHoy\",\"description\":\"\",\"publisher\":{\"@id\":\"https:\/\/futbolhoy.co\/#organization\"},\"potentialAction\":[{\"@type\":\"SearchAction\",\"target\":{\"@type\":\"EntryPoint\",\"urlTemplate\":\"https:\/\/futbolhoy.co\/?s={search_term_string}\"},\"query-input\":{\"@type\":\"PropertyValueSpecification\",\"valueRequired\":true,\"valueName\":\"search_term_string\"}}],\"inLanguage\":\"es\"},{\"@type\":\"Organization\",\"@id\":\"https:\/\/futbolhoy.co\/#organization\",\"name\":\"Futbolhoy.co\",\"url\":\"https:\/\/futbolhoy.co\/\",\"logo\":{\"@type\":\"ImageObject\",\"inLanguage\":\"es\",\"@id\":\"https:\/\/futbolhoy.co\/#\/schema\/logo\/image\/\",\"url\":\"https:\/\/futbolhoy.co\/wp-content\/uploads\/2018\/08\/17426380_1906371736249227_6326180412931521141_n.jpg\",\"contentUrl\":\"https:\/\/futbolhoy.co\/wp-content\/uploads\/2018\/08\/17426380_1906371736249227_6326180412931521141_n.jpg\",\"width\":960,\"height\":960,\"caption\":\"Futbolhoy.co\"},\"image\":{\"@id\":\"https:\/\/futbolhoy.co\/#\/schema\/logo\/image\/\"},\"sameAs\":[\"https:\/\/www.facebook.com\/FutbolHoyCol\/\",\"https:\/\/x.com\/FutbolHoyCol\",\"https:\/\/www.instagram.com\/futbolhoycol\/\"]},{\"@type\":\"Person\",\"@id\":\"https:\/\/futbolhoy.co\/#\/schema\/person\/1721b69355b6623eaff15ac7b92d4cc3\",\"name\":\"contenido\",\"image\":{\"@type\":\"ImageObject\",\"inLanguage\":\"es\",\"@id\":\"https:\/\/futbolhoy.co\/#\/schema\/person\/image\/\",\"url\":\"https:\/\/secure.gravatar.com\/avatar\/4f656d3256f5134f466206e7c3941518?s=96&d=mm&r=g\",\"contentUrl\":\"https:\/\/secure.gravatar.com\/avatar\/4f656d3256f5134f466206e7c3941518?s=96&d=mm&r=g\",\"caption\":\"contenido\"}}]}<\/script>\n<!-- \/ Yoast SEO plugin. -->","yoast_head_json":{"title":"\u00a1Confirmada la convocatoria de Selecci\u00f3n Colombia Sub-20 para el Mundial 2025! -","robots":{"index":"index","follow":"follow","max-snippet":"max-snippet:-1","max-image-preview":"max-image-preview:large","max-video-preview":"max-video-preview:-1"},"canonical":"https:\/\/futbolhoy.co\/index.php\/2025\/09\/22\/confirmada-la-convocatoria-de-seleccion-colombia-sub-20-para-el-mundial-2025\/","og_locale":"es_ES","og_type":"article","og_title":"\u00a1Confirmada la convocatoria de Selecci\u00f3n Colombia Sub-20 para el Mundial 2025! -","og_description":"El t\u00e9cnico C\u00e9sar Torres revel\u00f3 la lista de 21 jugadores convocados por la Selecci\u00f3n Colombia Sub 20 para el Mundial 2025, que iniciar\u00e1 el 27 de diciembre y finalizar\u00e1 el 19 de octubre.\u00a0 La n\u00f3mina incluye a 15 jugadores de la Liga BetPlay, y 6 que juegan en el extranjero, para el camino de\u00a0 'La [&hellip;]","og_url":"https:\/\/futbolhoy.co\/index.php\/2025\/09\/22\/confirmada-la-convocatoria-de-seleccion-colombia-sub-20-para-el-mundial-2025\/","article_publisher":"https:\/\/www.facebook.com\/FutbolHoyCol\/","article_published_time":"2025-09-22T20:44:57+00:00","article_modified_time":"2025-09-23T18:16:40+00:00","og_image":[{"width":708,"height":341,"url":"https:\/\/futbolhoy.co\/wp-content\/uploads\/2025\/09\/WhatsApp-Image-2025-09-22-at-3.42.38-PM.jpeg","type":"image\/jpeg"}],"author":"contenido","twitter_card":"summary_large_image","twitter_creator":"@FutbolHoyCol","twitter_site":"@FutbolHoyCol","twitter_misc":{"Escrito por":"contenido","Tiempo de lectura":"2 minutos"},"schema":{"@context":"https:\/\/schema.org","@graph":[{"@type":"Article","@id":"https:\/\/futbolhoy.co\/index.php\/2025\/09\/22\/confirmada-la-convocatoria-de-seleccion-colombia-sub-20-para-el-mundial-2025\/#article","isPartOf":{"@id":"https:\/\/futbolhoy.co\/index.php\/2025\/09\/22\/confirmada-la-convocatoria-de-seleccion-colombia-sub-20-para-el-mundial-2025\/"},"author":{"name":"contenido","@id":"https:\/\/futbolhoy.co\/#\/schema\/person\/1721b69355b6623eaff15ac7b92d4cc3"},"headline":"\u00a1Confirmada la convocatoria de Selecci\u00f3n Colombia Sub-20 para el Mundial 2025!","datePublished":"2025-09-22T20:44:57+00:00","dateModified":"2025-09-23T18:16:40+00:00","mainEntityOfPage":{"@id":"https:\/\/futbolhoy.co\/index.php\/2025\/09\/22\/confirmada-la-convocatoria-de-seleccion-colombia-sub-20-para-el-mundial-2025\/"},"wordCount":377,"commentCount":0,"publisher":{"@id":"https:\/\/futbolhoy.co\/#organization"},"image":{"@id":"https:\/\/futbolhoy.co\/index.php\/2025\/09\/22\/confirmada-la-convocatoria-de-seleccion-colombia-sub-20-para-el-mundial-2025\/#primaryimage"},"thumbnailUrl":"https:\/\/futbolhoy.co\/wp-content\/uploads\/2025\/09\/WhatsApp-Image-2025-09-22-at-3.42.38-PM.jpeg","articleSection":["Colombia"],"inLanguage":"es","potentialAction":[{"@type":"CommentAction","name":"Comment","target":["https:\/\/futbolhoy.co\/index.php\/2025\/09\/22\/confirmada-la-convocatoria-de-seleccion-colombia-sub-20-para-el-mundial-2025\/#respond"]}]},{"@type":"WebPage","@id":"https:\/\/futbolhoy.co\/index.php\/2025\/09\/22\/confirmada-la-convocatoria-de-seleccion-colombia-sub-20-para-el-mundial-2025\/","url":"https:\/\/futbolhoy.co\/index.php\/2025\/09\/22\/confirmada-la-convocatoria-de-seleccion-colombia-sub-20-para-el-mundial-2025\/","name":"\u00a1Confirmada la convocatoria de Selecci\u00f3n Colombia Sub-20 para el Mundial 2025! -","isPartOf":{"@id":"https:\/\/futbolhoy.co\/#website"},"primaryImageOfPage":{"@id":"https:\/\/futbolhoy.co\/index.php\/2025\/09\/22\/confirmada-la-convocatoria-de-seleccion-colombia-sub-20-para-el-mundial-2025\/#primaryimage"},"image":{"@id":"https:\/\/futbolhoy.co\/index.php\/2025\/09\/22\/confirmada-la-convocatoria-de-seleccion-colombia-sub-20-para-el-mundial-2025\/#primaryimage"},"thumbnailUrl":"https:\/\/futbolhoy.co\/wp-content\/uploads\/2025\/09\/WhatsApp-Image-2025-09-22-at-3.42.38-PM.jpeg","datePublished":"2025-09-22T20:44:57+00:00","dateModified":"2025-09-23T18:16:40+00:00","breadcrumb":{"@id":"https:\/\/futbolhoy.co\/index.php\/2025\/09\/22\/confirmada-la-convocatoria-de-seleccion-colombia-sub-20-para-el-mundial-2025\/#breadcrumb"},"inLanguage":"es","potentialAction":[{"@type":"ReadAction","target":["https:\/\/futbolhoy.co\/index.php\/2025\/09\/22\/confirmada-la-convocatoria-de-seleccion-colombia-sub-20-para-el-mundial-2025\/"]}]},{"@type":"ImageObject","inLanguage":"es","@id":"https:\/\/futbolhoy.co\/index.php\/2025\/09\/22\/confirmada-la-convocatoria-de-seleccion-colombia-sub-20-para-el-mundial-2025\/#primaryimage","url":"https:\/\/futbolhoy.co\/wp-content\/uploads\/2025\/09\/WhatsApp-Image-2025-09-22-at-3.42.38-PM.jpeg","contentUrl":"https:\/\/futbolhoy.co\/wp-content\/uploads\/2025\/09\/WhatsApp-Image-2025-09-22-at-3.42.38-PM.jpeg","width":708,"height":341},{"@type":"BreadcrumbList","@id":"https:\/\/futbolhoy.co\/index.php\/2025\/09\/22\/confirmada-la-convocatoria-de-seleccion-colombia-sub-20-para-el-mundial-2025\/#breadcrumb","itemListElement":[{"@type":"ListItem","position":1,"name":"Portada","item":"https:\/\/futbolhoy.co\/"},{"@type":"ListItem","position":2,"name":"\u00a1Confirmada la convocatoria de Selecci\u00f3n Colombia Sub-20 para el Mundial 2025!"}]},{"@type":"WebSite","@id":"https:\/\/futbolhoy.co\/#website","url":"https:\/\/futbolhoy.co\/","name":"FutbolHoy","description":"","publisher":{"@id":"https:\/\/futbolhoy.co\/#organization"},"potentialAction":[{"@type":"SearchAction","target":{"@type":"EntryPoint","urlTemplate":"https:\/\/futbolhoy.co\/?s={search_term_string}"},"query-input":{"@type":"PropertyValueSpecification","valueRequired":true,"valueName":"search_term_string"}}],"inLanguage":"es"},{"@type":"Organization","@id":"https:\/\/futbolhoy.co\/#organization","name":"Futbolhoy.co","url":"https:\/\/futbolhoy.co\/","logo":{"@type":"ImageObject","inLanguage":"es","@id":"https:\/\/futbolhoy.co\/#\/schema\/logo\/image\/","url":"https:\/\/futbolhoy.co\/wp-content\/uploads\/2018\/08\/17426380_1906371736249227_6326180412931521141_n.jpg","contentUrl":"https:\/\/futbolhoy.co\/wp-content\/uploads\/2018\/08\/17426380_1906371736249227_6326180412931521141_n.jpg","width":960,"height":960,"caption":"Futbolhoy.co"},"image":{"@id":"https:\/\/futbolhoy.co\/#\/schema\/logo\/image\/"},"sameAs":["https:\/\/www.facebook.com\/FutbolHoyCol\/","https:\/\/x.com\/FutbolHoyCol","https:\/\/www.instagram.com\/futbolhoycol\/"]},{"@type":"Person","@id":"https:\/\/futbolhoy.co\/#\/schema\/person\/1721b69355b6623eaff15ac7b92d4cc3","name":"contenido","image":{"@type":"ImageObject","inLanguage":"es","@id":"https:\/\/futbolhoy.co\/#\/schema\/person\/image\/","url":"https:\/\/secure.gravatar.com\/avatar\/4f656d3256f5134f466206e7c3941518?s=96&d=mm&r=g","contentUrl":"https:\/\/secure.gravatar.com\/avatar\/4f656d3256f5134f466206e7c3941518?s=96&d=mm&r=g","caption":"contenido"}}]}},"publishpress_future_action":{"enabled":false,"date":"2026-05-05 11:12:06","action":"change-status","newStatus":"draft","terms":[],"taxonomy":"category","extraData":[]},"publishpress_future_workflow_manual_trigger":{"enabledWorkflows":[]},"_links":{"self":[{"href":"https:\/\/futbolhoy.co\/index.php\/wp-json\/wp\/v2\/posts\/123601","targetHints":{"allow":["GET"]}}],"collection":[{"href":"https:\/\/futbolhoy.co\/index.php\/wp-json\/wp\/v2\/posts"}],"about":[{"href":"https:\/\/futbolhoy.co\/index.php\/wp-json\/wp\/v2\/types\/post"}],"author":[{"embeddable":true,"href":"https:\/\/futbolhoy.co\/index.php\/wp-json\/wp\/v2\/users\/4"}],"replies":[{"embeddable":true,"href":"https:\/\/futbolhoy.co\/index.php\/wp-json\/wp\/v2\/comments?post=123601"}],"version-history":[{"count":3,"href":"https:\/\/futbolhoy.co\/index.php\/wp-json\/wp\/v2\/posts\/123601\/revisions"}],"predecessor-version":[{"id":123606,"href":"https:\/\/futbolhoy.co\/index.php\/wp-json\/wp\/v2\/posts\/123601\/revisions\/123606"}],"wp:featuredmedia":[{"embeddable":true,"href":"https:\/\/futbolhoy.co\/index.php\/wp-json\/wp\/v2\/media\/123602"}],"wp:attachment":[{"href":"https:\/\/futbolhoy.co\/index.php\/wp-json\/wp\/v2\/media?parent=123601"}],"wp:term":[{"taxonomy":"category","embeddable":true,"href":"https:\/\/futbolhoy.co\/index.php\/wp-json\/wp\/v2\/categories?post=123601"},{"taxonomy":"post_tag","embeddable":true,"href":"https:\/\/futbolhoy.co\/index.php\/wp-json\/wp\/v2\/tags?post=123601"}],"curies":[{"name":"wp","href":"https:\/\/api.w.org\/{rel}","templated":true}]}}