{"id":123607,"date":"2025-09-22T16:56:42","date_gmt":"2025-09-22T21:56:42","guid":{"rendered":"https:\/\/futbolhoy.co\/?p=123607"},"modified":"2025-09-23T17:59:14","modified_gmt":"2025-09-23T22:59:14","slug":"balon-de-oro-2025-ganadores-resumen-y-declaraciones-de-los-protagonistas","status":"publish","type":"post","link":"https:\/\/futbolhoy.co\/index.php\/2025\/09\/22\/balon-de-oro-2025-ganadores-resumen-y-declaraciones-de-los-protagonistas\/","title":{"rendered":"Bal\u00f3n de Oro 2025: ganadores, resumen y declaraciones de los protagonistas"},"content":{"rendered":"<p style=\"text-align: justify;\"><span style=\"font-family: helvetica, arial, sans-serif;\">El delantero del<strong> Par\u00eds SG, Ousmane Demb\u00e9l\u00e9,<\/strong> fue galardonado este lunes con el Bal\u00f3n de Oro, en una ceremonia organizada en el teatro del Chatelet de Par\u00eds, convirti\u00e9ndose en el <strong>sexto jugador franc\u00e9s<\/strong> en recibir la recompensa suprema.<\/span><\/p>\n<p style=\"text-align: justify;\"><span style=\"font-family: helvetica, arial, sans-serif;\">El nombre del '10' parisino fue pronunciado por el brasile\u00f1o <strong>Ronaldinho<\/strong> en el \u00faltimo premio de la noche, en medio de los aplausos de la mayor\u00eda de los espectadores, que hab\u00edan coreado su nombre minutos antes.<\/span><\/p>\n<blockquote class=\"twitter-tweet\">\n<p dir=\"ltr\" lang=\"ht\">Bravo Ousmane ! \ud83c\uddeb\ud83c\uddf7<a href=\"https:\/\/twitter.com\/hashtag\/ballondor?src=hash&amp;ref_src=twsrc%5Etfw\">#ballondor<\/a> <a href=\"https:\/\/t.co\/7TA1oSpjub\">pic.twitter.com\/7TA1oSpjub<\/a><\/p>\n<p>\u2014 Ballon d'Or (@ballondor) <a href=\"https:\/\/twitter.com\/ballondor\/status\/1970233289836290176?ref_src=twsrc%5Etfw\">September 22, 2025<\/a><\/p><\/blockquote>\n<p style=\"text-align: justify;\"><script async src=\"https:\/\/platform.twitter.com\/widgets.js\" charset=\"utf-8\"><\/script><span style=\"font-family: helvetica, arial, sans-serif;\">Sus<strong> 35 goles y 16 asistencias<\/strong>, as\u00ed como el t\u00edtulo del<strong> PSG en la Champions<\/strong>, Ligue 1 y en Copa de Francia, pesaron en el resultado de la votaci\u00f3n de los periodistas, por delante de <strong>Lamine Yamal<\/strong>.<\/span><\/p>\n<p style=\"text-align: justify;\"><span style=\"font-family: helvetica, arial, sans-serif;\">\"Gracias, realmente no tengo palabras, fue una temporada incre\u00edble con el Par\u00eds SG, doy las gracias al PSG, que vino a buscarme en 2023\", declar\u00f3 <strong>Ousmane Demb\u00e9l\u00e9<\/strong>.<\/span><\/p>\n<p style=\"text-align: justify;\"><span style=\"font-family: helvetica, arial, sans-serif;\">\"Pr\u00e1cticamente, lo ganamos todo, este trofeo individual <strong>es el colectivo el que lo logr\u00f3<\/strong>\", a\u00f1adi\u00f3 el exjugador del FC Barcelona. \"El Bal\u00f3n de Oro no fue un objetivo en mi carrera, pero trabaj\u00e9 por el equipo para ganar la Liga de Campeones\".<\/span><\/p>\n<p style=\"text-align: justify;\"><span style=\"font-family: helvetica, arial, sans-serif;\">Ousmane Demb\u00e9l\u00e9 protagoniz\u00f3 una verdadera transformaci\u00f3n en apenas unos meses. El jugador desequilibrante, alabado por sus regates, pero criticado por su falta de gol, es ahora <strong>un gran finalizador<\/strong>.<\/span><\/p>\n<p style=\"text-align: justify;\"><span style=\"font-family: helvetica, arial, sans-serif;\">Y bajo la batuta de su entrenador <strong>Luis Enrique<\/strong> ha aumentado a\u00fan m\u00e1s su influencia sobre el juego, participando a menudo en la construcci\u00f3n.<\/span><\/p>\n<p style=\"text-align: justify;\"><span style=\"font-family: helvetica, arial, sans-serif;\">Sucede al espa\u00f1ol Rodri. El precedente Bal\u00f3n de Oro franc\u00e9s fue <strong>Karim Benzema<\/strong>, hace tres a\u00f1os.<\/span><\/p>\n<p style=\"text-align: justify;\"><span style=\"font-family: helvetica, arial, sans-serif;\">PSG coloc\u00f3 a cinco jugadores en el top 10: adem\u00e1s de Demb\u00e9l\u00e9, Vitinha (3\u00ba), Achraf Hakimi (6\u00ba), Gianluigi Donnarumma (9\u00ba) y Nuno Mendes (10\u00ba).<\/span><\/p>\n<p style=\"text-align: justify;\"><span style=\"font-family: helvetica, arial, sans-serif;\">El conjunto parisino fue designado tambi\u00e9n Mejor Equipo Masculino de la Temporada.<\/span><\/p>\n<p style=\"text-align: justify;\"><span style=\"font-family: helvetica, arial, sans-serif;\">El trofeo Gerd M\u00fcller de mejor goleador de la temporada fue para el sueco <strong>Viktor Gy\u00f6keres<\/strong>, que pas\u00f3 el verano europeo anterior del <strong>Sporting de Portugal al Arsenal<\/strong>, y a la jugadora polaca del FC Barcelona, Ewa Pajor.<\/span><\/p>\n<h3 style=\"text-align: justify;\"><span style=\"font-family: helvetica, arial, sans-serif;\">Todos los ganadores de la ceremonia del Bal\u00f3n de Oro 2025<\/span><\/h3>\n<p style=\"text-align: justify;\"><strong><span style=\"font-family: helvetica, arial, sans-serif;\">Trofeo Mejor Jugador Joven<\/span><\/strong><\/p>\n<p style=\"text-align: justify;\"><span style=\"font-family: helvetica, arial, sans-serif;\">Femenino: Vicky L\u00f3pez<\/span><\/p>\n<p style=\"text-align: justify;\"><span style=\"font-family: helvetica, arial, sans-serif;\">Masculino: Lamine Yamal<\/span><\/p>\n<p style=\"text-align: justify;\"><strong><span style=\"font-family: helvetica, arial, sans-serif;\">Trofeo Mejor Entrenador<\/span><\/strong><\/p>\n<p style=\"text-align: justify;\"><span style=\"font-family: helvetica, arial, sans-serif;\">Femenino: Sarina Wiegman (Selecci\u00f3n Femenina de Inglaterra)<\/span><\/p>\n<p style=\"text-align: justify;\"><span style=\"font-family: helvetica, arial, sans-serif;\">Masculino: Luis Enrique (PSG)<\/span><\/p>\n<p style=\"text-align: justify;\"><strong><span style=\"font-family: helvetica, arial, sans-serif;\">Mejor portero<\/span><\/strong><\/p>\n<p style=\"text-align: justify;\"><span style=\"font-family: helvetica, arial, sans-serif;\">Femenino: Hannah Hampton (Chelsea)<\/span><\/p>\n<p style=\"text-align: justify;\"><span style=\"font-family: helvetica, arial, sans-serif;\">Masculino: Gianluigi Donnarumma (Manchester City)<\/span><\/p>\n<p style=\"text-align: justify;\"><strong><span style=\"font-family: helvetica, arial, sans-serif;\">Mejor club de la temporada<\/span><\/strong><\/p>\n<p style=\"text-align: justify;\"><span style=\"font-family: helvetica, arial, sans-serif;\">Femenino: Arsenal<\/span><\/p>\n<p style=\"text-align: justify;\"><span style=\"font-family: helvetica, arial, sans-serif;\">Masculino: PSG<\/span><\/p>\n<p style=\"text-align: justify;\"><strong><span style=\"font-family: helvetica, arial, sans-serif;\">Mejor goleador<\/span><\/strong><\/p>\n<p style=\"text-align: justify;\"><span style=\"font-family: helvetica, arial, sans-serif;\">Femenino: Ewa Pajor (Barcelona)<\/span><\/p>\n<p style=\"text-align: justify;\"><span style=\"font-family: helvetica, arial, sans-serif;\">Masculino: Viktor Gy\u00f6keres (Arsenal)<\/span><\/p>\n<p style=\"text-align: justify;\"><strong><span style=\"font-family: helvetica, arial, sans-serif;\">Mejor jugador de la temporada<\/span><\/strong><\/p>\n<p style=\"text-align: justify;\"><span style=\"font-family: helvetica, arial, sans-serif;\">Femenino: Aitana Bonmati<\/span><\/p>\n<p style=\"text-align: justify;\"><span style=\"font-family: helvetica, arial, sans-serif;\">Masculino: Ousmane Demb\u00e9l\u00e9<\/span><\/p>\n","protected":false},"excerpt":{"rendered":"<p>El delantero del Par\u00eds SG, Ousmane Demb\u00e9l\u00e9, fue galardonado este lunes con el Bal\u00f3n de Oro, en una ceremonia organizada en el teatro del Chatelet de Par\u00eds, convirti\u00e9ndose en el sexto jugador franc\u00e9s en recibir la recompensa suprema. El nombre del '10' parisino fue pronunciado por el brasile\u00f1o Ronaldinho en el \u00faltimo premio de la [&hellip;]<\/p>\n","protected":false},"author":4,"featured_media":123608,"comment_status":"open","ping_status":"open","sticky":false,"template":"","format":"standard","meta":{"_acf_changed":false,"footnotes":""},"categories":[152],"tags":[],"class_list":{"0":"post-123607","1":"post","2":"type-post","3":"status-publish","4":"format-standard","5":"has-post-thumbnail","7":"category-mundo-futbol"},"acf":[],"yoast_head":"<!-- This site is optimized with the Yoast SEO plugin v26.8 - https:\/\/yoast.com\/product\/yoast-seo-wordpress\/ -->\n<title>Bal\u00f3n de Oro 2025: ganadores, resumen y declaraciones de los protagonistas -<\/title>\n<meta name=\"robots\" content=\"index, follow, max-snippet:-1, max-image-preview:large, max-video-preview:-1\" \/>\n<link rel=\"canonical\" href=\"https:\/\/futbolhoy.co\/index.php\/2025\/09\/22\/balon-de-oro-2025-ganadores-resumen-y-declaraciones-de-los-protagonistas\/\" \/>\n<meta property=\"og:locale\" content=\"es_ES\" \/>\n<meta property=\"og:type\" content=\"article\" \/>\n<meta property=\"og:title\" content=\"Bal\u00f3n de Oro 2025: ganadores, resumen y declaraciones de los protagonistas -\" \/>\n<meta property=\"og:description\" content=\"El delantero del Par\u00eds SG, Ousmane Demb\u00e9l\u00e9, fue galardonado este lunes con el Bal\u00f3n de Oro, en una ceremonia organizada en el teatro del Chatelet de Par\u00eds, convirti\u00e9ndose en el sexto jugador franc\u00e9s en recibir la recompensa suprema. El nombre del &#039;10&#039; parisino fue pronunciado por el brasile\u00f1o Ronaldinho en el \u00faltimo premio de la [&hellip;]\" \/>\n<meta property=\"og:url\" content=\"https:\/\/futbolhoy.co\/index.php\/2025\/09\/22\/balon-de-oro-2025-ganadores-resumen-y-declaraciones-de-los-protagonistas\/\" \/>\n<meta property=\"article:publisher\" content=\"https:\/\/www.facebook.com\/FutbolHoyCol\/\" \/>\n<meta property=\"article:published_time\" content=\"2025-09-22T21:56:42+00:00\" \/>\n<meta property=\"article:modified_time\" content=\"2025-09-23T22:59:14+00:00\" \/>\n<meta property=\"og:image\" content=\"https:\/\/futbolhoy.co\/wp-content\/uploads\/2025\/09\/WhatsApp-Image-2025-09-22-at-4.55.56-PM.jpeg\" \/>\n\t<meta property=\"og:image:width\" content=\"553\" \/>\n\t<meta property=\"og:image:height\" content=\"324\" \/>\n\t<meta property=\"og:image:type\" content=\"image\/jpeg\" \/>\n<meta name=\"author\" content=\"contenido\" \/>\n<meta name=\"twitter:card\" content=\"summary_large_image\" \/>\n<meta name=\"twitter:creator\" content=\"@FutbolHoyCol\" \/>\n<meta name=\"twitter:site\" content=\"@FutbolHoyCol\" \/>\n<meta name=\"twitter:label1\" content=\"Escrito por\" \/>\n\t<meta name=\"twitter:data1\" content=\"contenido\" \/>\n\t<meta name=\"twitter:label2\" content=\"Tiempo de lectura\" \/>\n\t<meta name=\"twitter:data2\" content=\"2 minutos\" \/>\n<script type=\"application\/ld+json\" class=\"yoast-schema-graph\">{\"@context\":\"https:\/\/schema.org\",\"@graph\":[{\"@type\":\"Article\",\"@id\":\"https:\/\/futbolhoy.co\/index.php\/2025\/09\/22\/balon-de-oro-2025-ganadores-resumen-y-declaraciones-de-los-protagonistas\/#article\",\"isPartOf\":{\"@id\":\"https:\/\/futbolhoy.co\/index.php\/2025\/09\/22\/balon-de-oro-2025-ganadores-resumen-y-declaraciones-de-los-protagonistas\/\"},\"author\":{\"name\":\"contenido\",\"@id\":\"https:\/\/futbolhoy.co\/#\/schema\/person\/1721b69355b6623eaff15ac7b92d4cc3\"},\"headline\":\"Bal\u00f3n de Oro 2025: ganadores, resumen y declaraciones de los protagonistas\",\"datePublished\":\"2025-09-22T21:56:42+00:00\",\"dateModified\":\"2025-09-23T22:59:14+00:00\",\"mainEntityOfPage\":{\"@id\":\"https:\/\/futbolhoy.co\/index.php\/2025\/09\/22\/balon-de-oro-2025-ganadores-resumen-y-declaraciones-de-los-protagonistas\/\"},\"wordCount\":449,\"commentCount\":0,\"publisher\":{\"@id\":\"https:\/\/futbolhoy.co\/#organization\"},\"image\":{\"@id\":\"https:\/\/futbolhoy.co\/index.php\/2025\/09\/22\/balon-de-oro-2025-ganadores-resumen-y-declaraciones-de-los-protagonistas\/#primaryimage\"},\"thumbnailUrl\":\"https:\/\/futbolhoy.co\/wp-content\/uploads\/2025\/09\/WhatsApp-Image-2025-09-22-at-4.55.56-PM.jpeg\",\"articleSection\":[\"Mundo Futbol\"],\"inLanguage\":\"es\",\"potentialAction\":[{\"@type\":\"CommentAction\",\"name\":\"Comment\",\"target\":[\"https:\/\/futbolhoy.co\/index.php\/2025\/09\/22\/balon-de-oro-2025-ganadores-resumen-y-declaraciones-de-los-protagonistas\/#respond\"]}]},{\"@type\":\"WebPage\",\"@id\":\"https:\/\/futbolhoy.co\/index.php\/2025\/09\/22\/balon-de-oro-2025-ganadores-resumen-y-declaraciones-de-los-protagonistas\/\",\"url\":\"https:\/\/futbolhoy.co\/index.php\/2025\/09\/22\/balon-de-oro-2025-ganadores-resumen-y-declaraciones-de-los-protagonistas\/\",\"name\":\"Bal\u00f3n de Oro 2025: ganadores, resumen y declaraciones de los protagonistas -\",\"isPartOf\":{\"@id\":\"https:\/\/futbolhoy.co\/#website\"},\"primaryImageOfPage\":{\"@id\":\"https:\/\/futbolhoy.co\/index.php\/2025\/09\/22\/balon-de-oro-2025-ganadores-resumen-y-declaraciones-de-los-protagonistas\/#primaryimage\"},\"image\":{\"@id\":\"https:\/\/futbolhoy.co\/index.php\/2025\/09\/22\/balon-de-oro-2025-ganadores-resumen-y-declaraciones-de-los-protagonistas\/#primaryimage\"},\"thumbnailUrl\":\"https:\/\/futbolhoy.co\/wp-content\/uploads\/2025\/09\/WhatsApp-Image-2025-09-22-at-4.55.56-PM.jpeg\",\"datePublished\":\"2025-09-22T21:56:42+00:00\",\"dateModified\":\"2025-09-23T22:59:14+00:00\",\"breadcrumb\":{\"@id\":\"https:\/\/futbolhoy.co\/index.php\/2025\/09\/22\/balon-de-oro-2025-ganadores-resumen-y-declaraciones-de-los-protagonistas\/#breadcrumb\"},\"inLanguage\":\"es\",\"potentialAction\":[{\"@type\":\"ReadAction\",\"target\":[\"https:\/\/futbolhoy.co\/index.php\/2025\/09\/22\/balon-de-oro-2025-ganadores-resumen-y-declaraciones-de-los-protagonistas\/\"]}]},{\"@type\":\"ImageObject\",\"inLanguage\":\"es\",\"@id\":\"https:\/\/futbolhoy.co\/index.php\/2025\/09\/22\/balon-de-oro-2025-ganadores-resumen-y-declaraciones-de-los-protagonistas\/#primaryimage\",\"url\":\"https:\/\/futbolhoy.co\/wp-content\/uploads\/2025\/09\/WhatsApp-Image-2025-09-22-at-4.55.56-PM.jpeg\",\"contentUrl\":\"https:\/\/futbolhoy.co\/wp-content\/uploads\/2025\/09\/WhatsApp-Image-2025-09-22-at-4.55.56-PM.jpeg\",\"width\":553,\"height\":324},{\"@type\":\"BreadcrumbList\",\"@id\":\"https:\/\/futbolhoy.co\/index.php\/2025\/09\/22\/balon-de-oro-2025-ganadores-resumen-y-declaraciones-de-los-protagonistas\/#breadcrumb\",\"itemListElement\":[{\"@type\":\"ListItem\",\"position\":1,\"name\":\"Portada\",\"item\":\"https:\/\/futbolhoy.co\/\"},{\"@type\":\"ListItem\",\"position\":2,\"name\":\"Bal\u00f3n de Oro 2025: ganadores, resumen y declaraciones de los protagonistas\"}]},{\"@type\":\"WebSite\",\"@id\":\"https:\/\/futbolhoy.co\/#website\",\"url\":\"https:\/\/futbolhoy.co\/\",\"name\":\"FutbolHoy\",\"description\":\"\",\"publisher\":{\"@id\":\"https:\/\/futbolhoy.co\/#organization\"},\"potentialAction\":[{\"@type\":\"SearchAction\",\"target\":{\"@type\":\"EntryPoint\",\"urlTemplate\":\"https:\/\/futbolhoy.co\/?s={search_term_string}\"},\"query-input\":{\"@type\":\"PropertyValueSpecification\",\"valueRequired\":true,\"valueName\":\"search_term_string\"}}],\"inLanguage\":\"es\"},{\"@type\":\"Organization\",\"@id\":\"https:\/\/futbolhoy.co\/#organization\",\"name\":\"Futbolhoy.co\",\"url\":\"https:\/\/futbolhoy.co\/\",\"logo\":{\"@type\":\"ImageObject\",\"inLanguage\":\"es\",\"@id\":\"https:\/\/futbolhoy.co\/#\/schema\/logo\/image\/\",\"url\":\"https:\/\/futbolhoy.co\/wp-content\/uploads\/2018\/08\/17426380_1906371736249227_6326180412931521141_n.jpg\",\"contentUrl\":\"https:\/\/futbolhoy.co\/wp-content\/uploads\/2018\/08\/17426380_1906371736249227_6326180412931521141_n.jpg\",\"width\":960,\"height\":960,\"caption\":\"Futbolhoy.co\"},\"image\":{\"@id\":\"https:\/\/futbolhoy.co\/#\/schema\/logo\/image\/\"},\"sameAs\":[\"https:\/\/www.facebook.com\/FutbolHoyCol\/\",\"https:\/\/x.com\/FutbolHoyCol\",\"https:\/\/www.instagram.com\/futbolhoycol\/\"]},{\"@type\":\"Person\",\"@id\":\"https:\/\/futbolhoy.co\/#\/schema\/person\/1721b69355b6623eaff15ac7b92d4cc3\",\"name\":\"contenido\",\"image\":{\"@type\":\"ImageObject\",\"inLanguage\":\"es\",\"@id\":\"https:\/\/futbolhoy.co\/#\/schema\/person\/image\/\",\"url\":\"https:\/\/secure.gravatar.com\/avatar\/4f656d3256f5134f466206e7c3941518?s=96&d=mm&r=g\",\"contentUrl\":\"https:\/\/secure.gravatar.com\/avatar\/4f656d3256f5134f466206e7c3941518?s=96&d=mm&r=g\",\"caption\":\"contenido\"}}]}<\/script>\n<!-- \/ Yoast SEO plugin. -->","yoast_head_json":{"title":"Bal\u00f3n de Oro 2025: ganadores, resumen y declaraciones de los protagonistas -","robots":{"index":"index","follow":"follow","max-snippet":"max-snippet:-1","max-image-preview":"max-image-preview:large","max-video-preview":"max-video-preview:-1"},"canonical":"https:\/\/futbolhoy.co\/index.php\/2025\/09\/22\/balon-de-oro-2025-ganadores-resumen-y-declaraciones-de-los-protagonistas\/","og_locale":"es_ES","og_type":"article","og_title":"Bal\u00f3n de Oro 2025: ganadores, resumen y declaraciones de los protagonistas -","og_description":"El delantero del Par\u00eds SG, Ousmane Demb\u00e9l\u00e9, fue galardonado este lunes con el Bal\u00f3n de Oro, en una ceremonia organizada en el teatro del Chatelet de Par\u00eds, convirti\u00e9ndose en el sexto jugador franc\u00e9s en recibir la recompensa suprema. El nombre del '10' parisino fue pronunciado por el brasile\u00f1o Ronaldinho en el \u00faltimo premio de la [&hellip;]","og_url":"https:\/\/futbolhoy.co\/index.php\/2025\/09\/22\/balon-de-oro-2025-ganadores-resumen-y-declaraciones-de-los-protagonistas\/","article_publisher":"https:\/\/www.facebook.com\/FutbolHoyCol\/","article_published_time":"2025-09-22T21:56:42+00:00","article_modified_time":"2025-09-23T22:59:14+00:00","og_image":[{"width":553,"height":324,"url":"https:\/\/futbolhoy.co\/wp-content\/uploads\/2025\/09\/WhatsApp-Image-2025-09-22-at-4.55.56-PM.jpeg","type":"image\/jpeg"}],"author":"contenido","twitter_card":"summary_large_image","twitter_creator":"@FutbolHoyCol","twitter_site":"@FutbolHoyCol","twitter_misc":{"Escrito por":"contenido","Tiempo de lectura":"2 minutos"},"schema":{"@context":"https:\/\/schema.org","@graph":[{"@type":"Article","@id":"https:\/\/futbolhoy.co\/index.php\/2025\/09\/22\/balon-de-oro-2025-ganadores-resumen-y-declaraciones-de-los-protagonistas\/#article","isPartOf":{"@id":"https:\/\/futbolhoy.co\/index.php\/2025\/09\/22\/balon-de-oro-2025-ganadores-resumen-y-declaraciones-de-los-protagonistas\/"},"author":{"name":"contenido","@id":"https:\/\/futbolhoy.co\/#\/schema\/person\/1721b69355b6623eaff15ac7b92d4cc3"},"headline":"Bal\u00f3n de Oro 2025: ganadores, resumen y declaraciones de los protagonistas","datePublished":"2025-09-22T21:56:42+00:00","dateModified":"2025-09-23T22:59:14+00:00","mainEntityOfPage":{"@id":"https:\/\/futbolhoy.co\/index.php\/2025\/09\/22\/balon-de-oro-2025-ganadores-resumen-y-declaraciones-de-los-protagonistas\/"},"wordCount":449,"commentCount":0,"publisher":{"@id":"https:\/\/futbolhoy.co\/#organization"},"image":{"@id":"https:\/\/futbolhoy.co\/index.php\/2025\/09\/22\/balon-de-oro-2025-ganadores-resumen-y-declaraciones-de-los-protagonistas\/#primaryimage"},"thumbnailUrl":"https:\/\/futbolhoy.co\/wp-content\/uploads\/2025\/09\/WhatsApp-Image-2025-09-22-at-4.55.56-PM.jpeg","articleSection":["Mundo Futbol"],"inLanguage":"es","potentialAction":[{"@type":"CommentAction","name":"Comment","target":["https:\/\/futbolhoy.co\/index.php\/2025\/09\/22\/balon-de-oro-2025-ganadores-resumen-y-declaraciones-de-los-protagonistas\/#respond"]}]},{"@type":"WebPage","@id":"https:\/\/futbolhoy.co\/index.php\/2025\/09\/22\/balon-de-oro-2025-ganadores-resumen-y-declaraciones-de-los-protagonistas\/","url":"https:\/\/futbolhoy.co\/index.php\/2025\/09\/22\/balon-de-oro-2025-ganadores-resumen-y-declaraciones-de-los-protagonistas\/","name":"Bal\u00f3n de Oro 2025: ganadores, resumen y declaraciones de los protagonistas -","isPartOf":{"@id":"https:\/\/futbolhoy.co\/#website"},"primaryImageOfPage":{"@id":"https:\/\/futbolhoy.co\/index.php\/2025\/09\/22\/balon-de-oro-2025-ganadores-resumen-y-declaraciones-de-los-protagonistas\/#primaryimage"},"image":{"@id":"https:\/\/futbolhoy.co\/index.php\/2025\/09\/22\/balon-de-oro-2025-ganadores-resumen-y-declaraciones-de-los-protagonistas\/#primaryimage"},"thumbnailUrl":"https:\/\/futbolhoy.co\/wp-content\/uploads\/2025\/09\/WhatsApp-Image-2025-09-22-at-4.55.56-PM.jpeg","datePublished":"2025-09-22T21:56:42+00:00","dateModified":"2025-09-23T22:59:14+00:00","breadcrumb":{"@id":"https:\/\/futbolhoy.co\/index.php\/2025\/09\/22\/balon-de-oro-2025-ganadores-resumen-y-declaraciones-de-los-protagonistas\/#breadcrumb"},"inLanguage":"es","potentialAction":[{"@type":"ReadAction","target":["https:\/\/futbolhoy.co\/index.php\/2025\/09\/22\/balon-de-oro-2025-ganadores-resumen-y-declaraciones-de-los-protagonistas\/"]}]},{"@type":"ImageObject","inLanguage":"es","@id":"https:\/\/futbolhoy.co\/index.php\/2025\/09\/22\/balon-de-oro-2025-ganadores-resumen-y-declaraciones-de-los-protagonistas\/#primaryimage","url":"https:\/\/futbolhoy.co\/wp-content\/uploads\/2025\/09\/WhatsApp-Image-2025-09-22-at-4.55.56-PM.jpeg","contentUrl":"https:\/\/futbolhoy.co\/wp-content\/uploads\/2025\/09\/WhatsApp-Image-2025-09-22-at-4.55.56-PM.jpeg","width":553,"height":324},{"@type":"BreadcrumbList","@id":"https:\/\/futbolhoy.co\/index.php\/2025\/09\/22\/balon-de-oro-2025-ganadores-resumen-y-declaraciones-de-los-protagonistas\/#breadcrumb","itemListElement":[{"@type":"ListItem","position":1,"name":"Portada","item":"https:\/\/futbolhoy.co\/"},{"@type":"ListItem","position":2,"name":"Bal\u00f3n de Oro 2025: ganadores, resumen y declaraciones de los protagonistas"}]},{"@type":"WebSite","@id":"https:\/\/futbolhoy.co\/#website","url":"https:\/\/futbolhoy.co\/","name":"FutbolHoy","description":"","publisher":{"@id":"https:\/\/futbolhoy.co\/#organization"},"potentialAction":[{"@type":"SearchAction","target":{"@type":"EntryPoint","urlTemplate":"https:\/\/futbolhoy.co\/?s={search_term_string}"},"query-input":{"@type":"PropertyValueSpecification","valueRequired":true,"valueName":"search_term_string"}}],"inLanguage":"es"},{"@type":"Organization","@id":"https:\/\/futbolhoy.co\/#organization","name":"Futbolhoy.co","url":"https:\/\/futbolhoy.co\/","logo":{"@type":"ImageObject","inLanguage":"es","@id":"https:\/\/futbolhoy.co\/#\/schema\/logo\/image\/","url":"https:\/\/futbolhoy.co\/wp-content\/uploads\/2018\/08\/17426380_1906371736249227_6326180412931521141_n.jpg","contentUrl":"https:\/\/futbolhoy.co\/wp-content\/uploads\/2018\/08\/17426380_1906371736249227_6326180412931521141_n.jpg","width":960,"height":960,"caption":"Futbolhoy.co"},"image":{"@id":"https:\/\/futbolhoy.co\/#\/schema\/logo\/image\/"},"sameAs":["https:\/\/www.facebook.com\/FutbolHoyCol\/","https:\/\/x.com\/FutbolHoyCol","https:\/\/www.instagram.com\/futbolhoycol\/"]},{"@type":"Person","@id":"https:\/\/futbolhoy.co\/#\/schema\/person\/1721b69355b6623eaff15ac7b92d4cc3","name":"contenido","image":{"@type":"ImageObject","inLanguage":"es","@id":"https:\/\/futbolhoy.co\/#\/schema\/person\/image\/","url":"https:\/\/secure.gravatar.com\/avatar\/4f656d3256f5134f466206e7c3941518?s=96&d=mm&r=g","contentUrl":"https:\/\/secure.gravatar.com\/avatar\/4f656d3256f5134f466206e7c3941518?s=96&d=mm&r=g","caption":"contenido"}}]}},"publishpress_future_action":{"enabled":false,"date":"2026-05-05 12:43:51","action":"change-status","newStatus":"draft","terms":[],"taxonomy":"category","extraData":[]},"publishpress_future_workflow_manual_trigger":{"enabledWorkflows":[]},"_links":{"self":[{"href":"https:\/\/futbolhoy.co\/index.php\/wp-json\/wp\/v2\/posts\/123607","targetHints":{"allow":["GET"]}}],"collection":[{"href":"https:\/\/futbolhoy.co\/index.php\/wp-json\/wp\/v2\/posts"}],"about":[{"href":"https:\/\/futbolhoy.co\/index.php\/wp-json\/wp\/v2\/types\/post"}],"author":[{"embeddable":true,"href":"https:\/\/futbolhoy.co\/index.php\/wp-json\/wp\/v2\/users\/4"}],"replies":[{"embeddable":true,"href":"https:\/\/futbolhoy.co\/index.php\/wp-json\/wp\/v2\/comments?post=123607"}],"version-history":[{"count":2,"href":"https:\/\/futbolhoy.co\/index.php\/wp-json\/wp\/v2\/posts\/123607\/revisions"}],"predecessor-version":[{"id":123610,"href":"https:\/\/futbolhoy.co\/index.php\/wp-json\/wp\/v2\/posts\/123607\/revisions\/123610"}],"wp:featuredmedia":[{"embeddable":true,"href":"https:\/\/futbolhoy.co\/index.php\/wp-json\/wp\/v2\/media\/123608"}],"wp:attachment":[{"href":"https:\/\/futbolhoy.co\/index.php\/wp-json\/wp\/v2\/media?parent=123607"}],"wp:term":[{"taxonomy":"category","embeddable":true,"href":"https:\/\/futbolhoy.co\/index.php\/wp-json\/wp\/v2\/categories?post=123607"},{"taxonomy":"post_tag","embeddable":true,"href":"https:\/\/futbolhoy.co\/index.php\/wp-json\/wp\/v2\/tags?post=123607"}],"curies":[{"name":"wp","href":"https:\/\/api.w.org\/{rel}","templated":true}]}}