{"id":123614,"date":"2025-09-22T21:49:55","date_gmt":"2025-09-23T02:49:55","guid":{"rendered":"https:\/\/futbolhoy.co\/?p=123614"},"modified":"2025-09-23T20:35:55","modified_gmt":"2025-09-24T01:35:55","slug":"dt-jorge-bava-saldria-se-santa-fe-esto-es-lo-que-se-sabe","status":"publish","type":"post","link":"https:\/\/futbolhoy.co\/index.php\/2025\/09\/22\/dt-jorge-bava-saldria-se-santa-fe-esto-es-lo-que-se-sabe\/","title":{"rendered":"DT Jorge Bava saldr\u00eda de Santa Fe: esto es lo que se sabe"},"content":{"rendered":"<p style=\"text-align: justify;\"><span style=\"font-family: helvetica, arial, sans-serif;\">El t\u00e9cnico uruguayo<strong> Jorge Bava, campe\u00f3n de Liga BetPlay<\/strong> con Independiente Santa Fe, podr\u00eda salir rumbo a<strong> Cerro Porte\u00f1o<\/strong> en las pr\u00f3ximas horas, de acuerdo con informaci\u00f3n de la prensa paraguaya.<\/span><\/p>\n<p style=\"text-align: justify;\"><span style=\"font-family: helvetica, arial, sans-serif;\">En di\u00e1logo con Caracol Deportes, el periodista paraguayo deportivo, Arturo Rubin, revel\u00f3 detalles sobre el presunto acuerdo entre<strong> 'El Cicl\u00f3n' y el entrenador<\/strong>, ante la salida del argentino Diego Mart\u00ednez del cargo.<\/span><\/p>\n<p style=\"text-align: justify;\"><span style=\"font-family: helvetica, arial, sans-serif;\">Esta salida es sorpresiva, pues el equipo marcha segundo en la tabla de posiciones del campeonato dom\u00e9stico, a tres puntos del l\u00edder, que es Guaran\u00ed. Sin embargo, de acuerdo con el periodista, la salida del entrenador se produjo tras la eliminaci\u00f3n en <strong>octavos de final de Copa Libertadores<\/strong> por Estudiantes de la Plata.<\/span><\/p>\n<p style=\"text-align: justify;\"><span style=\"font-family: helvetica, arial, sans-serif;\">Cabe mencionar que ante estos rumores, Independiente Santa Fe se pronunci\u00f3 a trav\u00e9s de sus redes sociales, y afirm\u00f3 que Bava \"<strong>tiene contrato vigente con la instituci\u00f3n<\/strong>\u201d, y que su renovaci\u00f3n estar\u00e1 sujeta a los resultados del club en lo que resta del a\u00f1o.<\/span><\/p>\n<h3 style=\"text-align: justify;\"><span style=\"font-family: helvetica, arial, sans-serif;\">Comunicado oficial de Independiente Santa Fe<\/span><\/h3>\n<blockquote class=\"twitter-tweet\">\n<p dir=\"ltr\" lang=\"pt\">\ud835\ude3e\ud835\ude64\ud835\ude62\ud835\ude6a\ud835\ude63\ud835\ude5e\ud835\ude58\ud835\ude56\ud835\ude59\ud835\ude64 \ud835\ude4a\ud835\ude5b\ud835\ude5e\ud835\ude58\ud835\ude5e\ud835\ude56\ud835\ude61 \ud83d\udd8a <a href=\"https:\/\/t.co\/9vmE6X18Tb\">pic.twitter.com\/9vmE6X18Tb<\/a><\/p>\n<p>\u2014 Independiente Santa Fe (@SantaFe) <a href=\"https:\/\/twitter.com\/SantaFe\/status\/1970251832170598679?ref_src=twsrc%5Etfw\">September 22, 2025<\/a><\/p><\/blockquote>\n<p style=\"text-align: justify;\"><script async src=\"https:\/\/platform.twitter.com\/widgets.js\" charset=\"utf-8\"><\/script><span style=\"font-family: helvetica, arial, sans-serif;\">Ante esto, Arturo Rubin mencion\u00f3:<\/span><\/p>\n<p style=\"text-align: justify;\"><span style=\"font-family: helvetica, arial, sans-serif;\">\"<strong>Todo contrato tiene una cl\u00e1usula de salida<\/strong> y son dos meses de salario. Salvo a que gane una millonada,<strong> para Cerro Porte\u00f1o no ser\u00e1 un obst\u00e1culo<\/strong>\u201d, declar\u00f3.<\/span><\/p>\n<p style=\"text-align: justify;\"><span style=\"font-family: helvetica, arial, sans-serif;\">Independiente Santa Fe visita a Independiente Medell\u00edn el mi\u00e9rcoles <strong>24 de septiembre desde las 6:00 pm<\/strong>, y la presencia del entrenador uruguayo es toda una incertidumbre.<\/span><\/p>\n","protected":false},"excerpt":{"rendered":"<p>El t\u00e9cnico uruguayo Jorge Bava, campe\u00f3n de Liga BetPlay con Independiente Santa Fe, podr\u00eda salir rumbo a Cerro Porte\u00f1o en las pr\u00f3ximas horas, de acuerdo con informaci\u00f3n de la prensa paraguaya. En di\u00e1logo con Caracol Deportes, el periodista paraguayo deportivo, Arturo Rubin, revel\u00f3 detalles sobre el presunto acuerdo entre 'El Cicl\u00f3n' y el entrenador, ante [&hellip;]<\/p>\n","protected":false},"author":4,"featured_media":123617,"comment_status":"open","ping_status":"open","sticky":false,"template":"","format":"standard","meta":{"_acf_changed":false,"footnotes":""},"categories":[7],"tags":[],"class_list":{"0":"post-123614","1":"post","2":"type-post","3":"status-publish","4":"format-standard","5":"has-post-thumbnail","7":"category-liga-betplay"},"acf":[],"yoast_head":"<!-- This site is optimized with the Yoast SEO plugin v26.8 - https:\/\/yoast.com\/product\/yoast-seo-wordpress\/ -->\n<title>DT Jorge Bava saldr\u00eda de Santa Fe: esto es lo que se sabe -<\/title>\n<meta name=\"robots\" content=\"index, follow, max-snippet:-1, max-image-preview:large, max-video-preview:-1\" \/>\n<link rel=\"canonical\" href=\"https:\/\/futbolhoy.co\/index.php\/2025\/09\/22\/dt-jorge-bava-saldria-se-santa-fe-esto-es-lo-que-se-sabe\/\" \/>\n<meta property=\"og:locale\" content=\"es_ES\" \/>\n<meta property=\"og:type\" content=\"article\" \/>\n<meta property=\"og:title\" content=\"DT Jorge Bava saldr\u00eda de Santa Fe: esto es lo que se sabe -\" \/>\n<meta property=\"og:description\" content=\"El t\u00e9cnico uruguayo Jorge Bava, campe\u00f3n de Liga BetPlay con Independiente Santa Fe, podr\u00eda salir rumbo a Cerro Porte\u00f1o en las pr\u00f3ximas horas, de acuerdo con informaci\u00f3n de la prensa paraguaya. En di\u00e1logo con Caracol Deportes, el periodista paraguayo deportivo, Arturo Rubin, revel\u00f3 detalles sobre el presunto acuerdo entre &#039;El Cicl\u00f3n&#039; y el entrenador, ante [&hellip;]\" \/>\n<meta property=\"og:url\" content=\"https:\/\/futbolhoy.co\/index.php\/2025\/09\/22\/dt-jorge-bava-saldria-se-santa-fe-esto-es-lo-que-se-sabe\/\" \/>\n<meta property=\"article:publisher\" content=\"https:\/\/www.facebook.com\/FutbolHoyCol\/\" \/>\n<meta property=\"article:published_time\" content=\"2025-09-23T02:49:55+00:00\" \/>\n<meta property=\"article:modified_time\" content=\"2025-09-24T01:35:55+00:00\" \/>\n<meta property=\"og:image\" content=\"https:\/\/futbolhoy.co\/wp-content\/uploads\/2025\/09\/WhatsApp-Image-2025-09-22-at-9.51.16-PM.jpeg\" \/>\n\t<meta property=\"og:image:width\" content=\"746\" \/>\n\t<meta property=\"og:image:height\" content=\"520\" \/>\n\t<meta property=\"og:image:type\" content=\"image\/jpeg\" \/>\n<meta name=\"author\" content=\"contenido\" \/>\n<meta name=\"twitter:card\" content=\"summary_large_image\" \/>\n<meta name=\"twitter:creator\" content=\"@FutbolHoyCol\" \/>\n<meta name=\"twitter:site\" content=\"@FutbolHoyCol\" \/>\n<meta name=\"twitter:label1\" content=\"Escrito por\" \/>\n\t<meta name=\"twitter:data1\" content=\"contenido\" \/>\n\t<meta name=\"twitter:label2\" content=\"Tiempo de lectura\" \/>\n\t<meta name=\"twitter:data2\" content=\"1 minuto\" \/>\n<script type=\"application\/ld+json\" class=\"yoast-schema-graph\">{\"@context\":\"https:\/\/schema.org\",\"@graph\":[{\"@type\":\"Article\",\"@id\":\"https:\/\/futbolhoy.co\/index.php\/2025\/09\/22\/dt-jorge-bava-saldria-se-santa-fe-esto-es-lo-que-se-sabe\/#article\",\"isPartOf\":{\"@id\":\"https:\/\/futbolhoy.co\/index.php\/2025\/09\/22\/dt-jorge-bava-saldria-se-santa-fe-esto-es-lo-que-se-sabe\/\"},\"author\":{\"name\":\"contenido\",\"@id\":\"https:\/\/futbolhoy.co\/#\/schema\/person\/1721b69355b6623eaff15ac7b92d4cc3\"},\"headline\":\"DT Jorge Bava saldr\u00eda de Santa Fe: esto es lo que se sabe\",\"datePublished\":\"2025-09-23T02:49:55+00:00\",\"dateModified\":\"2025-09-24T01:35:55+00:00\",\"mainEntityOfPage\":{\"@id\":\"https:\/\/futbolhoy.co\/index.php\/2025\/09\/22\/dt-jorge-bava-saldria-se-santa-fe-esto-es-lo-que-se-sabe\/\"},\"wordCount\":268,\"commentCount\":0,\"publisher\":{\"@id\":\"https:\/\/futbolhoy.co\/#organization\"},\"image\":{\"@id\":\"https:\/\/futbolhoy.co\/index.php\/2025\/09\/22\/dt-jorge-bava-saldria-se-santa-fe-esto-es-lo-que-se-sabe\/#primaryimage\"},\"thumbnailUrl\":\"https:\/\/futbolhoy.co\/wp-content\/uploads\/2025\/09\/WhatsApp-Image-2025-09-22-at-9.51.16-PM.jpeg\",\"articleSection\":[\"Liga BetPlay\"],\"inLanguage\":\"es\",\"potentialAction\":[{\"@type\":\"CommentAction\",\"name\":\"Comment\",\"target\":[\"https:\/\/futbolhoy.co\/index.php\/2025\/09\/22\/dt-jorge-bava-saldria-se-santa-fe-esto-es-lo-que-se-sabe\/#respond\"]}]},{\"@type\":\"WebPage\",\"@id\":\"https:\/\/futbolhoy.co\/index.php\/2025\/09\/22\/dt-jorge-bava-saldria-se-santa-fe-esto-es-lo-que-se-sabe\/\",\"url\":\"https:\/\/futbolhoy.co\/index.php\/2025\/09\/22\/dt-jorge-bava-saldria-se-santa-fe-esto-es-lo-que-se-sabe\/\",\"name\":\"DT Jorge Bava saldr\u00eda de Santa Fe: esto es lo que se sabe -\",\"isPartOf\":{\"@id\":\"https:\/\/futbolhoy.co\/#website\"},\"primaryImageOfPage\":{\"@id\":\"https:\/\/futbolhoy.co\/index.php\/2025\/09\/22\/dt-jorge-bava-saldria-se-santa-fe-esto-es-lo-que-se-sabe\/#primaryimage\"},\"image\":{\"@id\":\"https:\/\/futbolhoy.co\/index.php\/2025\/09\/22\/dt-jorge-bava-saldria-se-santa-fe-esto-es-lo-que-se-sabe\/#primaryimage\"},\"thumbnailUrl\":\"https:\/\/futbolhoy.co\/wp-content\/uploads\/2025\/09\/WhatsApp-Image-2025-09-22-at-9.51.16-PM.jpeg\",\"datePublished\":\"2025-09-23T02:49:55+00:00\",\"dateModified\":\"2025-09-24T01:35:55+00:00\",\"breadcrumb\":{\"@id\":\"https:\/\/futbolhoy.co\/index.php\/2025\/09\/22\/dt-jorge-bava-saldria-se-santa-fe-esto-es-lo-que-se-sabe\/#breadcrumb\"},\"inLanguage\":\"es\",\"potentialAction\":[{\"@type\":\"ReadAction\",\"target\":[\"https:\/\/futbolhoy.co\/index.php\/2025\/09\/22\/dt-jorge-bava-saldria-se-santa-fe-esto-es-lo-que-se-sabe\/\"]}]},{\"@type\":\"ImageObject\",\"inLanguage\":\"es\",\"@id\":\"https:\/\/futbolhoy.co\/index.php\/2025\/09\/22\/dt-jorge-bava-saldria-se-santa-fe-esto-es-lo-que-se-sabe\/#primaryimage\",\"url\":\"https:\/\/futbolhoy.co\/wp-content\/uploads\/2025\/09\/WhatsApp-Image-2025-09-22-at-9.51.16-PM.jpeg\",\"contentUrl\":\"https:\/\/futbolhoy.co\/wp-content\/uploads\/2025\/09\/WhatsApp-Image-2025-09-22-at-9.51.16-PM.jpeg\",\"width\":746,\"height\":520},{\"@type\":\"BreadcrumbList\",\"@id\":\"https:\/\/futbolhoy.co\/index.php\/2025\/09\/22\/dt-jorge-bava-saldria-se-santa-fe-esto-es-lo-que-se-sabe\/#breadcrumb\",\"itemListElement\":[{\"@type\":\"ListItem\",\"position\":1,\"name\":\"Portada\",\"item\":\"https:\/\/futbolhoy.co\/\"},{\"@type\":\"ListItem\",\"position\":2,\"name\":\"DT Jorge Bava saldr\u00eda de Santa Fe: esto es lo que se sabe\"}]},{\"@type\":\"WebSite\",\"@id\":\"https:\/\/futbolhoy.co\/#website\",\"url\":\"https:\/\/futbolhoy.co\/\",\"name\":\"FutbolHoy\",\"description\":\"\",\"publisher\":{\"@id\":\"https:\/\/futbolhoy.co\/#organization\"},\"potentialAction\":[{\"@type\":\"SearchAction\",\"target\":{\"@type\":\"EntryPoint\",\"urlTemplate\":\"https:\/\/futbolhoy.co\/?s={search_term_string}\"},\"query-input\":{\"@type\":\"PropertyValueSpecification\",\"valueRequired\":true,\"valueName\":\"search_term_string\"}}],\"inLanguage\":\"es\"},{\"@type\":\"Organization\",\"@id\":\"https:\/\/futbolhoy.co\/#organization\",\"name\":\"Futbolhoy.co\",\"url\":\"https:\/\/futbolhoy.co\/\",\"logo\":{\"@type\":\"ImageObject\",\"inLanguage\":\"es\",\"@id\":\"https:\/\/futbolhoy.co\/#\/schema\/logo\/image\/\",\"url\":\"https:\/\/futbolhoy.co\/wp-content\/uploads\/2018\/08\/17426380_1906371736249227_6326180412931521141_n.jpg\",\"contentUrl\":\"https:\/\/futbolhoy.co\/wp-content\/uploads\/2018\/08\/17426380_1906371736249227_6326180412931521141_n.jpg\",\"width\":960,\"height\":960,\"caption\":\"Futbolhoy.co\"},\"image\":{\"@id\":\"https:\/\/futbolhoy.co\/#\/schema\/logo\/image\/\"},\"sameAs\":[\"https:\/\/www.facebook.com\/FutbolHoyCol\/\",\"https:\/\/x.com\/FutbolHoyCol\",\"https:\/\/www.instagram.com\/futbolhoycol\/\"]},{\"@type\":\"Person\",\"@id\":\"https:\/\/futbolhoy.co\/#\/schema\/person\/1721b69355b6623eaff15ac7b92d4cc3\",\"name\":\"contenido\",\"image\":{\"@type\":\"ImageObject\",\"inLanguage\":\"es\",\"@id\":\"https:\/\/futbolhoy.co\/#\/schema\/person\/image\/\",\"url\":\"https:\/\/secure.gravatar.com\/avatar\/4f656d3256f5134f466206e7c3941518?s=96&d=mm&r=g\",\"contentUrl\":\"https:\/\/secure.gravatar.com\/avatar\/4f656d3256f5134f466206e7c3941518?s=96&d=mm&r=g\",\"caption\":\"contenido\"}}]}<\/script>\n<!-- \/ Yoast SEO plugin. -->","yoast_head_json":{"title":"DT Jorge Bava saldr\u00eda de Santa Fe: esto es lo que se sabe -","robots":{"index":"index","follow":"follow","max-snippet":"max-snippet:-1","max-image-preview":"max-image-preview:large","max-video-preview":"max-video-preview:-1"},"canonical":"https:\/\/futbolhoy.co\/index.php\/2025\/09\/22\/dt-jorge-bava-saldria-se-santa-fe-esto-es-lo-que-se-sabe\/","og_locale":"es_ES","og_type":"article","og_title":"DT Jorge Bava saldr\u00eda de Santa Fe: esto es lo que se sabe -","og_description":"El t\u00e9cnico uruguayo Jorge Bava, campe\u00f3n de Liga BetPlay con Independiente Santa Fe, podr\u00eda salir rumbo a Cerro Porte\u00f1o en las pr\u00f3ximas horas, de acuerdo con informaci\u00f3n de la prensa paraguaya. En di\u00e1logo con Caracol Deportes, el periodista paraguayo deportivo, Arturo Rubin, revel\u00f3 detalles sobre el presunto acuerdo entre 'El Cicl\u00f3n' y el entrenador, ante [&hellip;]","og_url":"https:\/\/futbolhoy.co\/index.php\/2025\/09\/22\/dt-jorge-bava-saldria-se-santa-fe-esto-es-lo-que-se-sabe\/","article_publisher":"https:\/\/www.facebook.com\/FutbolHoyCol\/","article_published_time":"2025-09-23T02:49:55+00:00","article_modified_time":"2025-09-24T01:35:55+00:00","og_image":[{"width":746,"height":520,"url":"https:\/\/futbolhoy.co\/wp-content\/uploads\/2025\/09\/WhatsApp-Image-2025-09-22-at-9.51.16-PM.jpeg","type":"image\/jpeg"}],"author":"contenido","twitter_card":"summary_large_image","twitter_creator":"@FutbolHoyCol","twitter_site":"@FutbolHoyCol","twitter_misc":{"Escrito por":"contenido","Tiempo de lectura":"1 minuto"},"schema":{"@context":"https:\/\/schema.org","@graph":[{"@type":"Article","@id":"https:\/\/futbolhoy.co\/index.php\/2025\/09\/22\/dt-jorge-bava-saldria-se-santa-fe-esto-es-lo-que-se-sabe\/#article","isPartOf":{"@id":"https:\/\/futbolhoy.co\/index.php\/2025\/09\/22\/dt-jorge-bava-saldria-se-santa-fe-esto-es-lo-que-se-sabe\/"},"author":{"name":"contenido","@id":"https:\/\/futbolhoy.co\/#\/schema\/person\/1721b69355b6623eaff15ac7b92d4cc3"},"headline":"DT Jorge Bava saldr\u00eda de Santa Fe: esto es lo que se sabe","datePublished":"2025-09-23T02:49:55+00:00","dateModified":"2025-09-24T01:35:55+00:00","mainEntityOfPage":{"@id":"https:\/\/futbolhoy.co\/index.php\/2025\/09\/22\/dt-jorge-bava-saldria-se-santa-fe-esto-es-lo-que-se-sabe\/"},"wordCount":268,"commentCount":0,"publisher":{"@id":"https:\/\/futbolhoy.co\/#organization"},"image":{"@id":"https:\/\/futbolhoy.co\/index.php\/2025\/09\/22\/dt-jorge-bava-saldria-se-santa-fe-esto-es-lo-que-se-sabe\/#primaryimage"},"thumbnailUrl":"https:\/\/futbolhoy.co\/wp-content\/uploads\/2025\/09\/WhatsApp-Image-2025-09-22-at-9.51.16-PM.jpeg","articleSection":["Liga BetPlay"],"inLanguage":"es","potentialAction":[{"@type":"CommentAction","name":"Comment","target":["https:\/\/futbolhoy.co\/index.php\/2025\/09\/22\/dt-jorge-bava-saldria-se-santa-fe-esto-es-lo-que-se-sabe\/#respond"]}]},{"@type":"WebPage","@id":"https:\/\/futbolhoy.co\/index.php\/2025\/09\/22\/dt-jorge-bava-saldria-se-santa-fe-esto-es-lo-que-se-sabe\/","url":"https:\/\/futbolhoy.co\/index.php\/2025\/09\/22\/dt-jorge-bava-saldria-se-santa-fe-esto-es-lo-que-se-sabe\/","name":"DT Jorge Bava saldr\u00eda de Santa Fe: esto es lo que se sabe -","isPartOf":{"@id":"https:\/\/futbolhoy.co\/#website"},"primaryImageOfPage":{"@id":"https:\/\/futbolhoy.co\/index.php\/2025\/09\/22\/dt-jorge-bava-saldria-se-santa-fe-esto-es-lo-que-se-sabe\/#primaryimage"},"image":{"@id":"https:\/\/futbolhoy.co\/index.php\/2025\/09\/22\/dt-jorge-bava-saldria-se-santa-fe-esto-es-lo-que-se-sabe\/#primaryimage"},"thumbnailUrl":"https:\/\/futbolhoy.co\/wp-content\/uploads\/2025\/09\/WhatsApp-Image-2025-09-22-at-9.51.16-PM.jpeg","datePublished":"2025-09-23T02:49:55+00:00","dateModified":"2025-09-24T01:35:55+00:00","breadcrumb":{"@id":"https:\/\/futbolhoy.co\/index.php\/2025\/09\/22\/dt-jorge-bava-saldria-se-santa-fe-esto-es-lo-que-se-sabe\/#breadcrumb"},"inLanguage":"es","potentialAction":[{"@type":"ReadAction","target":["https:\/\/futbolhoy.co\/index.php\/2025\/09\/22\/dt-jorge-bava-saldria-se-santa-fe-esto-es-lo-que-se-sabe\/"]}]},{"@type":"ImageObject","inLanguage":"es","@id":"https:\/\/futbolhoy.co\/index.php\/2025\/09\/22\/dt-jorge-bava-saldria-se-santa-fe-esto-es-lo-que-se-sabe\/#primaryimage","url":"https:\/\/futbolhoy.co\/wp-content\/uploads\/2025\/09\/WhatsApp-Image-2025-09-22-at-9.51.16-PM.jpeg","contentUrl":"https:\/\/futbolhoy.co\/wp-content\/uploads\/2025\/09\/WhatsApp-Image-2025-09-22-at-9.51.16-PM.jpeg","width":746,"height":520},{"@type":"BreadcrumbList","@id":"https:\/\/futbolhoy.co\/index.php\/2025\/09\/22\/dt-jorge-bava-saldria-se-santa-fe-esto-es-lo-que-se-sabe\/#breadcrumb","itemListElement":[{"@type":"ListItem","position":1,"name":"Portada","item":"https:\/\/futbolhoy.co\/"},{"@type":"ListItem","position":2,"name":"DT Jorge Bava saldr\u00eda de Santa Fe: esto es lo que se sabe"}]},{"@type":"WebSite","@id":"https:\/\/futbolhoy.co\/#website","url":"https:\/\/futbolhoy.co\/","name":"FutbolHoy","description":"","publisher":{"@id":"https:\/\/futbolhoy.co\/#organization"},"potentialAction":[{"@type":"SearchAction","target":{"@type":"EntryPoint","urlTemplate":"https:\/\/futbolhoy.co\/?s={search_term_string}"},"query-input":{"@type":"PropertyValueSpecification","valueRequired":true,"valueName":"search_term_string"}}],"inLanguage":"es"},{"@type":"Organization","@id":"https:\/\/futbolhoy.co\/#organization","name":"Futbolhoy.co","url":"https:\/\/futbolhoy.co\/","logo":{"@type":"ImageObject","inLanguage":"es","@id":"https:\/\/futbolhoy.co\/#\/schema\/logo\/image\/","url":"https:\/\/futbolhoy.co\/wp-content\/uploads\/2018\/08\/17426380_1906371736249227_6326180412931521141_n.jpg","contentUrl":"https:\/\/futbolhoy.co\/wp-content\/uploads\/2018\/08\/17426380_1906371736249227_6326180412931521141_n.jpg","width":960,"height":960,"caption":"Futbolhoy.co"},"image":{"@id":"https:\/\/futbolhoy.co\/#\/schema\/logo\/image\/"},"sameAs":["https:\/\/www.facebook.com\/FutbolHoyCol\/","https:\/\/x.com\/FutbolHoyCol","https:\/\/www.instagram.com\/futbolhoycol\/"]},{"@type":"Person","@id":"https:\/\/futbolhoy.co\/#\/schema\/person\/1721b69355b6623eaff15ac7b92d4cc3","name":"contenido","image":{"@type":"ImageObject","inLanguage":"es","@id":"https:\/\/futbolhoy.co\/#\/schema\/person\/image\/","url":"https:\/\/secure.gravatar.com\/avatar\/4f656d3256f5134f466206e7c3941518?s=96&d=mm&r=g","contentUrl":"https:\/\/secure.gravatar.com\/avatar\/4f656d3256f5134f466206e7c3941518?s=96&d=mm&r=g","caption":"contenido"}}]}},"publishpress_future_action":{"enabled":false,"date":"2026-05-05 20:18:52","action":"change-status","newStatus":"draft","terms":[],"taxonomy":"category","extraData":[]},"publishpress_future_workflow_manual_trigger":{"enabledWorkflows":[]},"_links":{"self":[{"href":"https:\/\/futbolhoy.co\/index.php\/wp-json\/wp\/v2\/posts\/123614","targetHints":{"allow":["GET"]}}],"collection":[{"href":"https:\/\/futbolhoy.co\/index.php\/wp-json\/wp\/v2\/posts"}],"about":[{"href":"https:\/\/futbolhoy.co\/index.php\/wp-json\/wp\/v2\/types\/post"}],"author":[{"embeddable":true,"href":"https:\/\/futbolhoy.co\/index.php\/wp-json\/wp\/v2\/users\/4"}],"replies":[{"embeddable":true,"href":"https:\/\/futbolhoy.co\/index.php\/wp-json\/wp\/v2\/comments?post=123614"}],"version-history":[{"count":2,"href":"https:\/\/futbolhoy.co\/index.php\/wp-json\/wp\/v2\/posts\/123614\/revisions"}],"predecessor-version":[{"id":123616,"href":"https:\/\/futbolhoy.co\/index.php\/wp-json\/wp\/v2\/posts\/123614\/revisions\/123616"}],"wp:featuredmedia":[{"embeddable":true,"href":"https:\/\/futbolhoy.co\/index.php\/wp-json\/wp\/v2\/media\/123617"}],"wp:attachment":[{"href":"https:\/\/futbolhoy.co\/index.php\/wp-json\/wp\/v2\/media?parent=123614"}],"wp:term":[{"taxonomy":"category","embeddable":true,"href":"https:\/\/futbolhoy.co\/index.php\/wp-json\/wp\/v2\/categories?post=123614"},{"taxonomy":"post_tag","embeddable":true,"href":"https:\/\/futbolhoy.co\/index.php\/wp-json\/wp\/v2\/tags?post=123614"}],"curies":[{"name":"wp","href":"https:\/\/api.w.org\/{rel}","templated":true}]}}