{"id":123632,"date":"2025-09-23T11:05:49","date_gmt":"2025-09-23T16:05:49","guid":{"rendered":"https:\/\/futbolhoy.co\/?p=123632"},"modified":"2025-09-23T21:56:12","modified_gmt":"2025-09-24T02:56:12","slug":"bava-entre-la-oferta-de-cerro-porteno-y-renovacion-en-santa-fe","status":"publish","type":"post","link":"https:\/\/futbolhoy.co\/index.php\/2025\/09\/23\/bava-entre-la-oferta-de-cerro-porteno-y-renovacion-en-santa-fe\/","title":{"rendered":"Bava, entre la oferta de Cerro Porte\u00f1o y renovaci\u00f3n en Santa Fe"},"content":{"rendered":"<p style=\"text-align: justify;\"><span style=\"font-family: helvetica, arial, sans-serif;\">El presidente de <strong>Santa Fe, Eduardo M\u00e9ndez,<\/strong> convoc\u00f3 a una rueda de prensa en la que se refiri\u00f3 a las especulaciones sobre el futuro del t\u00e9cnico <strong>Jorge Bava,<\/strong> pues desde <strong>Paraguay<\/strong> han surgido versiones que indican que ya tiene todo cerrado para ser el t\u00e9cnico de <strong>Cerro Porte\u00f1o.<\/strong><\/span><\/p>\n<p style=\"text-align: justify;\"><span style=\"font-family: helvetica, arial, sans-serif;\">M\u00e9ndez, indic\u00f3 que s\u00ed hay una oferta de Cerro y que esta lo que hace es acelerar los di\u00e1logos de renovaci\u00f3n entre el club y el t\u00e9cnico uruguayo. Manifest\u00f3 que de momento sigue siendo el entrenador.<\/span><\/p>\n<p style=\"text-align: justify;\"><span style=\"font-family: helvetica, arial, sans-serif;\">\u201cEl d\u00eda de hoy se acaba de ir el profe Bava con su uniforme y su maleta para viajar a la ciudad de <strong>Medell\u00edn<\/strong> (para el partido de <strong>Copa<\/strong> ante <strong>Medell\u00edn<\/strong> este mi\u00e9rcoles), significa que no hay de parte de \u00e9l ning\u00fan acuerdo firmado tal y como se ha expresado en la gran mayor\u00eda de medios\", dijo.<\/span><\/p>\n<p style=\"text-align: justify;\"><span style=\"font-family: helvetica, arial, sans-serif;\">\u201cDurante todo este semestre hemos venido hablando del pr\u00f3ximo a\u00f1o, pensando en la <strong>Libertadores,<\/strong> tratando de buscar equipo para representar al pa\u00eds. A \u00e9l le lleg\u00f3 una oferta de Cerro Porte\u00f1o, pero le ha manifestado al club que su prioridad es Santa Fe y que iba a hablar conmigo. Con el requerimiento que se hizo nos reunimos hoy y ya firmamos que nos vamos a sentar, vamos a revisar la oferta que le hicieron\u201d, a\u00f1adi\u00f3.<\/span><\/p>\n<p style=\"text-align: justify;\"><span style=\"font-family: helvetica, arial, sans-serif;\">As\u00ed las cosas, Bava dirige el partido contra Medell\u00edn y continuar\u00e1n las negociaciones de un nuevo contrato, mientras en <strong>Paraguay<\/strong> siguen dando como un hecho que ser\u00e1 el DT de Cerro Porte\u00f1o.<\/span><\/p>\n","protected":false},"excerpt":{"rendered":"<p>El presidente de Santa Fe, Eduardo M\u00e9ndez, convoc\u00f3 a una rueda de prensa en la que se refiri\u00f3 a las especulaciones sobre el futuro del t\u00e9cnico Jorge Bava, pues desde Paraguay han surgido versiones que indican que ya tiene todo cerrado para ser el t\u00e9cnico de Cerro Porte\u00f1o. M\u00e9ndez, indic\u00f3 que s\u00ed hay una oferta [&hellip;]<\/p>\n","protected":false},"author":4,"featured_media":123634,"comment_status":"open","ping_status":"open","sticky":false,"template":"","format":"standard","meta":{"_acf_changed":false,"footnotes":""},"categories":[7],"tags":[],"class_list":{"0":"post-123632","1":"post","2":"type-post","3":"status-publish","4":"format-standard","5":"has-post-thumbnail","7":"category-liga-betplay"},"acf":[],"yoast_head":"<!-- This site is optimized with the Yoast SEO plugin v26.8 - https:\/\/yoast.com\/product\/yoast-seo-wordpress\/ -->\n<title>Bava, entre la oferta de Cerro Porte\u00f1o y renovaci\u00f3n en Santa Fe -<\/title>\n<meta name=\"robots\" content=\"index, follow, max-snippet:-1, max-image-preview:large, max-video-preview:-1\" \/>\n<link rel=\"canonical\" href=\"https:\/\/futbolhoy.co\/index.php\/2025\/09\/23\/bava-entre-la-oferta-de-cerro-porteno-y-renovacion-en-santa-fe\/\" \/>\n<meta property=\"og:locale\" content=\"es_ES\" \/>\n<meta property=\"og:type\" content=\"article\" \/>\n<meta property=\"og:title\" content=\"Bava, entre la oferta de Cerro Porte\u00f1o y renovaci\u00f3n en Santa Fe -\" \/>\n<meta property=\"og:description\" content=\"El presidente de Santa Fe, Eduardo M\u00e9ndez, convoc\u00f3 a una rueda de prensa en la que se refiri\u00f3 a las especulaciones sobre el futuro del t\u00e9cnico Jorge Bava, pues desde Paraguay han surgido versiones que indican que ya tiene todo cerrado para ser el t\u00e9cnico de Cerro Porte\u00f1o. M\u00e9ndez, indic\u00f3 que s\u00ed hay una oferta [&hellip;]\" \/>\n<meta property=\"og:url\" content=\"https:\/\/futbolhoy.co\/index.php\/2025\/09\/23\/bava-entre-la-oferta-de-cerro-porteno-y-renovacion-en-santa-fe\/\" \/>\n<meta property=\"article:publisher\" content=\"https:\/\/www.facebook.com\/FutbolHoyCol\/\" \/>\n<meta property=\"article:published_time\" content=\"2025-09-23T16:05:49+00:00\" \/>\n<meta property=\"article:modified_time\" content=\"2025-09-24T02:56:12+00:00\" \/>\n<meta property=\"og:image\" content=\"https:\/\/futbolhoy.co\/wp-content\/uploads\/2025\/09\/WhatsApp-Image-2025-09-23-at-9.21.52-AM.jpeg\" \/>\n\t<meta property=\"og:image:width\" content=\"1600\" \/>\n\t<meta property=\"og:image:height\" content=\"1066\" \/>\n\t<meta property=\"og:image:type\" content=\"image\/jpeg\" \/>\n<meta name=\"author\" content=\"contenido\" \/>\n<meta name=\"twitter:card\" content=\"summary_large_image\" \/>\n<meta name=\"twitter:creator\" content=\"@FutbolHoyCol\" \/>\n<meta name=\"twitter:site\" content=\"@FutbolHoyCol\" \/>\n<meta name=\"twitter:label1\" content=\"Escrito por\" \/>\n\t<meta name=\"twitter:data1\" content=\"contenido\" \/>\n\t<meta name=\"twitter:label2\" content=\"Tiempo de lectura\" \/>\n\t<meta name=\"twitter:data2\" content=\"1 minuto\" \/>\n<script type=\"application\/ld+json\" class=\"yoast-schema-graph\">{\"@context\":\"https:\/\/schema.org\",\"@graph\":[{\"@type\":\"Article\",\"@id\":\"https:\/\/futbolhoy.co\/index.php\/2025\/09\/23\/bava-entre-la-oferta-de-cerro-porteno-y-renovacion-en-santa-fe\/#article\",\"isPartOf\":{\"@id\":\"https:\/\/futbolhoy.co\/index.php\/2025\/09\/23\/bava-entre-la-oferta-de-cerro-porteno-y-renovacion-en-santa-fe\/\"},\"author\":{\"name\":\"contenido\",\"@id\":\"https:\/\/futbolhoy.co\/#\/schema\/person\/1721b69355b6623eaff15ac7b92d4cc3\"},\"headline\":\"Bava, entre la oferta de Cerro Porte\u00f1o y renovaci\u00f3n en Santa Fe\",\"datePublished\":\"2025-09-23T16:05:49+00:00\",\"dateModified\":\"2025-09-24T02:56:12+00:00\",\"mainEntityOfPage\":{\"@id\":\"https:\/\/futbolhoy.co\/index.php\/2025\/09\/23\/bava-entre-la-oferta-de-cerro-porteno-y-renovacion-en-santa-fe\/\"},\"wordCount\":284,\"commentCount\":0,\"publisher\":{\"@id\":\"https:\/\/futbolhoy.co\/#organization\"},\"image\":{\"@id\":\"https:\/\/futbolhoy.co\/index.php\/2025\/09\/23\/bava-entre-la-oferta-de-cerro-porteno-y-renovacion-en-santa-fe\/#primaryimage\"},\"thumbnailUrl\":\"https:\/\/futbolhoy.co\/wp-content\/uploads\/2025\/09\/WhatsApp-Image-2025-09-23-at-9.21.52-AM.jpeg\",\"articleSection\":[\"Liga BetPlay\"],\"inLanguage\":\"es\",\"potentialAction\":[{\"@type\":\"CommentAction\",\"name\":\"Comment\",\"target\":[\"https:\/\/futbolhoy.co\/index.php\/2025\/09\/23\/bava-entre-la-oferta-de-cerro-porteno-y-renovacion-en-santa-fe\/#respond\"]}]},{\"@type\":\"WebPage\",\"@id\":\"https:\/\/futbolhoy.co\/index.php\/2025\/09\/23\/bava-entre-la-oferta-de-cerro-porteno-y-renovacion-en-santa-fe\/\",\"url\":\"https:\/\/futbolhoy.co\/index.php\/2025\/09\/23\/bava-entre-la-oferta-de-cerro-porteno-y-renovacion-en-santa-fe\/\",\"name\":\"Bava, entre la oferta de Cerro Porte\u00f1o y renovaci\u00f3n en Santa Fe -\",\"isPartOf\":{\"@id\":\"https:\/\/futbolhoy.co\/#website\"},\"primaryImageOfPage\":{\"@id\":\"https:\/\/futbolhoy.co\/index.php\/2025\/09\/23\/bava-entre-la-oferta-de-cerro-porteno-y-renovacion-en-santa-fe\/#primaryimage\"},\"image\":{\"@id\":\"https:\/\/futbolhoy.co\/index.php\/2025\/09\/23\/bava-entre-la-oferta-de-cerro-porteno-y-renovacion-en-santa-fe\/#primaryimage\"},\"thumbnailUrl\":\"https:\/\/futbolhoy.co\/wp-content\/uploads\/2025\/09\/WhatsApp-Image-2025-09-23-at-9.21.52-AM.jpeg\",\"datePublished\":\"2025-09-23T16:05:49+00:00\",\"dateModified\":\"2025-09-24T02:56:12+00:00\",\"breadcrumb\":{\"@id\":\"https:\/\/futbolhoy.co\/index.php\/2025\/09\/23\/bava-entre-la-oferta-de-cerro-porteno-y-renovacion-en-santa-fe\/#breadcrumb\"},\"inLanguage\":\"es\",\"potentialAction\":[{\"@type\":\"ReadAction\",\"target\":[\"https:\/\/futbolhoy.co\/index.php\/2025\/09\/23\/bava-entre-la-oferta-de-cerro-porteno-y-renovacion-en-santa-fe\/\"]}]},{\"@type\":\"ImageObject\",\"inLanguage\":\"es\",\"@id\":\"https:\/\/futbolhoy.co\/index.php\/2025\/09\/23\/bava-entre-la-oferta-de-cerro-porteno-y-renovacion-en-santa-fe\/#primaryimage\",\"url\":\"https:\/\/futbolhoy.co\/wp-content\/uploads\/2025\/09\/WhatsApp-Image-2025-09-23-at-9.21.52-AM.jpeg\",\"contentUrl\":\"https:\/\/futbolhoy.co\/wp-content\/uploads\/2025\/09\/WhatsApp-Image-2025-09-23-at-9.21.52-AM.jpeg\",\"width\":1600,\"height\":1066},{\"@type\":\"BreadcrumbList\",\"@id\":\"https:\/\/futbolhoy.co\/index.php\/2025\/09\/23\/bava-entre-la-oferta-de-cerro-porteno-y-renovacion-en-santa-fe\/#breadcrumb\",\"itemListElement\":[{\"@type\":\"ListItem\",\"position\":1,\"name\":\"Portada\",\"item\":\"https:\/\/futbolhoy.co\/\"},{\"@type\":\"ListItem\",\"position\":2,\"name\":\"Bava, entre la oferta de Cerro Porte\u00f1o y renovaci\u00f3n en Santa Fe\"}]},{\"@type\":\"WebSite\",\"@id\":\"https:\/\/futbolhoy.co\/#website\",\"url\":\"https:\/\/futbolhoy.co\/\",\"name\":\"FutbolHoy\",\"description\":\"\",\"publisher\":{\"@id\":\"https:\/\/futbolhoy.co\/#organization\"},\"potentialAction\":[{\"@type\":\"SearchAction\",\"target\":{\"@type\":\"EntryPoint\",\"urlTemplate\":\"https:\/\/futbolhoy.co\/?s={search_term_string}\"},\"query-input\":{\"@type\":\"PropertyValueSpecification\",\"valueRequired\":true,\"valueName\":\"search_term_string\"}}],\"inLanguage\":\"es\"},{\"@type\":\"Organization\",\"@id\":\"https:\/\/futbolhoy.co\/#organization\",\"name\":\"Futbolhoy.co\",\"url\":\"https:\/\/futbolhoy.co\/\",\"logo\":{\"@type\":\"ImageObject\",\"inLanguage\":\"es\",\"@id\":\"https:\/\/futbolhoy.co\/#\/schema\/logo\/image\/\",\"url\":\"https:\/\/futbolhoy.co\/wp-content\/uploads\/2018\/08\/17426380_1906371736249227_6326180412931521141_n.jpg\",\"contentUrl\":\"https:\/\/futbolhoy.co\/wp-content\/uploads\/2018\/08\/17426380_1906371736249227_6326180412931521141_n.jpg\",\"width\":960,\"height\":960,\"caption\":\"Futbolhoy.co\"},\"image\":{\"@id\":\"https:\/\/futbolhoy.co\/#\/schema\/logo\/image\/\"},\"sameAs\":[\"https:\/\/www.facebook.com\/FutbolHoyCol\/\",\"https:\/\/x.com\/FutbolHoyCol\",\"https:\/\/www.instagram.com\/futbolhoycol\/\"]},{\"@type\":\"Person\",\"@id\":\"https:\/\/futbolhoy.co\/#\/schema\/person\/1721b69355b6623eaff15ac7b92d4cc3\",\"name\":\"contenido\",\"image\":{\"@type\":\"ImageObject\",\"inLanguage\":\"es\",\"@id\":\"https:\/\/futbolhoy.co\/#\/schema\/person\/image\/\",\"url\":\"https:\/\/secure.gravatar.com\/avatar\/4f656d3256f5134f466206e7c3941518?s=96&d=mm&r=g\",\"contentUrl\":\"https:\/\/secure.gravatar.com\/avatar\/4f656d3256f5134f466206e7c3941518?s=96&d=mm&r=g\",\"caption\":\"contenido\"}}]}<\/script>\n<!-- \/ Yoast SEO plugin. -->","yoast_head_json":{"title":"Bava, entre la oferta de Cerro Porte\u00f1o y renovaci\u00f3n en Santa Fe -","robots":{"index":"index","follow":"follow","max-snippet":"max-snippet:-1","max-image-preview":"max-image-preview:large","max-video-preview":"max-video-preview:-1"},"canonical":"https:\/\/futbolhoy.co\/index.php\/2025\/09\/23\/bava-entre-la-oferta-de-cerro-porteno-y-renovacion-en-santa-fe\/","og_locale":"es_ES","og_type":"article","og_title":"Bava, entre la oferta de Cerro Porte\u00f1o y renovaci\u00f3n en Santa Fe -","og_description":"El presidente de Santa Fe, Eduardo M\u00e9ndez, convoc\u00f3 a una rueda de prensa en la que se refiri\u00f3 a las especulaciones sobre el futuro del t\u00e9cnico Jorge Bava, pues desde Paraguay han surgido versiones que indican que ya tiene todo cerrado para ser el t\u00e9cnico de Cerro Porte\u00f1o. M\u00e9ndez, indic\u00f3 que s\u00ed hay una oferta [&hellip;]","og_url":"https:\/\/futbolhoy.co\/index.php\/2025\/09\/23\/bava-entre-la-oferta-de-cerro-porteno-y-renovacion-en-santa-fe\/","article_publisher":"https:\/\/www.facebook.com\/FutbolHoyCol\/","article_published_time":"2025-09-23T16:05:49+00:00","article_modified_time":"2025-09-24T02:56:12+00:00","og_image":[{"width":1600,"height":1066,"url":"https:\/\/futbolhoy.co\/wp-content\/uploads\/2025\/09\/WhatsApp-Image-2025-09-23-at-9.21.52-AM.jpeg","type":"image\/jpeg"}],"author":"contenido","twitter_card":"summary_large_image","twitter_creator":"@FutbolHoyCol","twitter_site":"@FutbolHoyCol","twitter_misc":{"Escrito por":"contenido","Tiempo de lectura":"1 minuto"},"schema":{"@context":"https:\/\/schema.org","@graph":[{"@type":"Article","@id":"https:\/\/futbolhoy.co\/index.php\/2025\/09\/23\/bava-entre-la-oferta-de-cerro-porteno-y-renovacion-en-santa-fe\/#article","isPartOf":{"@id":"https:\/\/futbolhoy.co\/index.php\/2025\/09\/23\/bava-entre-la-oferta-de-cerro-porteno-y-renovacion-en-santa-fe\/"},"author":{"name":"contenido","@id":"https:\/\/futbolhoy.co\/#\/schema\/person\/1721b69355b6623eaff15ac7b92d4cc3"},"headline":"Bava, entre la oferta de Cerro Porte\u00f1o y renovaci\u00f3n en Santa Fe","datePublished":"2025-09-23T16:05:49+00:00","dateModified":"2025-09-24T02:56:12+00:00","mainEntityOfPage":{"@id":"https:\/\/futbolhoy.co\/index.php\/2025\/09\/23\/bava-entre-la-oferta-de-cerro-porteno-y-renovacion-en-santa-fe\/"},"wordCount":284,"commentCount":0,"publisher":{"@id":"https:\/\/futbolhoy.co\/#organization"},"image":{"@id":"https:\/\/futbolhoy.co\/index.php\/2025\/09\/23\/bava-entre-la-oferta-de-cerro-porteno-y-renovacion-en-santa-fe\/#primaryimage"},"thumbnailUrl":"https:\/\/futbolhoy.co\/wp-content\/uploads\/2025\/09\/WhatsApp-Image-2025-09-23-at-9.21.52-AM.jpeg","articleSection":["Liga BetPlay"],"inLanguage":"es","potentialAction":[{"@type":"CommentAction","name":"Comment","target":["https:\/\/futbolhoy.co\/index.php\/2025\/09\/23\/bava-entre-la-oferta-de-cerro-porteno-y-renovacion-en-santa-fe\/#respond"]}]},{"@type":"WebPage","@id":"https:\/\/futbolhoy.co\/index.php\/2025\/09\/23\/bava-entre-la-oferta-de-cerro-porteno-y-renovacion-en-santa-fe\/","url":"https:\/\/futbolhoy.co\/index.php\/2025\/09\/23\/bava-entre-la-oferta-de-cerro-porteno-y-renovacion-en-santa-fe\/","name":"Bava, entre la oferta de Cerro Porte\u00f1o y renovaci\u00f3n en Santa Fe -","isPartOf":{"@id":"https:\/\/futbolhoy.co\/#website"},"primaryImageOfPage":{"@id":"https:\/\/futbolhoy.co\/index.php\/2025\/09\/23\/bava-entre-la-oferta-de-cerro-porteno-y-renovacion-en-santa-fe\/#primaryimage"},"image":{"@id":"https:\/\/futbolhoy.co\/index.php\/2025\/09\/23\/bava-entre-la-oferta-de-cerro-porteno-y-renovacion-en-santa-fe\/#primaryimage"},"thumbnailUrl":"https:\/\/futbolhoy.co\/wp-content\/uploads\/2025\/09\/WhatsApp-Image-2025-09-23-at-9.21.52-AM.jpeg","datePublished":"2025-09-23T16:05:49+00:00","dateModified":"2025-09-24T02:56:12+00:00","breadcrumb":{"@id":"https:\/\/futbolhoy.co\/index.php\/2025\/09\/23\/bava-entre-la-oferta-de-cerro-porteno-y-renovacion-en-santa-fe\/#breadcrumb"},"inLanguage":"es","potentialAction":[{"@type":"ReadAction","target":["https:\/\/futbolhoy.co\/index.php\/2025\/09\/23\/bava-entre-la-oferta-de-cerro-porteno-y-renovacion-en-santa-fe\/"]}]},{"@type":"ImageObject","inLanguage":"es","@id":"https:\/\/futbolhoy.co\/index.php\/2025\/09\/23\/bava-entre-la-oferta-de-cerro-porteno-y-renovacion-en-santa-fe\/#primaryimage","url":"https:\/\/futbolhoy.co\/wp-content\/uploads\/2025\/09\/WhatsApp-Image-2025-09-23-at-9.21.52-AM.jpeg","contentUrl":"https:\/\/futbolhoy.co\/wp-content\/uploads\/2025\/09\/WhatsApp-Image-2025-09-23-at-9.21.52-AM.jpeg","width":1600,"height":1066},{"@type":"BreadcrumbList","@id":"https:\/\/futbolhoy.co\/index.php\/2025\/09\/23\/bava-entre-la-oferta-de-cerro-porteno-y-renovacion-en-santa-fe\/#breadcrumb","itemListElement":[{"@type":"ListItem","position":1,"name":"Portada","item":"https:\/\/futbolhoy.co\/"},{"@type":"ListItem","position":2,"name":"Bava, entre la oferta de Cerro Porte\u00f1o y renovaci\u00f3n en Santa Fe"}]},{"@type":"WebSite","@id":"https:\/\/futbolhoy.co\/#website","url":"https:\/\/futbolhoy.co\/","name":"FutbolHoy","description":"","publisher":{"@id":"https:\/\/futbolhoy.co\/#organization"},"potentialAction":[{"@type":"SearchAction","target":{"@type":"EntryPoint","urlTemplate":"https:\/\/futbolhoy.co\/?s={search_term_string}"},"query-input":{"@type":"PropertyValueSpecification","valueRequired":true,"valueName":"search_term_string"}}],"inLanguage":"es"},{"@type":"Organization","@id":"https:\/\/futbolhoy.co\/#organization","name":"Futbolhoy.co","url":"https:\/\/futbolhoy.co\/","logo":{"@type":"ImageObject","inLanguage":"es","@id":"https:\/\/futbolhoy.co\/#\/schema\/logo\/image\/","url":"https:\/\/futbolhoy.co\/wp-content\/uploads\/2018\/08\/17426380_1906371736249227_6326180412931521141_n.jpg","contentUrl":"https:\/\/futbolhoy.co\/wp-content\/uploads\/2018\/08\/17426380_1906371736249227_6326180412931521141_n.jpg","width":960,"height":960,"caption":"Futbolhoy.co"},"image":{"@id":"https:\/\/futbolhoy.co\/#\/schema\/logo\/image\/"},"sameAs":["https:\/\/www.facebook.com\/FutbolHoyCol\/","https:\/\/x.com\/FutbolHoyCol","https:\/\/www.instagram.com\/futbolhoycol\/"]},{"@type":"Person","@id":"https:\/\/futbolhoy.co\/#\/schema\/person\/1721b69355b6623eaff15ac7b92d4cc3","name":"contenido","image":{"@type":"ImageObject","inLanguage":"es","@id":"https:\/\/futbolhoy.co\/#\/schema\/person\/image\/","url":"https:\/\/secure.gravatar.com\/avatar\/4f656d3256f5134f466206e7c3941518?s=96&d=mm&r=g","contentUrl":"https:\/\/secure.gravatar.com\/avatar\/4f656d3256f5134f466206e7c3941518?s=96&d=mm&r=g","caption":"contenido"}}]}},"publishpress_future_action":{"enabled":false,"date":"2026-05-05 21:28:47","action":"change-status","newStatus":"draft","terms":[],"taxonomy":"category","extraData":[]},"publishpress_future_workflow_manual_trigger":{"enabledWorkflows":[]},"_links":{"self":[{"href":"https:\/\/futbolhoy.co\/index.php\/wp-json\/wp\/v2\/posts\/123632","targetHints":{"allow":["GET"]}}],"collection":[{"href":"https:\/\/futbolhoy.co\/index.php\/wp-json\/wp\/v2\/posts"}],"about":[{"href":"https:\/\/futbolhoy.co\/index.php\/wp-json\/wp\/v2\/types\/post"}],"author":[{"embeddable":true,"href":"https:\/\/futbolhoy.co\/index.php\/wp-json\/wp\/v2\/users\/4"}],"replies":[{"embeddable":true,"href":"https:\/\/futbolhoy.co\/index.php\/wp-json\/wp\/v2\/comments?post=123632"}],"version-history":[{"count":1,"href":"https:\/\/futbolhoy.co\/index.php\/wp-json\/wp\/v2\/posts\/123632\/revisions"}],"predecessor-version":[{"id":123635,"href":"https:\/\/futbolhoy.co\/index.php\/wp-json\/wp\/v2\/posts\/123632\/revisions\/123635"}],"wp:featuredmedia":[{"embeddable":true,"href":"https:\/\/futbolhoy.co\/index.php\/wp-json\/wp\/v2\/media\/123634"}],"wp:attachment":[{"href":"https:\/\/futbolhoy.co\/index.php\/wp-json\/wp\/v2\/media?parent=123632"}],"wp:term":[{"taxonomy":"category","embeddable":true,"href":"https:\/\/futbolhoy.co\/index.php\/wp-json\/wp\/v2\/categories?post=123632"},{"taxonomy":"post_tag","embeddable":true,"href":"https:\/\/futbolhoy.co\/index.php\/wp-json\/wp\/v2\/tags?post=123632"}],"curies":[{"name":"wp","href":"https:\/\/api.w.org\/{rel}","templated":true}]}}