{"id":123636,"date":"2025-09-23T13:20:12","date_gmt":"2025-09-23T18:20:12","guid":{"rendered":"https:\/\/futbolhoy.co\/?p=123636"},"modified":"2025-09-23T22:00:58","modified_gmt":"2025-09-24T03:00:58","slug":"colombia-cierra-con-triunfo-su-preparacion-para-el-mundial-sub-20","status":"publish","type":"post","link":"https:\/\/futbolhoy.co\/index.php\/2025\/09\/23\/colombia-cierra-con-triunfo-su-preparacion-para-el-mundial-sub-20\/","title":{"rendered":"Colombia cierra con triunfo su preparaci\u00f3n para el Mundial Sub-20"},"content":{"rendered":"<p style=\"text-align: justify;\"><span style=\"font-family: helvetica, arial, sans-serif;\">Termin\u00f3 la preparaci\u00f3n de la <strong>Selecci\u00f3n Colombia<\/strong> para el <strong>Mundial Sub-20,<\/strong> con una victoria por 3-2 sobre <strong>M\u00e9xico<\/strong> para el equipo de <strong>C\u00e9sar Torres<\/strong> en suelo paraguayo, antes de viajar a <strong>Chile<\/strong> para la<strong> Copa del Mundo.<\/strong><\/span><\/p>\n<p style=\"text-align: justify;\"><span style=\"font-family: helvetica, arial, sans-serif;\"><strong>Jhon Renter\u00eda<\/strong> fue la gran figura del encuentro, pues marc\u00f3 doblete al abrir el marcador a los 40 minutos y luego puso el 2-0 a los 52\u2019, aunque los Aztecas descontaron instantes m\u00e1s tarde.<\/span><\/p>\n<p style=\"text-align: justify;\"><span style=\"font-family: helvetica, arial, sans-serif;\">Finalmente fue 3-2, con le otro gol convertido por <strong>Royner Ben\u00edtez,<\/strong> quien ingres\u00f3 desde el banco de suplentes.<\/span><\/p>\n<p style=\"text-align: justify;\"><span style=\"font-family: helvetica, arial, sans-serif;\">En el equipo colombiano no hizo parte de la convocatoria <strong>Neiser Villarreal,<\/strong> quien sigue en recuperaci\u00f3n para el <strong>Mundial.<\/strong> Tampoco lo hizo el portero habitual <strong>Jordan Garc\u00eda<\/strong> y en su lugar ataj\u00f3 <strong>Alexei Rojas.<\/strong><\/span><\/p>\n<p style=\"text-align: justify;\"><span style=\"font-family: helvetica, arial, sans-serif;\">La Tricolor, ubicada en el<strong> Grupo F,<\/strong> debuta ante <strong>Arabia Saudita<\/strong> el pr\u00f3ximo lunes 29 de septiembre. Sus otros dos rivales son <strong>Nigeria<\/strong> y <strong>Noruega.<\/strong><\/span><\/p>\n","protected":false},"excerpt":{"rendered":"<p>Termin\u00f3 la preparaci\u00f3n de la Selecci\u00f3n Colombia para el Mundial Sub-20, con una victoria por 3-2 sobre M\u00e9xico para el equipo de C\u00e9sar Torres en suelo paraguayo, antes de viajar a Chile para la Copa del Mundo. Jhon Renter\u00eda fue la gran figura del encuentro, pues marc\u00f3 doblete al abrir el marcador a los 40 [&hellip;]<\/p>\n","protected":false},"author":4,"featured_media":123633,"comment_status":"open","ping_status":"open","sticky":false,"template":"","format":"standard","meta":{"_acf_changed":false,"footnotes":""},"categories":[153],"tags":[],"class_list":{"0":"post-123636","1":"post","2":"type-post","3":"status-publish","4":"format-standard","5":"has-post-thumbnail","7":"category-selecion-colombia"},"acf":[],"yoast_head":"<!-- This site is optimized with the Yoast SEO plugin v26.8 - https:\/\/yoast.com\/product\/yoast-seo-wordpress\/ -->\n<title>Colombia cierra con triunfo su preparaci\u00f3n para el Mundial Sub-20 -<\/title>\n<meta name=\"robots\" content=\"index, follow, max-snippet:-1, max-image-preview:large, max-video-preview:-1\" \/>\n<link rel=\"canonical\" href=\"https:\/\/futbolhoy.co\/index.php\/2025\/09\/23\/colombia-cierra-con-triunfo-su-preparacion-para-el-mundial-sub-20\/\" \/>\n<meta property=\"og:locale\" content=\"es_ES\" \/>\n<meta property=\"og:type\" content=\"article\" \/>\n<meta property=\"og:title\" content=\"Colombia cierra con triunfo su preparaci\u00f3n para el Mundial Sub-20 -\" \/>\n<meta property=\"og:description\" content=\"Termin\u00f3 la preparaci\u00f3n de la Selecci\u00f3n Colombia para el Mundial Sub-20, con una victoria por 3-2 sobre M\u00e9xico para el equipo de C\u00e9sar Torres en suelo paraguayo, antes de viajar a Chile para la Copa del Mundo. Jhon Renter\u00eda fue la gran figura del encuentro, pues marc\u00f3 doblete al abrir el marcador a los 40 [&hellip;]\" \/>\n<meta property=\"og:url\" content=\"https:\/\/futbolhoy.co\/index.php\/2025\/09\/23\/colombia-cierra-con-triunfo-su-preparacion-para-el-mundial-sub-20\/\" \/>\n<meta property=\"article:publisher\" content=\"https:\/\/www.facebook.com\/FutbolHoyCol\/\" \/>\n<meta property=\"article:published_time\" content=\"2025-09-23T18:20:12+00:00\" \/>\n<meta property=\"article:modified_time\" content=\"2025-09-24T03:00:58+00:00\" \/>\n<meta property=\"og:image\" content=\"https:\/\/futbolhoy.co\/wp-content\/uploads\/2025\/09\/67914ad5-bc77-4b90-ba09-4b84babf6336-1024x682-1.jpg\" \/>\n\t<meta property=\"og:image:width\" content=\"1024\" \/>\n\t<meta property=\"og:image:height\" content=\"682\" \/>\n\t<meta property=\"og:image:type\" content=\"image\/jpeg\" \/>\n<meta name=\"author\" content=\"contenido\" \/>\n<meta name=\"twitter:card\" content=\"summary_large_image\" \/>\n<meta name=\"twitter:creator\" content=\"@FutbolHoyCol\" \/>\n<meta name=\"twitter:site\" content=\"@FutbolHoyCol\" \/>\n<meta name=\"twitter:label1\" content=\"Escrito por\" \/>\n\t<meta name=\"twitter:data1\" content=\"contenido\" \/>\n\t<meta name=\"twitter:label2\" content=\"Tiempo de lectura\" \/>\n\t<meta name=\"twitter:data2\" content=\"1 minuto\" \/>\n<script type=\"application\/ld+json\" class=\"yoast-schema-graph\">{\"@context\":\"https:\/\/schema.org\",\"@graph\":[{\"@type\":\"Article\",\"@id\":\"https:\/\/futbolhoy.co\/index.php\/2025\/09\/23\/colombia-cierra-con-triunfo-su-preparacion-para-el-mundial-sub-20\/#article\",\"isPartOf\":{\"@id\":\"https:\/\/futbolhoy.co\/index.php\/2025\/09\/23\/colombia-cierra-con-triunfo-su-preparacion-para-el-mundial-sub-20\/\"},\"author\":{\"name\":\"contenido\",\"@id\":\"https:\/\/futbolhoy.co\/#\/schema\/person\/1721b69355b6623eaff15ac7b92d4cc3\"},\"headline\":\"Colombia cierra con triunfo su preparaci\u00f3n para el Mundial Sub-20\",\"datePublished\":\"2025-09-23T18:20:12+00:00\",\"dateModified\":\"2025-09-24T03:00:58+00:00\",\"mainEntityOfPage\":{\"@id\":\"https:\/\/futbolhoy.co\/index.php\/2025\/09\/23\/colombia-cierra-con-triunfo-su-preparacion-para-el-mundial-sub-20\/\"},\"wordCount\":166,\"commentCount\":0,\"publisher\":{\"@id\":\"https:\/\/futbolhoy.co\/#organization\"},\"image\":{\"@id\":\"https:\/\/futbolhoy.co\/index.php\/2025\/09\/23\/colombia-cierra-con-triunfo-su-preparacion-para-el-mundial-sub-20\/#primaryimage\"},\"thumbnailUrl\":\"https:\/\/futbolhoy.co\/wp-content\/uploads\/2025\/09\/67914ad5-bc77-4b90-ba09-4b84babf6336-1024x682-1.jpg\",\"articleSection\":[\"Selecci\u00f3n Colombia\"],\"inLanguage\":\"es\",\"potentialAction\":[{\"@type\":\"CommentAction\",\"name\":\"Comment\",\"target\":[\"https:\/\/futbolhoy.co\/index.php\/2025\/09\/23\/colombia-cierra-con-triunfo-su-preparacion-para-el-mundial-sub-20\/#respond\"]}]},{\"@type\":\"WebPage\",\"@id\":\"https:\/\/futbolhoy.co\/index.php\/2025\/09\/23\/colombia-cierra-con-triunfo-su-preparacion-para-el-mundial-sub-20\/\",\"url\":\"https:\/\/futbolhoy.co\/index.php\/2025\/09\/23\/colombia-cierra-con-triunfo-su-preparacion-para-el-mundial-sub-20\/\",\"name\":\"Colombia cierra con triunfo su preparaci\u00f3n para el Mundial Sub-20 -\",\"isPartOf\":{\"@id\":\"https:\/\/futbolhoy.co\/#website\"},\"primaryImageOfPage\":{\"@id\":\"https:\/\/futbolhoy.co\/index.php\/2025\/09\/23\/colombia-cierra-con-triunfo-su-preparacion-para-el-mundial-sub-20\/#primaryimage\"},\"image\":{\"@id\":\"https:\/\/futbolhoy.co\/index.php\/2025\/09\/23\/colombia-cierra-con-triunfo-su-preparacion-para-el-mundial-sub-20\/#primaryimage\"},\"thumbnailUrl\":\"https:\/\/futbolhoy.co\/wp-content\/uploads\/2025\/09\/67914ad5-bc77-4b90-ba09-4b84babf6336-1024x682-1.jpg\",\"datePublished\":\"2025-09-23T18:20:12+00:00\",\"dateModified\":\"2025-09-24T03:00:58+00:00\",\"breadcrumb\":{\"@id\":\"https:\/\/futbolhoy.co\/index.php\/2025\/09\/23\/colombia-cierra-con-triunfo-su-preparacion-para-el-mundial-sub-20\/#breadcrumb\"},\"inLanguage\":\"es\",\"potentialAction\":[{\"@type\":\"ReadAction\",\"target\":[\"https:\/\/futbolhoy.co\/index.php\/2025\/09\/23\/colombia-cierra-con-triunfo-su-preparacion-para-el-mundial-sub-20\/\"]}]},{\"@type\":\"ImageObject\",\"inLanguage\":\"es\",\"@id\":\"https:\/\/futbolhoy.co\/index.php\/2025\/09\/23\/colombia-cierra-con-triunfo-su-preparacion-para-el-mundial-sub-20\/#primaryimage\",\"url\":\"https:\/\/futbolhoy.co\/wp-content\/uploads\/2025\/09\/67914ad5-bc77-4b90-ba09-4b84babf6336-1024x682-1.jpg\",\"contentUrl\":\"https:\/\/futbolhoy.co\/wp-content\/uploads\/2025\/09\/67914ad5-bc77-4b90-ba09-4b84babf6336-1024x682-1.jpg\",\"width\":1024,\"height\":682},{\"@type\":\"BreadcrumbList\",\"@id\":\"https:\/\/futbolhoy.co\/index.php\/2025\/09\/23\/colombia-cierra-con-triunfo-su-preparacion-para-el-mundial-sub-20\/#breadcrumb\",\"itemListElement\":[{\"@type\":\"ListItem\",\"position\":1,\"name\":\"Portada\",\"item\":\"https:\/\/futbolhoy.co\/\"},{\"@type\":\"ListItem\",\"position\":2,\"name\":\"Colombia cierra con triunfo su preparaci\u00f3n para el Mundial Sub-20\"}]},{\"@type\":\"WebSite\",\"@id\":\"https:\/\/futbolhoy.co\/#website\",\"url\":\"https:\/\/futbolhoy.co\/\",\"name\":\"FutbolHoy\",\"description\":\"\",\"publisher\":{\"@id\":\"https:\/\/futbolhoy.co\/#organization\"},\"potentialAction\":[{\"@type\":\"SearchAction\",\"target\":{\"@type\":\"EntryPoint\",\"urlTemplate\":\"https:\/\/futbolhoy.co\/?s={search_term_string}\"},\"query-input\":{\"@type\":\"PropertyValueSpecification\",\"valueRequired\":true,\"valueName\":\"search_term_string\"}}],\"inLanguage\":\"es\"},{\"@type\":\"Organization\",\"@id\":\"https:\/\/futbolhoy.co\/#organization\",\"name\":\"Futbolhoy.co\",\"url\":\"https:\/\/futbolhoy.co\/\",\"logo\":{\"@type\":\"ImageObject\",\"inLanguage\":\"es\",\"@id\":\"https:\/\/futbolhoy.co\/#\/schema\/logo\/image\/\",\"url\":\"https:\/\/futbolhoy.co\/wp-content\/uploads\/2018\/08\/17426380_1906371736249227_6326180412931521141_n.jpg\",\"contentUrl\":\"https:\/\/futbolhoy.co\/wp-content\/uploads\/2018\/08\/17426380_1906371736249227_6326180412931521141_n.jpg\",\"width\":960,\"height\":960,\"caption\":\"Futbolhoy.co\"},\"image\":{\"@id\":\"https:\/\/futbolhoy.co\/#\/schema\/logo\/image\/\"},\"sameAs\":[\"https:\/\/www.facebook.com\/FutbolHoyCol\/\",\"https:\/\/x.com\/FutbolHoyCol\",\"https:\/\/www.instagram.com\/futbolhoycol\/\"]},{\"@type\":\"Person\",\"@id\":\"https:\/\/futbolhoy.co\/#\/schema\/person\/1721b69355b6623eaff15ac7b92d4cc3\",\"name\":\"contenido\",\"image\":{\"@type\":\"ImageObject\",\"inLanguage\":\"es\",\"@id\":\"https:\/\/futbolhoy.co\/#\/schema\/person\/image\/\",\"url\":\"https:\/\/secure.gravatar.com\/avatar\/4f656d3256f5134f466206e7c3941518?s=96&d=mm&r=g\",\"contentUrl\":\"https:\/\/secure.gravatar.com\/avatar\/4f656d3256f5134f466206e7c3941518?s=96&d=mm&r=g\",\"caption\":\"contenido\"}}]}<\/script>\n<!-- \/ Yoast SEO plugin. -->","yoast_head_json":{"title":"Colombia cierra con triunfo su preparaci\u00f3n para el Mundial Sub-20 -","robots":{"index":"index","follow":"follow","max-snippet":"max-snippet:-1","max-image-preview":"max-image-preview:large","max-video-preview":"max-video-preview:-1"},"canonical":"https:\/\/futbolhoy.co\/index.php\/2025\/09\/23\/colombia-cierra-con-triunfo-su-preparacion-para-el-mundial-sub-20\/","og_locale":"es_ES","og_type":"article","og_title":"Colombia cierra con triunfo su preparaci\u00f3n para el Mundial Sub-20 -","og_description":"Termin\u00f3 la preparaci\u00f3n de la Selecci\u00f3n Colombia para el Mundial Sub-20, con una victoria por 3-2 sobre M\u00e9xico para el equipo de C\u00e9sar Torres en suelo paraguayo, antes de viajar a Chile para la Copa del Mundo. Jhon Renter\u00eda fue la gran figura del encuentro, pues marc\u00f3 doblete al abrir el marcador a los 40 [&hellip;]","og_url":"https:\/\/futbolhoy.co\/index.php\/2025\/09\/23\/colombia-cierra-con-triunfo-su-preparacion-para-el-mundial-sub-20\/","article_publisher":"https:\/\/www.facebook.com\/FutbolHoyCol\/","article_published_time":"2025-09-23T18:20:12+00:00","article_modified_time":"2025-09-24T03:00:58+00:00","og_image":[{"width":1024,"height":682,"url":"https:\/\/futbolhoy.co\/wp-content\/uploads\/2025\/09\/67914ad5-bc77-4b90-ba09-4b84babf6336-1024x682-1.jpg","type":"image\/jpeg"}],"author":"contenido","twitter_card":"summary_large_image","twitter_creator":"@FutbolHoyCol","twitter_site":"@FutbolHoyCol","twitter_misc":{"Escrito por":"contenido","Tiempo de lectura":"1 minuto"},"schema":{"@context":"https:\/\/schema.org","@graph":[{"@type":"Article","@id":"https:\/\/futbolhoy.co\/index.php\/2025\/09\/23\/colombia-cierra-con-triunfo-su-preparacion-para-el-mundial-sub-20\/#article","isPartOf":{"@id":"https:\/\/futbolhoy.co\/index.php\/2025\/09\/23\/colombia-cierra-con-triunfo-su-preparacion-para-el-mundial-sub-20\/"},"author":{"name":"contenido","@id":"https:\/\/futbolhoy.co\/#\/schema\/person\/1721b69355b6623eaff15ac7b92d4cc3"},"headline":"Colombia cierra con triunfo su preparaci\u00f3n para el Mundial Sub-20","datePublished":"2025-09-23T18:20:12+00:00","dateModified":"2025-09-24T03:00:58+00:00","mainEntityOfPage":{"@id":"https:\/\/futbolhoy.co\/index.php\/2025\/09\/23\/colombia-cierra-con-triunfo-su-preparacion-para-el-mundial-sub-20\/"},"wordCount":166,"commentCount":0,"publisher":{"@id":"https:\/\/futbolhoy.co\/#organization"},"image":{"@id":"https:\/\/futbolhoy.co\/index.php\/2025\/09\/23\/colombia-cierra-con-triunfo-su-preparacion-para-el-mundial-sub-20\/#primaryimage"},"thumbnailUrl":"https:\/\/futbolhoy.co\/wp-content\/uploads\/2025\/09\/67914ad5-bc77-4b90-ba09-4b84babf6336-1024x682-1.jpg","articleSection":["Selecci\u00f3n Colombia"],"inLanguage":"es","potentialAction":[{"@type":"CommentAction","name":"Comment","target":["https:\/\/futbolhoy.co\/index.php\/2025\/09\/23\/colombia-cierra-con-triunfo-su-preparacion-para-el-mundial-sub-20\/#respond"]}]},{"@type":"WebPage","@id":"https:\/\/futbolhoy.co\/index.php\/2025\/09\/23\/colombia-cierra-con-triunfo-su-preparacion-para-el-mundial-sub-20\/","url":"https:\/\/futbolhoy.co\/index.php\/2025\/09\/23\/colombia-cierra-con-triunfo-su-preparacion-para-el-mundial-sub-20\/","name":"Colombia cierra con triunfo su preparaci\u00f3n para el Mundial Sub-20 -","isPartOf":{"@id":"https:\/\/futbolhoy.co\/#website"},"primaryImageOfPage":{"@id":"https:\/\/futbolhoy.co\/index.php\/2025\/09\/23\/colombia-cierra-con-triunfo-su-preparacion-para-el-mundial-sub-20\/#primaryimage"},"image":{"@id":"https:\/\/futbolhoy.co\/index.php\/2025\/09\/23\/colombia-cierra-con-triunfo-su-preparacion-para-el-mundial-sub-20\/#primaryimage"},"thumbnailUrl":"https:\/\/futbolhoy.co\/wp-content\/uploads\/2025\/09\/67914ad5-bc77-4b90-ba09-4b84babf6336-1024x682-1.jpg","datePublished":"2025-09-23T18:20:12+00:00","dateModified":"2025-09-24T03:00:58+00:00","breadcrumb":{"@id":"https:\/\/futbolhoy.co\/index.php\/2025\/09\/23\/colombia-cierra-con-triunfo-su-preparacion-para-el-mundial-sub-20\/#breadcrumb"},"inLanguage":"es","potentialAction":[{"@type":"ReadAction","target":["https:\/\/futbolhoy.co\/index.php\/2025\/09\/23\/colombia-cierra-con-triunfo-su-preparacion-para-el-mundial-sub-20\/"]}]},{"@type":"ImageObject","inLanguage":"es","@id":"https:\/\/futbolhoy.co\/index.php\/2025\/09\/23\/colombia-cierra-con-triunfo-su-preparacion-para-el-mundial-sub-20\/#primaryimage","url":"https:\/\/futbolhoy.co\/wp-content\/uploads\/2025\/09\/67914ad5-bc77-4b90-ba09-4b84babf6336-1024x682-1.jpg","contentUrl":"https:\/\/futbolhoy.co\/wp-content\/uploads\/2025\/09\/67914ad5-bc77-4b90-ba09-4b84babf6336-1024x682-1.jpg","width":1024,"height":682},{"@type":"BreadcrumbList","@id":"https:\/\/futbolhoy.co\/index.php\/2025\/09\/23\/colombia-cierra-con-triunfo-su-preparacion-para-el-mundial-sub-20\/#breadcrumb","itemListElement":[{"@type":"ListItem","position":1,"name":"Portada","item":"https:\/\/futbolhoy.co\/"},{"@type":"ListItem","position":2,"name":"Colombia cierra con triunfo su preparaci\u00f3n para el Mundial Sub-20"}]},{"@type":"WebSite","@id":"https:\/\/futbolhoy.co\/#website","url":"https:\/\/futbolhoy.co\/","name":"FutbolHoy","description":"","publisher":{"@id":"https:\/\/futbolhoy.co\/#organization"},"potentialAction":[{"@type":"SearchAction","target":{"@type":"EntryPoint","urlTemplate":"https:\/\/futbolhoy.co\/?s={search_term_string}"},"query-input":{"@type":"PropertyValueSpecification","valueRequired":true,"valueName":"search_term_string"}}],"inLanguage":"es"},{"@type":"Organization","@id":"https:\/\/futbolhoy.co\/#organization","name":"Futbolhoy.co","url":"https:\/\/futbolhoy.co\/","logo":{"@type":"ImageObject","inLanguage":"es","@id":"https:\/\/futbolhoy.co\/#\/schema\/logo\/image\/","url":"https:\/\/futbolhoy.co\/wp-content\/uploads\/2018\/08\/17426380_1906371736249227_6326180412931521141_n.jpg","contentUrl":"https:\/\/futbolhoy.co\/wp-content\/uploads\/2018\/08\/17426380_1906371736249227_6326180412931521141_n.jpg","width":960,"height":960,"caption":"Futbolhoy.co"},"image":{"@id":"https:\/\/futbolhoy.co\/#\/schema\/logo\/image\/"},"sameAs":["https:\/\/www.facebook.com\/FutbolHoyCol\/","https:\/\/x.com\/FutbolHoyCol","https:\/\/www.instagram.com\/futbolhoycol\/"]},{"@type":"Person","@id":"https:\/\/futbolhoy.co\/#\/schema\/person\/1721b69355b6623eaff15ac7b92d4cc3","name":"contenido","image":{"@type":"ImageObject","inLanguage":"es","@id":"https:\/\/futbolhoy.co\/#\/schema\/person\/image\/","url":"https:\/\/secure.gravatar.com\/avatar\/4f656d3256f5134f466206e7c3941518?s=96&d=mm&r=g","contentUrl":"https:\/\/secure.gravatar.com\/avatar\/4f656d3256f5134f466206e7c3941518?s=96&d=mm&r=g","caption":"contenido"}}]}},"publishpress_future_action":{"enabled":false,"date":"2026-05-06 01:12:25","action":"change-status","newStatus":"draft","terms":[],"taxonomy":"category","extraData":[]},"publishpress_future_workflow_manual_trigger":{"enabledWorkflows":[]},"_links":{"self":[{"href":"https:\/\/futbolhoy.co\/index.php\/wp-json\/wp\/v2\/posts\/123636","targetHints":{"allow":["GET"]}}],"collection":[{"href":"https:\/\/futbolhoy.co\/index.php\/wp-json\/wp\/v2\/posts"}],"about":[{"href":"https:\/\/futbolhoy.co\/index.php\/wp-json\/wp\/v2\/types\/post"}],"author":[{"embeddable":true,"href":"https:\/\/futbolhoy.co\/index.php\/wp-json\/wp\/v2\/users\/4"}],"replies":[{"embeddable":true,"href":"https:\/\/futbolhoy.co\/index.php\/wp-json\/wp\/v2\/comments?post=123636"}],"version-history":[{"count":1,"href":"https:\/\/futbolhoy.co\/index.php\/wp-json\/wp\/v2\/posts\/123636\/revisions"}],"predecessor-version":[{"id":123637,"href":"https:\/\/futbolhoy.co\/index.php\/wp-json\/wp\/v2\/posts\/123636\/revisions\/123637"}],"wp:featuredmedia":[{"embeddable":true,"href":"https:\/\/futbolhoy.co\/index.php\/wp-json\/wp\/v2\/media\/123633"}],"wp:attachment":[{"href":"https:\/\/futbolhoy.co\/index.php\/wp-json\/wp\/v2\/media?parent=123636"}],"wp:term":[{"taxonomy":"category","embeddable":true,"href":"https:\/\/futbolhoy.co\/index.php\/wp-json\/wp\/v2\/categories?post=123636"},{"taxonomy":"post_tag","embeddable":true,"href":"https:\/\/futbolhoy.co\/index.php\/wp-json\/wp\/v2\/tags?post=123636"}],"curies":[{"name":"wp","href":"https:\/\/api.w.org\/{rel}","templated":true}]}}