{"id":123640,"date":"2025-09-23T18:30:18","date_gmt":"2025-09-23T23:30:18","guid":{"rendered":"https:\/\/futbolhoy.co\/?p=123640"},"modified":"2025-09-24T11:00:52","modified_gmt":"2025-09-24T16:00:52","slug":"wolves-de-jhon-arias-y-yerson-mosquera-avanza-en-carabao-cup-fecha-del-sorteo-y-posibles-rivales","status":"publish","type":"post","link":"https:\/\/futbolhoy.co\/index.php\/2025\/09\/23\/wolves-de-jhon-arias-y-yerson-mosquera-avanza-en-carabao-cup-fecha-del-sorteo-y-posibles-rivales\/","title":{"rendered":"Wolves de Jhon Arias y Yerson Mosquera avanza en Carabao Cup: fecha del sorteo y posibles rivales"},"content":{"rendered":"<p style=\"text-align: justify;\"><span style=\"font-family: helvetica, arial, sans-serif;\"><strong>Jhon Arias<\/strong> fue titular en la victoria de<strong> Wolves 2-0<\/strong> ante Everton en la fase 3 de la <strong>Carabao Cup<\/strong>, y su equipo se instal\u00f3 en la siguiente ronda del campeonato.<\/span><\/p>\n<p style=\"text-align: justify;\"><span style=\"font-family: helvetica, arial, sans-serif;\">El mediocampista fue clave en el primer gol, pues al 29' remat\u00f3 al arco, y el portero dio el rebote que favoreci\u00f3 a <strong>Marshall Muntesim<\/strong>, que abri\u00f3 el marcador. <strong>Tolu Arokodare<\/strong> sell\u00f3 la clasificaci\u00f3n al 87' .<\/span><\/p>\n<p style=\"text-align: justify;\"><span style=\"font-family: helvetica, arial, sans-serif;\"><strong>Yerson Mosquera<\/strong> no estuvo dentro de los convocados, producto de algunas molestias f\u00edsicas que lo retiraron en el compromiso anterior ante<strong> Leeds United<\/strong>, en Premier League.<\/span><\/p>\n<blockquote class=\"twitter-tweet\">\n<p dir=\"ltr\" lang=\"en\">Job done at Molineux!<\/p>\n<p>\ud83d\udc3a\u23f1\ufe0f <a href=\"https:\/\/t.co\/DwJaugFa0O\">pic.twitter.com\/DwJaugFa0O<\/a><\/p>\n<p>\u2014 Wolves (@Wolves) <a href=\"https:\/\/twitter.com\/Wolves\/status\/1970588823466975579?ref_src=twsrc%5Etfw\">September 23, 2025<\/a><\/p><\/blockquote>\n<p style=\"text-align: justify;\"><script async src=\"https:\/\/platform.twitter.com\/widgets.js\" charset=\"utf-8\"><\/script><span style=\"font-family: helvetica, arial, sans-serif;\">Los \u00fanicos dos partidos que han ganado los dirigidos por el t\u00e9cnico <strong>V\u00edtor Pereira<\/strong> en la temporada, fueron en Carabao Cup (West Ham y Everton), y le sirvieron al club para meterse entre los <strong>16 mejores en la competencia.<\/strong><\/span><\/p>\n<p style=\"text-align: justify;\"><span style=\"font-family: helvetica, arial, sans-serif;\">Es importante mencionar que la<strong> Carabao Cup<\/strong> se disputa a partido \u00fanico, salvo las semifinales que se juega en series de ida y vuelta.\u00a0<\/span><\/p>\n<p style=\"text-align: justify;\"><span style=\"font-family: helvetica, arial, sans-serif;\">En caso de que los partidos finalicen con empate, el clasificado avanzar\u00e1 a trav\u00e9s del lanzamiento desde el punto de penalti.\u00a0<\/span><\/p>\n<h3 style=\"text-align: justify;\"><span style=\"font-family: helvetica, arial, sans-serif;\">\u00bfCu\u00e1ndo es el sorteo de la Ronda 4 de Carabao Cup?<\/span><\/h3>\n<p style=\"text-align: justify;\"><span style=\"font-family: helvetica, arial, sans-serif;\">Este sorteo est\u00e1 programado para el mi\u00e9rcoles<strong> 24 de septiembre, alrededor de las 2:00 pm<\/strong> (hora Colombia).<\/span><\/p>\n<p style=\"text-align: justify;\"><span style=\"font-family: helvetica, arial, sans-serif;\"><strong>Jefferson Lerma y Daniel Mu\u00f1oz<\/strong> tambi\u00e9n se instalaron en esta fase tras vencer a Millwall por penaltis con Crystal Palace.<\/span><\/p>\n<h3 style=\"text-align: justify;\"><span style=\"font-family: helvetica, arial, sans-serif;\">Equipos\u00a0 instalados en Ronda 4 de Carabao Cup:<\/span><\/h3>\n<ul style=\"text-align: justify;\">\n<li><span style=\"font-family: helvetica, arial, sans-serif;\">Liverpool\u00a0<\/span><\/li>\n<li><span style=\"font-family: helvetica, arial, sans-serif;\">Wrexham<\/span><\/li>\n<li><span style=\"font-family: helvetica, arial, sans-serif;\"><strong>Wolves<\/strong><\/span><\/li>\n<li><span style=\"font-family: helvetica, arial, sans-serif;\">Chelsea<\/span><\/li>\n<li><span style=\"font-family: helvetica, arial, sans-serif;\">Cardiff City<\/span><\/li>\n<li><span style=\"font-family: helvetica, arial, sans-serif;\">Brighton &amp; Hove Albion<\/span><\/li>\n<li><span style=\"font-family: helvetica, arial, sans-serif;\">Swansea City<\/span><\/li>\n<li><span style=\"font-family: helvetica, arial, sans-serif;\">Grimsby Town<\/span><\/li>\n<li><span style=\"font-family: helvetica, arial, sans-serif;\">Brentford\u00a0<\/span><\/li>\n<li><span style=\"font-family: helvetica, arial, sans-serif;\"><strong>Crystal Palace<\/strong><\/span><\/li>\n<\/ul>\n<p style=\"text-align: justify;\"><span style=\"font-family: helvetica, arial, sans-serif;\"><em>En negrilla, los equipos con presencia colombiana.<\/em><\/span><\/p>\n<h3 style=\"text-align: justify;\"><span style=\"font-family: helvetica, arial, sans-serif;\">Partidos restantes de Ronda 3:<\/span><\/h3>\n<p style=\"text-align: justify;\"><span style=\"font-family: helvetica, arial, sans-serif;\"><strong>Mi\u00e9rcoles 24 de septiembre:<\/strong><\/span><\/p>\n<ul>\n<li style=\"text-align: justify;\"><span style=\"font-family: helvetica, arial, sans-serif;\">1:45 pm - Tottenham vs. Doncaster Rovers<\/span><\/li>\n<li style=\"text-align: justify;\"><span style=\"font-family: helvetica, arial, sans-serif;\">1:45 pm - Newcastle vs. Bradford<\/span><\/li>\n<li style=\"text-align: justify;\"><span style=\"font-family: helvetica, arial, sans-serif;\">1:45 pm - Hudddersfield vs. Manchester City<\/span><\/li>\n<li style=\"text-align: justify;\"><span style=\"font-family: helvetica, arial, sans-serif;\">2:00 pm - Port Vale vs. Arsenal<\/span><\/li>\n<\/ul>\n","protected":false},"excerpt":{"rendered":"<p>Jhon Arias fue titular en la victoria de Wolves 2-0 ante Everton en la fase 3 de la Carabao Cup, y su equipo se instal\u00f3 en la siguiente ronda del campeonato. El mediocampista fue clave en el primer gol, pues al 29' remat\u00f3 al arco, y el portero dio el rebote que favoreci\u00f3 a Marshall [&hellip;]<\/p>\n","protected":false},"author":4,"featured_media":123641,"comment_status":"open","ping_status":"open","sticky":false,"template":"","format":"standard","meta":{"_acf_changed":false,"footnotes":""},"categories":[418],"tags":[],"class_list":{"0":"post-123640","1":"post","2":"type-post","3":"status-publish","4":"format-standard","5":"has-post-thumbnail","7":"category-colombia"},"acf":[],"yoast_head":"<!-- This site is optimized with the Yoast SEO plugin v26.8 - https:\/\/yoast.com\/product\/yoast-seo-wordpress\/ -->\n<title>Wolves de Jhon Arias y Yerson Mosquera avanza en Carabao Cup: fecha del sorteo y posibles rivales -<\/title>\n<meta name=\"robots\" content=\"index, follow, max-snippet:-1, max-image-preview:large, max-video-preview:-1\" \/>\n<link rel=\"canonical\" href=\"https:\/\/futbolhoy.co\/index.php\/2025\/09\/23\/wolves-de-jhon-arias-y-yerson-mosquera-avanza-en-carabao-cup-fecha-del-sorteo-y-posibles-rivales\/\" \/>\n<meta property=\"og:locale\" content=\"es_ES\" \/>\n<meta property=\"og:type\" content=\"article\" \/>\n<meta property=\"og:title\" content=\"Wolves de Jhon Arias y Yerson Mosquera avanza en Carabao Cup: fecha del sorteo y posibles rivales -\" \/>\n<meta property=\"og:description\" content=\"Jhon Arias fue titular en la victoria de Wolves 2-0 ante Everton en la fase 3 de la Carabao Cup, y su equipo se instal\u00f3 en la siguiente ronda del campeonato. El mediocampista fue clave en el primer gol, pues al 29&#039; remat\u00f3 al arco, y el portero dio el rebote que favoreci\u00f3 a Marshall [&hellip;]\" \/>\n<meta property=\"og:url\" content=\"https:\/\/futbolhoy.co\/index.php\/2025\/09\/23\/wolves-de-jhon-arias-y-yerson-mosquera-avanza-en-carabao-cup-fecha-del-sorteo-y-posibles-rivales\/\" \/>\n<meta property=\"article:publisher\" content=\"https:\/\/www.facebook.com\/FutbolHoyCol\/\" \/>\n<meta property=\"article:published_time\" content=\"2025-09-23T23:30:18+00:00\" \/>\n<meta property=\"article:modified_time\" content=\"2025-09-24T16:00:52+00:00\" \/>\n<meta property=\"og:image\" content=\"https:\/\/futbolhoy.co\/wp-content\/uploads\/2025\/09\/WhatsApp-Image-2025-09-23-at-6.24.57-PM.jpeg\" \/>\n\t<meta property=\"og:image:width\" content=\"804\" \/>\n\t<meta property=\"og:image:height\" content=\"529\" \/>\n\t<meta property=\"og:image:type\" content=\"image\/jpeg\" \/>\n<meta name=\"author\" content=\"contenido\" \/>\n<meta name=\"twitter:card\" content=\"summary_large_image\" \/>\n<meta name=\"twitter:creator\" content=\"@FutbolHoyCol\" \/>\n<meta name=\"twitter:site\" content=\"@FutbolHoyCol\" \/>\n<meta name=\"twitter:label1\" content=\"Escrito por\" \/>\n\t<meta name=\"twitter:data1\" content=\"contenido\" \/>\n\t<meta name=\"twitter:label2\" content=\"Tiempo de lectura\" \/>\n\t<meta name=\"twitter:data2\" content=\"2 minutos\" \/>\n<script type=\"application\/ld+json\" class=\"yoast-schema-graph\">{\"@context\":\"https:\/\/schema.org\",\"@graph\":[{\"@type\":\"Article\",\"@id\":\"https:\/\/futbolhoy.co\/index.php\/2025\/09\/23\/wolves-de-jhon-arias-y-yerson-mosquera-avanza-en-carabao-cup-fecha-del-sorteo-y-posibles-rivales\/#article\",\"isPartOf\":{\"@id\":\"https:\/\/futbolhoy.co\/index.php\/2025\/09\/23\/wolves-de-jhon-arias-y-yerson-mosquera-avanza-en-carabao-cup-fecha-del-sorteo-y-posibles-rivales\/\"},\"author\":{\"name\":\"contenido\",\"@id\":\"https:\/\/futbolhoy.co\/#\/schema\/person\/1721b69355b6623eaff15ac7b92d4cc3\"},\"headline\":\"Wolves de Jhon Arias y Yerson Mosquera avanza en Carabao Cup: fecha del sorteo y posibles rivales\",\"datePublished\":\"2025-09-23T23:30:18+00:00\",\"dateModified\":\"2025-09-24T16:00:52+00:00\",\"mainEntityOfPage\":{\"@id\":\"https:\/\/futbolhoy.co\/index.php\/2025\/09\/23\/wolves-de-jhon-arias-y-yerson-mosquera-avanza-en-carabao-cup-fecha-del-sorteo-y-posibles-rivales\/\"},\"wordCount\":320,\"commentCount\":0,\"publisher\":{\"@id\":\"https:\/\/futbolhoy.co\/#organization\"},\"image\":{\"@id\":\"https:\/\/futbolhoy.co\/index.php\/2025\/09\/23\/wolves-de-jhon-arias-y-yerson-mosquera-avanza-en-carabao-cup-fecha-del-sorteo-y-posibles-rivales\/#primaryimage\"},\"thumbnailUrl\":\"https:\/\/futbolhoy.co\/wp-content\/uploads\/2025\/09\/WhatsApp-Image-2025-09-23-at-6.24.57-PM.jpeg\",\"articleSection\":[\"Colombia\"],\"inLanguage\":\"es\",\"potentialAction\":[{\"@type\":\"CommentAction\",\"name\":\"Comment\",\"target\":[\"https:\/\/futbolhoy.co\/index.php\/2025\/09\/23\/wolves-de-jhon-arias-y-yerson-mosquera-avanza-en-carabao-cup-fecha-del-sorteo-y-posibles-rivales\/#respond\"]}]},{\"@type\":\"WebPage\",\"@id\":\"https:\/\/futbolhoy.co\/index.php\/2025\/09\/23\/wolves-de-jhon-arias-y-yerson-mosquera-avanza-en-carabao-cup-fecha-del-sorteo-y-posibles-rivales\/\",\"url\":\"https:\/\/futbolhoy.co\/index.php\/2025\/09\/23\/wolves-de-jhon-arias-y-yerson-mosquera-avanza-en-carabao-cup-fecha-del-sorteo-y-posibles-rivales\/\",\"name\":\"Wolves de Jhon Arias y Yerson Mosquera avanza en Carabao Cup: fecha del sorteo y posibles rivales -\",\"isPartOf\":{\"@id\":\"https:\/\/futbolhoy.co\/#website\"},\"primaryImageOfPage\":{\"@id\":\"https:\/\/futbolhoy.co\/index.php\/2025\/09\/23\/wolves-de-jhon-arias-y-yerson-mosquera-avanza-en-carabao-cup-fecha-del-sorteo-y-posibles-rivales\/#primaryimage\"},\"image\":{\"@id\":\"https:\/\/futbolhoy.co\/index.php\/2025\/09\/23\/wolves-de-jhon-arias-y-yerson-mosquera-avanza-en-carabao-cup-fecha-del-sorteo-y-posibles-rivales\/#primaryimage\"},\"thumbnailUrl\":\"https:\/\/futbolhoy.co\/wp-content\/uploads\/2025\/09\/WhatsApp-Image-2025-09-23-at-6.24.57-PM.jpeg\",\"datePublished\":\"2025-09-23T23:30:18+00:00\",\"dateModified\":\"2025-09-24T16:00:52+00:00\",\"breadcrumb\":{\"@id\":\"https:\/\/futbolhoy.co\/index.php\/2025\/09\/23\/wolves-de-jhon-arias-y-yerson-mosquera-avanza-en-carabao-cup-fecha-del-sorteo-y-posibles-rivales\/#breadcrumb\"},\"inLanguage\":\"es\",\"potentialAction\":[{\"@type\":\"ReadAction\",\"target\":[\"https:\/\/futbolhoy.co\/index.php\/2025\/09\/23\/wolves-de-jhon-arias-y-yerson-mosquera-avanza-en-carabao-cup-fecha-del-sorteo-y-posibles-rivales\/\"]}]},{\"@type\":\"ImageObject\",\"inLanguage\":\"es\",\"@id\":\"https:\/\/futbolhoy.co\/index.php\/2025\/09\/23\/wolves-de-jhon-arias-y-yerson-mosquera-avanza-en-carabao-cup-fecha-del-sorteo-y-posibles-rivales\/#primaryimage\",\"url\":\"https:\/\/futbolhoy.co\/wp-content\/uploads\/2025\/09\/WhatsApp-Image-2025-09-23-at-6.24.57-PM.jpeg\",\"contentUrl\":\"https:\/\/futbolhoy.co\/wp-content\/uploads\/2025\/09\/WhatsApp-Image-2025-09-23-at-6.24.57-PM.jpeg\",\"width\":804,\"height\":529},{\"@type\":\"BreadcrumbList\",\"@id\":\"https:\/\/futbolhoy.co\/index.php\/2025\/09\/23\/wolves-de-jhon-arias-y-yerson-mosquera-avanza-en-carabao-cup-fecha-del-sorteo-y-posibles-rivales\/#breadcrumb\",\"itemListElement\":[{\"@type\":\"ListItem\",\"position\":1,\"name\":\"Portada\",\"item\":\"https:\/\/futbolhoy.co\/\"},{\"@type\":\"ListItem\",\"position\":2,\"name\":\"Wolves de Jhon Arias y Yerson Mosquera avanza en Carabao Cup: fecha del sorteo y posibles rivales\"}]},{\"@type\":\"WebSite\",\"@id\":\"https:\/\/futbolhoy.co\/#website\",\"url\":\"https:\/\/futbolhoy.co\/\",\"name\":\"FutbolHoy\",\"description\":\"\",\"publisher\":{\"@id\":\"https:\/\/futbolhoy.co\/#organization\"},\"potentialAction\":[{\"@type\":\"SearchAction\",\"target\":{\"@type\":\"EntryPoint\",\"urlTemplate\":\"https:\/\/futbolhoy.co\/?s={search_term_string}\"},\"query-input\":{\"@type\":\"PropertyValueSpecification\",\"valueRequired\":true,\"valueName\":\"search_term_string\"}}],\"inLanguage\":\"es\"},{\"@type\":\"Organization\",\"@id\":\"https:\/\/futbolhoy.co\/#organization\",\"name\":\"Futbolhoy.co\",\"url\":\"https:\/\/futbolhoy.co\/\",\"logo\":{\"@type\":\"ImageObject\",\"inLanguage\":\"es\",\"@id\":\"https:\/\/futbolhoy.co\/#\/schema\/logo\/image\/\",\"url\":\"https:\/\/futbolhoy.co\/wp-content\/uploads\/2018\/08\/17426380_1906371736249227_6326180412931521141_n.jpg\",\"contentUrl\":\"https:\/\/futbolhoy.co\/wp-content\/uploads\/2018\/08\/17426380_1906371736249227_6326180412931521141_n.jpg\",\"width\":960,\"height\":960,\"caption\":\"Futbolhoy.co\"},\"image\":{\"@id\":\"https:\/\/futbolhoy.co\/#\/schema\/logo\/image\/\"},\"sameAs\":[\"https:\/\/www.facebook.com\/FutbolHoyCol\/\",\"https:\/\/x.com\/FutbolHoyCol\",\"https:\/\/www.instagram.com\/futbolhoycol\/\"]},{\"@type\":\"Person\",\"@id\":\"https:\/\/futbolhoy.co\/#\/schema\/person\/1721b69355b6623eaff15ac7b92d4cc3\",\"name\":\"contenido\",\"image\":{\"@type\":\"ImageObject\",\"inLanguage\":\"es\",\"@id\":\"https:\/\/futbolhoy.co\/#\/schema\/person\/image\/\",\"url\":\"https:\/\/secure.gravatar.com\/avatar\/4f656d3256f5134f466206e7c3941518?s=96&d=mm&r=g\",\"contentUrl\":\"https:\/\/secure.gravatar.com\/avatar\/4f656d3256f5134f466206e7c3941518?s=96&d=mm&r=g\",\"caption\":\"contenido\"}}]}<\/script>\n<!-- \/ Yoast SEO plugin. -->","yoast_head_json":{"title":"Wolves de Jhon Arias y Yerson Mosquera avanza en Carabao Cup: fecha del sorteo y posibles rivales -","robots":{"index":"index","follow":"follow","max-snippet":"max-snippet:-1","max-image-preview":"max-image-preview:large","max-video-preview":"max-video-preview:-1"},"canonical":"https:\/\/futbolhoy.co\/index.php\/2025\/09\/23\/wolves-de-jhon-arias-y-yerson-mosquera-avanza-en-carabao-cup-fecha-del-sorteo-y-posibles-rivales\/","og_locale":"es_ES","og_type":"article","og_title":"Wolves de Jhon Arias y Yerson Mosquera avanza en Carabao Cup: fecha del sorteo y posibles rivales -","og_description":"Jhon Arias fue titular en la victoria de Wolves 2-0 ante Everton en la fase 3 de la Carabao Cup, y su equipo se instal\u00f3 en la siguiente ronda del campeonato. El mediocampista fue clave en el primer gol, pues al 29' remat\u00f3 al arco, y el portero dio el rebote que favoreci\u00f3 a Marshall [&hellip;]","og_url":"https:\/\/futbolhoy.co\/index.php\/2025\/09\/23\/wolves-de-jhon-arias-y-yerson-mosquera-avanza-en-carabao-cup-fecha-del-sorteo-y-posibles-rivales\/","article_publisher":"https:\/\/www.facebook.com\/FutbolHoyCol\/","article_published_time":"2025-09-23T23:30:18+00:00","article_modified_time":"2025-09-24T16:00:52+00:00","og_image":[{"width":804,"height":529,"url":"https:\/\/futbolhoy.co\/wp-content\/uploads\/2025\/09\/WhatsApp-Image-2025-09-23-at-6.24.57-PM.jpeg","type":"image\/jpeg"}],"author":"contenido","twitter_card":"summary_large_image","twitter_creator":"@FutbolHoyCol","twitter_site":"@FutbolHoyCol","twitter_misc":{"Escrito por":"contenido","Tiempo de lectura":"2 minutos"},"schema":{"@context":"https:\/\/schema.org","@graph":[{"@type":"Article","@id":"https:\/\/futbolhoy.co\/index.php\/2025\/09\/23\/wolves-de-jhon-arias-y-yerson-mosquera-avanza-en-carabao-cup-fecha-del-sorteo-y-posibles-rivales\/#article","isPartOf":{"@id":"https:\/\/futbolhoy.co\/index.php\/2025\/09\/23\/wolves-de-jhon-arias-y-yerson-mosquera-avanza-en-carabao-cup-fecha-del-sorteo-y-posibles-rivales\/"},"author":{"name":"contenido","@id":"https:\/\/futbolhoy.co\/#\/schema\/person\/1721b69355b6623eaff15ac7b92d4cc3"},"headline":"Wolves de Jhon Arias y Yerson Mosquera avanza en Carabao Cup: fecha del sorteo y posibles rivales","datePublished":"2025-09-23T23:30:18+00:00","dateModified":"2025-09-24T16:00:52+00:00","mainEntityOfPage":{"@id":"https:\/\/futbolhoy.co\/index.php\/2025\/09\/23\/wolves-de-jhon-arias-y-yerson-mosquera-avanza-en-carabao-cup-fecha-del-sorteo-y-posibles-rivales\/"},"wordCount":320,"commentCount":0,"publisher":{"@id":"https:\/\/futbolhoy.co\/#organization"},"image":{"@id":"https:\/\/futbolhoy.co\/index.php\/2025\/09\/23\/wolves-de-jhon-arias-y-yerson-mosquera-avanza-en-carabao-cup-fecha-del-sorteo-y-posibles-rivales\/#primaryimage"},"thumbnailUrl":"https:\/\/futbolhoy.co\/wp-content\/uploads\/2025\/09\/WhatsApp-Image-2025-09-23-at-6.24.57-PM.jpeg","articleSection":["Colombia"],"inLanguage":"es","potentialAction":[{"@type":"CommentAction","name":"Comment","target":["https:\/\/futbolhoy.co\/index.php\/2025\/09\/23\/wolves-de-jhon-arias-y-yerson-mosquera-avanza-en-carabao-cup-fecha-del-sorteo-y-posibles-rivales\/#respond"]}]},{"@type":"WebPage","@id":"https:\/\/futbolhoy.co\/index.php\/2025\/09\/23\/wolves-de-jhon-arias-y-yerson-mosquera-avanza-en-carabao-cup-fecha-del-sorteo-y-posibles-rivales\/","url":"https:\/\/futbolhoy.co\/index.php\/2025\/09\/23\/wolves-de-jhon-arias-y-yerson-mosquera-avanza-en-carabao-cup-fecha-del-sorteo-y-posibles-rivales\/","name":"Wolves de Jhon Arias y Yerson Mosquera avanza en Carabao Cup: fecha del sorteo y posibles rivales -","isPartOf":{"@id":"https:\/\/futbolhoy.co\/#website"},"primaryImageOfPage":{"@id":"https:\/\/futbolhoy.co\/index.php\/2025\/09\/23\/wolves-de-jhon-arias-y-yerson-mosquera-avanza-en-carabao-cup-fecha-del-sorteo-y-posibles-rivales\/#primaryimage"},"image":{"@id":"https:\/\/futbolhoy.co\/index.php\/2025\/09\/23\/wolves-de-jhon-arias-y-yerson-mosquera-avanza-en-carabao-cup-fecha-del-sorteo-y-posibles-rivales\/#primaryimage"},"thumbnailUrl":"https:\/\/futbolhoy.co\/wp-content\/uploads\/2025\/09\/WhatsApp-Image-2025-09-23-at-6.24.57-PM.jpeg","datePublished":"2025-09-23T23:30:18+00:00","dateModified":"2025-09-24T16:00:52+00:00","breadcrumb":{"@id":"https:\/\/futbolhoy.co\/index.php\/2025\/09\/23\/wolves-de-jhon-arias-y-yerson-mosquera-avanza-en-carabao-cup-fecha-del-sorteo-y-posibles-rivales\/#breadcrumb"},"inLanguage":"es","potentialAction":[{"@type":"ReadAction","target":["https:\/\/futbolhoy.co\/index.php\/2025\/09\/23\/wolves-de-jhon-arias-y-yerson-mosquera-avanza-en-carabao-cup-fecha-del-sorteo-y-posibles-rivales\/"]}]},{"@type":"ImageObject","inLanguage":"es","@id":"https:\/\/futbolhoy.co\/index.php\/2025\/09\/23\/wolves-de-jhon-arias-y-yerson-mosquera-avanza-en-carabao-cup-fecha-del-sorteo-y-posibles-rivales\/#primaryimage","url":"https:\/\/futbolhoy.co\/wp-content\/uploads\/2025\/09\/WhatsApp-Image-2025-09-23-at-6.24.57-PM.jpeg","contentUrl":"https:\/\/futbolhoy.co\/wp-content\/uploads\/2025\/09\/WhatsApp-Image-2025-09-23-at-6.24.57-PM.jpeg","width":804,"height":529},{"@type":"BreadcrumbList","@id":"https:\/\/futbolhoy.co\/index.php\/2025\/09\/23\/wolves-de-jhon-arias-y-yerson-mosquera-avanza-en-carabao-cup-fecha-del-sorteo-y-posibles-rivales\/#breadcrumb","itemListElement":[{"@type":"ListItem","position":1,"name":"Portada","item":"https:\/\/futbolhoy.co\/"},{"@type":"ListItem","position":2,"name":"Wolves de Jhon Arias y Yerson Mosquera avanza en Carabao Cup: fecha del sorteo y posibles rivales"}]},{"@type":"WebSite","@id":"https:\/\/futbolhoy.co\/#website","url":"https:\/\/futbolhoy.co\/","name":"FutbolHoy","description":"","publisher":{"@id":"https:\/\/futbolhoy.co\/#organization"},"potentialAction":[{"@type":"SearchAction","target":{"@type":"EntryPoint","urlTemplate":"https:\/\/futbolhoy.co\/?s={search_term_string}"},"query-input":{"@type":"PropertyValueSpecification","valueRequired":true,"valueName":"search_term_string"}}],"inLanguage":"es"},{"@type":"Organization","@id":"https:\/\/futbolhoy.co\/#organization","name":"Futbolhoy.co","url":"https:\/\/futbolhoy.co\/","logo":{"@type":"ImageObject","inLanguage":"es","@id":"https:\/\/futbolhoy.co\/#\/schema\/logo\/image\/","url":"https:\/\/futbolhoy.co\/wp-content\/uploads\/2018\/08\/17426380_1906371736249227_6326180412931521141_n.jpg","contentUrl":"https:\/\/futbolhoy.co\/wp-content\/uploads\/2018\/08\/17426380_1906371736249227_6326180412931521141_n.jpg","width":960,"height":960,"caption":"Futbolhoy.co"},"image":{"@id":"https:\/\/futbolhoy.co\/#\/schema\/logo\/image\/"},"sameAs":["https:\/\/www.facebook.com\/FutbolHoyCol\/","https:\/\/x.com\/FutbolHoyCol","https:\/\/www.instagram.com\/futbolhoycol\/"]},{"@type":"Person","@id":"https:\/\/futbolhoy.co\/#\/schema\/person\/1721b69355b6623eaff15ac7b92d4cc3","name":"contenido","image":{"@type":"ImageObject","inLanguage":"es","@id":"https:\/\/futbolhoy.co\/#\/schema\/person\/image\/","url":"https:\/\/secure.gravatar.com\/avatar\/4f656d3256f5134f466206e7c3941518?s=96&d=mm&r=g","contentUrl":"https:\/\/secure.gravatar.com\/avatar\/4f656d3256f5134f466206e7c3941518?s=96&d=mm&r=g","caption":"contenido"}}]}},"publishpress_future_action":{"enabled":false,"date":"2026-05-06 00:30:40","action":"change-status","newStatus":"draft","terms":[],"taxonomy":"category","extraData":[]},"publishpress_future_workflow_manual_trigger":{"enabledWorkflows":[]},"_links":{"self":[{"href":"https:\/\/futbolhoy.co\/index.php\/wp-json\/wp\/v2\/posts\/123640","targetHints":{"allow":["GET"]}}],"collection":[{"href":"https:\/\/futbolhoy.co\/index.php\/wp-json\/wp\/v2\/posts"}],"about":[{"href":"https:\/\/futbolhoy.co\/index.php\/wp-json\/wp\/v2\/types\/post"}],"author":[{"embeddable":true,"href":"https:\/\/futbolhoy.co\/index.php\/wp-json\/wp\/v2\/users\/4"}],"replies":[{"embeddable":true,"href":"https:\/\/futbolhoy.co\/index.php\/wp-json\/wp\/v2\/comments?post=123640"}],"version-history":[{"count":4,"href":"https:\/\/futbolhoy.co\/index.php\/wp-json\/wp\/v2\/posts\/123640\/revisions"}],"predecessor-version":[{"id":123645,"href":"https:\/\/futbolhoy.co\/index.php\/wp-json\/wp\/v2\/posts\/123640\/revisions\/123645"}],"wp:featuredmedia":[{"embeddable":true,"href":"https:\/\/futbolhoy.co\/index.php\/wp-json\/wp\/v2\/media\/123641"}],"wp:attachment":[{"href":"https:\/\/futbolhoy.co\/index.php\/wp-json\/wp\/v2\/media?parent=123640"}],"wp:term":[{"taxonomy":"category","embeddable":true,"href":"https:\/\/futbolhoy.co\/index.php\/wp-json\/wp\/v2\/categories?post=123640"},{"taxonomy":"post_tag","embeddable":true,"href":"https:\/\/futbolhoy.co\/index.php\/wp-json\/wp\/v2\/tags?post=123640"}],"curies":[{"name":"wp","href":"https:\/\/api.w.org\/{rel}","templated":true}]}}