{"id":123728,"date":"2025-09-25T10:43:41","date_gmt":"2025-09-25T15:43:41","guid":{"rendered":"https:\/\/futbolhoy.co\/?p=123728"},"modified":"2025-09-25T20:50:23","modified_gmt":"2025-09-26T01:50:23","slug":"dayro-moreno-disculpas-a-colombia","status":"publish","type":"post","link":"https:\/\/futbolhoy.co\/index.php\/2025\/09\/25\/dayro-moreno-disculpas-a-colombia\/","title":{"rendered":"Dayro Moreno: \u201cDisculpas a Colombia\u201d"},"content":{"rendered":"<p style=\"text-align: justify;\"><span style=\"font-family: helvetica, arial, sans-serif;\"><strong>Once Caldas<\/strong> cay\u00f3 eliminado de la <strong>Copa Sudamericana,<\/strong> luego de que <strong>Independiente del Valle<\/strong> igualara la serie 2-2 y tras perder en penales 4-5.<\/span><\/p>\n<p style=\"text-align: justify;\"><span style=\"font-family: helvetica, arial, sans-serif;\"><strong>Dayro Moreno,<\/strong> referente del plantel y m\u00e1ximo goleador de la edici\u00f3n del campeonato con 10, trat\u00f3 de analizar lo sucedido, luego de tener una ventaja de dos goles.<\/span><\/p>\n<p style=\"text-align: justify;\"><span style=\"font-family: helvetica, arial, sans-serif;\">\u201cLo ten\u00edamos todo, no s\u00e9 que pas\u00f3. No s\u00e9 la verdad. Sab\u00edamos que el rival era muy dif\u00edcil, ahora pasar la p\u00e1gina\u201d.<\/span><\/p>\n<p style=\"text-align: justify;\"><span style=\"font-family: helvetica, arial, sans-serif;\">Posteriormente, le pidi\u00f3 disculpas a todo el pa\u00eds, que estaba unido apoyando al equipo.<\/span><\/p>\n<p style=\"text-align: justify;\"><span style=\"font-family: helvetica, arial, sans-serif;\">\u201cPedirle disculpas a la gente, a todos, a <strong>Colombia.<\/strong> Ten\u00edamos todo, nosotros, los directivos, los hinchas, todo Colombia estaba con nosotros. Perdirles disculpas, tener cabeza fr\u00eda y a seguir adelante\u201d, concluy\u00f3.<\/span><\/p>\n","protected":false},"excerpt":{"rendered":"<p>Once Caldas cay\u00f3 eliminado de la Copa Sudamericana, luego de que Independiente del Valle igualara la serie 2-2 y tras perder en penales 4-5. Dayro Moreno, referente del plantel y m\u00e1ximo goleador de la edici\u00f3n del campeonato con 10, trat\u00f3 de analizar lo sucedido, luego de tener una ventaja de dos goles. \u201cLo ten\u00edamos todo, [&hellip;]<\/p>\n","protected":false},"author":4,"featured_media":123481,"comment_status":"open","ping_status":"closed","sticky":false,"template":"","format":"standard","meta":{"_acf_changed":false,"footnotes":""},"categories":[1046],"tags":[],"class_list":{"0":"post-123728","1":"post","2":"type-post","3":"status-publish","4":"format-standard","5":"has-post-thumbnail","7":"category-sudamericana"},"acf":[],"_links":{"self":[{"href":"https:\/\/futbolhoy.co\/index.php\/wp-json\/wp\/v2\/posts\/123728","targetHints":{"allow":["GET"]}}],"collection":[{"href":"https:\/\/futbolhoy.co\/index.php\/wp-json\/wp\/v2\/posts"}],"about":[{"href":"https:\/\/futbolhoy.co\/index.php\/wp-json\/wp\/v2\/types\/post"}],"author":[{"embeddable":true,"href":"https:\/\/futbolhoy.co\/index.php\/wp-json\/wp\/v2\/users\/4"}],"replies":[{"embeddable":true,"href":"https:\/\/futbolhoy.co\/index.php\/wp-json\/wp\/v2\/comments?post=123728"}],"version-history":[{"count":1,"href":"https:\/\/futbolhoy.co\/index.php\/wp-json\/wp\/v2\/posts\/123728\/revisions"}],"predecessor-version":[{"id":123729,"href":"https:\/\/futbolhoy.co\/index.php\/wp-json\/wp\/v2\/posts\/123728\/revisions\/123729"}],"wp:featuredmedia":[{"embeddable":true,"href":"https:\/\/futbolhoy.co\/index.php\/wp-json\/wp\/v2\/media\/123481"}],"wp:attachment":[{"href":"https:\/\/futbolhoy.co\/index.php\/wp-json\/wp\/v2\/media?parent=123728"}],"wp:term":[{"taxonomy":"category","embeddable":true,"href":"https:\/\/futbolhoy.co\/index.php\/wp-json\/wp\/v2\/categories?post=123728"},{"taxonomy":"post_tag","embeddable":true,"href":"https:\/\/futbolhoy.co\/index.php\/wp-json\/wp\/v2\/tags?post=123728"}],"curies":[{"name":"wp","href":"https:\/\/api.w.org\/{rel}","templated":true}]}}