{"id":123772,"date":"2025-09-26T07:38:04","date_gmt":"2025-09-26T12:38:04","guid":{"rendered":"https:\/\/futbolhoy.co\/?p=123772"},"modified":"2025-09-26T18:51:30","modified_gmt":"2025-09-26T23:51:30","slug":"jose-mourinho-y-su-deseo-con-richard-rios-estar-muy-cerca-de-el-protegerlo-al-maximo","status":"publish","type":"post","link":"https:\/\/futbolhoy.co\/index.php\/2025\/09\/26\/jose-mourinho-y-su-deseo-con-richard-rios-estar-muy-cerca-de-el-protegerlo-al-maximo\/","title":{"rendered":"Jos\u00e9 Mourinho y su deseo con Richard R\u00edos: \u00abEstar muy cerca de \u00e9l, protegerlo al m\u00e1ximo\u00bb"},"content":{"rendered":"<p style=\"text-align: justify;\"><span style=\"font-family: helvetica, arial, sans-serif;\"><strong>Benfica<\/strong> recibe a Gil Vicente en la fecha 7 de la Liga de Portugal, donde marcha tercero con 14 puntos, a cuatro de Porto, que es l\u00edder, y una unidad de Sporting de Lisboa, de <strong>Luis Su\u00e1rez<\/strong>.<\/span><\/p>\n<p style=\"text-align: justify;\"><span style=\"font-family: helvetica, arial, sans-serif;\">En rueda de prensa previo al compromiso, el t\u00e9cnico <strong>Jos\u00e9 Mourinho<\/strong> fue cuestionado sobre el rol del antioque\u00f1o en su equipo, y no dud\u00f3 en resaltar sus cualidades como futbolista, y explic\u00f3:<\/span><\/p>\n<p style=\"text-align: justify;\"><span style=\"font-family: helvetica, arial, sans-serif;\">\u00abVeo razones para ayudarlo mucho. Veo razones para intentar sacar lo mejor de \u00e9l. Veo razones para intentar no pedirle cosas que le cuestan. En otras palabras, veo razones para analizarlo a fondo,<strong> estar muy cerca de \u00e9l, protegerlo al m\u00e1ximo<\/strong> y, al mismo tiempo, intentar que muestre sus fortalezas y oculte sus debilidades\u00bb, afirm\u00f3 el entrenador portugu\u00e9s.<\/span><\/p>\n<blockquote class=\"instagram-media\" style=\"background: #FFF; border: 0; border-radius: 3px; box-shadow: 0 0 1px 0 rgba(0,0,0,0.5),0 1px 10px 0 rgba(0,0,0,0.15); margin: 1px; max-width: 540px; min-width: 326px; padding: 0; width: calc(100% - 2px);\" data-instgrm-captioned=\"\" data-instgrm-permalink=\"https:\/\/www.instagram.com\/p\/DPBkpmGjQ0A\/?utm_source=ig_embed&amp;utm_campaign=loading\" data-instgrm-version=\"14\">\n<div style=\"padding: 16px;\">\n<p>&nbsp;<\/p>\n<div style=\"display: flex; flex-direction: row; align-items: center;\">\n<div style=\"background-color: #f4f4f4; border-radius: 50%; flex-grow: 0; height: 40px; margin-right: 14px; width: 40px;\"><\/div>\n<div style=\"display: flex; flex-direction: column; flex-grow: 1; justify-content: center;\">\n<div style=\"background-color: #f4f4f4; border-radius: 4px; flex-grow: 0; height: 14px; margin-bottom: 6px; width: 100px;\"><\/div>\n<div style=\"background-color: #f4f4f4; border-radius: 4px; flex-grow: 0; height: 14px; width: 60px;\"><\/div>\n<\/div>\n<\/div>\n<div style=\"padding: 19% 0;\"><\/div>\n<div style=\"display: block; height: 50px; margin: 0 auto 12px; width: 50px;\"><\/div>\n<div style=\"padding-top: 8px;\">\n<div style=\"color: #3897f0; font-family: Arial,sans-serif; font-size: 14px; font-style: normal; font-weight: 550; line-height: 18px;\">Ver esta publicaci\u00f3n en Instagram<\/div>\n<\/div>\n<div style=\"padding: 12.5% 0;\"><\/div>\n<div style=\"display: flex; flex-direction: row; margin-bottom: 14px; align-items: center;\">\n<div>\n<div style=\"background-color: #f4f4f4; border-radius: 50%; height: 12.5px; width: 12.5px; transform: translateX(0px) translateY(7px);\"><\/div>\n<div style=\"background-color: #f4f4f4; height: 12.5px; transform: rotate(-45deg) translateX(3px) translateY(1px); width: 12.5px; flex-grow: 0; margin-right: 14px; margin-left: 2px;\"><\/div>\n<div style=\"background-color: #f4f4f4; border-radius: 50%; height: 12.5px; width: 12.5px; transform: translateX(9px) translateY(-18px);\"><\/div>\n<\/div>\n<div style=\"margin-left: 8px;\">\n<div style=\"background-color: #f4f4f4; border-radius: 50%; flex-grow: 0; height: 20px; width: 20px;\"><\/div>\n<div style=\"width: 0; height: 0; border-top: 2px solid transparent; border-left: 6px solid #f4f4f4; border-bottom: 2px solid transparent; transform: translateX(16px) translateY(-4px) rotate(30deg);\"><\/div>\n<\/div>\n<div style=\"margin-left: auto;\">\n<div style=\"width: 0px; border-top: 8px solid #F4F4F4; border-right: 8px solid transparent; transform: translateY(16px);\"><\/div>\n<div style=\"background-color: #f4f4f4; flex-grow: 0; height: 12px; width: 16px; transform: translateY(-4px);\"><\/div>\n<div style=\"width: 0; height: 0; border-top: 8px solid #F4F4F4; border-left: 8px solid transparent; transform: translateY(-4px) translateX(8px);\"><\/div>\n<\/div>\n<\/div>\n<div style=\"display: flex; flex-direction: column; flex-grow: 1; justify-content: center; margin-bottom: 24px;\">\n<div style=\"background-color: #f4f4f4; border-radius: 4px; flex-grow: 0; height: 14px; margin-bottom: 6px; width: 224px;\"><\/div>\n<div style=\"background-color: #f4f4f4; border-radius: 4px; flex-grow: 0; height: 14px; width: 144px;\"><\/div>\n<\/div>\n<p>&nbsp;<\/p>\n<p style=\"color: #c9c8cd; font-family: Arial,sans-serif; font-size: 14px; line-height: 17px; margin-bottom: 0; margin-top: 8px; overflow: hidden; padding: 8px 0 7px; text-align: center; text-overflow: ellipsis; white-space: nowrap;\"><a style=\"color: #c9c8cd; font-family: Arial,sans-serif; font-size: 14px; font-style: normal; font-weight: normal; line-height: 17px; text-decoration: none;\" href=\"https:\/\/www.instagram.com\/p\/DPBkpmGjQ0A\/?utm_source=ig_embed&amp;utm_campaign=loading\" target=\"_blank\" rel=\"noopener\">Una publicaci\u00f3n compartida por Sport Lisboa e Benfica (@slbenfica)<\/a><\/p>\n<\/div>\n<\/blockquote>\n<p style=\"text-align: justify;\"><script async src=\"\/\/www.instagram.com\/embed.js\"><\/script><span style=\"font-family: helvetica, arial, sans-serif;\">\u00abCuando le pides a un jugador que haga cosas por las que no es conocido, creas una situaci\u00f3n de inestabilidad en la que el jugador se hunde gradualmente, incluso emocionalmente\u201d, agreg\u00f3 el t\u00e9cnico con pasado en <strong>Porto, Chelsea, Real Madrid, Manchester United<\/strong>, entre otros.<\/span><\/p>\n<p style=\"text-align: justify;\"><span style=\"font-family: helvetica, arial, sans-serif;\">Mourinho explic\u00f3 su trabajo con R\u00edos, el mediocampista que lleg\u00f3 a &#8216;Las \u00c1guilas&#8217; por un valor de<strong> 30 millones de euros<\/strong>, y explic\u00f3:<\/span><\/p>\n<p style=\"text-align: justify;\"><span style=\"font-family: helvetica, arial, sans-serif;\">\u00abLa parte del entrenamiento de hoy que hicimos con Richard, fue precisamente para intentar ponerlo en una situaci\u00f3n, para pedirle cosas en las que se sienta c\u00f3modo y en las que la gente pueda ver a un buen jugador, que<strong> es lo que es<\/strong>\u00ab, finaliz\u00f3.<\/span><\/p>\n<p style=\"text-align: justify;\"><span style=\"font-family: helvetica, arial, sans-serif;\">El compromiso ante Gil Vicente ser\u00e1 el <strong>26 de septiembre desde las 2:15 pm<\/strong>, en el Estadio da Luz, de Benfica, y de acuerdo con la informaci\u00f3n revelada por su director t\u00e9cnico,<strong> R\u00edos ser\u00e1 titular<\/strong>.<\/span><\/p>\n<blockquote class=\"twitter-tweet\">\n<p dir=\"ltr\" lang=\"en\">\ud835\udc0c\ud835\udc00\ud835\udc13\ud835\udc02\ud835\udc07\ud835\udc03\ud835\udc00\ud835\udc18 \ud83e\udd85<a href=\"https:\/\/twitter.com\/hashtag\/SLBGVFC?src=hash&amp;ref_src=twsrc%5Etfw\">#SLBGVFC<\/a> \u2022 <a href=\"https:\/\/twitter.com\/hashtag\/LigaPortugalBetclic?src=hash&amp;ref_src=twsrc%5Etfw\">#LigaPortugalBetclic<\/a> <a href=\"https:\/\/t.co\/R8GsQ4NEmZ\">pic.twitter.com\/R8GsQ4NEmZ<\/a><\/p>\n<p>\u2014 SL Benfica (@SLBenfica) <a href=\"https:\/\/twitter.com\/SLBenfica\/status\/1971515094900301919?ref_src=twsrc%5Etfw\">September 26, 2025<\/a><\/p><\/blockquote>\n<p><script async src=\"https:\/\/platform.twitter.com\/widgets.js\" charset=\"utf-8\"><\/script><\/p>\n","protected":false},"excerpt":{"rendered":"<p>Benfica recibe a Gil Vicente en la fecha 7 de la Liga de Portugal, donde marcha tercero con 14 puntos, a cuatro de Porto, que es l\u00edder, y una unidad de Sporting de Lisboa, de Luis Su\u00e1rez. En rueda de prensa previo al compromiso, el t\u00e9cnico Jos\u00e9 Mourinho fue cuestionado sobre el rol del antioque\u00f1o [&hellip;]<\/p>\n","protected":false},"author":4,"featured_media":123777,"comment_status":"open","ping_status":"closed","sticky":false,"template":"","format":"standard","meta":{"_acf_changed":false,"footnotes":""},"categories":[153],"tags":[],"class_list":{"0":"post-123772","1":"post","2":"type-post","3":"status-publish","4":"format-standard","5":"has-post-thumbnail","7":"category-selecion-colombia"},"acf":[],"_links":{"self":[{"href":"https:\/\/futbolhoy.co\/index.php\/wp-json\/wp\/v2\/posts\/123772","targetHints":{"allow":["GET"]}}],"collection":[{"href":"https:\/\/futbolhoy.co\/index.php\/wp-json\/wp\/v2\/posts"}],"about":[{"href":"https:\/\/futbolhoy.co\/index.php\/wp-json\/wp\/v2\/types\/post"}],"author":[{"embeddable":true,"href":"https:\/\/futbolhoy.co\/index.php\/wp-json\/wp\/v2\/users\/4"}],"replies":[{"embeddable":true,"href":"https:\/\/futbolhoy.co\/index.php\/wp-json\/wp\/v2\/comments?post=123772"}],"version-history":[{"count":3,"href":"https:\/\/futbolhoy.co\/index.php\/wp-json\/wp\/v2\/posts\/123772\/revisions"}],"predecessor-version":[{"id":123776,"href":"https:\/\/futbolhoy.co\/index.php\/wp-json\/wp\/v2\/posts\/123772\/revisions\/123776"}],"wp:featuredmedia":[{"embeddable":true,"href":"https:\/\/futbolhoy.co\/index.php\/wp-json\/wp\/v2\/media\/123777"}],"wp:attachment":[{"href":"https:\/\/futbolhoy.co\/index.php\/wp-json\/wp\/v2\/media?parent=123772"}],"wp:term":[{"taxonomy":"category","embeddable":true,"href":"https:\/\/futbolhoy.co\/index.php\/wp-json\/wp\/v2\/categories?post=123772"},{"taxonomy":"post_tag","embeddable":true,"href":"https:\/\/futbolhoy.co\/index.php\/wp-json\/wp\/v2\/tags?post=123772"}],"curies":[{"name":"wp","href":"https:\/\/api.w.org\/{rel}","templated":true}]}}