{"id":123778,"date":"2025-09-26T09:49:01","date_gmt":"2025-09-26T14:49:01","guid":{"rendered":"https:\/\/futbolhoy.co\/?p=123778"},"modified":"2025-09-26T20:57:04","modified_gmt":"2025-09-27T01:57:04","slug":"golazo-colombiano-en-copa-libertadores-clasifico-a-liga-de-quito-a-semifinal","status":"publish","type":"post","link":"https:\/\/futbolhoy.co\/index.php\/2025\/09\/26\/golazo-colombiano-en-copa-libertadores-clasifico-a-liga-de-quito-a-semifinal\/","title":{"rendered":"Golazo colombiano en Copa Libertadores clasific\u00f3 a Liga de Quito a semifinal"},"content":{"rendered":"<p style=\"text-align: justify;\"><span style=\"font-family: helvetica, arial, sans-serif;\"><strong>Liga de Quito derrot\u00f3 3-0 a Sao Pablo<\/strong> en el marcador global, tras el 2-0 conseguido en Ecuador durante el compromiso de ida por los cuartos de final de la Copa Libertadores.<\/span><\/p>\n<p style=\"text-align: justify;\"><span style=\"font-family: helvetica, arial, sans-serif;\">El colombiano <strong>Jeison Medina<\/strong> marc\u00f3 el gol de la victoria en territorio brasile\u00f1o, y el conjunto &#8216;Albo&#8217; chocar\u00e1 en semifinal con<strong> Palmeiras<\/strong>, que dej\u00f3 en el camino a <strong>River Plate<\/strong> de los colombianos Kevin Casta\u00f1o, Juan Fernando Quintero y Miguel Borja.<\/span><\/p>\n<p style=\"text-align: justify;\"><span style=\"font-family: helvetica, arial, sans-serif;\">El golazo de Medina lleg\u00f3 al 41&#8242;, luego de soportar el vibrante arranque del &#8216;Tricolor Paulista&#8217;, y sell\u00f3 la clasificaci\u00f3n de Liga de Quito.<\/span><\/p>\n<h3 style=\"text-align: justify;\"><span style=\"font-family: helvetica, arial, sans-serif;\">As\u00ed fue el golazo de Jeison Medina<\/span><\/h3>\n<blockquote class=\"twitter-tweet\">\n<p dir=\"ltr\" lang=\"es\">\u26bd\ufe0f\ud83d\udc0a Jeison Medina sell\u00f3 la clasificaci\u00f3n de <a href=\"https:\/\/twitter.com\/LDU_Oficial?ref_src=twsrc%5Etfw\">@LDU_Oficial<\/a><\/p>\n<p>\ud83c\udfc6 CONMEBOL <a href=\"https:\/\/twitter.com\/hashtag\/Libertadores?src=hash&amp;ref_src=twsrc%5Etfw\">#Libertadores<\/a> | <a href=\"https:\/\/twitter.com\/hashtag\/GloriaEterna?src=hash&amp;ref_src=twsrc%5Etfw\">#GloriaEterna<\/a> <a href=\"https:\/\/t.co\/a2pq8iSB6J\">pic.twitter.com\/a2pq8iSB6J<\/a><\/p>\n<p>\u2014 CONMEBOL Libertadores (@Libertadores) <a href=\"https:\/\/twitter.com\/Libertadores\/status\/1971367512265621983?ref_src=twsrc%5Etfw\">September 26, 2025<\/a><\/p><\/blockquote>\n<p style=\"text-align: justify;\"><script async src=\"https:\/\/platform.twitter.com\/widgets.js\" charset=\"utf-8\"><\/script><span style=\"font-family: helvetica, arial, sans-serif;\">La acci\u00f3n surgi\u00f3 despu\u00e9s de un bal\u00f3n largo de Lisandro Alzugaray, que Bobadilla no pudo controlar c\u00f3modamente, y <strong>Medina persisti\u00f3<\/strong> en la b\u00fasqueda de la pelota para finalmente definir ante la salida del portero.\u00a0<\/span><\/p>\n<p style=\"text-align: justify;\"><span style=\"font-family: helvetica, arial, sans-serif;\">El experimentado delantero con pasado en clubes como <strong>Real Zaragoza, Am\u00e9rica de Cali, Deportivo Pasto, Al-Shamal, Lamia y Aucas<\/strong>;\u00a0lleg\u00f3 al cuadro ecuatoriano en junio del a\u00f1o en curso, y ha marcado 3 goles en 13 participaciones.<\/span><\/p>\n<h3 style=\"text-align: justify;\"><span style=\"font-family: helvetica, arial, sans-serif;\">\u00bfCu\u00e1ndo se juegan las semifinales?<\/span><\/h3>\n<p style=\"text-align: justify;\"><span style=\"font-family: helvetica, arial, sans-serif;\">Aunque los horarios y fechas con precisi\u00f3n no han sido revelados por Conmebol, los partidos se disputar\u00e1n desde el <strong>21 al 29 de octubre<\/strong>.<\/span><\/p>\n<p style=\"text-align: justify;\"><span style=\"font-family: helvetica, arial, sans-serif;\">La final tendr\u00e1 lugar en el Estadio Monumental de Lima, el<strong> 29 de noviembre.<\/strong><\/span><\/p>\n<p>&nbsp;<\/p>\n<p>&nbsp;<\/p>\n","protected":false},"excerpt":{"rendered":"<p>Liga de Quito derrot\u00f3 3-0 a Sao Pablo en el marcador global, tras el 2-0 conseguido en Ecuador durante el compromiso de ida por los cuartos de final de la Copa Libertadores. El colombiano Jeison Medina marc\u00f3 el gol de la victoria en territorio brasile\u00f1o, y el conjunto &#8216;Albo&#8217; chocar\u00e1 en semifinal con Palmeiras, que [&hellip;]<\/p>\n","protected":false},"author":4,"featured_media":123779,"comment_status":"open","ping_status":"closed","sticky":false,"template":"","format":"standard","meta":{"_acf_changed":false,"footnotes":""},"categories":[653],"tags":[],"class_list":{"0":"post-123778","1":"post","2":"type-post","3":"status-publish","4":"format-standard","5":"has-post-thumbnail","7":"category-copa-libertadores"},"acf":[],"_links":{"self":[{"href":"https:\/\/futbolhoy.co\/index.php\/wp-json\/wp\/v2\/posts\/123778","targetHints":{"allow":["GET"]}}],"collection":[{"href":"https:\/\/futbolhoy.co\/index.php\/wp-json\/wp\/v2\/posts"}],"about":[{"href":"https:\/\/futbolhoy.co\/index.php\/wp-json\/wp\/v2\/types\/post"}],"author":[{"embeddable":true,"href":"https:\/\/futbolhoy.co\/index.php\/wp-json\/wp\/v2\/users\/4"}],"replies":[{"embeddable":true,"href":"https:\/\/futbolhoy.co\/index.php\/wp-json\/wp\/v2\/comments?post=123778"}],"version-history":[{"count":2,"href":"https:\/\/futbolhoy.co\/index.php\/wp-json\/wp\/v2\/posts\/123778\/revisions"}],"predecessor-version":[{"id":123802,"href":"https:\/\/futbolhoy.co\/index.php\/wp-json\/wp\/v2\/posts\/123778\/revisions\/123802"}],"wp:featuredmedia":[{"embeddable":true,"href":"https:\/\/futbolhoy.co\/index.php\/wp-json\/wp\/v2\/media\/123779"}],"wp:attachment":[{"href":"https:\/\/futbolhoy.co\/index.php\/wp-json\/wp\/v2\/media?parent=123778"}],"wp:term":[{"taxonomy":"category","embeddable":true,"href":"https:\/\/futbolhoy.co\/index.php\/wp-json\/wp\/v2\/categories?post=123778"},{"taxonomy":"post_tag","embeddable":true,"href":"https:\/\/futbolhoy.co\/index.php\/wp-json\/wp\/v2\/tags?post=123778"}],"curies":[{"name":"wp","href":"https:\/\/api.w.org\/{rel}","templated":true}]}}