{"id":123781,"date":"2025-09-26T11:59:39","date_gmt":"2025-09-26T16:59:39","guid":{"rendered":"https:\/\/futbolhoy.co\/?p=123781"},"modified":"2025-09-26T22:08:57","modified_gmt":"2025-09-27T03:08:57","slug":"regreso-la-pachoneta-en-independiente-santa-fe-asi-recibio-al-equipo","status":"publish","type":"post","link":"https:\/\/futbolhoy.co\/index.php\/2025\/09\/26\/regreso-la-pachoneta-en-independiente-santa-fe-asi-recibio-al-equipo\/","title":{"rendered":"Regres\u00f3 la \u00abPachoneta\u00bb en Independiente Santa Fe: as\u00ed recibi\u00f3 al equipo el DT"},"content":{"rendered":"<p style=\"text-align: justify;\"><span style=\"font-family: helvetica, arial, sans-serif;\"><strong>Independiente Santa Fe<\/strong> ya entrena bajo las \u00f3rdenes del t\u00e9cnico <strong>Francisco L\u00f3pez<\/strong>, quien asumi\u00f3 el cargo de manera indefinida tras la renuncia del entrenador <strong>Jorge Bava<\/strong>, campe\u00f3n de Liga BetPlay en el primer semestre del a\u00f1o.<\/span><\/p>\n<p style=\"text-align: justify;\"><span style=\"font-family: helvetica, arial, sans-serif;\">&#8216;Pacho&#8217; L\u00f3pez\u00a0 fue nombrado en el cargo interino del club entre febrero y marzo de 2025 ante la salida del profesor <strong>Pablo Peirano<\/strong>, y consigui\u00f3 <strong>5 victorias<\/strong>, 1 empate y 1 derrota previo al nombramiento de Bava en el banquillo.<\/span><\/p>\n<blockquote class=\"twitter-tweet\">\n<p dir=\"ltr\" lang=\"es\">La Pachoneta \ud83e\udd81\ud83c\uddee\ud83c\udde9\u2764\ufe0f\ud83e\udd0d <a href=\"https:\/\/t.co\/RvWMEbaLhp\">pic.twitter.com\/RvWMEbaLhp<\/a><\/p>\n<p>\u2014 Independiente Santa Fe (@SantaFe) <a href=\"https:\/\/twitter.com\/SantaFe\/status\/1971613390125801905?ref_src=twsrc%5Etfw\">September 26, 2025<\/a><\/p><\/blockquote>\n<p style=\"text-align: justify;\"><script async src=\"https:\/\/platform.twitter.com\/widgets.js\" charset=\"utf-8\"><\/script><span style=\"font-family: helvetica, arial, sans-serif;\">Seis meses despu\u00e9s regresa al mando del equipo, y su primer desaf\u00edo ser\u00e1 el domingo 28 de septiembre cuando reciba en el Estadio Nemesio Camacho El Camp\u00edn a La Equidad desde las <strong>6:20 pm<\/strong>.\u00a0<\/span><\/p>\n<h3 style=\"text-align: justify;\"><span style=\"font-family: helvetica, arial, sans-serif;\">As\u00ed llega Santa Fe<\/span><\/h3>\n<p style=\"text-align: justify;\"><span style=\"font-family: helvetica, arial, sans-serif;\">&#8216;El Le\u00f3n&#8217; llega tras conseguir la ventaja <strong>1-0 <\/strong>ante Independiente Medell\u00edn en la ida de los cuartos de final de <strong>Copa BetPlay<\/strong>, y alcanz\u00f3 <strong>5 partidos<\/strong> en l\u00ednea sin perder.\u00a0<\/span><span style=\"font-family: helvetica, arial, sans-serif;\">La serie se definir\u00e1 el mi\u00e9rcoles <strong>1 de octubre<\/strong> en Bogot\u00e1, a las 8:00 pm.<\/span><\/p>\n<p style=\"text-align: justify;\"><span style=\"font-family: helvetica, arial, sans-serif;\">La \u00faltima derrota fue ante <strong>Once Caldas<\/strong> (1-2) durante la fecha 9 de Liga, donde marcha noveno con 17 puntos, a un gol de quitarle el octavo lugar a Deportivo Cali e ingresar a zona parcial de clasificaci\u00f3n.<\/span><\/p>\n<p style=\"text-align: justify;\">\n","protected":false},"excerpt":{"rendered":"<p>Independiente Santa Fe ya entrena bajo las \u00f3rdenes del t\u00e9cnico Francisco L\u00f3pez, quien asumi\u00f3 el cargo de manera indefinida tras la renuncia del entrenador Jorge Bava, campe\u00f3n de Liga BetPlay en el primer semestre del a\u00f1o. &#8216;Pacho&#8217; L\u00f3pez\u00a0 fue nombrado en el cargo interino del club entre febrero y marzo de 2025 ante la salida [&hellip;]<\/p>\n","protected":false},"author":4,"featured_media":123782,"comment_status":"open","ping_status":"closed","sticky":false,"template":"","format":"standard","meta":{"_acf_changed":false,"footnotes":""},"categories":[7],"tags":[],"class_list":{"0":"post-123781","1":"post","2":"type-post","3":"status-publish","4":"format-standard","5":"has-post-thumbnail","7":"category-liga-betplay"},"acf":[],"_links":{"self":[{"href":"https:\/\/futbolhoy.co\/index.php\/wp-json\/wp\/v2\/posts\/123781","targetHints":{"allow":["GET"]}}],"collection":[{"href":"https:\/\/futbolhoy.co\/index.php\/wp-json\/wp\/v2\/posts"}],"about":[{"href":"https:\/\/futbolhoy.co\/index.php\/wp-json\/wp\/v2\/types\/post"}],"author":[{"embeddable":true,"href":"https:\/\/futbolhoy.co\/index.php\/wp-json\/wp\/v2\/users\/4"}],"replies":[{"embeddable":true,"href":"https:\/\/futbolhoy.co\/index.php\/wp-json\/wp\/v2\/comments?post=123781"}],"version-history":[{"count":4,"href":"https:\/\/futbolhoy.co\/index.php\/wp-json\/wp\/v2\/posts\/123781\/revisions"}],"predecessor-version":[{"id":123786,"href":"https:\/\/futbolhoy.co\/index.php\/wp-json\/wp\/v2\/posts\/123781\/revisions\/123786"}],"wp:featuredmedia":[{"embeddable":true,"href":"https:\/\/futbolhoy.co\/index.php\/wp-json\/wp\/v2\/media\/123782"}],"wp:attachment":[{"href":"https:\/\/futbolhoy.co\/index.php\/wp-json\/wp\/v2\/media?parent=123781"}],"wp:term":[{"taxonomy":"category","embeddable":true,"href":"https:\/\/futbolhoy.co\/index.php\/wp-json\/wp\/v2\/categories?post=123781"},{"taxonomy":"post_tag","embeddable":true,"href":"https:\/\/futbolhoy.co\/index.php\/wp-json\/wp\/v2\/tags?post=123781"}],"curies":[{"name":"wp","href":"https:\/\/api.w.org\/{rel}","templated":true}]}}