{"id":123793,"date":"2025-09-26T15:33:19","date_gmt":"2025-09-26T20:33:19","guid":{"rendered":"https:\/\/futbolhoy.co\/?p=123793"},"modified":"2025-09-27T09:54:58","modified_gmt":"2025-09-27T14:54:58","slug":"gol-y-asistencia-de-luis-diaz-en-goleada-de-bayern-munich","status":"publish","type":"post","link":"https:\/\/futbolhoy.co\/index.php\/2025\/09\/26\/gol-y-asistencia-de-luis-diaz-en-goleada-de-bayern-munich\/","title":{"rendered":"Gol y asistencia de Luis D\u00edaz en goleada de Bayern M\u00fanich"},"content":{"rendered":"<p style=\"text-align: justify;\"><span style=\"font-family: helvetica, arial, sans-serif;\"><strong>Luis D\u00edaz<\/strong> fue titular y <strong>marc\u00f3 un gol en la victoria 4-0 de Bayern M\u00fcnich<\/strong> sobre Werder Bremen por la fecha 5 de Bundesliga. El colombiano abri\u00f3 la cuenta al 22&#8242;, tras desviar con su rodilla izquierda el remate de &#8216;taco&#8217; de Jonathan Tah.<\/span><\/p>\n<p style=\"text-align: justify;\"><span style=\"font-family: helvetica, arial, sans-serif;\">Sin embargo, hasta el momento, la p\u00e1gina oficial de Bundesliga mantiene a <strong>Tah<\/strong> como el autor del primer tanto en Allianz Arena.<\/span><\/p>\n<h3 style=\"text-align: justify;\"><span style=\"font-family: helvetica, arial, sans-serif;\">As\u00ed fue el gol de Luis D\u00edaz<\/span><\/h3>\n<blockquote class=\"twitter-tweet\">\n<p dir=\"ltr\" lang=\"es\">\u00a1METI\u00d3 LA RODILLA! Olise tir\u00f3 el centro, Tah defini\u00f3 de taco y Luis D\u00edaz la desvi\u00f3 para el 1-0 de Bayern Munich vs. Werder Bremen por la <a href=\"https:\/\/twitter.com\/hashtag\/Bundesliga?src=hash&amp;ref_src=twsrc%5Etfw\">#Bundesliga<\/a>.<\/p>\n<p>\ud83d\udcfa Mir\u00e1 la <a href=\"https:\/\/twitter.com\/hashtag\/Bundesliga?src=hash&amp;ref_src=twsrc%5Etfw\">#Bundesliga<\/a> por <a href=\"https:\/\/twitter.com\/hashtag\/DisneyPlus?src=hash&amp;ref_src=twsrc%5Etfw\">#DisneyPlus<\/a> Plan Premium <a href=\"https:\/\/t.co\/RfchryaFIu\">pic.twitter.com\/RfchryaFIu<\/a><\/p>\n<p>\u2014 SportsCenter (@SC_ESPN) <a href=\"https:\/\/twitter.com\/SC_ESPN\/status\/1971650372423823633?ref_src=twsrc%5Etfw\">September 26, 2025<\/a><\/p><\/blockquote>\n<p style=\"text-align: justify;\"><script async src=\"https:\/\/platform.twitter.com\/widgets.js\" charset=\"utf-8\"><\/script><span style=\"font-family: helvetica, arial, sans-serif;\">Esta anotaci\u00f3n tendr\u00e1 que ser reconocida primero, por la m\u00e1xima autoridad del f\u00fatbol alem\u00e1n para unirse a los<strong> 4 goles que marc\u00f3 previamente<\/strong> en Liga y Supercopa.<strong> Luis D\u00edaz<\/strong> tambi\u00e9n complet\u00f3 8 partidos con Bayern M\u00fanich, y 5 en Bundesliga.<\/span><\/p>\n<p style=\"text-align: justify;\"><span style=\"font-family: helvetica, arial, sans-serif;\">Su club, por su parte, <strong>s\u00ed reconoci\u00f3 el gol del colombiano<\/strong>, y public\u00f3 en su cuenta oficial en &#8216;X&#8217;:<\/span><\/p>\n<blockquote class=\"twitter-tweet\">\n<p dir=\"ltr\" lang=\"es\">Luchooooo \ud83c\udde8\ud83c\uddf4 <a href=\"https:\/\/t.co\/lzGwkwIt41\">pic.twitter.com\/lzGwkwIt41<\/a><\/p>\n<p>\u2014 FC Bayern M\u00fcnchen (@FCBayern) <a href=\"https:\/\/twitter.com\/FCBayern\/status\/1971652757489959001?ref_src=twsrc%5Etfw\">September 26, 2025<\/a><\/p><\/blockquote>\n<p style=\"text-align: justify;\"><script async src=\"https:\/\/platform.twitter.com\/widgets.js\" charset=\"utf-8\"><\/script><span style=\"font-family: helvetica, arial, sans-serif;\">El encuentro continu\u00f3, y <strong>Harry Kane<\/strong> recibi\u00f3 un contacto dentro del \u00e1rea al 45+1&#8242;. Posteriormente convirti\u00f3 el penalti decretado por el juez y ampli\u00f3 la diferencia sobre el cierre de la primera parte.<\/span><\/p>\n<p style=\"text-align: justify;\"><span style=\"font-family: helvetica, arial, sans-serif;\">Al 65&#8242;, el conjunto &#8216;B\u00e1varo&#8217; sali\u00f3 muy bien de la presi\u00f3n visitante, y Laimer habilit\u00f3 a <strong>Luis D\u00edaz<\/strong> de cara a la porter\u00eda. El guajiro<strong> asisti\u00f3 de gran manera a Kane<\/strong>, que defini\u00f3 el tercero para el equipo de Kompany.<\/span><\/p>\n<blockquote class=\"twitter-tweet\">\n<p dir=\"ltr\" lang=\"nl\">Ja is des schee heid! \ud83e\udec2 <a href=\"https:\/\/t.co\/BPADBDGlvs\">pic.twitter.com\/BPADBDGlvs<\/a><\/p>\n<p>\u2014 FC Bayern M\u00fcnchen (@FCBayern) <a href=\"https:\/\/twitter.com\/FCBayern\/status\/1971667639102853567?ref_src=twsrc%5Etfw\">September 26, 2025<\/a><\/p><\/blockquote>\n<p style=\"text-align: justify;\"><script async src=\"https:\/\/platform.twitter.com\/widgets.js\" charset=\"utf-8\"><\/script><span style=\"font-family: helvetica, arial, sans-serif;\">D\u00edaz fue sustituido al 84&#8242;, tuvo <\/span><strong style=\"font-family: helvetica, arial, sans-serif;\">85% de precisi\u00f3n en sus pases, gener\u00f3 3 remates, recuper\u00f3 6 veces la pelota<\/strong><span style=\"font-family: helvetica, arial, sans-serif;\">\u00a0y toc\u00f3 58 veces la pelota. <\/span><strong style=\"font-family: helvetica, arial, sans-serif;\">Konrad Laimer<\/strong><span style=\"font-family: helvetica, arial, sans-serif;\"> sell\u00f3 la goleada al 87&#8242; tras definir cruzado ante la salida del portero.<\/span><\/p>\n<blockquote class=\"twitter-tweet\">\n<p dir=\"ltr\" lang=\"de\">Z\u00fcnftig afgspuid heid, Buam! \ud83d\ude4c<\/p>\n<p>De drei Punkte bleim dahoam. \ud83e\udd1d <a href=\"https:\/\/t.co\/tCcAYfBWk9\">pic.twitter.com\/tCcAYfBWk9<\/a><\/p>\n<p>\u2014 FC Bayern M\u00fcnchen (@FCBayern) <a href=\"https:\/\/twitter.com\/FCBayern\/status\/1971672253428588849?ref_src=twsrc%5Etfw\">September 26, 2025<\/a><\/p><\/blockquote>\n<h3 style=\"text-align: justify;\"><script async src=\"https:\/\/platform.twitter.com\/widgets.js\" charset=\"utf-8\"><\/script><span style=\"font-family: helvetica, arial, sans-serif;\">Pr\u00f3ximo partido de Bayern M\u00fanich<\/span><\/h3>\n<p style=\"text-align: justify;\"><span style=\"font-family: helvetica, arial, sans-serif;\">El conjunto alem\u00e1n viajar\u00e1 a Chipre para enfrentar a <strong>Paphos FC<\/strong> en Stelios Kyriakides, con capacidad para recibir a<strong> 9.394 aficionados<\/strong>.<\/span><\/p>\n<p style=\"text-align: justify;\"><span style=\"font-family: helvetica, arial, sans-serif;\">El partido es v\u00e1lido por la fecha 2 de la Fase de Liga de Champions League, el martes 30 de septiembre desde las 2:00 pm (hora Colombia). Luis D\u00edaz complet\u00f3 8 partidos con Bayern M\u00fanich, y en Bundesliga.<\/span><\/p>\n","protected":false},"excerpt":{"rendered":"<p>Luis D\u00edaz fue titular y marc\u00f3 un gol en la victoria 4-0 de Bayern M\u00fcnich sobre Werder Bremen por la fecha 5 de Bundesliga. El colombiano abri\u00f3 la cuenta al 22&#8242;, tras desviar con su rodilla izquierda el remate de &#8216;taco&#8217; de Jonathan Tah. Sin embargo, hasta el momento, la p\u00e1gina oficial de Bundesliga mantiene [&hellip;]<\/p>\n","protected":false},"author":4,"featured_media":123794,"comment_status":"open","ping_status":"closed","sticky":false,"template":"","format":"standard","meta":{"_acf_changed":false,"footnotes":""},"categories":[153],"tags":[],"class_list":{"0":"post-123793","1":"post","2":"type-post","3":"status-publish","4":"format-standard","5":"has-post-thumbnail","7":"category-selecion-colombia"},"acf":[],"_links":{"self":[{"href":"https:\/\/futbolhoy.co\/index.php\/wp-json\/wp\/v2\/posts\/123793","targetHints":{"allow":["GET"]}}],"collection":[{"href":"https:\/\/futbolhoy.co\/index.php\/wp-json\/wp\/v2\/posts"}],"about":[{"href":"https:\/\/futbolhoy.co\/index.php\/wp-json\/wp\/v2\/types\/post"}],"author":[{"embeddable":true,"href":"https:\/\/futbolhoy.co\/index.php\/wp-json\/wp\/v2\/users\/4"}],"replies":[{"embeddable":true,"href":"https:\/\/futbolhoy.co\/index.php\/wp-json\/wp\/v2\/comments?post=123793"}],"version-history":[{"count":2,"href":"https:\/\/futbolhoy.co\/index.php\/wp-json\/wp\/v2\/posts\/123793\/revisions"}],"predecessor-version":[{"id":123796,"href":"https:\/\/futbolhoy.co\/index.php\/wp-json\/wp\/v2\/posts\/123793\/revisions\/123796"}],"wp:featuredmedia":[{"embeddable":true,"href":"https:\/\/futbolhoy.co\/index.php\/wp-json\/wp\/v2\/media\/123794"}],"wp:attachment":[{"href":"https:\/\/futbolhoy.co\/index.php\/wp-json\/wp\/v2\/media?parent=123793"}],"wp:term":[{"taxonomy":"category","embeddable":true,"href":"https:\/\/futbolhoy.co\/index.php\/wp-json\/wp\/v2\/categories?post=123793"},{"taxonomy":"post_tag","embeddable":true,"href":"https:\/\/futbolhoy.co\/index.php\/wp-json\/wp\/v2\/tags?post=123793"}],"curies":[{"name":"wp","href":"https:\/\/api.w.org\/{rel}","templated":true}]}}