{"id":123832,"date":"2025-09-27T08:57:14","date_gmt":"2025-09-27T13:57:14","guid":{"rendered":"https:\/\/futbolhoy.co\/?p=123832"},"modified":"2025-10-06T20:34:14","modified_gmt":"2025-10-07T01:34:14","slug":"horarios-de-semifinal-de-copa-libertadores-confirmados-hay-choque-de-colombianos","status":"publish","type":"post","link":"https:\/\/futbolhoy.co\/index.php\/2025\/09\/27\/horarios-de-semifinal-de-copa-libertadores-confirmados-hay-choque-de-colombianos\/","title":{"rendered":"Horarios de semifinal de Copa Libertadores confirmados: Hay choque de colombianos"},"content":{"rendered":"<p style=\"text-align: justify;\"><span style=\"font-family: helvetica, arial, sans-serif;\">Dos clubes brasile\u00f1os, uno argentino y uno ecuatoriano conforman las semifinales de la <strong>Copa Libertadores 2025<\/strong>.<\/span><\/p>\n<p style=\"text-align: justify;\"><span style=\"font-family: helvetica, arial, sans-serif;\">Racing de <strong>Duv\u00e1n Vergara<\/strong> chocar\u00e1 ante Flamengo de <strong>Jorge Carrascal<\/strong>, mientras que Liga de Quito y Palmeiras tambi\u00e9n buscar\u00e1n un cupo en la gran final en el otro lado del fixture.<\/span><\/p>\n<h3 style=\"text-align: justify;\"><span style=\"font-family: helvetica, arial, sans-serif;\">Fixture de Copa Libertadores 2025<\/span><\/h3>\n<h3><img fetchpriority=\"high\" decoding=\"async\" class=\"alignnone size-full wp-image-123834\" src=\"https:\/\/futbolhoy.co\/wp-content\/uploads\/2025\/09\/WhatsApp-Image-2025-09-25-at-9.37.17-PM-3-1.jpeg\" alt=\"\" width=\"1092\" height=\"1280\" srcset=\"https:\/\/futbolhoy.co\/wp-content\/uploads\/2025\/09\/WhatsApp-Image-2025-09-25-at-9.37.17-PM-3-1.jpeg 1092w, https:\/\/futbolhoy.co\/wp-content\/uploads\/2025\/09\/WhatsApp-Image-2025-09-25-at-9.37.17-PM-3-1-256x300.jpeg 256w, https:\/\/futbolhoy.co\/wp-content\/uploads\/2025\/09\/WhatsApp-Image-2025-09-25-at-9.37.17-PM-3-1-874x1024.jpeg 874w, https:\/\/futbolhoy.co\/wp-content\/uploads\/2025\/09\/WhatsApp-Image-2025-09-25-at-9.37.17-PM-3-1-768x900.jpeg 768w, https:\/\/futbolhoy.co\/wp-content\/uploads\/2025\/09\/WhatsApp-Image-2025-09-25-at-9.37.17-PM-3-1-696x816.jpeg 696w, https:\/\/futbolhoy.co\/wp-content\/uploads\/2025\/09\/WhatsApp-Image-2025-09-25-at-9.37.17-PM-3-1-1068x1252.jpeg 1068w, https:\/\/futbolhoy.co\/wp-content\/uploads\/2025\/09\/WhatsApp-Image-2025-09-25-at-9.37.17-PM-3-1-109x128.jpeg 109w, https:\/\/futbolhoy.co\/wp-content\/uploads\/2025\/09\/WhatsApp-Image-2025-09-25-at-9.37.17-PM-3-1-27x32.jpeg 27w\" sizes=\"(max-width: 1092px) 100vw, 1092px\" \/><\/h3>\n<h3 style=\"text-align: justify;\"><span style=\"font-family: helvetica, arial, sans-serif;\">Conmebol anunci\u00f3 fechas y horarios<\/span><\/h3>\n<p style=\"text-align: justify;\"><span style=\"font-family: helvetica, arial, sans-serif;\">Una vez se confirmaron los cuatro mejores equipos del torneo de clubes m\u00e1s importante del continente, <strong>Conmebol public\u00f3 las fechas y horarios<\/strong> en que se disputar\u00e1n las series de semifinal a trav\u00e9s de su cuenta oficial en &#8216;X&#8217;,\u00a0<\/span><\/p>\n<p style=\"text-align: justify;\"><span style=\"font-family: helvetica, arial, sans-serif;\">Las llaves de ida se disputar\u00e1n el <strong>22 y 23 de octubre<\/strong>, mientras que los partidos de vuelta est\u00e1n programados para el <strong>29 y 30<\/strong> del mismo mes.<\/span><\/p>\n<blockquote class=\"twitter-tweet\">\n<p dir=\"ltr\" lang=\"es\">\ud83d\udcc5\ud83c\udfc6 \u00a1El fixture de las semifinales de la CONMEBOL <a href=\"https:\/\/twitter.com\/hashtag\/Libertadores?src=hash&amp;ref_src=twsrc%5Etfw\">#Libertadores<\/a>!<a href=\"https:\/\/twitter.com\/hashtag\/GloriaEterna?src=hash&amp;ref_src=twsrc%5Etfw\">#GloriaEterna<\/a> <a href=\"https:\/\/t.co\/CoZ6Fh2iTd\">pic.twitter.com\/CoZ6Fh2iTd<\/a><\/p>\n<p>\u2014 CONMEBOL Libertadores (@Libertadores) <a href=\"https:\/\/twitter.com\/Libertadores\/status\/1971924280545104159?ref_src=twsrc%5Etfw\">September 27, 2025<\/a><\/p><\/blockquote>\n<h3 style=\"text-align: justify;\"><script async src=\"https:\/\/platform.twitter.com\/widgets.js\" charset=\"utf-8\"><\/script><span style=\"font-family: helvetica, arial, sans-serif;\">Ida de semifinales<\/span><\/h3>\n<p><span style=\"font-family: helvetica, arial, sans-serif;\">Octubre 22:<\/span><\/p>\n<ul>\n<li><span style=\"font-family: helvetica, arial, sans-serif;\">Flamengo vs. Racing Club\u00a0<\/span><\/li>\n<\/ul>\n<p><span style=\"font-family: helvetica, arial, sans-serif;\">Estadio de Maracan\u00e1<\/span><\/p>\n<p><span style=\"font-family: helvetica, arial, sans-serif;\">Octubre 23:<\/span><\/p>\n<ul>\n<li><span style=\"font-family: helvetica, arial, sans-serif;\">Liga de Quito vs. Palmeiras<\/span><\/li>\n<\/ul>\n<p><span style=\"font-family: helvetica, arial, sans-serif;\">Estadio Rodrigo Paz Delgado<\/span><\/p>\n<p><span style=\"font-family: helvetica, arial, sans-serif;\">Octubre 29:<\/span><\/p>\n<ul>\n<li><span style=\"font-family: helvetica, arial, sans-serif;\">Racing Club vs. Flamengo<\/span><\/li>\n<\/ul>\n<p><span style=\"font-family: helvetica, arial, sans-serif;\">Estadio Presidente Per\u00f3n<\/span><\/p>\n<p><span style=\"font-family: helvetica, arial, sans-serif;\">Octubre 30:<\/span><\/p>\n<ul>\n<li><span style=\"font-family: helvetica, arial, sans-serif;\">Palmeiras vs. Liga de Quito<\/span><\/li>\n<\/ul>\n<p><span style=\"font-family: helvetica, arial, sans-serif;\">Arena Palmeiras<\/span><\/p>\n<p style=\"text-align: justify;\"><span style=\"font-family: helvetica, arial, sans-serif;\">Todos los compromisos se disputar\u00e1n desde las <strong>7:30 pm<\/strong> (hora Colombia).<\/span><\/p>\n<p style=\"text-align: justify;\"><span style=\"font-family: helvetica, arial, sans-serif;\"><strong>Flamengo<\/strong> fue el \u00fanico equipo de los cuatro que aunque no gan\u00f3 el partido de vuelta por los cuartos de final, consigui\u00f3 el tiquete para la semifinal tras vencer a<strong> Estudiantes de la Plata<\/strong> en la tanda de penaltis.<\/span><\/p>\n<p style=\"text-align: justify;\"><span style=\"font-family: helvetica, arial, sans-serif;\"><strong>Racing, Palmeiras y Liga de Quito<\/strong>, sellaron su clasificaci\u00f3n con doble victoria en sus respectivas series.<\/span><\/p>\n<blockquote class=\"twitter-tweet\">\n<p dir=\"ltr\" lang=\"es\">\u2728\ud83c\udd99 \u00a1Los mejores equipos de la semana en la CONMEBOL <a href=\"https:\/\/twitter.com\/hashtag\/Libertadores?src=hash&amp;ref_src=twsrc%5Etfw\">#Libertadores<\/a>!<\/p>\n<p>\ud83c\udde7\ud83c\uddf7 <a href=\"https:\/\/twitter.com\/Palmeiras?ref_src=twsrc%5Etfw\">@Palmeiras<\/a><br \/>\n\ud83c\udde6\ud83c\uddf7 <a href=\"https:\/\/twitter.com\/RacingClub?ref_src=twsrc%5Etfw\">@RacingClub<\/a><br \/>\n\ud83c\uddea\ud83c\udde8 <a href=\"https:\/\/twitter.com\/LDU_Oficial?ref_src=twsrc%5Etfw\">@LDU_Oficial<\/a> <a href=\"https:\/\/twitter.com\/hashtag\/GloriaEterna?src=hash&amp;ref_src=twsrc%5Etfw\">#GloriaEterna<\/a> <a href=\"https:\/\/twitter.com\/cryptocom?ref_src=twsrc%5Etfw\">@cryptocom<\/a> <a href=\"https:\/\/t.co\/42WqwMLZJW\">pic.twitter.com\/42WqwMLZJW<\/a><\/p>\n<p>\u2014 CONMEBOL Libertadores (@Libertadores) <a href=\"https:\/\/twitter.com\/Libertadores\/status\/1971696286538588575?ref_src=twsrc%5Etfw\">September 26, 2025<\/a><\/p><\/blockquote>\n<p><script async src=\"https:\/\/platform.twitter.com\/widgets.js\" charset=\"utf-8\"><\/script><\/p>\n<p>&nbsp;<\/p>\n","protected":false},"excerpt":{"rendered":"<p>Dos clubes brasile\u00f1os, uno argentino y uno ecuatoriano conforman las semifinales de la Copa Libertadores 2025. Racing de Duv\u00e1n Vergara chocar\u00e1 ante Flamengo de Jorge Carrascal, mientras que Liga de Quito y Palmeiras tambi\u00e9n buscar\u00e1n un cupo en la gran final en el otro lado del fixture. Fixture de Copa Libertadores 2025 Conmebol anunci\u00f3 fechas [&hellip;]<\/p>\n","protected":false},"author":4,"featured_media":123838,"comment_status":"open","ping_status":"closed","sticky":false,"template":"","format":"standard","meta":{"_acf_changed":false,"footnotes":""},"categories":[653],"tags":[],"class_list":{"0":"post-123832","1":"post","2":"type-post","3":"status-publish","4":"format-standard","5":"has-post-thumbnail","7":"category-copa-libertadores"},"acf":[],"_links":{"self":[{"href":"https:\/\/futbolhoy.co\/index.php\/wp-json\/wp\/v2\/posts\/123832","targetHints":{"allow":["GET"]}}],"collection":[{"href":"https:\/\/futbolhoy.co\/index.php\/wp-json\/wp\/v2\/posts"}],"about":[{"href":"https:\/\/futbolhoy.co\/index.php\/wp-json\/wp\/v2\/types\/post"}],"author":[{"embeddable":true,"href":"https:\/\/futbolhoy.co\/index.php\/wp-json\/wp\/v2\/users\/4"}],"replies":[{"embeddable":true,"href":"https:\/\/futbolhoy.co\/index.php\/wp-json\/wp\/v2\/comments?post=123832"}],"version-history":[{"count":3,"href":"https:\/\/futbolhoy.co\/index.php\/wp-json\/wp\/v2\/posts\/123832\/revisions"}],"predecessor-version":[{"id":123839,"href":"https:\/\/futbolhoy.co\/index.php\/wp-json\/wp\/v2\/posts\/123832\/revisions\/123839"}],"wp:featuredmedia":[{"embeddable":true,"href":"https:\/\/futbolhoy.co\/index.php\/wp-json\/wp\/v2\/media\/123838"}],"wp:attachment":[{"href":"https:\/\/futbolhoy.co\/index.php\/wp-json\/wp\/v2\/media?parent=123832"}],"wp:term":[{"taxonomy":"category","embeddable":true,"href":"https:\/\/futbolhoy.co\/index.php\/wp-json\/wp\/v2\/categories?post=123832"},{"taxonomy":"post_tag","embeddable":true,"href":"https:\/\/futbolhoy.co\/index.php\/wp-json\/wp\/v2\/tags?post=123832"}],"curies":[{"name":"wp","href":"https:\/\/api.w.org\/{rel}","templated":true}]}}