{"id":123852,"date":"2025-09-27T13:00:29","date_gmt":"2025-09-27T18:00:29","guid":{"rendered":"https:\/\/futbolhoy.co\/?p=123852"},"modified":"2025-09-27T19:48:51","modified_gmt":"2025-09-28T00:48:51","slug":"juan-david-cabal-marco-el-gol-de-la-victoria-2-1-de-juventus-sobre-atalanta","status":"publish","type":"post","link":"https:\/\/futbolhoy.co\/index.php\/2025\/09\/27\/juan-david-cabal-marco-el-gol-de-la-victoria-2-1-de-juventus-sobre-atalanta\/","title":{"rendered":"Juan David Cabal anot\u00f3 el empate para Juventus en su regreso"},"content":{"rendered":"<p style=\"text-align: justify;\"><span style=\"font-family: helvetica, arial, sans-serif;\"><strong>Juan David Cabal<\/strong> recibi\u00f3 el alta m\u00e9dica sobre su delicada lesi\u00f3n el 11 de septiembre de 2025, y disput\u00f3 16&#8242; en la victoria ante Inter y 15&#8242; hoy contra Atalanta durante el empate 1-1 de la fecha 5 por Serie A.<\/span><\/p>\n<p style=\"text-align: justify;\"><span style=\"font-family: helvetica, arial, sans-serif;\"><strong>Cabal marc\u00f3 el gol<\/strong> del empate tras ingresar desde banquillo al 76, y su presencia en zona defensiva aport\u00f3 solidez para &#8216;La Vecchia Signora&#8217;. Adem\u00e1s, tuvo \u00e9xito en 100% de sus pases.<\/span><\/p>\n<h3 style=\"text-align: justify;\"><span style=\"font-family: helvetica, arial, sans-serif;\">Gol de Juan David Cabal con Juventus<\/span><\/h3>\n<blockquote class=\"twitter-tweet\" data-media-max-width=\"560\">\n<p dir=\"ltr\" lang=\"es\">EMPATA LA JUVE CON PRESENCIA CAFETERA: Juan Cabal marc\u00f3 el 1-1 de la Vecchia Signora ante Atalanta.<\/p>\n<p>\ud83d\udcfa Mir\u00e1 la <a href=\"https:\/\/twitter.com\/hashtag\/SerieA?src=hash&amp;ref_src=twsrc%5Etfw\">#SerieA<\/a> por <a href=\"https:\/\/twitter.com\/hashtag\/DisneyPlus?src=hash&amp;ref_src=twsrc%5Etfw\">#DisneyPlus<\/a> Plan Premium <a href=\"https:\/\/t.co\/jTXc8w7AW5\">pic.twitter.com\/jTXc8w7AW5<\/a><\/p>\n<p>\u2014 SportsCenter (@SC_ESPN) <a href=\"https:\/\/twitter.com\/SC_ESPN\/status\/1971993797652341085?ref_src=twsrc%5Etfw\">September 27, 2025<\/a><\/p><\/blockquote>\n<p style=\"text-align: justify;\"><script async src=\"https:\/\/platform.twitter.com\/widgets.js\" charset=\"utf-8\"><\/script><span style=\"font-family: helvetica, arial, sans-serif;\">Esta fue la<strong> primera anotaci\u00f3n de Cabal<\/strong> con Juventus, y la <strong>segunda<\/strong> en su carrera profesional. El otro gol que convirti\u00f3 lo hizo con la camiseta de Atl\u00e9tico Nacional, en la Liga BetPlay 2022-1.\u00a0<\/span><\/p>\n<h3>La lesi\u00f3n de Juan David Cabal<\/h3>\n<p><span style=\"font-family: helvetica, arial, sans-serif;\">El colombiano sufri\u00f3 una rotura del ligamento cruzado anterior cuando estaba con la <strong>Selecci\u00f3n Colombia, el 2 de noviembre de 2024<\/strong>. Cabal fue operado en Francia por el especialista en traumatolog\u00eda deportiva Bertrand Sonnery-Cottet.<\/span><\/p>\n<p><span style=\"font-family: helvetica, arial, sans-serif;\">En ese momento, el defensor intentaba consolidarse en la titular de <strong>Juventus<\/strong>, donde ya suma 648&#8242; minutos en 11 participaciones.<\/span><\/p>\n<p>&nbsp;<\/p>\n<p>&nbsp;<\/p>\n","protected":false},"excerpt":{"rendered":"<p>Juan David Cabal recibi\u00f3 el alta m\u00e9dica sobre su delicada lesi\u00f3n el 11 de septiembre de 2025, y disput\u00f3 16&#8242; en la victoria ante Inter y 15&#8242; hoy contra Atalanta durante el empate 1-1 de la fecha 5 por Serie A. Cabal marc\u00f3 el gol del empate tras ingresar desde banquillo al 76, y su [&hellip;]<\/p>\n","protected":false},"author":4,"featured_media":123853,"comment_status":"open","ping_status":"closed","sticky":false,"template":"","format":"standard","meta":{"_acf_changed":false,"footnotes":""},"categories":[153],"tags":[],"class_list":{"0":"post-123852","1":"post","2":"type-post","3":"status-publish","4":"format-standard","5":"has-post-thumbnail","7":"category-selecion-colombia"},"acf":[],"_links":{"self":[{"href":"https:\/\/futbolhoy.co\/index.php\/wp-json\/wp\/v2\/posts\/123852","targetHints":{"allow":["GET"]}}],"collection":[{"href":"https:\/\/futbolhoy.co\/index.php\/wp-json\/wp\/v2\/posts"}],"about":[{"href":"https:\/\/futbolhoy.co\/index.php\/wp-json\/wp\/v2\/types\/post"}],"author":[{"embeddable":true,"href":"https:\/\/futbolhoy.co\/index.php\/wp-json\/wp\/v2\/users\/4"}],"replies":[{"embeddable":true,"href":"https:\/\/futbolhoy.co\/index.php\/wp-json\/wp\/v2\/comments?post=123852"}],"version-history":[{"count":4,"href":"https:\/\/futbolhoy.co\/index.php\/wp-json\/wp\/v2\/posts\/123852\/revisions"}],"predecessor-version":[{"id":123857,"href":"https:\/\/futbolhoy.co\/index.php\/wp-json\/wp\/v2\/posts\/123852\/revisions\/123857"}],"wp:featuredmedia":[{"embeddable":true,"href":"https:\/\/futbolhoy.co\/index.php\/wp-json\/wp\/v2\/media\/123853"}],"wp:attachment":[{"href":"https:\/\/futbolhoy.co\/index.php\/wp-json\/wp\/v2\/media?parent=123852"}],"wp:term":[{"taxonomy":"category","embeddable":true,"href":"https:\/\/futbolhoy.co\/index.php\/wp-json\/wp\/v2\/categories?post=123852"},{"taxonomy":"post_tag","embeddable":true,"href":"https:\/\/futbolhoy.co\/index.php\/wp-json\/wp\/v2\/tags?post=123852"}],"curies":[{"name":"wp","href":"https:\/\/api.w.org\/{rel}","templated":true}]}}