{"id":123860,"date":"2025-09-27T14:59:52","date_gmt":"2025-09-27T19:59:52","guid":{"rendered":"https:\/\/futbolhoy.co\/?p=123860"},"modified":"2025-09-28T11:33:47","modified_gmt":"2025-09-28T16:33:47","slug":"luis-suarez-y-un-nuevo-golazo-con-sporting-club","status":"publish","type":"post","link":"https:\/\/futbolhoy.co\/index.php\/2025\/09\/27\/luis-suarez-y-un-nuevo-golazo-con-sporting-club\/","title":{"rendered":"Luis Su\u00e1rez y un nuevo golazo con Sporting Club"},"content":{"rendered":"<p style=\"text-align: justify;\"><span style=\"font-family: helvetica, arial, sans-serif;\"><strong>Luis Su\u00e1rez<\/strong> es el delantero centro colombiano que mejor presente atraviesa, y lo demostr\u00f3 marcando su <strong>quinto gol,<\/strong> en nueve participaciones con <strong>Sporting de Lisboa<\/strong>, desde que se uni\u00f3 al club en julio de 2025.<\/span><\/p>\n<p style=\"text-align: justify;\"><span style=\"font-family: helvetica, arial, sans-serif;\">En esta oportunidad, la v\u00edctima fue Desportivo Estoril Praia, durante la jornada 7 de la Liga de Portugal. El samario fue titular, y <strong>anot\u00f3 al 12&#8242; con pierna zurda<\/strong> tras ser asistido por el uruguayo <strong>Maximiliano Araujo<\/strong>.<\/span><\/p>\n<h3 style=\"text-align: justify;\"><span style=\"font-family: helvetica, arial, sans-serif;\">Gol de Luis Su\u00e1rez con Sporting de Lisboa hoy<\/span><\/h3>\n<blockquote class=\"twitter-tweet\" data-media-max-width=\"560\">\n<p dir=\"ltr\" lang=\"zxx\"><a href=\"https:\/\/t.co\/QmRnvFO9AF\">pic.twitter.com\/QmRnvFO9AF<\/a><\/p>\n<p>\u2014 \ud83d\udfe5 Follow for Live @CenterOfGoals (@RanksHeath8987) <a href=\"https:\/\/twitter.com\/RanksHeath8987\/status\/1972024407322513509?ref_src=twsrc%5Etfw\">September 27, 2025<\/a><\/p><\/blockquote>\n<p style=\"text-align: justify;\"><script async src=\"https:\/\/platform.twitter.com\/widgets.js\" charset=\"utf-8\"><\/script><span style=\"font-family: helvetica, arial, sans-serif;\"><strong>Luis Javier Su\u00e1rez registra 5 goles<\/strong> y dos asistencias con su nuevo equipo, luego de su paso por Almer\u00eda, Granada, Watford, Olympique de Marseille, Real Zaragoza, Leones, entre otros.<\/span><\/p>\n<p style=\"text-align: justify;\"><span style=\"font-family: helvetica, arial, sans-serif;\">Con este resultado, Sporting es nuevo l\u00edder<strong> parcial<\/strong> del campeonato con 18 unidades, las mismas que<strong> Porto<\/strong>. Sin embargo, \u00abDrag\u00f5es\u00bb disputar\u00e1 su compromiso de la fecha, el lunes 29 de septiembre.<\/span><\/p>\n<p style=\"text-align: justify;\"><span style=\"font-family: helvetica, arial, sans-serif;\"><strong>Richard R\u00edos, con Benfica<\/strong>, es tercero en la Liga de Portugal a un punto de la cima, y su equipo gan\u00f3 durante la fecha 7,<strong> 2-1<\/strong>.<\/span><\/p>\n","protected":false},"excerpt":{"rendered":"<p>Luis Su\u00e1rez es el delantero centro colombiano que mejor presente atraviesa, y lo demostr\u00f3 marcando su quinto gol, en nueve participaciones con Sporting de Lisboa, desde que se uni\u00f3 al club en julio de 2025. En esta oportunidad, la v\u00edctima fue Desportivo Estoril Praia, durante la jornada 7 de la Liga de Portugal. El samario [&hellip;]<\/p>\n","protected":false},"author":4,"featured_media":123861,"comment_status":"open","ping_status":"closed","sticky":false,"template":"","format":"standard","meta":{"_acf_changed":false,"footnotes":""},"categories":[153],"tags":[],"class_list":{"0":"post-123860","1":"post","2":"type-post","3":"status-publish","4":"format-standard","5":"has-post-thumbnail","7":"category-selecion-colombia"},"acf":[],"_links":{"self":[{"href":"https:\/\/futbolhoy.co\/index.php\/wp-json\/wp\/v2\/posts\/123860","targetHints":{"allow":["GET"]}}],"collection":[{"href":"https:\/\/futbolhoy.co\/index.php\/wp-json\/wp\/v2\/posts"}],"about":[{"href":"https:\/\/futbolhoy.co\/index.php\/wp-json\/wp\/v2\/types\/post"}],"author":[{"embeddable":true,"href":"https:\/\/futbolhoy.co\/index.php\/wp-json\/wp\/v2\/users\/4"}],"replies":[{"embeddable":true,"href":"https:\/\/futbolhoy.co\/index.php\/wp-json\/wp\/v2\/comments?post=123860"}],"version-history":[{"count":2,"href":"https:\/\/futbolhoy.co\/index.php\/wp-json\/wp\/v2\/posts\/123860\/revisions"}],"predecessor-version":[{"id":123863,"href":"https:\/\/futbolhoy.co\/index.php\/wp-json\/wp\/v2\/posts\/123860\/revisions\/123863"}],"wp:featuredmedia":[{"embeddable":true,"href":"https:\/\/futbolhoy.co\/index.php\/wp-json\/wp\/v2\/media\/123861"}],"wp:attachment":[{"href":"https:\/\/futbolhoy.co\/index.php\/wp-json\/wp\/v2\/media?parent=123860"}],"wp:term":[{"taxonomy":"category","embeddable":true,"href":"https:\/\/futbolhoy.co\/index.php\/wp-json\/wp\/v2\/categories?post=123860"},{"taxonomy":"post_tag","embeddable":true,"href":"https:\/\/futbolhoy.co\/index.php\/wp-json\/wp\/v2\/tags?post=123860"}],"curies":[{"name":"wp","href":"https:\/\/api.w.org\/{rel}","templated":true}]}}