{"id":123919,"date":"2025-09-28T20:59:51","date_gmt":"2025-09-29T01:59:51","guid":{"rendered":"https:\/\/futbolhoy.co\/?p=123919"},"modified":"2025-09-29T11:25:53","modified_gmt":"2025-09-29T16:25:53","slug":"santa-fe-golea-a-la-equidad-y-vuelve-a-los-ocho","status":"publish","type":"post","link":"https:\/\/futbolhoy.co\/index.php\/2025\/09\/28\/santa-fe-golea-a-la-equidad-y-vuelve-a-los-ocho\/","title":{"rendered":"Santa Fe golea a La Equidad y vuelve a los ocho"},"content":{"rendered":"<p style=\"text-align: justify;\"><span style=\"font-family: helvetica, arial, sans-serif;\"><strong>Santa Fe<\/strong> gole\u00f3 3-0 a <strong>La Equidad<\/strong> en su primer partido sin <strong>Jorge Bava<\/strong> como director t\u00e9cnico y regres\u00f3 al grupo de los ocho mejores. De la mano de <strong>Francisco L\u00f3pez,<\/strong> el equipo Cardenal dej\u00f3 una buena imagen en <strong>El Camp\u00edn.<\/strong><\/span><\/p>\n<p style=\"text-align: justify;\"><span style=\"font-family: helvetica, arial, sans-serif;\">Los goles de los locales fueron obra de <strong>Hugo Rodallega,<\/strong> en el cierre del primer tiempo, y d<strong>e Omar Fern\u00e1ndez Frasica y Alexis Zapata,<\/strong> ya en la parte complementaria.<\/span><\/p>\n<p style=\"text-align: justify;\"><span style=\"font-family: helvetica, arial, sans-serif;\">Con esta victoria, Santa Fe alcanz\u00f3 los 20 puntos y es s\u00e9ptimo en la tabla de posiciones. El equipo capitalino estar\u00e1 enfrent\u00e1ndose el pr\u00f3ximo mi\u00e9rcoles a <strong>Medell\u00edn<\/strong> en <strong>Bogot\u00e1,<\/strong> en el juego de vuelta de los cuartos de final de la <strong>Copa Colombia.<\/strong><\/span><\/p>\n<p style=\"text-align: justify;\"><span style=\"font-family: helvetica, arial, sans-serif;\">La Equidad se qued\u00f3 con 11 puntos en el fondo de la tabla y el pr\u00f3ximo lunes estar\u00e1 recibiendo al <strong>Once Caldas.<\/strong><\/span><\/p>\n","protected":false},"excerpt":{"rendered":"<p>Santa Fe gole\u00f3 3-0 a La Equidad en su primer partido sin Jorge Bava como director t\u00e9cnico y regres\u00f3 al grupo de los ocho mejores. De la mano de Francisco L\u00f3pez, el equipo Cardenal dej\u00f3 una buena imagen en El Camp\u00edn. Los goles de los locales fueron obra de Hugo Rodallega, en el cierre del [&hellip;]<\/p>\n","protected":false},"author":4,"featured_media":123920,"comment_status":"open","ping_status":"open","sticky":false,"template":"","format":"standard","meta":{"_acf_changed":false,"footnotes":""},"categories":[7],"tags":[],"class_list":{"0":"post-123919","1":"post","2":"type-post","3":"status-publish","4":"format-standard","5":"has-post-thumbnail","7":"category-liga-betplay"},"acf":[],"yoast_head":"<!-- This site is optimized with the Yoast SEO plugin v26.8 - https:\/\/yoast.com\/product\/yoast-seo-wordpress\/ -->\n<title>Santa Fe golea a La Equidad y vuelve a los ocho -<\/title>\n<meta name=\"robots\" content=\"index, follow, max-snippet:-1, max-image-preview:large, max-video-preview:-1\" \/>\n<link rel=\"canonical\" href=\"https:\/\/futbolhoy.co\/index.php\/2025\/09\/28\/santa-fe-golea-a-la-equidad-y-vuelve-a-los-ocho\/\" \/>\n<meta property=\"og:locale\" content=\"es_ES\" \/>\n<meta property=\"og:type\" content=\"article\" \/>\n<meta property=\"og:title\" content=\"Santa Fe golea a La Equidad y vuelve a los ocho -\" \/>\n<meta property=\"og:description\" content=\"Santa Fe gole\u00f3 3-0 a La Equidad en su primer partido sin Jorge Bava como director t\u00e9cnico y regres\u00f3 al grupo de los ocho mejores. De la mano de Francisco L\u00f3pez, el equipo Cardenal dej\u00f3 una buena imagen en El Camp\u00edn. Los goles de los locales fueron obra de Hugo Rodallega, en el cierre del [&hellip;]\" \/>\n<meta property=\"og:url\" content=\"https:\/\/futbolhoy.co\/index.php\/2025\/09\/28\/santa-fe-golea-a-la-equidad-y-vuelve-a-los-ocho\/\" \/>\n<meta property=\"article:publisher\" content=\"https:\/\/www.facebook.com\/FutbolHoyCol\/\" \/>\n<meta property=\"article:published_time\" content=\"2025-09-29T01:59:51+00:00\" \/>\n<meta property=\"article:modified_time\" content=\"2025-09-29T16:25:53+00:00\" \/>\n<meta property=\"og:image\" content=\"https:\/\/futbolhoy.co\/wp-content\/uploads\/2025\/09\/Santa-Fe.png\" \/>\n\t<meta property=\"og:image:width\" content=\"631\" \/>\n\t<meta property=\"og:image:height\" content=\"601\" \/>\n\t<meta property=\"og:image:type\" content=\"image\/png\" \/>\n<meta name=\"author\" content=\"contenido\" \/>\n<meta name=\"twitter:card\" content=\"summary_large_image\" \/>\n<meta name=\"twitter:creator\" content=\"@FutbolHoyCol\" \/>\n<meta name=\"twitter:site\" content=\"@FutbolHoyCol\" \/>\n<meta name=\"twitter:label1\" content=\"Escrito por\" \/>\n\t<meta name=\"twitter:data1\" content=\"contenido\" \/>\n\t<meta name=\"twitter:label2\" content=\"Tiempo de lectura\" \/>\n\t<meta name=\"twitter:data2\" content=\"1 minuto\" \/>\n<script type=\"application\/ld+json\" class=\"yoast-schema-graph\">{\"@context\":\"https:\/\/schema.org\",\"@graph\":[{\"@type\":\"Article\",\"@id\":\"https:\/\/futbolhoy.co\/index.php\/2025\/09\/28\/santa-fe-golea-a-la-equidad-y-vuelve-a-los-ocho\/#article\",\"isPartOf\":{\"@id\":\"https:\/\/futbolhoy.co\/index.php\/2025\/09\/28\/santa-fe-golea-a-la-equidad-y-vuelve-a-los-ocho\/\"},\"author\":{\"name\":\"contenido\",\"@id\":\"https:\/\/futbolhoy.co\/#\/schema\/person\/1721b69355b6623eaff15ac7b92d4cc3\"},\"headline\":\"Santa Fe golea a La Equidad y vuelve a los ocho\",\"datePublished\":\"2025-09-29T01:59:51+00:00\",\"dateModified\":\"2025-09-29T16:25:53+00:00\",\"mainEntityOfPage\":{\"@id\":\"https:\/\/futbolhoy.co\/index.php\/2025\/09\/28\/santa-fe-golea-a-la-equidad-y-vuelve-a-los-ocho\/\"},\"wordCount\":154,\"commentCount\":0,\"publisher\":{\"@id\":\"https:\/\/futbolhoy.co\/#organization\"},\"image\":{\"@id\":\"https:\/\/futbolhoy.co\/index.php\/2025\/09\/28\/santa-fe-golea-a-la-equidad-y-vuelve-a-los-ocho\/#primaryimage\"},\"thumbnailUrl\":\"https:\/\/futbolhoy.co\/wp-content\/uploads\/2025\/09\/Santa-Fe.png\",\"articleSection\":[\"Liga BetPlay\"],\"inLanguage\":\"es\",\"potentialAction\":[{\"@type\":\"CommentAction\",\"name\":\"Comment\",\"target\":[\"https:\/\/futbolhoy.co\/index.php\/2025\/09\/28\/santa-fe-golea-a-la-equidad-y-vuelve-a-los-ocho\/#respond\"]}]},{\"@type\":\"WebPage\",\"@id\":\"https:\/\/futbolhoy.co\/index.php\/2025\/09\/28\/santa-fe-golea-a-la-equidad-y-vuelve-a-los-ocho\/\",\"url\":\"https:\/\/futbolhoy.co\/index.php\/2025\/09\/28\/santa-fe-golea-a-la-equidad-y-vuelve-a-los-ocho\/\",\"name\":\"Santa Fe golea a La Equidad y vuelve a los ocho -\",\"isPartOf\":{\"@id\":\"https:\/\/futbolhoy.co\/#website\"},\"primaryImageOfPage\":{\"@id\":\"https:\/\/futbolhoy.co\/index.php\/2025\/09\/28\/santa-fe-golea-a-la-equidad-y-vuelve-a-los-ocho\/#primaryimage\"},\"image\":{\"@id\":\"https:\/\/futbolhoy.co\/index.php\/2025\/09\/28\/santa-fe-golea-a-la-equidad-y-vuelve-a-los-ocho\/#primaryimage\"},\"thumbnailUrl\":\"https:\/\/futbolhoy.co\/wp-content\/uploads\/2025\/09\/Santa-Fe.png\",\"datePublished\":\"2025-09-29T01:59:51+00:00\",\"dateModified\":\"2025-09-29T16:25:53+00:00\",\"breadcrumb\":{\"@id\":\"https:\/\/futbolhoy.co\/index.php\/2025\/09\/28\/santa-fe-golea-a-la-equidad-y-vuelve-a-los-ocho\/#breadcrumb\"},\"inLanguage\":\"es\",\"potentialAction\":[{\"@type\":\"ReadAction\",\"target\":[\"https:\/\/futbolhoy.co\/index.php\/2025\/09\/28\/santa-fe-golea-a-la-equidad-y-vuelve-a-los-ocho\/\"]}]},{\"@type\":\"ImageObject\",\"inLanguage\":\"es\",\"@id\":\"https:\/\/futbolhoy.co\/index.php\/2025\/09\/28\/santa-fe-golea-a-la-equidad-y-vuelve-a-los-ocho\/#primaryimage\",\"url\":\"https:\/\/futbolhoy.co\/wp-content\/uploads\/2025\/09\/Santa-Fe.png\",\"contentUrl\":\"https:\/\/futbolhoy.co\/wp-content\/uploads\/2025\/09\/Santa-Fe.png\",\"width\":631,\"height\":601},{\"@type\":\"BreadcrumbList\",\"@id\":\"https:\/\/futbolhoy.co\/index.php\/2025\/09\/28\/santa-fe-golea-a-la-equidad-y-vuelve-a-los-ocho\/#breadcrumb\",\"itemListElement\":[{\"@type\":\"ListItem\",\"position\":1,\"name\":\"Portada\",\"item\":\"https:\/\/futbolhoy.co\/\"},{\"@type\":\"ListItem\",\"position\":2,\"name\":\"Santa Fe golea a La Equidad y vuelve a los ocho\"}]},{\"@type\":\"WebSite\",\"@id\":\"https:\/\/futbolhoy.co\/#website\",\"url\":\"https:\/\/futbolhoy.co\/\",\"name\":\"FutbolHoy\",\"description\":\"\",\"publisher\":{\"@id\":\"https:\/\/futbolhoy.co\/#organization\"},\"potentialAction\":[{\"@type\":\"SearchAction\",\"target\":{\"@type\":\"EntryPoint\",\"urlTemplate\":\"https:\/\/futbolhoy.co\/?s={search_term_string}\"},\"query-input\":{\"@type\":\"PropertyValueSpecification\",\"valueRequired\":true,\"valueName\":\"search_term_string\"}}],\"inLanguage\":\"es\"},{\"@type\":\"Organization\",\"@id\":\"https:\/\/futbolhoy.co\/#organization\",\"name\":\"Futbolhoy.co\",\"url\":\"https:\/\/futbolhoy.co\/\",\"logo\":{\"@type\":\"ImageObject\",\"inLanguage\":\"es\",\"@id\":\"https:\/\/futbolhoy.co\/#\/schema\/logo\/image\/\",\"url\":\"https:\/\/futbolhoy.co\/wp-content\/uploads\/2018\/08\/17426380_1906371736249227_6326180412931521141_n.jpg\",\"contentUrl\":\"https:\/\/futbolhoy.co\/wp-content\/uploads\/2018\/08\/17426380_1906371736249227_6326180412931521141_n.jpg\",\"width\":960,\"height\":960,\"caption\":\"Futbolhoy.co\"},\"image\":{\"@id\":\"https:\/\/futbolhoy.co\/#\/schema\/logo\/image\/\"},\"sameAs\":[\"https:\/\/www.facebook.com\/FutbolHoyCol\/\",\"https:\/\/x.com\/FutbolHoyCol\",\"https:\/\/www.instagram.com\/futbolhoycol\/\"]},{\"@type\":\"Person\",\"@id\":\"https:\/\/futbolhoy.co\/#\/schema\/person\/1721b69355b6623eaff15ac7b92d4cc3\",\"name\":\"contenido\",\"image\":{\"@type\":\"ImageObject\",\"inLanguage\":\"es\",\"@id\":\"https:\/\/futbolhoy.co\/#\/schema\/person\/image\/\",\"url\":\"https:\/\/secure.gravatar.com\/avatar\/4f656d3256f5134f466206e7c3941518?s=96&d=mm&r=g\",\"contentUrl\":\"https:\/\/secure.gravatar.com\/avatar\/4f656d3256f5134f466206e7c3941518?s=96&d=mm&r=g\",\"caption\":\"contenido\"}}]}<\/script>\n<!-- \/ Yoast SEO plugin. -->","yoast_head_json":{"title":"Santa Fe golea a La Equidad y vuelve a los ocho -","robots":{"index":"index","follow":"follow","max-snippet":"max-snippet:-1","max-image-preview":"max-image-preview:large","max-video-preview":"max-video-preview:-1"},"canonical":"https:\/\/futbolhoy.co\/index.php\/2025\/09\/28\/santa-fe-golea-a-la-equidad-y-vuelve-a-los-ocho\/","og_locale":"es_ES","og_type":"article","og_title":"Santa Fe golea a La Equidad y vuelve a los ocho -","og_description":"Santa Fe gole\u00f3 3-0 a La Equidad en su primer partido sin Jorge Bava como director t\u00e9cnico y regres\u00f3 al grupo de los ocho mejores. De la mano de Francisco L\u00f3pez, el equipo Cardenal dej\u00f3 una buena imagen en El Camp\u00edn. Los goles de los locales fueron obra de Hugo Rodallega, en el cierre del [&hellip;]","og_url":"https:\/\/futbolhoy.co\/index.php\/2025\/09\/28\/santa-fe-golea-a-la-equidad-y-vuelve-a-los-ocho\/","article_publisher":"https:\/\/www.facebook.com\/FutbolHoyCol\/","article_published_time":"2025-09-29T01:59:51+00:00","article_modified_time":"2025-09-29T16:25:53+00:00","og_image":[{"width":631,"height":601,"url":"https:\/\/futbolhoy.co\/wp-content\/uploads\/2025\/09\/Santa-Fe.png","type":"image\/png"}],"author":"contenido","twitter_card":"summary_large_image","twitter_creator":"@FutbolHoyCol","twitter_site":"@FutbolHoyCol","twitter_misc":{"Escrito por":"contenido","Tiempo de lectura":"1 minuto"},"schema":{"@context":"https:\/\/schema.org","@graph":[{"@type":"Article","@id":"https:\/\/futbolhoy.co\/index.php\/2025\/09\/28\/santa-fe-golea-a-la-equidad-y-vuelve-a-los-ocho\/#article","isPartOf":{"@id":"https:\/\/futbolhoy.co\/index.php\/2025\/09\/28\/santa-fe-golea-a-la-equidad-y-vuelve-a-los-ocho\/"},"author":{"name":"contenido","@id":"https:\/\/futbolhoy.co\/#\/schema\/person\/1721b69355b6623eaff15ac7b92d4cc3"},"headline":"Santa Fe golea a La Equidad y vuelve a los ocho","datePublished":"2025-09-29T01:59:51+00:00","dateModified":"2025-09-29T16:25:53+00:00","mainEntityOfPage":{"@id":"https:\/\/futbolhoy.co\/index.php\/2025\/09\/28\/santa-fe-golea-a-la-equidad-y-vuelve-a-los-ocho\/"},"wordCount":154,"commentCount":0,"publisher":{"@id":"https:\/\/futbolhoy.co\/#organization"},"image":{"@id":"https:\/\/futbolhoy.co\/index.php\/2025\/09\/28\/santa-fe-golea-a-la-equidad-y-vuelve-a-los-ocho\/#primaryimage"},"thumbnailUrl":"https:\/\/futbolhoy.co\/wp-content\/uploads\/2025\/09\/Santa-Fe.png","articleSection":["Liga BetPlay"],"inLanguage":"es","potentialAction":[{"@type":"CommentAction","name":"Comment","target":["https:\/\/futbolhoy.co\/index.php\/2025\/09\/28\/santa-fe-golea-a-la-equidad-y-vuelve-a-los-ocho\/#respond"]}]},{"@type":"WebPage","@id":"https:\/\/futbolhoy.co\/index.php\/2025\/09\/28\/santa-fe-golea-a-la-equidad-y-vuelve-a-los-ocho\/","url":"https:\/\/futbolhoy.co\/index.php\/2025\/09\/28\/santa-fe-golea-a-la-equidad-y-vuelve-a-los-ocho\/","name":"Santa Fe golea a La Equidad y vuelve a los ocho -","isPartOf":{"@id":"https:\/\/futbolhoy.co\/#website"},"primaryImageOfPage":{"@id":"https:\/\/futbolhoy.co\/index.php\/2025\/09\/28\/santa-fe-golea-a-la-equidad-y-vuelve-a-los-ocho\/#primaryimage"},"image":{"@id":"https:\/\/futbolhoy.co\/index.php\/2025\/09\/28\/santa-fe-golea-a-la-equidad-y-vuelve-a-los-ocho\/#primaryimage"},"thumbnailUrl":"https:\/\/futbolhoy.co\/wp-content\/uploads\/2025\/09\/Santa-Fe.png","datePublished":"2025-09-29T01:59:51+00:00","dateModified":"2025-09-29T16:25:53+00:00","breadcrumb":{"@id":"https:\/\/futbolhoy.co\/index.php\/2025\/09\/28\/santa-fe-golea-a-la-equidad-y-vuelve-a-los-ocho\/#breadcrumb"},"inLanguage":"es","potentialAction":[{"@type":"ReadAction","target":["https:\/\/futbolhoy.co\/index.php\/2025\/09\/28\/santa-fe-golea-a-la-equidad-y-vuelve-a-los-ocho\/"]}]},{"@type":"ImageObject","inLanguage":"es","@id":"https:\/\/futbolhoy.co\/index.php\/2025\/09\/28\/santa-fe-golea-a-la-equidad-y-vuelve-a-los-ocho\/#primaryimage","url":"https:\/\/futbolhoy.co\/wp-content\/uploads\/2025\/09\/Santa-Fe.png","contentUrl":"https:\/\/futbolhoy.co\/wp-content\/uploads\/2025\/09\/Santa-Fe.png","width":631,"height":601},{"@type":"BreadcrumbList","@id":"https:\/\/futbolhoy.co\/index.php\/2025\/09\/28\/santa-fe-golea-a-la-equidad-y-vuelve-a-los-ocho\/#breadcrumb","itemListElement":[{"@type":"ListItem","position":1,"name":"Portada","item":"https:\/\/futbolhoy.co\/"},{"@type":"ListItem","position":2,"name":"Santa Fe golea a La Equidad y vuelve a los ocho"}]},{"@type":"WebSite","@id":"https:\/\/futbolhoy.co\/#website","url":"https:\/\/futbolhoy.co\/","name":"FutbolHoy","description":"","publisher":{"@id":"https:\/\/futbolhoy.co\/#organization"},"potentialAction":[{"@type":"SearchAction","target":{"@type":"EntryPoint","urlTemplate":"https:\/\/futbolhoy.co\/?s={search_term_string}"},"query-input":{"@type":"PropertyValueSpecification","valueRequired":true,"valueName":"search_term_string"}}],"inLanguage":"es"},{"@type":"Organization","@id":"https:\/\/futbolhoy.co\/#organization","name":"Futbolhoy.co","url":"https:\/\/futbolhoy.co\/","logo":{"@type":"ImageObject","inLanguage":"es","@id":"https:\/\/futbolhoy.co\/#\/schema\/logo\/image\/","url":"https:\/\/futbolhoy.co\/wp-content\/uploads\/2018\/08\/17426380_1906371736249227_6326180412931521141_n.jpg","contentUrl":"https:\/\/futbolhoy.co\/wp-content\/uploads\/2018\/08\/17426380_1906371736249227_6326180412931521141_n.jpg","width":960,"height":960,"caption":"Futbolhoy.co"},"image":{"@id":"https:\/\/futbolhoy.co\/#\/schema\/logo\/image\/"},"sameAs":["https:\/\/www.facebook.com\/FutbolHoyCol\/","https:\/\/x.com\/FutbolHoyCol","https:\/\/www.instagram.com\/futbolhoycol\/"]},{"@type":"Person","@id":"https:\/\/futbolhoy.co\/#\/schema\/person\/1721b69355b6623eaff15ac7b92d4cc3","name":"contenido","image":{"@type":"ImageObject","inLanguage":"es","@id":"https:\/\/futbolhoy.co\/#\/schema\/person\/image\/","url":"https:\/\/secure.gravatar.com\/avatar\/4f656d3256f5134f466206e7c3941518?s=96&d=mm&r=g","contentUrl":"https:\/\/secure.gravatar.com\/avatar\/4f656d3256f5134f466206e7c3941518?s=96&d=mm&r=g","caption":"contenido"}}]}},"publishpress_future_action":{"enabled":false,"date":"2026-05-05 23:27:37","action":"change-status","newStatus":"draft","terms":[],"taxonomy":"category","extraData":[]},"publishpress_future_workflow_manual_trigger":{"enabledWorkflows":[]},"_links":{"self":[{"href":"https:\/\/futbolhoy.co\/index.php\/wp-json\/wp\/v2\/posts\/123919","targetHints":{"allow":["GET"]}}],"collection":[{"href":"https:\/\/futbolhoy.co\/index.php\/wp-json\/wp\/v2\/posts"}],"about":[{"href":"https:\/\/futbolhoy.co\/index.php\/wp-json\/wp\/v2\/types\/post"}],"author":[{"embeddable":true,"href":"https:\/\/futbolhoy.co\/index.php\/wp-json\/wp\/v2\/users\/4"}],"replies":[{"embeddable":true,"href":"https:\/\/futbolhoy.co\/index.php\/wp-json\/wp\/v2\/comments?post=123919"}],"version-history":[{"count":1,"href":"https:\/\/futbolhoy.co\/index.php\/wp-json\/wp\/v2\/posts\/123919\/revisions"}],"predecessor-version":[{"id":123921,"href":"https:\/\/futbolhoy.co\/index.php\/wp-json\/wp\/v2\/posts\/123919\/revisions\/123921"}],"wp:featuredmedia":[{"embeddable":true,"href":"https:\/\/futbolhoy.co\/index.php\/wp-json\/wp\/v2\/media\/123920"}],"wp:attachment":[{"href":"https:\/\/futbolhoy.co\/index.php\/wp-json\/wp\/v2\/media?parent=123919"}],"wp:term":[{"taxonomy":"category","embeddable":true,"href":"https:\/\/futbolhoy.co\/index.php\/wp-json\/wp\/v2\/categories?post=123919"},{"taxonomy":"post_tag","embeddable":true,"href":"https:\/\/futbolhoy.co\/index.php\/wp-json\/wp\/v2\/tags?post=123919"}],"curies":[{"name":"wp","href":"https:\/\/api.w.org\/{rel}","templated":true}]}}