{"id":123937,"date":"2025-09-29T07:40:25","date_gmt":"2025-09-29T12:40:25","guid":{"rendered":"https:\/\/futbolhoy.co\/?p=123937"},"modified":"2025-10-01T12:38:43","modified_gmt":"2025-10-01T17:38:43","slug":"goleadores-colombianos-por-el-mundo-suarez-cucho-cabal-suarez-y-mas","status":"publish","type":"post","link":"https:\/\/futbolhoy.co\/index.php\/2025\/09\/29\/goleadores-colombianos-por-el-mundo-suarez-cucho-cabal-suarez-y-mas\/","title":{"rendered":"Goleadores colombianos por el mundo: Su\u00e1rez, 'Cucho', Cabal, Su\u00e1rez y m\u00e1s"},"content":{"rendered":"<p style=\"text-align: justify;\"><span style=\"font-family: helvetica, arial, sans-serif;\">Durante el desarrollo de la jornada futbolera, que finaliz\u00f3 el domingo 28 de septiembre, algunos jugadores <strong>colombianos destacaron con gol<\/strong> en sus clubes.<\/span><\/p>\n<p style=\"text-align: justify;\"><span style=\"font-family: helvetica, arial, sans-serif;\">Con menos de nueve meses restantes para el inicio de la Copa del Mundo 2026, los futbolistas resaltan para ser tenidos en cuenta por el director t\u00e9cnico N\u00e9stor Lorenzo para la <strong>Selecci\u00f3n Colombia<\/strong>.<\/span><\/p>\n<h3 style=\"text-align: justify;\"><span style=\"font-family: helvetica, arial, sans-serif;\">Goles de colombianos<\/span><\/h3>\n<p style=\"text-align: justify;\"><span style=\"font-family: helvetica, arial, sans-serif;\"><strong>Juan David Cabal<\/strong><\/span><\/p>\n<p style=\"text-align: justify;\"><span style=\"font-family: helvetica, arial, sans-serif;\">El vallecaucano salv\u00f3 el invicto de <strong>Juventus<\/strong>, tras marcar el gol del empate en la <strong>Serie A<\/strong>, en la fecha 5. As\u00ed fue su anotaci\u00f3n:<\/span><\/p>\n<blockquote class=\"twitter-tweet\">\n<p dir=\"ltr\" lang=\"es\">EMPATA LA JUVE CON PRESENCIA CAFETERA: Juan Cabal marc\u00f3 el 1-1 de la Vecchia Signora ante Atalanta.<\/p>\n<p>\ud83d\udcfa Mir\u00e1 la <a href=\"https:\/\/twitter.com\/hashtag\/SerieA?src=hash&amp;ref_src=twsrc%5Etfw\">#SerieA<\/a> por <a href=\"https:\/\/twitter.com\/hashtag\/DisneyPlus?src=hash&amp;ref_src=twsrc%5Etfw\">#DisneyPlus<\/a> Plan Premium <a href=\"https:\/\/t.co\/jTXc8w7AW5\">pic.twitter.com\/jTXc8w7AW5<\/a><\/p>\n<p>\u2014 SportsCenter (@SC_ESPN) <a href=\"https:\/\/twitter.com\/SC_ESPN\/status\/1971993797652341085?ref_src=twsrc%5Etfw\">September 27, 2025<\/a><\/p><\/blockquote>\n<p style=\"text-align: justify;\"><script async src=\"https:\/\/platform.twitter.com\/widgets.js\" charset=\"utf-8\"><\/script><span style=\"font-family: helvetica, arial, sans-serif;\"><strong>Luis Javier Su\u00e1rez<\/strong><\/span><\/p>\n<p style=\"text-align: justify;\"><span style=\"font-family: helvetica, arial, sans-serif;\">El samario convirti\u00f3 su segundo gol en l\u00ednea, que deriv\u00f3 en el triunfo de <strong>Sporting<\/strong> sobre Estoril, y su equipo permanece segundo en la <strong>Liga de Portugal<\/strong>, por detr\u00e1s de Porto. A continuaci\u00f3n la anotaci\u00f3n:<\/span><\/p>\n<blockquote class=\"twitter-tweet\" data-media-max-width=\"560\">\n<p dir=\"ltr\" lang=\"es\">IMPARABLE, INTRATABLE, DE AMORES CON EL GOL, EL MVP \ud83c\udf1f\ud83d\udcab\ud83d\udc4f\ud83c\udffe\ud83c\udde8\ud83c\uddf4\u26bd\ufe0f\ud83d\udd25<\/p>\n<p>Luis Javier Su\u00e1rez anot\u00f3 (12\u2019\u26bd\ufe0f) y de paso le dio la victoria al Sporting CP 0-1 \ud83c\udd9a Estoril en la liga portuguesa de f\u00fatbol.<\/p>\n<p>El delantero samario que fue titular, ya suma 5 goles en 7 fechas disputadas. <a href=\"https:\/\/t.co\/t8rstOjate\">pic.twitter.com\/t8rstOjate<\/a><\/p>\n<p>\u2014 IsauroRodr\u00edguez\u26bd\ud83c\udf99\ud83d\udcfb (@IsaRodriguez91) <a href=\"https:\/\/twitter.com\/IsaRodriguez91\/status\/1972070032898433118?ref_src=twsrc%5Etfw\">September 27, 2025<\/a><\/p><\/blockquote>\n<p style=\"text-align: justify;\"><script async src=\"https:\/\/platform.twitter.com\/widgets.js\" charset=\"utf-8\"><\/script><span style=\"font-family: helvetica, arial, sans-serif;\"><strong>Juan Camilo 'Cucho' Hern\u00e1ndez<\/strong><\/span><\/p>\n<p style=\"text-align: justify;\"><span style=\"font-family: helvetica, arial, sans-serif;\">El pereirano marc\u00f3 su tercer gol consecutivo en LaLiga con <strong>Real Betis<\/strong>, y esta vez lo acompa\u00f1\u00f3 de una asistencia para que su club se quede con los tres puntos. As\u00ed fue el tanto:<\/span><\/p>\n<blockquote class=\"twitter-tweet\" data-media-max-width=\"560\">\n<p dir=\"ltr\" lang=\"es\">\ud83d\udea8 LA LIGA! \ud83c\uddea\ud83c\uddf8<\/p>\n<p>CUCHO HERN\u00c1NDEZ DOUBLES THE LEAD! \ud83c\udde8\ud83c\uddf4<\/p>\n<p>Real Betis 2-0 Osasuna<\/p>\n<p>\ud83c\udfa5 <a href=\"https:\/\/twitter.com\/GoalsXtra?ref_src=twsrc%5Etfw\">@GoalsXtra<\/a> <a href=\"https:\/\/t.co\/iVmNZOdMYs\">pic.twitter.com\/iVmNZOdMYs<\/a><\/p>\n<p>\u2014 Polymarket FC (@PolymarketFC) <a href=\"https:\/\/twitter.com\/PolymarketFC\/status\/1972386592292810911?ref_src=twsrc%5Etfw\">September 28, 2025<\/a><\/p><\/blockquote>\n<p style=\"text-align: justify;\"><script async src=\"https:\/\/platform.twitter.com\/widgets.js\" charset=\"utf-8\"><\/script><span style=\"font-family: helvetica, arial, sans-serif;\"><strong>Luis D\u00edaz<\/strong><\/span><\/p>\n<p style=\"text-align: justify;\"><span style=\"font-family: helvetica, arial, sans-serif;\">Aunque su anotaci\u00f3n en la jornada 5 frente a Werder Bremen <strong>no la sum\u00f3 Bundesliga<\/strong>, 'Lucho' tambi\u00e9n marc\u00f3 gol tras desviar con la <strong>rodilla izquierda<\/strong>, un remate de 'taco' de Jonathan Tah, pese a que no sum\u00f3 a su cuenta personal.<\/span><\/p>\n<p style=\"text-align: justify;\"><span style=\"font-family: helvetica, arial, sans-serif;\">As\u00ed fue el gol:<\/span><\/p>\n<blockquote class=\"twitter-tweet\" data-media-max-width=\"560\">\n<p dir=\"ltr\" lang=\"es\">\u00a1METI\u00d3 LA RODILLA! Olise tir\u00f3 el centro, Tah defini\u00f3 de taco y Luis D\u00edaz la desvi\u00f3 para el 1-0 de Bayern Munich vs. Werder Bremen por la <a href=\"https:\/\/twitter.com\/hashtag\/Bundesliga?src=hash&amp;ref_src=twsrc%5Etfw\">#Bundesliga<\/a>.<\/p>\n<p>\ud83d\udcfa Mir\u00e1 la <a href=\"https:\/\/twitter.com\/hashtag\/Bundesliga?src=hash&amp;ref_src=twsrc%5Etfw\">#Bundesliga<\/a> por <a href=\"https:\/\/twitter.com\/hashtag\/DisneyPlus?src=hash&amp;ref_src=twsrc%5Etfw\">#DisneyPlus<\/a> Plan Premium <a href=\"https:\/\/t.co\/RfchryaFIu\">pic.twitter.com\/RfchryaFIu<\/a><\/p>\n<p>\u2014 SportsCenter (@SC_ESPN) <a href=\"https:\/\/twitter.com\/SC_ESPN\/status\/1971650372423823633?ref_src=twsrc%5Etfw\">September 26, 2025<\/a><\/p><\/blockquote>\n<p><script async src=\"https:\/\/platform.twitter.com\/widgets.js\" charset=\"utf-8\"><\/script><\/p>\n<p>&nbsp;<\/p>\n","protected":false},"excerpt":{"rendered":"<p>Durante el desarrollo de la jornada futbolera, que finaliz\u00f3 el domingo 28 de septiembre, algunos jugadores colombianos destacaron con gol en sus clubes. Con menos de nueve meses restantes para el inicio de la Copa del Mundo 2026, los futbolistas resaltan para ser tenidos en cuenta por el director t\u00e9cnico N\u00e9stor Lorenzo para la Selecci\u00f3n [&hellip;]<\/p>\n","protected":false},"author":4,"featured_media":123938,"comment_status":"open","ping_status":"open","sticky":false,"template":"","format":"standard","meta":{"_acf_changed":false,"footnotes":""},"categories":[153],"tags":[],"class_list":{"0":"post-123937","1":"post","2":"type-post","3":"status-publish","4":"format-standard","5":"has-post-thumbnail","7":"category-selecion-colombia"},"acf":[],"yoast_head":"<!-- This site is optimized with the Yoast SEO plugin v26.8 - https:\/\/yoast.com\/product\/yoast-seo-wordpress\/ -->\n<title>Goleadores colombianos por el mundo: Su\u00e1rez, &#039;Cucho&#039;, Cabal, Su\u00e1rez y m\u00e1s -<\/title>\n<meta name=\"robots\" content=\"index, follow, max-snippet:-1, max-image-preview:large, max-video-preview:-1\" \/>\n<link rel=\"canonical\" href=\"https:\/\/futbolhoy.co\/index.php\/2025\/09\/29\/goleadores-colombianos-por-el-mundo-suarez-cucho-cabal-suarez-y-mas\/\" \/>\n<meta property=\"og:locale\" content=\"es_ES\" \/>\n<meta property=\"og:type\" content=\"article\" \/>\n<meta property=\"og:title\" content=\"Goleadores colombianos por el mundo: Su\u00e1rez, &#039;Cucho&#039;, Cabal, Su\u00e1rez y m\u00e1s -\" \/>\n<meta property=\"og:description\" content=\"Durante el desarrollo de la jornada futbolera, que finaliz\u00f3 el domingo 28 de septiembre, algunos jugadores colombianos destacaron con gol en sus clubes. Con menos de nueve meses restantes para el inicio de la Copa del Mundo 2026, los futbolistas resaltan para ser tenidos en cuenta por el director t\u00e9cnico N\u00e9stor Lorenzo para la Selecci\u00f3n [&hellip;]\" \/>\n<meta property=\"og:url\" content=\"https:\/\/futbolhoy.co\/index.php\/2025\/09\/29\/goleadores-colombianos-por-el-mundo-suarez-cucho-cabal-suarez-y-mas\/\" \/>\n<meta property=\"article:publisher\" content=\"https:\/\/www.facebook.com\/FutbolHoyCol\/\" \/>\n<meta property=\"article:published_time\" content=\"2025-09-29T12:40:25+00:00\" \/>\n<meta property=\"article:modified_time\" content=\"2025-10-01T17:38:43+00:00\" \/>\n<meta property=\"og:image\" content=\"https:\/\/futbolhoy.co\/wp-content\/uploads\/2025\/09\/WhatsApp-Image-2025-09-29-at-7.37.17-AM.jpeg\" \/>\n\t<meta property=\"og:image:width\" content=\"828\" \/>\n\t<meta property=\"og:image:height\" content=\"526\" \/>\n\t<meta property=\"og:image:type\" content=\"image\/jpeg\" \/>\n<meta name=\"author\" content=\"contenido\" \/>\n<meta name=\"twitter:card\" content=\"summary_large_image\" \/>\n<meta name=\"twitter:creator\" content=\"@FutbolHoyCol\" \/>\n<meta name=\"twitter:site\" content=\"@FutbolHoyCol\" \/>\n<meta name=\"twitter:label1\" content=\"Escrito por\" \/>\n\t<meta name=\"twitter:data1\" content=\"contenido\" \/>\n\t<meta name=\"twitter:label2\" content=\"Tiempo de lectura\" \/>\n\t<meta name=\"twitter:data2\" content=\"2 minutos\" \/>\n<script type=\"application\/ld+json\" class=\"yoast-schema-graph\">{\"@context\":\"https:\/\/schema.org\",\"@graph\":[{\"@type\":\"Article\",\"@id\":\"https:\/\/futbolhoy.co\/index.php\/2025\/09\/29\/goleadores-colombianos-por-el-mundo-suarez-cucho-cabal-suarez-y-mas\/#article\",\"isPartOf\":{\"@id\":\"https:\/\/futbolhoy.co\/index.php\/2025\/09\/29\/goleadores-colombianos-por-el-mundo-suarez-cucho-cabal-suarez-y-mas\/\"},\"author\":{\"name\":\"contenido\",\"@id\":\"https:\/\/futbolhoy.co\/#\/schema\/person\/1721b69355b6623eaff15ac7b92d4cc3\"},\"headline\":\"Goleadores colombianos por el mundo: Su\u00e1rez, 'Cucho', Cabal, Su\u00e1rez y m\u00e1s\",\"datePublished\":\"2025-09-29T12:40:25+00:00\",\"dateModified\":\"2025-10-01T17:38:43+00:00\",\"mainEntityOfPage\":{\"@id\":\"https:\/\/futbolhoy.co\/index.php\/2025\/09\/29\/goleadores-colombianos-por-el-mundo-suarez-cucho-cabal-suarez-y-mas\/\"},\"wordCount\":387,\"commentCount\":0,\"publisher\":{\"@id\":\"https:\/\/futbolhoy.co\/#organization\"},\"image\":{\"@id\":\"https:\/\/futbolhoy.co\/index.php\/2025\/09\/29\/goleadores-colombianos-por-el-mundo-suarez-cucho-cabal-suarez-y-mas\/#primaryimage\"},\"thumbnailUrl\":\"https:\/\/futbolhoy.co\/wp-content\/uploads\/2025\/09\/WhatsApp-Image-2025-09-29-at-7.37.17-AM.jpeg\",\"articleSection\":[\"Selecci\u00f3n Colombia\"],\"inLanguage\":\"es\",\"potentialAction\":[{\"@type\":\"CommentAction\",\"name\":\"Comment\",\"target\":[\"https:\/\/futbolhoy.co\/index.php\/2025\/09\/29\/goleadores-colombianos-por-el-mundo-suarez-cucho-cabal-suarez-y-mas\/#respond\"]}]},{\"@type\":\"WebPage\",\"@id\":\"https:\/\/futbolhoy.co\/index.php\/2025\/09\/29\/goleadores-colombianos-por-el-mundo-suarez-cucho-cabal-suarez-y-mas\/\",\"url\":\"https:\/\/futbolhoy.co\/index.php\/2025\/09\/29\/goleadores-colombianos-por-el-mundo-suarez-cucho-cabal-suarez-y-mas\/\",\"name\":\"Goleadores colombianos por el mundo: Su\u00e1rez, 'Cucho', Cabal, Su\u00e1rez y m\u00e1s -\",\"isPartOf\":{\"@id\":\"https:\/\/futbolhoy.co\/#website\"},\"primaryImageOfPage\":{\"@id\":\"https:\/\/futbolhoy.co\/index.php\/2025\/09\/29\/goleadores-colombianos-por-el-mundo-suarez-cucho-cabal-suarez-y-mas\/#primaryimage\"},\"image\":{\"@id\":\"https:\/\/futbolhoy.co\/index.php\/2025\/09\/29\/goleadores-colombianos-por-el-mundo-suarez-cucho-cabal-suarez-y-mas\/#primaryimage\"},\"thumbnailUrl\":\"https:\/\/futbolhoy.co\/wp-content\/uploads\/2025\/09\/WhatsApp-Image-2025-09-29-at-7.37.17-AM.jpeg\",\"datePublished\":\"2025-09-29T12:40:25+00:00\",\"dateModified\":\"2025-10-01T17:38:43+00:00\",\"breadcrumb\":{\"@id\":\"https:\/\/futbolhoy.co\/index.php\/2025\/09\/29\/goleadores-colombianos-por-el-mundo-suarez-cucho-cabal-suarez-y-mas\/#breadcrumb\"},\"inLanguage\":\"es\",\"potentialAction\":[{\"@type\":\"ReadAction\",\"target\":[\"https:\/\/futbolhoy.co\/index.php\/2025\/09\/29\/goleadores-colombianos-por-el-mundo-suarez-cucho-cabal-suarez-y-mas\/\"]}]},{\"@type\":\"ImageObject\",\"inLanguage\":\"es\",\"@id\":\"https:\/\/futbolhoy.co\/index.php\/2025\/09\/29\/goleadores-colombianos-por-el-mundo-suarez-cucho-cabal-suarez-y-mas\/#primaryimage\",\"url\":\"https:\/\/futbolhoy.co\/wp-content\/uploads\/2025\/09\/WhatsApp-Image-2025-09-29-at-7.37.17-AM.jpeg\",\"contentUrl\":\"https:\/\/futbolhoy.co\/wp-content\/uploads\/2025\/09\/WhatsApp-Image-2025-09-29-at-7.37.17-AM.jpeg\",\"width\":828,\"height\":526},{\"@type\":\"BreadcrumbList\",\"@id\":\"https:\/\/futbolhoy.co\/index.php\/2025\/09\/29\/goleadores-colombianos-por-el-mundo-suarez-cucho-cabal-suarez-y-mas\/#breadcrumb\",\"itemListElement\":[{\"@type\":\"ListItem\",\"position\":1,\"name\":\"Portada\",\"item\":\"https:\/\/futbolhoy.co\/\"},{\"@type\":\"ListItem\",\"position\":2,\"name\":\"Goleadores colombianos por el mundo: Su\u00e1rez, 'Cucho', Cabal, Su\u00e1rez y m\u00e1s\"}]},{\"@type\":\"WebSite\",\"@id\":\"https:\/\/futbolhoy.co\/#website\",\"url\":\"https:\/\/futbolhoy.co\/\",\"name\":\"FutbolHoy\",\"description\":\"\",\"publisher\":{\"@id\":\"https:\/\/futbolhoy.co\/#organization\"},\"potentialAction\":[{\"@type\":\"SearchAction\",\"target\":{\"@type\":\"EntryPoint\",\"urlTemplate\":\"https:\/\/futbolhoy.co\/?s={search_term_string}\"},\"query-input\":{\"@type\":\"PropertyValueSpecification\",\"valueRequired\":true,\"valueName\":\"search_term_string\"}}],\"inLanguage\":\"es\"},{\"@type\":\"Organization\",\"@id\":\"https:\/\/futbolhoy.co\/#organization\",\"name\":\"Futbolhoy.co\",\"url\":\"https:\/\/futbolhoy.co\/\",\"logo\":{\"@type\":\"ImageObject\",\"inLanguage\":\"es\",\"@id\":\"https:\/\/futbolhoy.co\/#\/schema\/logo\/image\/\",\"url\":\"https:\/\/futbolhoy.co\/wp-content\/uploads\/2018\/08\/17426380_1906371736249227_6326180412931521141_n.jpg\",\"contentUrl\":\"https:\/\/futbolhoy.co\/wp-content\/uploads\/2018\/08\/17426380_1906371736249227_6326180412931521141_n.jpg\",\"width\":960,\"height\":960,\"caption\":\"Futbolhoy.co\"},\"image\":{\"@id\":\"https:\/\/futbolhoy.co\/#\/schema\/logo\/image\/\"},\"sameAs\":[\"https:\/\/www.facebook.com\/FutbolHoyCol\/\",\"https:\/\/x.com\/FutbolHoyCol\",\"https:\/\/www.instagram.com\/futbolhoycol\/\"]},{\"@type\":\"Person\",\"@id\":\"https:\/\/futbolhoy.co\/#\/schema\/person\/1721b69355b6623eaff15ac7b92d4cc3\",\"name\":\"contenido\",\"image\":{\"@type\":\"ImageObject\",\"inLanguage\":\"es\",\"@id\":\"https:\/\/futbolhoy.co\/#\/schema\/person\/image\/\",\"url\":\"https:\/\/secure.gravatar.com\/avatar\/4f656d3256f5134f466206e7c3941518?s=96&d=mm&r=g\",\"contentUrl\":\"https:\/\/secure.gravatar.com\/avatar\/4f656d3256f5134f466206e7c3941518?s=96&d=mm&r=g\",\"caption\":\"contenido\"}}]}<\/script>\n<!-- \/ Yoast SEO plugin. -->","yoast_head_json":{"title":"Goleadores colombianos por el mundo: Su\u00e1rez, 'Cucho', Cabal, Su\u00e1rez y m\u00e1s -","robots":{"index":"index","follow":"follow","max-snippet":"max-snippet:-1","max-image-preview":"max-image-preview:large","max-video-preview":"max-video-preview:-1"},"canonical":"https:\/\/futbolhoy.co\/index.php\/2025\/09\/29\/goleadores-colombianos-por-el-mundo-suarez-cucho-cabal-suarez-y-mas\/","og_locale":"es_ES","og_type":"article","og_title":"Goleadores colombianos por el mundo: Su\u00e1rez, 'Cucho', Cabal, Su\u00e1rez y m\u00e1s -","og_description":"Durante el desarrollo de la jornada futbolera, que finaliz\u00f3 el domingo 28 de septiembre, algunos jugadores colombianos destacaron con gol en sus clubes. Con menos de nueve meses restantes para el inicio de la Copa del Mundo 2026, los futbolistas resaltan para ser tenidos en cuenta por el director t\u00e9cnico N\u00e9stor Lorenzo para la Selecci\u00f3n [&hellip;]","og_url":"https:\/\/futbolhoy.co\/index.php\/2025\/09\/29\/goleadores-colombianos-por-el-mundo-suarez-cucho-cabal-suarez-y-mas\/","article_publisher":"https:\/\/www.facebook.com\/FutbolHoyCol\/","article_published_time":"2025-09-29T12:40:25+00:00","article_modified_time":"2025-10-01T17:38:43+00:00","og_image":[{"width":828,"height":526,"url":"https:\/\/futbolhoy.co\/wp-content\/uploads\/2025\/09\/WhatsApp-Image-2025-09-29-at-7.37.17-AM.jpeg","type":"image\/jpeg"}],"author":"contenido","twitter_card":"summary_large_image","twitter_creator":"@FutbolHoyCol","twitter_site":"@FutbolHoyCol","twitter_misc":{"Escrito por":"contenido","Tiempo de lectura":"2 minutos"},"schema":{"@context":"https:\/\/schema.org","@graph":[{"@type":"Article","@id":"https:\/\/futbolhoy.co\/index.php\/2025\/09\/29\/goleadores-colombianos-por-el-mundo-suarez-cucho-cabal-suarez-y-mas\/#article","isPartOf":{"@id":"https:\/\/futbolhoy.co\/index.php\/2025\/09\/29\/goleadores-colombianos-por-el-mundo-suarez-cucho-cabal-suarez-y-mas\/"},"author":{"name":"contenido","@id":"https:\/\/futbolhoy.co\/#\/schema\/person\/1721b69355b6623eaff15ac7b92d4cc3"},"headline":"Goleadores colombianos por el mundo: Su\u00e1rez, 'Cucho', Cabal, Su\u00e1rez y m\u00e1s","datePublished":"2025-09-29T12:40:25+00:00","dateModified":"2025-10-01T17:38:43+00:00","mainEntityOfPage":{"@id":"https:\/\/futbolhoy.co\/index.php\/2025\/09\/29\/goleadores-colombianos-por-el-mundo-suarez-cucho-cabal-suarez-y-mas\/"},"wordCount":387,"commentCount":0,"publisher":{"@id":"https:\/\/futbolhoy.co\/#organization"},"image":{"@id":"https:\/\/futbolhoy.co\/index.php\/2025\/09\/29\/goleadores-colombianos-por-el-mundo-suarez-cucho-cabal-suarez-y-mas\/#primaryimage"},"thumbnailUrl":"https:\/\/futbolhoy.co\/wp-content\/uploads\/2025\/09\/WhatsApp-Image-2025-09-29-at-7.37.17-AM.jpeg","articleSection":["Selecci\u00f3n Colombia"],"inLanguage":"es","potentialAction":[{"@type":"CommentAction","name":"Comment","target":["https:\/\/futbolhoy.co\/index.php\/2025\/09\/29\/goleadores-colombianos-por-el-mundo-suarez-cucho-cabal-suarez-y-mas\/#respond"]}]},{"@type":"WebPage","@id":"https:\/\/futbolhoy.co\/index.php\/2025\/09\/29\/goleadores-colombianos-por-el-mundo-suarez-cucho-cabal-suarez-y-mas\/","url":"https:\/\/futbolhoy.co\/index.php\/2025\/09\/29\/goleadores-colombianos-por-el-mundo-suarez-cucho-cabal-suarez-y-mas\/","name":"Goleadores colombianos por el mundo: Su\u00e1rez, 'Cucho', Cabal, Su\u00e1rez y m\u00e1s -","isPartOf":{"@id":"https:\/\/futbolhoy.co\/#website"},"primaryImageOfPage":{"@id":"https:\/\/futbolhoy.co\/index.php\/2025\/09\/29\/goleadores-colombianos-por-el-mundo-suarez-cucho-cabal-suarez-y-mas\/#primaryimage"},"image":{"@id":"https:\/\/futbolhoy.co\/index.php\/2025\/09\/29\/goleadores-colombianos-por-el-mundo-suarez-cucho-cabal-suarez-y-mas\/#primaryimage"},"thumbnailUrl":"https:\/\/futbolhoy.co\/wp-content\/uploads\/2025\/09\/WhatsApp-Image-2025-09-29-at-7.37.17-AM.jpeg","datePublished":"2025-09-29T12:40:25+00:00","dateModified":"2025-10-01T17:38:43+00:00","breadcrumb":{"@id":"https:\/\/futbolhoy.co\/index.php\/2025\/09\/29\/goleadores-colombianos-por-el-mundo-suarez-cucho-cabal-suarez-y-mas\/#breadcrumb"},"inLanguage":"es","potentialAction":[{"@type":"ReadAction","target":["https:\/\/futbolhoy.co\/index.php\/2025\/09\/29\/goleadores-colombianos-por-el-mundo-suarez-cucho-cabal-suarez-y-mas\/"]}]},{"@type":"ImageObject","inLanguage":"es","@id":"https:\/\/futbolhoy.co\/index.php\/2025\/09\/29\/goleadores-colombianos-por-el-mundo-suarez-cucho-cabal-suarez-y-mas\/#primaryimage","url":"https:\/\/futbolhoy.co\/wp-content\/uploads\/2025\/09\/WhatsApp-Image-2025-09-29-at-7.37.17-AM.jpeg","contentUrl":"https:\/\/futbolhoy.co\/wp-content\/uploads\/2025\/09\/WhatsApp-Image-2025-09-29-at-7.37.17-AM.jpeg","width":828,"height":526},{"@type":"BreadcrumbList","@id":"https:\/\/futbolhoy.co\/index.php\/2025\/09\/29\/goleadores-colombianos-por-el-mundo-suarez-cucho-cabal-suarez-y-mas\/#breadcrumb","itemListElement":[{"@type":"ListItem","position":1,"name":"Portada","item":"https:\/\/futbolhoy.co\/"},{"@type":"ListItem","position":2,"name":"Goleadores colombianos por el mundo: Su\u00e1rez, 'Cucho', Cabal, Su\u00e1rez y m\u00e1s"}]},{"@type":"WebSite","@id":"https:\/\/futbolhoy.co\/#website","url":"https:\/\/futbolhoy.co\/","name":"FutbolHoy","description":"","publisher":{"@id":"https:\/\/futbolhoy.co\/#organization"},"potentialAction":[{"@type":"SearchAction","target":{"@type":"EntryPoint","urlTemplate":"https:\/\/futbolhoy.co\/?s={search_term_string}"},"query-input":{"@type":"PropertyValueSpecification","valueRequired":true,"valueName":"search_term_string"}}],"inLanguage":"es"},{"@type":"Organization","@id":"https:\/\/futbolhoy.co\/#organization","name":"Futbolhoy.co","url":"https:\/\/futbolhoy.co\/","logo":{"@type":"ImageObject","inLanguage":"es","@id":"https:\/\/futbolhoy.co\/#\/schema\/logo\/image\/","url":"https:\/\/futbolhoy.co\/wp-content\/uploads\/2018\/08\/17426380_1906371736249227_6326180412931521141_n.jpg","contentUrl":"https:\/\/futbolhoy.co\/wp-content\/uploads\/2018\/08\/17426380_1906371736249227_6326180412931521141_n.jpg","width":960,"height":960,"caption":"Futbolhoy.co"},"image":{"@id":"https:\/\/futbolhoy.co\/#\/schema\/logo\/image\/"},"sameAs":["https:\/\/www.facebook.com\/FutbolHoyCol\/","https:\/\/x.com\/FutbolHoyCol","https:\/\/www.instagram.com\/futbolhoycol\/"]},{"@type":"Person","@id":"https:\/\/futbolhoy.co\/#\/schema\/person\/1721b69355b6623eaff15ac7b92d4cc3","name":"contenido","image":{"@type":"ImageObject","inLanguage":"es","@id":"https:\/\/futbolhoy.co\/#\/schema\/person\/image\/","url":"https:\/\/secure.gravatar.com\/avatar\/4f656d3256f5134f466206e7c3941518?s=96&d=mm&r=g","contentUrl":"https:\/\/secure.gravatar.com\/avatar\/4f656d3256f5134f466206e7c3941518?s=96&d=mm&r=g","caption":"contenido"}}]}},"publishpress_future_action":{"enabled":false,"date":"2026-05-05 21:43:43","action":"change-status","newStatus":"draft","terms":[],"taxonomy":"category","extraData":[]},"publishpress_future_workflow_manual_trigger":{"enabledWorkflows":[]},"_links":{"self":[{"href":"https:\/\/futbolhoy.co\/index.php\/wp-json\/wp\/v2\/posts\/123937","targetHints":{"allow":["GET"]}}],"collection":[{"href":"https:\/\/futbolhoy.co\/index.php\/wp-json\/wp\/v2\/posts"}],"about":[{"href":"https:\/\/futbolhoy.co\/index.php\/wp-json\/wp\/v2\/types\/post"}],"author":[{"embeddable":true,"href":"https:\/\/futbolhoy.co\/index.php\/wp-json\/wp\/v2\/users\/4"}],"replies":[{"embeddable":true,"href":"https:\/\/futbolhoy.co\/index.php\/wp-json\/wp\/v2\/comments?post=123937"}],"version-history":[{"count":3,"href":"https:\/\/futbolhoy.co\/index.php\/wp-json\/wp\/v2\/posts\/123937\/revisions"}],"predecessor-version":[{"id":123941,"href":"https:\/\/futbolhoy.co\/index.php\/wp-json\/wp\/v2\/posts\/123937\/revisions\/123941"}],"wp:featuredmedia":[{"embeddable":true,"href":"https:\/\/futbolhoy.co\/index.php\/wp-json\/wp\/v2\/media\/123938"}],"wp:attachment":[{"href":"https:\/\/futbolhoy.co\/index.php\/wp-json\/wp\/v2\/media?parent=123937"}],"wp:term":[{"taxonomy":"category","embeddable":true,"href":"https:\/\/futbolhoy.co\/index.php\/wp-json\/wp\/v2\/categories?post=123937"},{"taxonomy":"post_tag","embeddable":true,"href":"https:\/\/futbolhoy.co\/index.php\/wp-json\/wp\/v2\/tags?post=123937"}],"curies":[{"name":"wp","href":"https:\/\/api.w.org\/{rel}","templated":true}]}}