{"id":123947,"date":"2025-09-29T10:08:37","date_gmt":"2025-09-29T15:08:37","guid":{"rendered":"https:\/\/futbolhoy.co\/?p=123947"},"modified":"2025-09-30T08:59:16","modified_gmt":"2025-09-30T13:59:16","slug":"rafael-carrascal-recibe-elogios-de-su-dt-tras-doblete-de-asistencias-es-un-jugador-decisivo","status":"publish","type":"post","link":"https:\/\/futbolhoy.co\/index.php\/2025\/09\/29\/rafael-carrascal-recibe-elogios-de-su-dt-tras-doblete-de-asistencias-es-un-jugador-decisivo\/","title":{"rendered":"Jorge Carrascal recibe elogios de su DT tras doblete de asistencias: \"Es un jugador decisivo\""},"content":{"rendered":"<p style=\"text-align: justify;\"><span style=\"font-family: helvetica, arial, sans-serif;\"><strong>Flamengo venci\u00f3 2-1 a Corinthians<\/strong> en el tr\u00e1mite de la fecha 25 del Campeonato Brasilero, y <strong>Jorge Carrascal<\/strong> fue una de las figuras del campo tras registrar las dos asistencias para su equipo.<\/span><\/p>\n<p style=\"text-align: justify;\"><span style=\"font-family: helvetica, arial, sans-serif;\">El colombiano ven\u00eda de convertir su cobro en la tanda de penaltis frente a Estudiantes de la Plata en la clasificaci\u00f3n a 'semis' de <strong>Copa Libertadores<\/strong>, donde fue suplente, pero esta vez su entrenador <strong>Filipe Luis<\/strong> opt\u00f3 por colocarlo desde el arranque.<\/span><\/p>\n<h3 style=\"text-align: justify;\"><span style=\"font-family: helvetica, arial, sans-serif;\">Primera asistencia de Jorge Carrascal:<\/span><\/h3>\n<blockquote class=\"twitter-tweet\" data-media-max-width=\"560\">\n<p dir=\"ltr\" lang=\"zxx\"><a href=\"https:\/\/t.co\/qmbTCNqoNM\">pic.twitter.com\/qmbTCNqoNM<\/a><\/p>\n<p>\u2014 DG (@gols000000) <a href=\"https:\/\/twitter.com\/gols000000\/status\/1972463572136701982?ref_src=twsrc%5Etfw\">September 29, 2025<\/a><\/p><\/blockquote>\n<h3 style=\"text-align: justify;\"><script async src=\"https:\/\/platform.twitter.com\/widgets.js\" charset=\"utf-8\"><\/script><span style=\"font-family: helvetica, arial, sans-serif;\">Segunda asistencia de Jorge Carrascal:<\/span><\/h3>\n<blockquote class=\"twitter-tweet\" data-media-max-width=\"560\">\n<p dir=\"ltr\" lang=\"zxx\"><a href=\"https:\/\/t.co\/otMZqNkbfR\">pic.twitter.com\/otMZqNkbfR<\/a><\/p>\n<p>\u2014 Gols do BR Vids (@GVids12) <a href=\"https:\/\/twitter.com\/GVids12\/status\/1972471778401493447?ref_src=twsrc%5Etfw\">September 29, 2025<\/a><\/p><\/blockquote>\n<p style=\"text-align: justify;\"><script async src=\"https:\/\/platform.twitter.com\/widgets.js\" charset=\"utf-8\"><\/script><span style=\"font-family: helvetica, arial, sans-serif;\">En rueda de prensa posterior a la victoria, Filipe Luis elogi\u00f3 al cartagenero de 27 a\u00f1os, que jug\u00f3 todo el partido, y declar\u00f3:<\/span><\/p>\n<p style=\"text-align: justify;\"><span style=\"font-family: helvetica, arial, sans-serif;\">\"Llevo entrenando a Carrascal en esa posici\u00f3n la \u00faltima semana y media o dos. Lo ha entendido a la perfecci\u00f3n. <strong>\u00a1Qu\u00e9 jugador! Su rendimiento fue impresionante<\/strong>. Da libertad al equipo, limpia jugadas, tiene una visi\u00f3n excelente y conecta con sus compa\u00f1eros. Adem\u00e1s, dio dos asistencias. <strong>Es un jugador decisivo<\/strong>\", afirm\u00f3.<\/span><\/p>\n<p style=\"text-align: justify;\"><span style=\"font-family: helvetica, arial, sans-serif;\">\"Estoy muy contento con su rendimiento y dedicaci\u00f3n, porque en esa posici\u00f3n ten\u00eda que correr m\u00e1s de lo acostumbrado, y lo hizo. Ahora es cuesti\u00f3n de adaptarse. Tuvo un calambre en los \u00faltimos cinco o diez minutos, pero creo que con constancia se desenvolver\u00e1 bien en esa posici\u00f3n\", complement\u00f3 el t\u00e9cnico brasile\u00f1o.<\/span><\/p>\n<p style=\"text-align: justify;\"><span style=\"font-family: helvetica, arial, sans-serif;\">'El Meng\u00e3o' mantiene el primer puesto en la competencia con <strong>54 puntos<\/strong> y un partido menos que su perseguidor m\u00e1s cercano, que es <strong>Cruzeiro<\/strong>, con 50 unidades.<\/span><\/p>\n<p style=\"text-align: justify;\"><span style=\"font-family: helvetica, arial, sans-serif;\">Ambos conjuntos chocar\u00e1n en la siguiente jornada, el jueves <strong>2 de octubre desde las 6:30 pm<\/strong> (hora Colombia).<\/span><\/p>\n","protected":false},"excerpt":{"rendered":"<p>Flamengo venci\u00f3 2-1 a Corinthians en el tr\u00e1mite de la fecha 25 del Campeonato Brasilero, y Jorge Carrascal fue una de las figuras del campo tras registrar las dos asistencias para su equipo. El colombiano ven\u00eda de convertir su cobro en la tanda de penaltis frente a Estudiantes de la Plata en la clasificaci\u00f3n a [&hellip;]<\/p>\n","protected":false},"author":4,"featured_media":123948,"comment_status":"open","ping_status":"open","sticky":false,"template":"","format":"standard","meta":{"_acf_changed":false,"footnotes":""},"categories":[153],"tags":[],"class_list":{"0":"post-123947","1":"post","2":"type-post","3":"status-publish","4":"format-standard","5":"has-post-thumbnail","7":"category-selecion-colombia"},"acf":[],"yoast_head":"<!-- This site is optimized with the Yoast SEO plugin v26.8 - https:\/\/yoast.com\/product\/yoast-seo-wordpress\/ -->\n<title>Jorge Carrascal recibe elogios de su DT tras doblete de asistencias: &quot;Es un jugador decisivo&quot; -<\/title>\n<meta name=\"robots\" content=\"index, follow, max-snippet:-1, max-image-preview:large, max-video-preview:-1\" \/>\n<link rel=\"canonical\" href=\"https:\/\/futbolhoy.co\/index.php\/2025\/09\/29\/rafael-carrascal-recibe-elogios-de-su-dt-tras-doblete-de-asistencias-es-un-jugador-decisivo\/\" \/>\n<meta property=\"og:locale\" content=\"es_ES\" \/>\n<meta property=\"og:type\" content=\"article\" \/>\n<meta property=\"og:title\" content=\"Jorge Carrascal recibe elogios de su DT tras doblete de asistencias: &quot;Es un jugador decisivo&quot; -\" \/>\n<meta property=\"og:description\" content=\"Flamengo venci\u00f3 2-1 a Corinthians en el tr\u00e1mite de la fecha 25 del Campeonato Brasilero, y Jorge Carrascal fue una de las figuras del campo tras registrar las dos asistencias para su equipo. El colombiano ven\u00eda de convertir su cobro en la tanda de penaltis frente a Estudiantes de la Plata en la clasificaci\u00f3n a [&hellip;]\" \/>\n<meta property=\"og:url\" content=\"https:\/\/futbolhoy.co\/index.php\/2025\/09\/29\/rafael-carrascal-recibe-elogios-de-su-dt-tras-doblete-de-asistencias-es-un-jugador-decisivo\/\" \/>\n<meta property=\"article:publisher\" content=\"https:\/\/www.facebook.com\/FutbolHoyCol\/\" \/>\n<meta property=\"article:published_time\" content=\"2025-09-29T15:08:37+00:00\" \/>\n<meta property=\"article:modified_time\" content=\"2025-09-30T13:59:16+00:00\" \/>\n<meta property=\"og:image\" content=\"https:\/\/futbolhoy.co\/wp-content\/uploads\/2025\/09\/WhatsApp-Image-2025-09-29-at-10.07.37-AM.jpeg\" \/>\n\t<meta property=\"og:image:width\" content=\"750\" \/>\n\t<meta property=\"og:image:height\" content=\"584\" \/>\n\t<meta property=\"og:image:type\" content=\"image\/jpeg\" \/>\n<meta name=\"author\" content=\"contenido\" \/>\n<meta name=\"twitter:card\" content=\"summary_large_image\" \/>\n<meta name=\"twitter:creator\" content=\"@FutbolHoyCol\" \/>\n<meta name=\"twitter:site\" content=\"@FutbolHoyCol\" \/>\n<meta name=\"twitter:label1\" content=\"Escrito por\" \/>\n\t<meta name=\"twitter:data1\" content=\"contenido\" \/>\n\t<meta name=\"twitter:label2\" content=\"Tiempo de lectura\" \/>\n\t<meta name=\"twitter:data2\" content=\"1 minuto\" \/>\n<script type=\"application\/ld+json\" class=\"yoast-schema-graph\">{\"@context\":\"https:\/\/schema.org\",\"@graph\":[{\"@type\":\"Article\",\"@id\":\"https:\/\/futbolhoy.co\/index.php\/2025\/09\/29\/rafael-carrascal-recibe-elogios-de-su-dt-tras-doblete-de-asistencias-es-un-jugador-decisivo\/#article\",\"isPartOf\":{\"@id\":\"https:\/\/futbolhoy.co\/index.php\/2025\/09\/29\/rafael-carrascal-recibe-elogios-de-su-dt-tras-doblete-de-asistencias-es-un-jugador-decisivo\/\"},\"author\":{\"name\":\"contenido\",\"@id\":\"https:\/\/futbolhoy.co\/#\/schema\/person\/1721b69355b6623eaff15ac7b92d4cc3\"},\"headline\":\"Jorge Carrascal recibe elogios de su DT tras doblete de asistencias: \\\"Es un jugador decisivo\\\"\",\"datePublished\":\"2025-09-29T15:08:37+00:00\",\"dateModified\":\"2025-09-30T13:59:16+00:00\",\"mainEntityOfPage\":{\"@id\":\"https:\/\/futbolhoy.co\/index.php\/2025\/09\/29\/rafael-carrascal-recibe-elogios-de-su-dt-tras-doblete-de-asistencias-es-un-jugador-decisivo\/\"},\"wordCount\":301,\"commentCount\":0,\"publisher\":{\"@id\":\"https:\/\/futbolhoy.co\/#organization\"},\"image\":{\"@id\":\"https:\/\/futbolhoy.co\/index.php\/2025\/09\/29\/rafael-carrascal-recibe-elogios-de-su-dt-tras-doblete-de-asistencias-es-un-jugador-decisivo\/#primaryimage\"},\"thumbnailUrl\":\"https:\/\/futbolhoy.co\/wp-content\/uploads\/2025\/09\/WhatsApp-Image-2025-09-29-at-10.07.37-AM.jpeg\",\"articleSection\":[\"Selecci\u00f3n Colombia\"],\"inLanguage\":\"es\",\"potentialAction\":[{\"@type\":\"CommentAction\",\"name\":\"Comment\",\"target\":[\"https:\/\/futbolhoy.co\/index.php\/2025\/09\/29\/rafael-carrascal-recibe-elogios-de-su-dt-tras-doblete-de-asistencias-es-un-jugador-decisivo\/#respond\"]}]},{\"@type\":\"WebPage\",\"@id\":\"https:\/\/futbolhoy.co\/index.php\/2025\/09\/29\/rafael-carrascal-recibe-elogios-de-su-dt-tras-doblete-de-asistencias-es-un-jugador-decisivo\/\",\"url\":\"https:\/\/futbolhoy.co\/index.php\/2025\/09\/29\/rafael-carrascal-recibe-elogios-de-su-dt-tras-doblete-de-asistencias-es-un-jugador-decisivo\/\",\"name\":\"Jorge Carrascal recibe elogios de su DT tras doblete de asistencias: \\\"Es un jugador decisivo\\\" -\",\"isPartOf\":{\"@id\":\"https:\/\/futbolhoy.co\/#website\"},\"primaryImageOfPage\":{\"@id\":\"https:\/\/futbolhoy.co\/index.php\/2025\/09\/29\/rafael-carrascal-recibe-elogios-de-su-dt-tras-doblete-de-asistencias-es-un-jugador-decisivo\/#primaryimage\"},\"image\":{\"@id\":\"https:\/\/futbolhoy.co\/index.php\/2025\/09\/29\/rafael-carrascal-recibe-elogios-de-su-dt-tras-doblete-de-asistencias-es-un-jugador-decisivo\/#primaryimage\"},\"thumbnailUrl\":\"https:\/\/futbolhoy.co\/wp-content\/uploads\/2025\/09\/WhatsApp-Image-2025-09-29-at-10.07.37-AM.jpeg\",\"datePublished\":\"2025-09-29T15:08:37+00:00\",\"dateModified\":\"2025-09-30T13:59:16+00:00\",\"breadcrumb\":{\"@id\":\"https:\/\/futbolhoy.co\/index.php\/2025\/09\/29\/rafael-carrascal-recibe-elogios-de-su-dt-tras-doblete-de-asistencias-es-un-jugador-decisivo\/#breadcrumb\"},\"inLanguage\":\"es\",\"potentialAction\":[{\"@type\":\"ReadAction\",\"target\":[\"https:\/\/futbolhoy.co\/index.php\/2025\/09\/29\/rafael-carrascal-recibe-elogios-de-su-dt-tras-doblete-de-asistencias-es-un-jugador-decisivo\/\"]}]},{\"@type\":\"ImageObject\",\"inLanguage\":\"es\",\"@id\":\"https:\/\/futbolhoy.co\/index.php\/2025\/09\/29\/rafael-carrascal-recibe-elogios-de-su-dt-tras-doblete-de-asistencias-es-un-jugador-decisivo\/#primaryimage\",\"url\":\"https:\/\/futbolhoy.co\/wp-content\/uploads\/2025\/09\/WhatsApp-Image-2025-09-29-at-10.07.37-AM.jpeg\",\"contentUrl\":\"https:\/\/futbolhoy.co\/wp-content\/uploads\/2025\/09\/WhatsApp-Image-2025-09-29-at-10.07.37-AM.jpeg\",\"width\":750,\"height\":584},{\"@type\":\"BreadcrumbList\",\"@id\":\"https:\/\/futbolhoy.co\/index.php\/2025\/09\/29\/rafael-carrascal-recibe-elogios-de-su-dt-tras-doblete-de-asistencias-es-un-jugador-decisivo\/#breadcrumb\",\"itemListElement\":[{\"@type\":\"ListItem\",\"position\":1,\"name\":\"Portada\",\"item\":\"https:\/\/futbolhoy.co\/\"},{\"@type\":\"ListItem\",\"position\":2,\"name\":\"Jorge Carrascal recibe elogios de su DT tras doblete de asistencias: \\\"Es un jugador decisivo\\\"\"}]},{\"@type\":\"WebSite\",\"@id\":\"https:\/\/futbolhoy.co\/#website\",\"url\":\"https:\/\/futbolhoy.co\/\",\"name\":\"FutbolHoy\",\"description\":\"\",\"publisher\":{\"@id\":\"https:\/\/futbolhoy.co\/#organization\"},\"potentialAction\":[{\"@type\":\"SearchAction\",\"target\":{\"@type\":\"EntryPoint\",\"urlTemplate\":\"https:\/\/futbolhoy.co\/?s={search_term_string}\"},\"query-input\":{\"@type\":\"PropertyValueSpecification\",\"valueRequired\":true,\"valueName\":\"search_term_string\"}}],\"inLanguage\":\"es\"},{\"@type\":\"Organization\",\"@id\":\"https:\/\/futbolhoy.co\/#organization\",\"name\":\"Futbolhoy.co\",\"url\":\"https:\/\/futbolhoy.co\/\",\"logo\":{\"@type\":\"ImageObject\",\"inLanguage\":\"es\",\"@id\":\"https:\/\/futbolhoy.co\/#\/schema\/logo\/image\/\",\"url\":\"https:\/\/futbolhoy.co\/wp-content\/uploads\/2018\/08\/17426380_1906371736249227_6326180412931521141_n.jpg\",\"contentUrl\":\"https:\/\/futbolhoy.co\/wp-content\/uploads\/2018\/08\/17426380_1906371736249227_6326180412931521141_n.jpg\",\"width\":960,\"height\":960,\"caption\":\"Futbolhoy.co\"},\"image\":{\"@id\":\"https:\/\/futbolhoy.co\/#\/schema\/logo\/image\/\"},\"sameAs\":[\"https:\/\/www.facebook.com\/FutbolHoyCol\/\",\"https:\/\/x.com\/FutbolHoyCol\",\"https:\/\/www.instagram.com\/futbolhoycol\/\"]},{\"@type\":\"Person\",\"@id\":\"https:\/\/futbolhoy.co\/#\/schema\/person\/1721b69355b6623eaff15ac7b92d4cc3\",\"name\":\"contenido\",\"image\":{\"@type\":\"ImageObject\",\"inLanguage\":\"es\",\"@id\":\"https:\/\/futbolhoy.co\/#\/schema\/person\/image\/\",\"url\":\"https:\/\/secure.gravatar.com\/avatar\/4f656d3256f5134f466206e7c3941518?s=96&d=mm&r=g\",\"contentUrl\":\"https:\/\/secure.gravatar.com\/avatar\/4f656d3256f5134f466206e7c3941518?s=96&d=mm&r=g\",\"caption\":\"contenido\"}}]}<\/script>\n<!-- \/ Yoast SEO plugin. -->","yoast_head_json":{"title":"Jorge Carrascal recibe elogios de su DT tras doblete de asistencias: \"Es un jugador decisivo\" -","robots":{"index":"index","follow":"follow","max-snippet":"max-snippet:-1","max-image-preview":"max-image-preview:large","max-video-preview":"max-video-preview:-1"},"canonical":"https:\/\/futbolhoy.co\/index.php\/2025\/09\/29\/rafael-carrascal-recibe-elogios-de-su-dt-tras-doblete-de-asistencias-es-un-jugador-decisivo\/","og_locale":"es_ES","og_type":"article","og_title":"Jorge Carrascal recibe elogios de su DT tras doblete de asistencias: \"Es un jugador decisivo\" -","og_description":"Flamengo venci\u00f3 2-1 a Corinthians en el tr\u00e1mite de la fecha 25 del Campeonato Brasilero, y Jorge Carrascal fue una de las figuras del campo tras registrar las dos asistencias para su equipo. El colombiano ven\u00eda de convertir su cobro en la tanda de penaltis frente a Estudiantes de la Plata en la clasificaci\u00f3n a [&hellip;]","og_url":"https:\/\/futbolhoy.co\/index.php\/2025\/09\/29\/rafael-carrascal-recibe-elogios-de-su-dt-tras-doblete-de-asistencias-es-un-jugador-decisivo\/","article_publisher":"https:\/\/www.facebook.com\/FutbolHoyCol\/","article_published_time":"2025-09-29T15:08:37+00:00","article_modified_time":"2025-09-30T13:59:16+00:00","og_image":[{"width":750,"height":584,"url":"https:\/\/futbolhoy.co\/wp-content\/uploads\/2025\/09\/WhatsApp-Image-2025-09-29-at-10.07.37-AM.jpeg","type":"image\/jpeg"}],"author":"contenido","twitter_card":"summary_large_image","twitter_creator":"@FutbolHoyCol","twitter_site":"@FutbolHoyCol","twitter_misc":{"Escrito por":"contenido","Tiempo de lectura":"1 minuto"},"schema":{"@context":"https:\/\/schema.org","@graph":[{"@type":"Article","@id":"https:\/\/futbolhoy.co\/index.php\/2025\/09\/29\/rafael-carrascal-recibe-elogios-de-su-dt-tras-doblete-de-asistencias-es-un-jugador-decisivo\/#article","isPartOf":{"@id":"https:\/\/futbolhoy.co\/index.php\/2025\/09\/29\/rafael-carrascal-recibe-elogios-de-su-dt-tras-doblete-de-asistencias-es-un-jugador-decisivo\/"},"author":{"name":"contenido","@id":"https:\/\/futbolhoy.co\/#\/schema\/person\/1721b69355b6623eaff15ac7b92d4cc3"},"headline":"Jorge Carrascal recibe elogios de su DT tras doblete de asistencias: \"Es un jugador decisivo\"","datePublished":"2025-09-29T15:08:37+00:00","dateModified":"2025-09-30T13:59:16+00:00","mainEntityOfPage":{"@id":"https:\/\/futbolhoy.co\/index.php\/2025\/09\/29\/rafael-carrascal-recibe-elogios-de-su-dt-tras-doblete-de-asistencias-es-un-jugador-decisivo\/"},"wordCount":301,"commentCount":0,"publisher":{"@id":"https:\/\/futbolhoy.co\/#organization"},"image":{"@id":"https:\/\/futbolhoy.co\/index.php\/2025\/09\/29\/rafael-carrascal-recibe-elogios-de-su-dt-tras-doblete-de-asistencias-es-un-jugador-decisivo\/#primaryimage"},"thumbnailUrl":"https:\/\/futbolhoy.co\/wp-content\/uploads\/2025\/09\/WhatsApp-Image-2025-09-29-at-10.07.37-AM.jpeg","articleSection":["Selecci\u00f3n Colombia"],"inLanguage":"es","potentialAction":[{"@type":"CommentAction","name":"Comment","target":["https:\/\/futbolhoy.co\/index.php\/2025\/09\/29\/rafael-carrascal-recibe-elogios-de-su-dt-tras-doblete-de-asistencias-es-un-jugador-decisivo\/#respond"]}]},{"@type":"WebPage","@id":"https:\/\/futbolhoy.co\/index.php\/2025\/09\/29\/rafael-carrascal-recibe-elogios-de-su-dt-tras-doblete-de-asistencias-es-un-jugador-decisivo\/","url":"https:\/\/futbolhoy.co\/index.php\/2025\/09\/29\/rafael-carrascal-recibe-elogios-de-su-dt-tras-doblete-de-asistencias-es-un-jugador-decisivo\/","name":"Jorge Carrascal recibe elogios de su DT tras doblete de asistencias: \"Es un jugador decisivo\" -","isPartOf":{"@id":"https:\/\/futbolhoy.co\/#website"},"primaryImageOfPage":{"@id":"https:\/\/futbolhoy.co\/index.php\/2025\/09\/29\/rafael-carrascal-recibe-elogios-de-su-dt-tras-doblete-de-asistencias-es-un-jugador-decisivo\/#primaryimage"},"image":{"@id":"https:\/\/futbolhoy.co\/index.php\/2025\/09\/29\/rafael-carrascal-recibe-elogios-de-su-dt-tras-doblete-de-asistencias-es-un-jugador-decisivo\/#primaryimage"},"thumbnailUrl":"https:\/\/futbolhoy.co\/wp-content\/uploads\/2025\/09\/WhatsApp-Image-2025-09-29-at-10.07.37-AM.jpeg","datePublished":"2025-09-29T15:08:37+00:00","dateModified":"2025-09-30T13:59:16+00:00","breadcrumb":{"@id":"https:\/\/futbolhoy.co\/index.php\/2025\/09\/29\/rafael-carrascal-recibe-elogios-de-su-dt-tras-doblete-de-asistencias-es-un-jugador-decisivo\/#breadcrumb"},"inLanguage":"es","potentialAction":[{"@type":"ReadAction","target":["https:\/\/futbolhoy.co\/index.php\/2025\/09\/29\/rafael-carrascal-recibe-elogios-de-su-dt-tras-doblete-de-asistencias-es-un-jugador-decisivo\/"]}]},{"@type":"ImageObject","inLanguage":"es","@id":"https:\/\/futbolhoy.co\/index.php\/2025\/09\/29\/rafael-carrascal-recibe-elogios-de-su-dt-tras-doblete-de-asistencias-es-un-jugador-decisivo\/#primaryimage","url":"https:\/\/futbolhoy.co\/wp-content\/uploads\/2025\/09\/WhatsApp-Image-2025-09-29-at-10.07.37-AM.jpeg","contentUrl":"https:\/\/futbolhoy.co\/wp-content\/uploads\/2025\/09\/WhatsApp-Image-2025-09-29-at-10.07.37-AM.jpeg","width":750,"height":584},{"@type":"BreadcrumbList","@id":"https:\/\/futbolhoy.co\/index.php\/2025\/09\/29\/rafael-carrascal-recibe-elogios-de-su-dt-tras-doblete-de-asistencias-es-un-jugador-decisivo\/#breadcrumb","itemListElement":[{"@type":"ListItem","position":1,"name":"Portada","item":"https:\/\/futbolhoy.co\/"},{"@type":"ListItem","position":2,"name":"Jorge Carrascal recibe elogios de su DT tras doblete de asistencias: \"Es un jugador decisivo\""}]},{"@type":"WebSite","@id":"https:\/\/futbolhoy.co\/#website","url":"https:\/\/futbolhoy.co\/","name":"FutbolHoy","description":"","publisher":{"@id":"https:\/\/futbolhoy.co\/#organization"},"potentialAction":[{"@type":"SearchAction","target":{"@type":"EntryPoint","urlTemplate":"https:\/\/futbolhoy.co\/?s={search_term_string}"},"query-input":{"@type":"PropertyValueSpecification","valueRequired":true,"valueName":"search_term_string"}}],"inLanguage":"es"},{"@type":"Organization","@id":"https:\/\/futbolhoy.co\/#organization","name":"Futbolhoy.co","url":"https:\/\/futbolhoy.co\/","logo":{"@type":"ImageObject","inLanguage":"es","@id":"https:\/\/futbolhoy.co\/#\/schema\/logo\/image\/","url":"https:\/\/futbolhoy.co\/wp-content\/uploads\/2018\/08\/17426380_1906371736249227_6326180412931521141_n.jpg","contentUrl":"https:\/\/futbolhoy.co\/wp-content\/uploads\/2018\/08\/17426380_1906371736249227_6326180412931521141_n.jpg","width":960,"height":960,"caption":"Futbolhoy.co"},"image":{"@id":"https:\/\/futbolhoy.co\/#\/schema\/logo\/image\/"},"sameAs":["https:\/\/www.facebook.com\/FutbolHoyCol\/","https:\/\/x.com\/FutbolHoyCol","https:\/\/www.instagram.com\/futbolhoycol\/"]},{"@type":"Person","@id":"https:\/\/futbolhoy.co\/#\/schema\/person\/1721b69355b6623eaff15ac7b92d4cc3","name":"contenido","image":{"@type":"ImageObject","inLanguage":"es","@id":"https:\/\/futbolhoy.co\/#\/schema\/person\/image\/","url":"https:\/\/secure.gravatar.com\/avatar\/4f656d3256f5134f466206e7c3941518?s=96&d=mm&r=g","contentUrl":"https:\/\/secure.gravatar.com\/avatar\/4f656d3256f5134f466206e7c3941518?s=96&d=mm&r=g","caption":"contenido"}}]}},"publishpress_future_action":{"enabled":false,"date":"2026-05-05 11:32:22","action":"change-status","newStatus":"draft","terms":[],"taxonomy":"category","extraData":[]},"publishpress_future_workflow_manual_trigger":{"enabledWorkflows":[]},"_links":{"self":[{"href":"https:\/\/futbolhoy.co\/index.php\/wp-json\/wp\/v2\/posts\/123947","targetHints":{"allow":["GET"]}}],"collection":[{"href":"https:\/\/futbolhoy.co\/index.php\/wp-json\/wp\/v2\/posts"}],"about":[{"href":"https:\/\/futbolhoy.co\/index.php\/wp-json\/wp\/v2\/types\/post"}],"author":[{"embeddable":true,"href":"https:\/\/futbolhoy.co\/index.php\/wp-json\/wp\/v2\/users\/4"}],"replies":[{"embeddable":true,"href":"https:\/\/futbolhoy.co\/index.php\/wp-json\/wp\/v2\/comments?post=123947"}],"version-history":[{"count":2,"href":"https:\/\/futbolhoy.co\/index.php\/wp-json\/wp\/v2\/posts\/123947\/revisions"}],"predecessor-version":[{"id":123950,"href":"https:\/\/futbolhoy.co\/index.php\/wp-json\/wp\/v2\/posts\/123947\/revisions\/123950"}],"wp:featuredmedia":[{"embeddable":true,"href":"https:\/\/futbolhoy.co\/index.php\/wp-json\/wp\/v2\/media\/123948"}],"wp:attachment":[{"href":"https:\/\/futbolhoy.co\/index.php\/wp-json\/wp\/v2\/media?parent=123947"}],"wp:term":[{"taxonomy":"category","embeddable":true,"href":"https:\/\/futbolhoy.co\/index.php\/wp-json\/wp\/v2\/categories?post=123947"},{"taxonomy":"post_tag","embeddable":true,"href":"https:\/\/futbolhoy.co\/index.php\/wp-json\/wp\/v2\/tags?post=123947"}],"curies":[{"name":"wp","href":"https:\/\/api.w.org\/{rel}","templated":true}]}}