{"id":123951,"date":"2025-09-29T12:06:20","date_gmt":"2025-09-29T17:06:20","guid":{"rendered":"https:\/\/futbolhoy.co\/?p=123951"},"modified":"2025-09-29T20:49:00","modified_gmt":"2025-09-30T01:49:00","slug":"seleccion-colombia-titulares-posibles-para-debut-en-mundial-de-chile-2025","status":"publish","type":"post","link":"https:\/\/futbolhoy.co\/index.php\/2025\/09\/29\/seleccion-colombia-titulares-posibles-para-debut-en-mundial-de-chile-2025\/","title":{"rendered":"Selecci\u00f3n Colombia: Titulares posibles para debut en Mundial de Chile 2025"},"content":{"rendered":"<p style=\"text-align: justify;\"><span style=\"font-family: helvetica, arial, sans-serif;\">El <strong>Mundial Sub-20 en Chile<\/strong> inici\u00f3 el 27 de septiembre con victoria 2-0 de Jap\u00f3n sobre Egipto, seguido por el triunfo de Chile 2-1 sobre Nueva Zelanda en el grupo\u00a0<\/span><\/p>\n<p style=\"text-align: justify;\"><span style=\"font-family: helvetica, arial, sans-serif;\">En la siguiente jornada, Paraguay derrot\u00f3 3-2 a Panam\u00e1, y comparte la cima en el segundo grupo con Ucrania.<\/span><\/p>\n<p style=\"text-align: justify;\"><span style=\"font-family: helvetica, arial, sans-serif;\">La sorpresa hasta el momento, la di\u00f3 Marruecos ante <strong>Espa\u00f1a<\/strong>\u00a0cuando lo venci\u00f3 2-0, y se puso primero tras el empate 2-2 entre <strong>M\u00e9xico y Brasil<\/strong> en la zona C.<\/span><\/p>\n<p style=\"text-align: justify;\"><span style=\"font-family: helvetica, arial, sans-serif;\"><strong>Argentina<\/strong>, la otra selecci\u00f3n sudamericana en la cita mundialista, cumpli\u00f3 con el deber el mismo d\u00eda sobre Cuba, cuando lo derrot\u00f3 3-1 en el grupo D.<\/span><\/p>\n<p style=\"text-align: justify;\"><span style=\"font-family: helvetica, arial, sans-serif;\"><strong>La Selecci\u00f3n Colombia<\/strong>, ubicada en el grupo F, debuta el lunes <strong>29 de septiembre desde las 6:00 pm<\/strong> (hora Colombia) contra Arabia Saud\u00ed. Noruega y Nigeria complemental en grupo, y se enfrentar\u00e1n el mismo d\u00eda a las 3 pm.<\/span><\/p>\n<blockquote class=\"twitter-tweet\">\n<p dir=\"ltr\" lang=\"es\">\u00a1\ud835\udddb\ud835\uddfc\ud835\ude06 \ud835\uddd6\ud835\udde2\ud835\udddf\ud835\udde2\ud835\udde0\ud835\uddd5\ud835\udddc\ud835\uddd4 \ud835\uddf1\ud835\uddf2\ud835\uddef\ud835\ude02\ud835\ude01\ud835\uddee \ud835\uddf2\ud835\uddfb \ud835\uddf9\ud835\uddee \ud835\uddd6\ud835\uddfc\ud835\uddfd\ud835\uddee \ud835\udde0\ud835\ude02\ud835\uddfb\ud835\uddf1\ud835\uddf6\ud835\uddee\ud835\uddf9 \ud835\uddf1\ud835\uddf2 \ud835\uddf9\ud835\uddee \ud835\uddd9\ud835\udddc\ud835\uddd9\ud835\uddd4 \ud835\udde6\ud835\ude02\ud835\uddef \ud835\udfee\ud835\udfec!<\/p>\n<p>\ud83c\udd9a \ud83c\uddf8\ud83c\udde6<br \/>\n\ud83d\uddd3 Lunes 29 de septiembre<br \/>\n\ud83d\udd5e 6:00 pm (hora COL)<br \/>\n\ud83c\udfdf Estadio Fiscal, Talca, Chile<br \/>\n\ud83c\udfc6 Copa Mundial de la FIFA Sub 20<br \/>\n\ud83d\udcfa <a href=\"https:\/\/twitter.com\/CanalRCN?ref_src=twsrc%5Etfw\">@CanalRCN<\/a>, App Canal RCN, <a href=\"https:\/\/twitter.com\/GolCaracol?ref_src=twsrc%5Etfw\">@GolCaracol<\/a>, Ditu\u2026 <a href=\"https:\/\/t.co\/xmI6Is3bOq\">pic.twitter.com\/xmI6Is3bOq<\/a><\/p>\n<p>\u2014 Selecci\u00f3n Colombia (@FCFSeleccionCol) <a href=\"https:\/\/twitter.com\/FCFSeleccionCol\/status\/1972650845054316866?ref_src=twsrc%5Etfw\">September 29, 2025<\/a><\/p><\/blockquote>\n<h3><script async src=\"https:\/\/platform.twitter.com\/widgets.js\" charset=\"utf-8\"><\/script><span style=\"font-family: helvetica, arial, sans-serif;\">Posible alineaci\u00f3n de Colombia para el partido\u00a0<\/span><\/h3>\n<p style=\"text-align: justify;\"><span style=\"font-family: helvetica, arial, sans-serif;\"> Jordan Garc\u00eda (Fortaleza, Colombia); Carlos Sarabia (Millonarios, Colombia) , Yeimar Mosquera (Aston Villa, Inglaterra), Weimar Vivas (Bragantino, Brasil), Juan Arizala (Independiente Medell\u00edn, Colombia); Kener Gonz\u00e1lez (Am\u00e9rica de Cali, Colombia), Jos\u00e9 Cavad\u00eda (Am\u00e9rica de Cali, Colombia), Jordan Barrera (Botafogo, Brasil), \u00d3scar Perea (AVS, Portugal); Emilio Aristiz\u00e1bal (Fortaleza, Colombia) y Joel Canchimbo (Junior, Colombia).<\/span><\/p>\n<p style=\"text-align: justify;\"><span style=\"font-family: helvetica, arial, sans-serif;\"><strong>DT: C\u00e9sar Torres.<\/strong><\/span><\/p>\n","protected":false},"excerpt":{"rendered":"<p>El Mundial Sub-20 en Chile inici\u00f3 el 27 de septiembre con victoria 2-0 de Jap\u00f3n sobre Egipto, seguido por el triunfo de Chile 2-1 sobre Nueva Zelanda en el grupo\u00a0 En la siguiente jornada, Paraguay derrot\u00f3 3-2 a Panam\u00e1, y comparte la cima en el segundo grupo con Ucrania. La sorpresa hasta el momento, la [&hellip;]<\/p>\n","protected":false},"author":4,"featured_media":123952,"comment_status":"open","ping_status":"open","sticky":false,"template":"","format":"standard","meta":{"_acf_changed":false,"footnotes":""},"categories":[418],"tags":[],"class_list":{"0":"post-123951","1":"post","2":"type-post","3":"status-publish","4":"format-standard","5":"has-post-thumbnail","7":"category-colombia"},"acf":[],"yoast_head":"<!-- This site is optimized with the Yoast SEO plugin v26.8 - https:\/\/yoast.com\/product\/yoast-seo-wordpress\/ -->\n<title>Selecci\u00f3n Colombia: Titulares posibles para debut en Mundial de Chile 2025 -<\/title>\n<meta name=\"robots\" content=\"index, follow, max-snippet:-1, max-image-preview:large, max-video-preview:-1\" \/>\n<link rel=\"canonical\" href=\"https:\/\/futbolhoy.co\/index.php\/2025\/09\/29\/seleccion-colombia-titulares-posibles-para-debut-en-mundial-de-chile-2025\/\" \/>\n<meta property=\"og:locale\" content=\"es_ES\" \/>\n<meta property=\"og:type\" content=\"article\" \/>\n<meta property=\"og:title\" content=\"Selecci\u00f3n Colombia: Titulares posibles para debut en Mundial de Chile 2025 -\" \/>\n<meta property=\"og:description\" content=\"El Mundial Sub-20 en Chile inici\u00f3 el 27 de septiembre con victoria 2-0 de Jap\u00f3n sobre Egipto, seguido por el triunfo de Chile 2-1 sobre Nueva Zelanda en el grupo\u00a0 En la siguiente jornada, Paraguay derrot\u00f3 3-2 a Panam\u00e1, y comparte la cima en el segundo grupo con Ucrania. La sorpresa hasta el momento, la [&hellip;]\" \/>\n<meta property=\"og:url\" content=\"https:\/\/futbolhoy.co\/index.php\/2025\/09\/29\/seleccion-colombia-titulares-posibles-para-debut-en-mundial-de-chile-2025\/\" \/>\n<meta property=\"article:publisher\" content=\"https:\/\/www.facebook.com\/FutbolHoyCol\/\" \/>\n<meta property=\"article:published_time\" content=\"2025-09-29T17:06:20+00:00\" \/>\n<meta property=\"article:modified_time\" content=\"2025-09-30T01:49:00+00:00\" \/>\n<meta property=\"og:image\" content=\"https:\/\/futbolhoy.co\/wp-content\/uploads\/2025\/09\/WhatsApp-Image-2025-09-29-at-12.04.05-PM.jpeg\" \/>\n\t<meta property=\"og:image:width\" content=\"828\" \/>\n\t<meta property=\"og:image:height\" content=\"732\" \/>\n\t<meta property=\"og:image:type\" content=\"image\/jpeg\" \/>\n<meta name=\"author\" content=\"contenido\" \/>\n<meta name=\"twitter:card\" content=\"summary_large_image\" \/>\n<meta name=\"twitter:creator\" content=\"@FutbolHoyCol\" \/>\n<meta name=\"twitter:site\" content=\"@FutbolHoyCol\" \/>\n<meta name=\"twitter:label1\" content=\"Escrito por\" \/>\n\t<meta name=\"twitter:data1\" content=\"contenido\" \/>\n\t<meta name=\"twitter:label2\" content=\"Tiempo de lectura\" \/>\n\t<meta name=\"twitter:data2\" content=\"1 minuto\" \/>\n<script type=\"application\/ld+json\" class=\"yoast-schema-graph\">{\"@context\":\"https:\/\/schema.org\",\"@graph\":[{\"@type\":\"Article\",\"@id\":\"https:\/\/futbolhoy.co\/index.php\/2025\/09\/29\/seleccion-colombia-titulares-posibles-para-debut-en-mundial-de-chile-2025\/#article\",\"isPartOf\":{\"@id\":\"https:\/\/futbolhoy.co\/index.php\/2025\/09\/29\/seleccion-colombia-titulares-posibles-para-debut-en-mundial-de-chile-2025\/\"},\"author\":{\"name\":\"contenido\",\"@id\":\"https:\/\/futbolhoy.co\/#\/schema\/person\/1721b69355b6623eaff15ac7b92d4cc3\"},\"headline\":\"Selecci\u00f3n Colombia: Titulares posibles para debut en Mundial de Chile 2025\",\"datePublished\":\"2025-09-29T17:06:20+00:00\",\"dateModified\":\"2025-09-30T01:49:00+00:00\",\"mainEntityOfPage\":{\"@id\":\"https:\/\/futbolhoy.co\/index.php\/2025\/09\/29\/seleccion-colombia-titulares-posibles-para-debut-en-mundial-de-chile-2025\/\"},\"wordCount\":262,\"commentCount\":0,\"publisher\":{\"@id\":\"https:\/\/futbolhoy.co\/#organization\"},\"image\":{\"@id\":\"https:\/\/futbolhoy.co\/index.php\/2025\/09\/29\/seleccion-colombia-titulares-posibles-para-debut-en-mundial-de-chile-2025\/#primaryimage\"},\"thumbnailUrl\":\"https:\/\/futbolhoy.co\/wp-content\/uploads\/2025\/09\/WhatsApp-Image-2025-09-29-at-12.04.05-PM.jpeg\",\"articleSection\":[\"Colombia\"],\"inLanguage\":\"es\",\"potentialAction\":[{\"@type\":\"CommentAction\",\"name\":\"Comment\",\"target\":[\"https:\/\/futbolhoy.co\/index.php\/2025\/09\/29\/seleccion-colombia-titulares-posibles-para-debut-en-mundial-de-chile-2025\/#respond\"]}]},{\"@type\":\"WebPage\",\"@id\":\"https:\/\/futbolhoy.co\/index.php\/2025\/09\/29\/seleccion-colombia-titulares-posibles-para-debut-en-mundial-de-chile-2025\/\",\"url\":\"https:\/\/futbolhoy.co\/index.php\/2025\/09\/29\/seleccion-colombia-titulares-posibles-para-debut-en-mundial-de-chile-2025\/\",\"name\":\"Selecci\u00f3n Colombia: Titulares posibles para debut en Mundial de Chile 2025 -\",\"isPartOf\":{\"@id\":\"https:\/\/futbolhoy.co\/#website\"},\"primaryImageOfPage\":{\"@id\":\"https:\/\/futbolhoy.co\/index.php\/2025\/09\/29\/seleccion-colombia-titulares-posibles-para-debut-en-mundial-de-chile-2025\/#primaryimage\"},\"image\":{\"@id\":\"https:\/\/futbolhoy.co\/index.php\/2025\/09\/29\/seleccion-colombia-titulares-posibles-para-debut-en-mundial-de-chile-2025\/#primaryimage\"},\"thumbnailUrl\":\"https:\/\/futbolhoy.co\/wp-content\/uploads\/2025\/09\/WhatsApp-Image-2025-09-29-at-12.04.05-PM.jpeg\",\"datePublished\":\"2025-09-29T17:06:20+00:00\",\"dateModified\":\"2025-09-30T01:49:00+00:00\",\"breadcrumb\":{\"@id\":\"https:\/\/futbolhoy.co\/index.php\/2025\/09\/29\/seleccion-colombia-titulares-posibles-para-debut-en-mundial-de-chile-2025\/#breadcrumb\"},\"inLanguage\":\"es\",\"potentialAction\":[{\"@type\":\"ReadAction\",\"target\":[\"https:\/\/futbolhoy.co\/index.php\/2025\/09\/29\/seleccion-colombia-titulares-posibles-para-debut-en-mundial-de-chile-2025\/\"]}]},{\"@type\":\"ImageObject\",\"inLanguage\":\"es\",\"@id\":\"https:\/\/futbolhoy.co\/index.php\/2025\/09\/29\/seleccion-colombia-titulares-posibles-para-debut-en-mundial-de-chile-2025\/#primaryimage\",\"url\":\"https:\/\/futbolhoy.co\/wp-content\/uploads\/2025\/09\/WhatsApp-Image-2025-09-29-at-12.04.05-PM.jpeg\",\"contentUrl\":\"https:\/\/futbolhoy.co\/wp-content\/uploads\/2025\/09\/WhatsApp-Image-2025-09-29-at-12.04.05-PM.jpeg\",\"width\":828,\"height\":732},{\"@type\":\"BreadcrumbList\",\"@id\":\"https:\/\/futbolhoy.co\/index.php\/2025\/09\/29\/seleccion-colombia-titulares-posibles-para-debut-en-mundial-de-chile-2025\/#breadcrumb\",\"itemListElement\":[{\"@type\":\"ListItem\",\"position\":1,\"name\":\"Portada\",\"item\":\"https:\/\/futbolhoy.co\/\"},{\"@type\":\"ListItem\",\"position\":2,\"name\":\"Selecci\u00f3n Colombia: Titulares posibles para debut en Mundial de Chile 2025\"}]},{\"@type\":\"WebSite\",\"@id\":\"https:\/\/futbolhoy.co\/#website\",\"url\":\"https:\/\/futbolhoy.co\/\",\"name\":\"FutbolHoy\",\"description\":\"\",\"publisher\":{\"@id\":\"https:\/\/futbolhoy.co\/#organization\"},\"potentialAction\":[{\"@type\":\"SearchAction\",\"target\":{\"@type\":\"EntryPoint\",\"urlTemplate\":\"https:\/\/futbolhoy.co\/?s={search_term_string}\"},\"query-input\":{\"@type\":\"PropertyValueSpecification\",\"valueRequired\":true,\"valueName\":\"search_term_string\"}}],\"inLanguage\":\"es\"},{\"@type\":\"Organization\",\"@id\":\"https:\/\/futbolhoy.co\/#organization\",\"name\":\"Futbolhoy.co\",\"url\":\"https:\/\/futbolhoy.co\/\",\"logo\":{\"@type\":\"ImageObject\",\"inLanguage\":\"es\",\"@id\":\"https:\/\/futbolhoy.co\/#\/schema\/logo\/image\/\",\"url\":\"https:\/\/futbolhoy.co\/wp-content\/uploads\/2018\/08\/17426380_1906371736249227_6326180412931521141_n.jpg\",\"contentUrl\":\"https:\/\/futbolhoy.co\/wp-content\/uploads\/2018\/08\/17426380_1906371736249227_6326180412931521141_n.jpg\",\"width\":960,\"height\":960,\"caption\":\"Futbolhoy.co\"},\"image\":{\"@id\":\"https:\/\/futbolhoy.co\/#\/schema\/logo\/image\/\"},\"sameAs\":[\"https:\/\/www.facebook.com\/FutbolHoyCol\/\",\"https:\/\/x.com\/FutbolHoyCol\",\"https:\/\/www.instagram.com\/futbolhoycol\/\"]},{\"@type\":\"Person\",\"@id\":\"https:\/\/futbolhoy.co\/#\/schema\/person\/1721b69355b6623eaff15ac7b92d4cc3\",\"name\":\"contenido\",\"image\":{\"@type\":\"ImageObject\",\"inLanguage\":\"es\",\"@id\":\"https:\/\/futbolhoy.co\/#\/schema\/person\/image\/\",\"url\":\"https:\/\/secure.gravatar.com\/avatar\/4f656d3256f5134f466206e7c3941518?s=96&d=mm&r=g\",\"contentUrl\":\"https:\/\/secure.gravatar.com\/avatar\/4f656d3256f5134f466206e7c3941518?s=96&d=mm&r=g\",\"caption\":\"contenido\"}}]}<\/script>\n<!-- \/ Yoast SEO plugin. -->","yoast_head_json":{"title":"Selecci\u00f3n Colombia: Titulares posibles para debut en Mundial de Chile 2025 -","robots":{"index":"index","follow":"follow","max-snippet":"max-snippet:-1","max-image-preview":"max-image-preview:large","max-video-preview":"max-video-preview:-1"},"canonical":"https:\/\/futbolhoy.co\/index.php\/2025\/09\/29\/seleccion-colombia-titulares-posibles-para-debut-en-mundial-de-chile-2025\/","og_locale":"es_ES","og_type":"article","og_title":"Selecci\u00f3n Colombia: Titulares posibles para debut en Mundial de Chile 2025 -","og_description":"El Mundial Sub-20 en Chile inici\u00f3 el 27 de septiembre con victoria 2-0 de Jap\u00f3n sobre Egipto, seguido por el triunfo de Chile 2-1 sobre Nueva Zelanda en el grupo\u00a0 En la siguiente jornada, Paraguay derrot\u00f3 3-2 a Panam\u00e1, y comparte la cima en el segundo grupo con Ucrania. La sorpresa hasta el momento, la [&hellip;]","og_url":"https:\/\/futbolhoy.co\/index.php\/2025\/09\/29\/seleccion-colombia-titulares-posibles-para-debut-en-mundial-de-chile-2025\/","article_publisher":"https:\/\/www.facebook.com\/FutbolHoyCol\/","article_published_time":"2025-09-29T17:06:20+00:00","article_modified_time":"2025-09-30T01:49:00+00:00","og_image":[{"width":828,"height":732,"url":"https:\/\/futbolhoy.co\/wp-content\/uploads\/2025\/09\/WhatsApp-Image-2025-09-29-at-12.04.05-PM.jpeg","type":"image\/jpeg"}],"author":"contenido","twitter_card":"summary_large_image","twitter_creator":"@FutbolHoyCol","twitter_site":"@FutbolHoyCol","twitter_misc":{"Escrito por":"contenido","Tiempo de lectura":"1 minuto"},"schema":{"@context":"https:\/\/schema.org","@graph":[{"@type":"Article","@id":"https:\/\/futbolhoy.co\/index.php\/2025\/09\/29\/seleccion-colombia-titulares-posibles-para-debut-en-mundial-de-chile-2025\/#article","isPartOf":{"@id":"https:\/\/futbolhoy.co\/index.php\/2025\/09\/29\/seleccion-colombia-titulares-posibles-para-debut-en-mundial-de-chile-2025\/"},"author":{"name":"contenido","@id":"https:\/\/futbolhoy.co\/#\/schema\/person\/1721b69355b6623eaff15ac7b92d4cc3"},"headline":"Selecci\u00f3n Colombia: Titulares posibles para debut en Mundial de Chile 2025","datePublished":"2025-09-29T17:06:20+00:00","dateModified":"2025-09-30T01:49:00+00:00","mainEntityOfPage":{"@id":"https:\/\/futbolhoy.co\/index.php\/2025\/09\/29\/seleccion-colombia-titulares-posibles-para-debut-en-mundial-de-chile-2025\/"},"wordCount":262,"commentCount":0,"publisher":{"@id":"https:\/\/futbolhoy.co\/#organization"},"image":{"@id":"https:\/\/futbolhoy.co\/index.php\/2025\/09\/29\/seleccion-colombia-titulares-posibles-para-debut-en-mundial-de-chile-2025\/#primaryimage"},"thumbnailUrl":"https:\/\/futbolhoy.co\/wp-content\/uploads\/2025\/09\/WhatsApp-Image-2025-09-29-at-12.04.05-PM.jpeg","articleSection":["Colombia"],"inLanguage":"es","potentialAction":[{"@type":"CommentAction","name":"Comment","target":["https:\/\/futbolhoy.co\/index.php\/2025\/09\/29\/seleccion-colombia-titulares-posibles-para-debut-en-mundial-de-chile-2025\/#respond"]}]},{"@type":"WebPage","@id":"https:\/\/futbolhoy.co\/index.php\/2025\/09\/29\/seleccion-colombia-titulares-posibles-para-debut-en-mundial-de-chile-2025\/","url":"https:\/\/futbolhoy.co\/index.php\/2025\/09\/29\/seleccion-colombia-titulares-posibles-para-debut-en-mundial-de-chile-2025\/","name":"Selecci\u00f3n Colombia: Titulares posibles para debut en Mundial de Chile 2025 -","isPartOf":{"@id":"https:\/\/futbolhoy.co\/#website"},"primaryImageOfPage":{"@id":"https:\/\/futbolhoy.co\/index.php\/2025\/09\/29\/seleccion-colombia-titulares-posibles-para-debut-en-mundial-de-chile-2025\/#primaryimage"},"image":{"@id":"https:\/\/futbolhoy.co\/index.php\/2025\/09\/29\/seleccion-colombia-titulares-posibles-para-debut-en-mundial-de-chile-2025\/#primaryimage"},"thumbnailUrl":"https:\/\/futbolhoy.co\/wp-content\/uploads\/2025\/09\/WhatsApp-Image-2025-09-29-at-12.04.05-PM.jpeg","datePublished":"2025-09-29T17:06:20+00:00","dateModified":"2025-09-30T01:49:00+00:00","breadcrumb":{"@id":"https:\/\/futbolhoy.co\/index.php\/2025\/09\/29\/seleccion-colombia-titulares-posibles-para-debut-en-mundial-de-chile-2025\/#breadcrumb"},"inLanguage":"es","potentialAction":[{"@type":"ReadAction","target":["https:\/\/futbolhoy.co\/index.php\/2025\/09\/29\/seleccion-colombia-titulares-posibles-para-debut-en-mundial-de-chile-2025\/"]}]},{"@type":"ImageObject","inLanguage":"es","@id":"https:\/\/futbolhoy.co\/index.php\/2025\/09\/29\/seleccion-colombia-titulares-posibles-para-debut-en-mundial-de-chile-2025\/#primaryimage","url":"https:\/\/futbolhoy.co\/wp-content\/uploads\/2025\/09\/WhatsApp-Image-2025-09-29-at-12.04.05-PM.jpeg","contentUrl":"https:\/\/futbolhoy.co\/wp-content\/uploads\/2025\/09\/WhatsApp-Image-2025-09-29-at-12.04.05-PM.jpeg","width":828,"height":732},{"@type":"BreadcrumbList","@id":"https:\/\/futbolhoy.co\/index.php\/2025\/09\/29\/seleccion-colombia-titulares-posibles-para-debut-en-mundial-de-chile-2025\/#breadcrumb","itemListElement":[{"@type":"ListItem","position":1,"name":"Portada","item":"https:\/\/futbolhoy.co\/"},{"@type":"ListItem","position":2,"name":"Selecci\u00f3n Colombia: Titulares posibles para debut en Mundial de Chile 2025"}]},{"@type":"WebSite","@id":"https:\/\/futbolhoy.co\/#website","url":"https:\/\/futbolhoy.co\/","name":"FutbolHoy","description":"","publisher":{"@id":"https:\/\/futbolhoy.co\/#organization"},"potentialAction":[{"@type":"SearchAction","target":{"@type":"EntryPoint","urlTemplate":"https:\/\/futbolhoy.co\/?s={search_term_string}"},"query-input":{"@type":"PropertyValueSpecification","valueRequired":true,"valueName":"search_term_string"}}],"inLanguage":"es"},{"@type":"Organization","@id":"https:\/\/futbolhoy.co\/#organization","name":"Futbolhoy.co","url":"https:\/\/futbolhoy.co\/","logo":{"@type":"ImageObject","inLanguage":"es","@id":"https:\/\/futbolhoy.co\/#\/schema\/logo\/image\/","url":"https:\/\/futbolhoy.co\/wp-content\/uploads\/2018\/08\/17426380_1906371736249227_6326180412931521141_n.jpg","contentUrl":"https:\/\/futbolhoy.co\/wp-content\/uploads\/2018\/08\/17426380_1906371736249227_6326180412931521141_n.jpg","width":960,"height":960,"caption":"Futbolhoy.co"},"image":{"@id":"https:\/\/futbolhoy.co\/#\/schema\/logo\/image\/"},"sameAs":["https:\/\/www.facebook.com\/FutbolHoyCol\/","https:\/\/x.com\/FutbolHoyCol","https:\/\/www.instagram.com\/futbolhoycol\/"]},{"@type":"Person","@id":"https:\/\/futbolhoy.co\/#\/schema\/person\/1721b69355b6623eaff15ac7b92d4cc3","name":"contenido","image":{"@type":"ImageObject","inLanguage":"es","@id":"https:\/\/futbolhoy.co\/#\/schema\/person\/image\/","url":"https:\/\/secure.gravatar.com\/avatar\/4f656d3256f5134f466206e7c3941518?s=96&d=mm&r=g","contentUrl":"https:\/\/secure.gravatar.com\/avatar\/4f656d3256f5134f466206e7c3941518?s=96&d=mm&r=g","caption":"contenido"}}]}},"publishpress_future_action":{"enabled":false,"date":"2026-05-05 11:32:00","action":"change-status","newStatus":"draft","terms":[],"taxonomy":"category","extraData":[]},"publishpress_future_workflow_manual_trigger":{"enabledWorkflows":[]},"_links":{"self":[{"href":"https:\/\/futbolhoy.co\/index.php\/wp-json\/wp\/v2\/posts\/123951","targetHints":{"allow":["GET"]}}],"collection":[{"href":"https:\/\/futbolhoy.co\/index.php\/wp-json\/wp\/v2\/posts"}],"about":[{"href":"https:\/\/futbolhoy.co\/index.php\/wp-json\/wp\/v2\/types\/post"}],"author":[{"embeddable":true,"href":"https:\/\/futbolhoy.co\/index.php\/wp-json\/wp\/v2\/users\/4"}],"replies":[{"embeddable":true,"href":"https:\/\/futbolhoy.co\/index.php\/wp-json\/wp\/v2\/comments?post=123951"}],"version-history":[{"count":3,"href":"https:\/\/futbolhoy.co\/index.php\/wp-json\/wp\/v2\/posts\/123951\/revisions"}],"predecessor-version":[{"id":123955,"href":"https:\/\/futbolhoy.co\/index.php\/wp-json\/wp\/v2\/posts\/123951\/revisions\/123955"}],"wp:featuredmedia":[{"embeddable":true,"href":"https:\/\/futbolhoy.co\/index.php\/wp-json\/wp\/v2\/media\/123952"}],"wp:attachment":[{"href":"https:\/\/futbolhoy.co\/index.php\/wp-json\/wp\/v2\/media?parent=123951"}],"wp:term":[{"taxonomy":"category","embeddable":true,"href":"https:\/\/futbolhoy.co\/index.php\/wp-json\/wp\/v2\/categories?post=123951"},{"taxonomy":"post_tag","embeddable":true,"href":"https:\/\/futbolhoy.co\/index.php\/wp-json\/wp\/v2\/tags?post=123951"}],"curies":[{"name":"wp","href":"https:\/\/api.w.org\/{rel}","templated":true}]}}