{"id":123956,"date":"2025-09-29T13:56:35","date_gmt":"2025-09-29T18:56:35","guid":{"rendered":"https:\/\/futbolhoy.co\/?p=123956"},"modified":"2025-09-30T11:05:34","modified_gmt":"2025-09-30T16:05:34","slug":"confirmado-james-rodriguez-tiene-nuevo-tecnico-en-club-leon","status":"publish","type":"post","link":"https:\/\/futbolhoy.co\/index.php\/2025\/09\/29\/confirmado-james-rodriguez-tiene-nuevo-tecnico-en-club-leon\/","title":{"rendered":"Oficial: James Rodr\u00edguez tiene nuevo t\u00e9cnico en Club Le\u00f3n"},"content":{"rendered":"<p style=\"text-align: justify;\"><span style=\"font-family: helvetica, arial, sans-serif;\"><strong>Club Le\u00f3n<\/strong> anunci\u00f3 la llegada del t\u00e9cnico mexicano <strong>Ignacio 'Nacho' Ambriz<\/strong> al banquillo, tras la renuncia de Eduardo Berizzo, el 27 de septiembre.<\/span><\/p>\n<p style=\"text-align: justify;\"><span style=\"font-family: helvetica, arial, sans-serif;\">Es el segundo ciclo de Ambriz al mando del equipo de <strong>Guanajuato<\/strong>, tras su ciclo entre septiembre de 2018 y mayo de 2021. Durante este periodo, sac\u00f3 al equipo campe\u00f3n de la <strong>Liga MX Apertura, en 2020<\/strong>.<\/span><\/p>\n<p style=\"text-align: justify;\"><span style=\"font-family: helvetica, arial, sans-serif;\">El palmar\u00e9s del director t\u00e9cnico se complementa con una <strong>Champions de Concacaf<\/strong>, con Am\u00e9rica de M\u00e9xico, y una <strong>Copa<\/strong> de este pa\u00eds, conseguida con Necaxa.<\/span><\/p>\n<h3 style=\"text-align: justify;\"><span style=\"font-family: helvetica, arial, sans-serif;\">Presentaci\u00f3n del nuevo t\u00e9cnico de CLub Le\u00f3n<\/span><\/h3>\n<blockquote class=\"twitter-tweet\" data-media-max-width=\"560\">\n<p dir=\"ltr\" lang=\"en\">\ud835\udc70'\ud835\udc73\ud835\udc73 \ud835\udc69\ud835\udc6c \ud835\udc69\ud835\udc68\ud835\udc6a\ud835\udc72 <a href=\"https:\/\/t.co\/hLliPvjwEF\">pic.twitter.com\/hLliPvjwEF<\/a><\/p>\n<p>\u2014 Club Le\u00f3n (@clubleonfc) <a href=\"https:\/\/twitter.com\/clubleonfc\/status\/1972730284782338399?ref_src=twsrc%5Etfw\">September 29, 2025<\/a><\/p><\/blockquote>\n<p style=\"text-align: justify;\"><script async src=\"https:\/\/platform.twitter.com\/widgets.js\" charset=\"utf-8\"><\/script><span style=\"font-family: helvetica, arial, sans-serif;\"><strong>James Rodr\u00edguez<\/strong> espera ser tenido en cuenta por su nuevo entrenador, considerando que era pieza clave en esquema de Berizzo, ya que sum\u00f3 <strong>4 goles y 8 asistencias<\/strong> en 2.021' minutos en cancha.<\/span><\/p>\n<p style=\"text-align: justify;\"><span style=\"font-family: helvetica, arial, sans-serif;\">El debut de 'La Fiera' bajo las \u00f3rdenes de Ignacio Ambriz ser\u00e1 el s\u00e1bado <strong>4 de octubre a las 8:00 pm<\/strong> (hora Colombia), en casa frente a Toluca.<\/span><\/p>\n","protected":false},"excerpt":{"rendered":"<p>Club Le\u00f3n anunci\u00f3 la llegada del t\u00e9cnico mexicano Ignacio 'Nacho' Ambriz al banquillo, tras la renuncia de Eduardo Berizzo, el 27 de septiembre. Es el segundo ciclo de Ambriz al mando del equipo de Guanajuato, tras su ciclo entre septiembre de 2018 y mayo de 2021. Durante este periodo, sac\u00f3 al equipo campe\u00f3n de la [&hellip;]<\/p>\n","protected":false},"author":4,"featured_media":123957,"comment_status":"open","ping_status":"open","sticky":false,"template":"","format":"standard","meta":{"_acf_changed":false,"footnotes":""},"categories":[153],"tags":[],"class_list":{"0":"post-123956","1":"post","2":"type-post","3":"status-publish","4":"format-standard","5":"has-post-thumbnail","7":"category-selecion-colombia"},"acf":[],"yoast_head":"<!-- This site is optimized with the Yoast SEO plugin v26.8 - https:\/\/yoast.com\/product\/yoast-seo-wordpress\/ -->\n<title>Oficial: James Rodr\u00edguez tiene nuevo t\u00e9cnico en Club Le\u00f3n -<\/title>\n<meta name=\"robots\" content=\"index, follow, max-snippet:-1, max-image-preview:large, max-video-preview:-1\" \/>\n<link rel=\"canonical\" href=\"https:\/\/futbolhoy.co\/index.php\/2025\/09\/29\/confirmado-james-rodriguez-tiene-nuevo-tecnico-en-club-leon\/\" \/>\n<meta property=\"og:locale\" content=\"es_ES\" \/>\n<meta property=\"og:type\" content=\"article\" \/>\n<meta property=\"og:title\" content=\"Oficial: James Rodr\u00edguez tiene nuevo t\u00e9cnico en Club Le\u00f3n -\" \/>\n<meta property=\"og:description\" content=\"Club Le\u00f3n anunci\u00f3 la llegada del t\u00e9cnico mexicano Ignacio &#039;Nacho&#039; Ambriz al banquillo, tras la renuncia de Eduardo Berizzo, el 27 de septiembre. Es el segundo ciclo de Ambriz al mando del equipo de Guanajuato, tras su ciclo entre septiembre de 2018 y mayo de 2021. Durante este periodo, sac\u00f3 al equipo campe\u00f3n de la [&hellip;]\" \/>\n<meta property=\"og:url\" content=\"https:\/\/futbolhoy.co\/index.php\/2025\/09\/29\/confirmado-james-rodriguez-tiene-nuevo-tecnico-en-club-leon\/\" \/>\n<meta property=\"article:publisher\" content=\"https:\/\/www.facebook.com\/FutbolHoyCol\/\" \/>\n<meta property=\"article:published_time\" content=\"2025-09-29T18:56:35+00:00\" \/>\n<meta property=\"article:modified_time\" content=\"2025-09-30T16:05:34+00:00\" \/>\n<meta property=\"og:image\" content=\"https:\/\/futbolhoy.co\/wp-content\/uploads\/2025\/09\/WhatsApp-Image-2025-09-29-at-1.55.27-PM.jpeg\" \/>\n\t<meta property=\"og:image:width\" content=\"745\" \/>\n\t<meta property=\"og:image:height\" content=\"574\" \/>\n\t<meta property=\"og:image:type\" content=\"image\/jpeg\" \/>\n<meta name=\"author\" content=\"contenido\" \/>\n<meta name=\"twitter:card\" content=\"summary_large_image\" \/>\n<meta name=\"twitter:creator\" content=\"@FutbolHoyCol\" \/>\n<meta name=\"twitter:site\" content=\"@FutbolHoyCol\" \/>\n<meta name=\"twitter:label1\" content=\"Escrito por\" \/>\n\t<meta name=\"twitter:data1\" content=\"contenido\" \/>\n\t<meta name=\"twitter:label2\" content=\"Tiempo de lectura\" \/>\n\t<meta name=\"twitter:data2\" content=\"1 minuto\" \/>\n<script type=\"application\/ld+json\" class=\"yoast-schema-graph\">{\"@context\":\"https:\/\/schema.org\",\"@graph\":[{\"@type\":\"Article\",\"@id\":\"https:\/\/futbolhoy.co\/index.php\/2025\/09\/29\/confirmado-james-rodriguez-tiene-nuevo-tecnico-en-club-leon\/#article\",\"isPartOf\":{\"@id\":\"https:\/\/futbolhoy.co\/index.php\/2025\/09\/29\/confirmado-james-rodriguez-tiene-nuevo-tecnico-en-club-leon\/\"},\"author\":{\"name\":\"contenido\",\"@id\":\"https:\/\/futbolhoy.co\/#\/schema\/person\/1721b69355b6623eaff15ac7b92d4cc3\"},\"headline\":\"Oficial: James Rodr\u00edguez tiene nuevo t\u00e9cnico en Club Le\u00f3n\",\"datePublished\":\"2025-09-29T18:56:35+00:00\",\"dateModified\":\"2025-09-30T16:05:34+00:00\",\"mainEntityOfPage\":{\"@id\":\"https:\/\/futbolhoy.co\/index.php\/2025\/09\/29\/confirmado-james-rodriguez-tiene-nuevo-tecnico-en-club-leon\/\"},\"wordCount\":180,\"commentCount\":0,\"publisher\":{\"@id\":\"https:\/\/futbolhoy.co\/#organization\"},\"image\":{\"@id\":\"https:\/\/futbolhoy.co\/index.php\/2025\/09\/29\/confirmado-james-rodriguez-tiene-nuevo-tecnico-en-club-leon\/#primaryimage\"},\"thumbnailUrl\":\"https:\/\/futbolhoy.co\/wp-content\/uploads\/2025\/09\/WhatsApp-Image-2025-09-29-at-1.55.27-PM.jpeg\",\"articleSection\":[\"Selecci\u00f3n Colombia\"],\"inLanguage\":\"es\",\"potentialAction\":[{\"@type\":\"CommentAction\",\"name\":\"Comment\",\"target\":[\"https:\/\/futbolhoy.co\/index.php\/2025\/09\/29\/confirmado-james-rodriguez-tiene-nuevo-tecnico-en-club-leon\/#respond\"]}]},{\"@type\":\"WebPage\",\"@id\":\"https:\/\/futbolhoy.co\/index.php\/2025\/09\/29\/confirmado-james-rodriguez-tiene-nuevo-tecnico-en-club-leon\/\",\"url\":\"https:\/\/futbolhoy.co\/index.php\/2025\/09\/29\/confirmado-james-rodriguez-tiene-nuevo-tecnico-en-club-leon\/\",\"name\":\"Oficial: James Rodr\u00edguez tiene nuevo t\u00e9cnico en Club Le\u00f3n -\",\"isPartOf\":{\"@id\":\"https:\/\/futbolhoy.co\/#website\"},\"primaryImageOfPage\":{\"@id\":\"https:\/\/futbolhoy.co\/index.php\/2025\/09\/29\/confirmado-james-rodriguez-tiene-nuevo-tecnico-en-club-leon\/#primaryimage\"},\"image\":{\"@id\":\"https:\/\/futbolhoy.co\/index.php\/2025\/09\/29\/confirmado-james-rodriguez-tiene-nuevo-tecnico-en-club-leon\/#primaryimage\"},\"thumbnailUrl\":\"https:\/\/futbolhoy.co\/wp-content\/uploads\/2025\/09\/WhatsApp-Image-2025-09-29-at-1.55.27-PM.jpeg\",\"datePublished\":\"2025-09-29T18:56:35+00:00\",\"dateModified\":\"2025-09-30T16:05:34+00:00\",\"breadcrumb\":{\"@id\":\"https:\/\/futbolhoy.co\/index.php\/2025\/09\/29\/confirmado-james-rodriguez-tiene-nuevo-tecnico-en-club-leon\/#breadcrumb\"},\"inLanguage\":\"es\",\"potentialAction\":[{\"@type\":\"ReadAction\",\"target\":[\"https:\/\/futbolhoy.co\/index.php\/2025\/09\/29\/confirmado-james-rodriguez-tiene-nuevo-tecnico-en-club-leon\/\"]}]},{\"@type\":\"ImageObject\",\"inLanguage\":\"es\",\"@id\":\"https:\/\/futbolhoy.co\/index.php\/2025\/09\/29\/confirmado-james-rodriguez-tiene-nuevo-tecnico-en-club-leon\/#primaryimage\",\"url\":\"https:\/\/futbolhoy.co\/wp-content\/uploads\/2025\/09\/WhatsApp-Image-2025-09-29-at-1.55.27-PM.jpeg\",\"contentUrl\":\"https:\/\/futbolhoy.co\/wp-content\/uploads\/2025\/09\/WhatsApp-Image-2025-09-29-at-1.55.27-PM.jpeg\",\"width\":745,\"height\":574},{\"@type\":\"BreadcrumbList\",\"@id\":\"https:\/\/futbolhoy.co\/index.php\/2025\/09\/29\/confirmado-james-rodriguez-tiene-nuevo-tecnico-en-club-leon\/#breadcrumb\",\"itemListElement\":[{\"@type\":\"ListItem\",\"position\":1,\"name\":\"Portada\",\"item\":\"https:\/\/futbolhoy.co\/\"},{\"@type\":\"ListItem\",\"position\":2,\"name\":\"Oficial: James Rodr\u00edguez tiene nuevo t\u00e9cnico en Club Le\u00f3n\"}]},{\"@type\":\"WebSite\",\"@id\":\"https:\/\/futbolhoy.co\/#website\",\"url\":\"https:\/\/futbolhoy.co\/\",\"name\":\"FutbolHoy\",\"description\":\"\",\"publisher\":{\"@id\":\"https:\/\/futbolhoy.co\/#organization\"},\"potentialAction\":[{\"@type\":\"SearchAction\",\"target\":{\"@type\":\"EntryPoint\",\"urlTemplate\":\"https:\/\/futbolhoy.co\/?s={search_term_string}\"},\"query-input\":{\"@type\":\"PropertyValueSpecification\",\"valueRequired\":true,\"valueName\":\"search_term_string\"}}],\"inLanguage\":\"es\"},{\"@type\":\"Organization\",\"@id\":\"https:\/\/futbolhoy.co\/#organization\",\"name\":\"Futbolhoy.co\",\"url\":\"https:\/\/futbolhoy.co\/\",\"logo\":{\"@type\":\"ImageObject\",\"inLanguage\":\"es\",\"@id\":\"https:\/\/futbolhoy.co\/#\/schema\/logo\/image\/\",\"url\":\"https:\/\/futbolhoy.co\/wp-content\/uploads\/2018\/08\/17426380_1906371736249227_6326180412931521141_n.jpg\",\"contentUrl\":\"https:\/\/futbolhoy.co\/wp-content\/uploads\/2018\/08\/17426380_1906371736249227_6326180412931521141_n.jpg\",\"width\":960,\"height\":960,\"caption\":\"Futbolhoy.co\"},\"image\":{\"@id\":\"https:\/\/futbolhoy.co\/#\/schema\/logo\/image\/\"},\"sameAs\":[\"https:\/\/www.facebook.com\/FutbolHoyCol\/\",\"https:\/\/x.com\/FutbolHoyCol\",\"https:\/\/www.instagram.com\/futbolhoycol\/\"]},{\"@type\":\"Person\",\"@id\":\"https:\/\/futbolhoy.co\/#\/schema\/person\/1721b69355b6623eaff15ac7b92d4cc3\",\"name\":\"contenido\",\"image\":{\"@type\":\"ImageObject\",\"inLanguage\":\"es\",\"@id\":\"https:\/\/futbolhoy.co\/#\/schema\/person\/image\/\",\"url\":\"https:\/\/secure.gravatar.com\/avatar\/4f656d3256f5134f466206e7c3941518?s=96&d=mm&r=g\",\"contentUrl\":\"https:\/\/secure.gravatar.com\/avatar\/4f656d3256f5134f466206e7c3941518?s=96&d=mm&r=g\",\"caption\":\"contenido\"}}]}<\/script>\n<!-- \/ Yoast SEO plugin. -->","yoast_head_json":{"title":"Oficial: James Rodr\u00edguez tiene nuevo t\u00e9cnico en Club Le\u00f3n -","robots":{"index":"index","follow":"follow","max-snippet":"max-snippet:-1","max-image-preview":"max-image-preview:large","max-video-preview":"max-video-preview:-1"},"canonical":"https:\/\/futbolhoy.co\/index.php\/2025\/09\/29\/confirmado-james-rodriguez-tiene-nuevo-tecnico-en-club-leon\/","og_locale":"es_ES","og_type":"article","og_title":"Oficial: James Rodr\u00edguez tiene nuevo t\u00e9cnico en Club Le\u00f3n -","og_description":"Club Le\u00f3n anunci\u00f3 la llegada del t\u00e9cnico mexicano Ignacio 'Nacho' Ambriz al banquillo, tras la renuncia de Eduardo Berizzo, el 27 de septiembre. Es el segundo ciclo de Ambriz al mando del equipo de Guanajuato, tras su ciclo entre septiembre de 2018 y mayo de 2021. Durante este periodo, sac\u00f3 al equipo campe\u00f3n de la [&hellip;]","og_url":"https:\/\/futbolhoy.co\/index.php\/2025\/09\/29\/confirmado-james-rodriguez-tiene-nuevo-tecnico-en-club-leon\/","article_publisher":"https:\/\/www.facebook.com\/FutbolHoyCol\/","article_published_time":"2025-09-29T18:56:35+00:00","article_modified_time":"2025-09-30T16:05:34+00:00","og_image":[{"width":745,"height":574,"url":"https:\/\/futbolhoy.co\/wp-content\/uploads\/2025\/09\/WhatsApp-Image-2025-09-29-at-1.55.27-PM.jpeg","type":"image\/jpeg"}],"author":"contenido","twitter_card":"summary_large_image","twitter_creator":"@FutbolHoyCol","twitter_site":"@FutbolHoyCol","twitter_misc":{"Escrito por":"contenido","Tiempo de lectura":"1 minuto"},"schema":{"@context":"https:\/\/schema.org","@graph":[{"@type":"Article","@id":"https:\/\/futbolhoy.co\/index.php\/2025\/09\/29\/confirmado-james-rodriguez-tiene-nuevo-tecnico-en-club-leon\/#article","isPartOf":{"@id":"https:\/\/futbolhoy.co\/index.php\/2025\/09\/29\/confirmado-james-rodriguez-tiene-nuevo-tecnico-en-club-leon\/"},"author":{"name":"contenido","@id":"https:\/\/futbolhoy.co\/#\/schema\/person\/1721b69355b6623eaff15ac7b92d4cc3"},"headline":"Oficial: James Rodr\u00edguez tiene nuevo t\u00e9cnico en Club Le\u00f3n","datePublished":"2025-09-29T18:56:35+00:00","dateModified":"2025-09-30T16:05:34+00:00","mainEntityOfPage":{"@id":"https:\/\/futbolhoy.co\/index.php\/2025\/09\/29\/confirmado-james-rodriguez-tiene-nuevo-tecnico-en-club-leon\/"},"wordCount":180,"commentCount":0,"publisher":{"@id":"https:\/\/futbolhoy.co\/#organization"},"image":{"@id":"https:\/\/futbolhoy.co\/index.php\/2025\/09\/29\/confirmado-james-rodriguez-tiene-nuevo-tecnico-en-club-leon\/#primaryimage"},"thumbnailUrl":"https:\/\/futbolhoy.co\/wp-content\/uploads\/2025\/09\/WhatsApp-Image-2025-09-29-at-1.55.27-PM.jpeg","articleSection":["Selecci\u00f3n Colombia"],"inLanguage":"es","potentialAction":[{"@type":"CommentAction","name":"Comment","target":["https:\/\/futbolhoy.co\/index.php\/2025\/09\/29\/confirmado-james-rodriguez-tiene-nuevo-tecnico-en-club-leon\/#respond"]}]},{"@type":"WebPage","@id":"https:\/\/futbolhoy.co\/index.php\/2025\/09\/29\/confirmado-james-rodriguez-tiene-nuevo-tecnico-en-club-leon\/","url":"https:\/\/futbolhoy.co\/index.php\/2025\/09\/29\/confirmado-james-rodriguez-tiene-nuevo-tecnico-en-club-leon\/","name":"Oficial: James Rodr\u00edguez tiene nuevo t\u00e9cnico en Club Le\u00f3n -","isPartOf":{"@id":"https:\/\/futbolhoy.co\/#website"},"primaryImageOfPage":{"@id":"https:\/\/futbolhoy.co\/index.php\/2025\/09\/29\/confirmado-james-rodriguez-tiene-nuevo-tecnico-en-club-leon\/#primaryimage"},"image":{"@id":"https:\/\/futbolhoy.co\/index.php\/2025\/09\/29\/confirmado-james-rodriguez-tiene-nuevo-tecnico-en-club-leon\/#primaryimage"},"thumbnailUrl":"https:\/\/futbolhoy.co\/wp-content\/uploads\/2025\/09\/WhatsApp-Image-2025-09-29-at-1.55.27-PM.jpeg","datePublished":"2025-09-29T18:56:35+00:00","dateModified":"2025-09-30T16:05:34+00:00","breadcrumb":{"@id":"https:\/\/futbolhoy.co\/index.php\/2025\/09\/29\/confirmado-james-rodriguez-tiene-nuevo-tecnico-en-club-leon\/#breadcrumb"},"inLanguage":"es","potentialAction":[{"@type":"ReadAction","target":["https:\/\/futbolhoy.co\/index.php\/2025\/09\/29\/confirmado-james-rodriguez-tiene-nuevo-tecnico-en-club-leon\/"]}]},{"@type":"ImageObject","inLanguage":"es","@id":"https:\/\/futbolhoy.co\/index.php\/2025\/09\/29\/confirmado-james-rodriguez-tiene-nuevo-tecnico-en-club-leon\/#primaryimage","url":"https:\/\/futbolhoy.co\/wp-content\/uploads\/2025\/09\/WhatsApp-Image-2025-09-29-at-1.55.27-PM.jpeg","contentUrl":"https:\/\/futbolhoy.co\/wp-content\/uploads\/2025\/09\/WhatsApp-Image-2025-09-29-at-1.55.27-PM.jpeg","width":745,"height":574},{"@type":"BreadcrumbList","@id":"https:\/\/futbolhoy.co\/index.php\/2025\/09\/29\/confirmado-james-rodriguez-tiene-nuevo-tecnico-en-club-leon\/#breadcrumb","itemListElement":[{"@type":"ListItem","position":1,"name":"Portada","item":"https:\/\/futbolhoy.co\/"},{"@type":"ListItem","position":2,"name":"Oficial: James Rodr\u00edguez tiene nuevo t\u00e9cnico en Club Le\u00f3n"}]},{"@type":"WebSite","@id":"https:\/\/futbolhoy.co\/#website","url":"https:\/\/futbolhoy.co\/","name":"FutbolHoy","description":"","publisher":{"@id":"https:\/\/futbolhoy.co\/#organization"},"potentialAction":[{"@type":"SearchAction","target":{"@type":"EntryPoint","urlTemplate":"https:\/\/futbolhoy.co\/?s={search_term_string}"},"query-input":{"@type":"PropertyValueSpecification","valueRequired":true,"valueName":"search_term_string"}}],"inLanguage":"es"},{"@type":"Organization","@id":"https:\/\/futbolhoy.co\/#organization","name":"Futbolhoy.co","url":"https:\/\/futbolhoy.co\/","logo":{"@type":"ImageObject","inLanguage":"es","@id":"https:\/\/futbolhoy.co\/#\/schema\/logo\/image\/","url":"https:\/\/futbolhoy.co\/wp-content\/uploads\/2018\/08\/17426380_1906371736249227_6326180412931521141_n.jpg","contentUrl":"https:\/\/futbolhoy.co\/wp-content\/uploads\/2018\/08\/17426380_1906371736249227_6326180412931521141_n.jpg","width":960,"height":960,"caption":"Futbolhoy.co"},"image":{"@id":"https:\/\/futbolhoy.co\/#\/schema\/logo\/image\/"},"sameAs":["https:\/\/www.facebook.com\/FutbolHoyCol\/","https:\/\/x.com\/FutbolHoyCol","https:\/\/www.instagram.com\/futbolhoycol\/"]},{"@type":"Person","@id":"https:\/\/futbolhoy.co\/#\/schema\/person\/1721b69355b6623eaff15ac7b92d4cc3","name":"contenido","image":{"@type":"ImageObject","inLanguage":"es","@id":"https:\/\/futbolhoy.co\/#\/schema\/person\/image\/","url":"https:\/\/secure.gravatar.com\/avatar\/4f656d3256f5134f466206e7c3941518?s=96&d=mm&r=g","contentUrl":"https:\/\/secure.gravatar.com\/avatar\/4f656d3256f5134f466206e7c3941518?s=96&d=mm&r=g","caption":"contenido"}}]}},"publishpress_future_action":{"enabled":false,"date":"2026-05-05 07:17:17","action":"change-status","newStatus":"draft","terms":[],"taxonomy":"category","extraData":[]},"publishpress_future_workflow_manual_trigger":{"enabledWorkflows":[]},"_links":{"self":[{"href":"https:\/\/futbolhoy.co\/index.php\/wp-json\/wp\/v2\/posts\/123956","targetHints":{"allow":["GET"]}}],"collection":[{"href":"https:\/\/futbolhoy.co\/index.php\/wp-json\/wp\/v2\/posts"}],"about":[{"href":"https:\/\/futbolhoy.co\/index.php\/wp-json\/wp\/v2\/types\/post"}],"author":[{"embeddable":true,"href":"https:\/\/futbolhoy.co\/index.php\/wp-json\/wp\/v2\/users\/4"}],"replies":[{"embeddable":true,"href":"https:\/\/futbolhoy.co\/index.php\/wp-json\/wp\/v2\/comments?post=123956"}],"version-history":[{"count":2,"href":"https:\/\/futbolhoy.co\/index.php\/wp-json\/wp\/v2\/posts\/123956\/revisions"}],"predecessor-version":[{"id":123959,"href":"https:\/\/futbolhoy.co\/index.php\/wp-json\/wp\/v2\/posts\/123956\/revisions\/123959"}],"wp:featuredmedia":[{"embeddable":true,"href":"https:\/\/futbolhoy.co\/index.php\/wp-json\/wp\/v2\/media\/123957"}],"wp:attachment":[{"href":"https:\/\/futbolhoy.co\/index.php\/wp-json\/wp\/v2\/media?parent=123956"}],"wp:term":[{"taxonomy":"category","embeddable":true,"href":"https:\/\/futbolhoy.co\/index.php\/wp-json\/wp\/v2\/categories?post=123956"},{"taxonomy":"post_tag","embeddable":true,"href":"https:\/\/futbolhoy.co\/index.php\/wp-json\/wp\/v2\/tags?post=123956"}],"curies":[{"name":"wp","href":"https:\/\/api.w.org\/{rel}","templated":true}]}}