{"id":123960,"date":"2025-09-29T20:11:07","date_gmt":"2025-09-30T01:11:07","guid":{"rendered":"https:\/\/futbolhoy.co\/?p=123960"},"modified":"2025-09-30T12:50:36","modified_gmt":"2025-09-30T17:50:36","slug":"nuevo-dt-de-leon-revelo-lo-que-le-dijo-james-en-su-primera-charla","status":"publish","type":"post","link":"https:\/\/futbolhoy.co\/index.php\/2025\/09\/29\/nuevo-dt-de-leon-revelo-lo-que-le-dijo-james-en-su-primera-charla\/","title":{"rendered":"Nuevo DT de Le\u00f3n revel\u00f3 lo que le dijo James en su primera charla"},"content":{"rendered":"<p style=\"text-align: justify;\"><span style=\"font-family: helvetica, arial, sans-serif;\"><strong>Le\u00f3n<\/strong> present\u00f3 este lunes a su nuevo entrenador: <strong>Ignacio Ambriz,<\/strong> quien llega para reemplazar a <strong>Eduardo Berizzo<\/strong> y con el r\u00f3tulo de ser el \u00faltimo que sac\u00f3 campe\u00f3n al club en 2020. Tuvo su primer paso por la instituci\u00f3n en 2020.<\/span><\/p>\n<p style=\"text-align: justify;\"><span style=\"font-family: helvetica, arial, sans-serif;\">Ambriz, de 60 a\u00f1os, dirigi\u00f3 su primer entrenamiento en la tarde de este lunes, luego de tener el contacto inicial con jugadores del plantel, uno de esos <strong>James Rodr\u00edguez,<\/strong> de quien revel\u00f3 la charla que tuvieron.<\/span><\/p>\n<p style=\"text-align: justify;\"><span style=\"font-family: helvetica, arial, sans-serif;\">\u201cMe ha sorprendido, dec\u00edan que si yo iba a poder con \u00e9l o no. No se trata de poder o no. J<strong>ames es un ser humano al que tengo que saber llegarle en mi forma de ser<\/strong>\u201d, inici\u00f3 diciendo.<\/span><\/p>\n<p style=\"text-align: justify;\"><span style=\"font-family: helvetica, arial, sans-serif;\">\u201cFue con el que m\u00e1s me pude extender en la pl\u00e1tica que tuve,<strong> tiene la ilusi\u00f3n, quiere ser campe\u00f3n.<\/strong> Es que todos lo entendamos, pero reitero: parte de encontrar la identidad, tener un compromiso interno, despu\u00e9s tener actitud en todo lo que hagamos para desarrollarnos bien\u201d, a\u00f1adi\u00f3.<\/span><\/p>\n<p style=\"text-align: justify;\"><span style=\"font-family: helvetica, arial, sans-serif;\">Ambriz tendr\u00e1 su primer partido el pr\u00f3ximo s\u00e1bado 4 de octubre contra Toluca, l\u00edder del campeonato, en calidad de local.<\/span><\/p>\n","protected":false},"excerpt":{"rendered":"<p>Le\u00f3n present\u00f3 este lunes a su nuevo entrenador: Ignacio Ambriz, quien llega para reemplazar a Eduardo Berizzo y con el r\u00f3tulo de ser el \u00faltimo que sac\u00f3 campe\u00f3n al club en 2020. Tuvo su primer paso por la instituci\u00f3n en 2020. Ambriz, de 60 a\u00f1os, dirigi\u00f3 su primer entrenamiento en la tarde de este lunes, [&hellip;]<\/p>\n","protected":false},"author":4,"featured_media":123961,"comment_status":"open","ping_status":"open","sticky":false,"template":"","format":"standard","meta":{"_acf_changed":false,"footnotes":""},"categories":[153],"tags":[],"class_list":{"0":"post-123960","1":"post","2":"type-post","3":"status-publish","4":"format-standard","5":"has-post-thumbnail","7":"category-selecion-colombia"},"acf":[],"yoast_head":"<!-- This site is optimized with the Yoast SEO plugin v26.8 - https:\/\/yoast.com\/product\/yoast-seo-wordpress\/ -->\n<title>Nuevo DT de Le\u00f3n revel\u00f3 lo que le dijo James en su primera charla -<\/title>\n<meta name=\"robots\" content=\"index, follow, max-snippet:-1, max-image-preview:large, max-video-preview:-1\" \/>\n<link rel=\"canonical\" href=\"https:\/\/futbolhoy.co\/index.php\/2025\/09\/29\/nuevo-dt-de-leon-revelo-lo-que-le-dijo-james-en-su-primera-charla\/\" \/>\n<meta property=\"og:locale\" content=\"es_ES\" \/>\n<meta property=\"og:type\" content=\"article\" \/>\n<meta property=\"og:title\" content=\"Nuevo DT de Le\u00f3n revel\u00f3 lo que le dijo James en su primera charla -\" \/>\n<meta property=\"og:description\" content=\"Le\u00f3n present\u00f3 este lunes a su nuevo entrenador: Ignacio Ambriz, quien llega para reemplazar a Eduardo Berizzo y con el r\u00f3tulo de ser el \u00faltimo que sac\u00f3 campe\u00f3n al club en 2020. Tuvo su primer paso por la instituci\u00f3n en 2020. Ambriz, de 60 a\u00f1os, dirigi\u00f3 su primer entrenamiento en la tarde de este lunes, [&hellip;]\" \/>\n<meta property=\"og:url\" content=\"https:\/\/futbolhoy.co\/index.php\/2025\/09\/29\/nuevo-dt-de-leon-revelo-lo-que-le-dijo-james-en-su-primera-charla\/\" \/>\n<meta property=\"article:publisher\" content=\"https:\/\/www.facebook.com\/FutbolHoyCol\/\" \/>\n<meta property=\"article:published_time\" content=\"2025-09-30T01:11:07+00:00\" \/>\n<meta property=\"article:modified_time\" content=\"2025-09-30T17:50:36+00:00\" \/>\n<meta property=\"og:image\" content=\"https:\/\/futbolhoy.co\/wp-content\/uploads\/2025\/09\/WhatsApp-Image-2025-09-29-at-8.10.08-PM.jpeg\" \/>\n\t<meta property=\"og:image:width\" content=\"1206\" \/>\n\t<meta property=\"og:image:height\" content=\"1181\" \/>\n\t<meta property=\"og:image:type\" content=\"image\/jpeg\" \/>\n<meta name=\"author\" content=\"contenido\" \/>\n<meta name=\"twitter:card\" content=\"summary_large_image\" \/>\n<meta name=\"twitter:creator\" content=\"@FutbolHoyCol\" \/>\n<meta name=\"twitter:site\" content=\"@FutbolHoyCol\" \/>\n<meta name=\"twitter:label1\" content=\"Escrito por\" \/>\n\t<meta name=\"twitter:data1\" content=\"contenido\" \/>\n\t<meta name=\"twitter:label2\" content=\"Tiempo de lectura\" \/>\n\t<meta name=\"twitter:data2\" content=\"1 minuto\" \/>\n<script type=\"application\/ld+json\" class=\"yoast-schema-graph\">{\"@context\":\"https:\/\/schema.org\",\"@graph\":[{\"@type\":\"Article\",\"@id\":\"https:\/\/futbolhoy.co\/index.php\/2025\/09\/29\/nuevo-dt-de-leon-revelo-lo-que-le-dijo-james-en-su-primera-charla\/#article\",\"isPartOf\":{\"@id\":\"https:\/\/futbolhoy.co\/index.php\/2025\/09\/29\/nuevo-dt-de-leon-revelo-lo-que-le-dijo-james-en-su-primera-charla\/\"},\"author\":{\"name\":\"contenido\",\"@id\":\"https:\/\/futbolhoy.co\/#\/schema\/person\/1721b69355b6623eaff15ac7b92d4cc3\"},\"headline\":\"Nuevo DT de Le\u00f3n revel\u00f3 lo que le dijo James en su primera charla\",\"datePublished\":\"2025-09-30T01:11:07+00:00\",\"dateModified\":\"2025-09-30T17:50:36+00:00\",\"mainEntityOfPage\":{\"@id\":\"https:\/\/futbolhoy.co\/index.php\/2025\/09\/29\/nuevo-dt-de-leon-revelo-lo-que-le-dijo-james-en-su-primera-charla\/\"},\"wordCount\":210,\"commentCount\":0,\"publisher\":{\"@id\":\"https:\/\/futbolhoy.co\/#organization\"},\"image\":{\"@id\":\"https:\/\/futbolhoy.co\/index.php\/2025\/09\/29\/nuevo-dt-de-leon-revelo-lo-que-le-dijo-james-en-su-primera-charla\/#primaryimage\"},\"thumbnailUrl\":\"https:\/\/futbolhoy.co\/wp-content\/uploads\/2025\/09\/WhatsApp-Image-2025-09-29-at-8.10.08-PM.jpeg\",\"articleSection\":[\"Selecci\u00f3n Colombia\"],\"inLanguage\":\"es\",\"potentialAction\":[{\"@type\":\"CommentAction\",\"name\":\"Comment\",\"target\":[\"https:\/\/futbolhoy.co\/index.php\/2025\/09\/29\/nuevo-dt-de-leon-revelo-lo-que-le-dijo-james-en-su-primera-charla\/#respond\"]}]},{\"@type\":\"WebPage\",\"@id\":\"https:\/\/futbolhoy.co\/index.php\/2025\/09\/29\/nuevo-dt-de-leon-revelo-lo-que-le-dijo-james-en-su-primera-charla\/\",\"url\":\"https:\/\/futbolhoy.co\/index.php\/2025\/09\/29\/nuevo-dt-de-leon-revelo-lo-que-le-dijo-james-en-su-primera-charla\/\",\"name\":\"Nuevo DT de Le\u00f3n revel\u00f3 lo que le dijo James en su primera charla -\",\"isPartOf\":{\"@id\":\"https:\/\/futbolhoy.co\/#website\"},\"primaryImageOfPage\":{\"@id\":\"https:\/\/futbolhoy.co\/index.php\/2025\/09\/29\/nuevo-dt-de-leon-revelo-lo-que-le-dijo-james-en-su-primera-charla\/#primaryimage\"},\"image\":{\"@id\":\"https:\/\/futbolhoy.co\/index.php\/2025\/09\/29\/nuevo-dt-de-leon-revelo-lo-que-le-dijo-james-en-su-primera-charla\/#primaryimage\"},\"thumbnailUrl\":\"https:\/\/futbolhoy.co\/wp-content\/uploads\/2025\/09\/WhatsApp-Image-2025-09-29-at-8.10.08-PM.jpeg\",\"datePublished\":\"2025-09-30T01:11:07+00:00\",\"dateModified\":\"2025-09-30T17:50:36+00:00\",\"breadcrumb\":{\"@id\":\"https:\/\/futbolhoy.co\/index.php\/2025\/09\/29\/nuevo-dt-de-leon-revelo-lo-que-le-dijo-james-en-su-primera-charla\/#breadcrumb\"},\"inLanguage\":\"es\",\"potentialAction\":[{\"@type\":\"ReadAction\",\"target\":[\"https:\/\/futbolhoy.co\/index.php\/2025\/09\/29\/nuevo-dt-de-leon-revelo-lo-que-le-dijo-james-en-su-primera-charla\/\"]}]},{\"@type\":\"ImageObject\",\"inLanguage\":\"es\",\"@id\":\"https:\/\/futbolhoy.co\/index.php\/2025\/09\/29\/nuevo-dt-de-leon-revelo-lo-que-le-dijo-james-en-su-primera-charla\/#primaryimage\",\"url\":\"https:\/\/futbolhoy.co\/wp-content\/uploads\/2025\/09\/WhatsApp-Image-2025-09-29-at-8.10.08-PM.jpeg\",\"contentUrl\":\"https:\/\/futbolhoy.co\/wp-content\/uploads\/2025\/09\/WhatsApp-Image-2025-09-29-at-8.10.08-PM.jpeg\",\"width\":1206,\"height\":1181},{\"@type\":\"BreadcrumbList\",\"@id\":\"https:\/\/futbolhoy.co\/index.php\/2025\/09\/29\/nuevo-dt-de-leon-revelo-lo-que-le-dijo-james-en-su-primera-charla\/#breadcrumb\",\"itemListElement\":[{\"@type\":\"ListItem\",\"position\":1,\"name\":\"Portada\",\"item\":\"https:\/\/futbolhoy.co\/\"},{\"@type\":\"ListItem\",\"position\":2,\"name\":\"Nuevo DT de Le\u00f3n revel\u00f3 lo que le dijo James en su primera charla\"}]},{\"@type\":\"WebSite\",\"@id\":\"https:\/\/futbolhoy.co\/#website\",\"url\":\"https:\/\/futbolhoy.co\/\",\"name\":\"FutbolHoy\",\"description\":\"\",\"publisher\":{\"@id\":\"https:\/\/futbolhoy.co\/#organization\"},\"potentialAction\":[{\"@type\":\"SearchAction\",\"target\":{\"@type\":\"EntryPoint\",\"urlTemplate\":\"https:\/\/futbolhoy.co\/?s={search_term_string}\"},\"query-input\":{\"@type\":\"PropertyValueSpecification\",\"valueRequired\":true,\"valueName\":\"search_term_string\"}}],\"inLanguage\":\"es\"},{\"@type\":\"Organization\",\"@id\":\"https:\/\/futbolhoy.co\/#organization\",\"name\":\"Futbolhoy.co\",\"url\":\"https:\/\/futbolhoy.co\/\",\"logo\":{\"@type\":\"ImageObject\",\"inLanguage\":\"es\",\"@id\":\"https:\/\/futbolhoy.co\/#\/schema\/logo\/image\/\",\"url\":\"https:\/\/futbolhoy.co\/wp-content\/uploads\/2018\/08\/17426380_1906371736249227_6326180412931521141_n.jpg\",\"contentUrl\":\"https:\/\/futbolhoy.co\/wp-content\/uploads\/2018\/08\/17426380_1906371736249227_6326180412931521141_n.jpg\",\"width\":960,\"height\":960,\"caption\":\"Futbolhoy.co\"},\"image\":{\"@id\":\"https:\/\/futbolhoy.co\/#\/schema\/logo\/image\/\"},\"sameAs\":[\"https:\/\/www.facebook.com\/FutbolHoyCol\/\",\"https:\/\/x.com\/FutbolHoyCol\",\"https:\/\/www.instagram.com\/futbolhoycol\/\"]},{\"@type\":\"Person\",\"@id\":\"https:\/\/futbolhoy.co\/#\/schema\/person\/1721b69355b6623eaff15ac7b92d4cc3\",\"name\":\"contenido\",\"image\":{\"@type\":\"ImageObject\",\"inLanguage\":\"es\",\"@id\":\"https:\/\/futbolhoy.co\/#\/schema\/person\/image\/\",\"url\":\"https:\/\/secure.gravatar.com\/avatar\/4f656d3256f5134f466206e7c3941518?s=96&d=mm&r=g\",\"contentUrl\":\"https:\/\/secure.gravatar.com\/avatar\/4f656d3256f5134f466206e7c3941518?s=96&d=mm&r=g\",\"caption\":\"contenido\"}}]}<\/script>\n<!-- \/ Yoast SEO plugin. -->","yoast_head_json":{"title":"Nuevo DT de Le\u00f3n revel\u00f3 lo que le dijo James en su primera charla -","robots":{"index":"index","follow":"follow","max-snippet":"max-snippet:-1","max-image-preview":"max-image-preview:large","max-video-preview":"max-video-preview:-1"},"canonical":"https:\/\/futbolhoy.co\/index.php\/2025\/09\/29\/nuevo-dt-de-leon-revelo-lo-que-le-dijo-james-en-su-primera-charla\/","og_locale":"es_ES","og_type":"article","og_title":"Nuevo DT de Le\u00f3n revel\u00f3 lo que le dijo James en su primera charla -","og_description":"Le\u00f3n present\u00f3 este lunes a su nuevo entrenador: Ignacio Ambriz, quien llega para reemplazar a Eduardo Berizzo y con el r\u00f3tulo de ser el \u00faltimo que sac\u00f3 campe\u00f3n al club en 2020. Tuvo su primer paso por la instituci\u00f3n en 2020. Ambriz, de 60 a\u00f1os, dirigi\u00f3 su primer entrenamiento en la tarde de este lunes, [&hellip;]","og_url":"https:\/\/futbolhoy.co\/index.php\/2025\/09\/29\/nuevo-dt-de-leon-revelo-lo-que-le-dijo-james-en-su-primera-charla\/","article_publisher":"https:\/\/www.facebook.com\/FutbolHoyCol\/","article_published_time":"2025-09-30T01:11:07+00:00","article_modified_time":"2025-09-30T17:50:36+00:00","og_image":[{"width":1206,"height":1181,"url":"https:\/\/futbolhoy.co\/wp-content\/uploads\/2025\/09\/WhatsApp-Image-2025-09-29-at-8.10.08-PM.jpeg","type":"image\/jpeg"}],"author":"contenido","twitter_card":"summary_large_image","twitter_creator":"@FutbolHoyCol","twitter_site":"@FutbolHoyCol","twitter_misc":{"Escrito por":"contenido","Tiempo de lectura":"1 minuto"},"schema":{"@context":"https:\/\/schema.org","@graph":[{"@type":"Article","@id":"https:\/\/futbolhoy.co\/index.php\/2025\/09\/29\/nuevo-dt-de-leon-revelo-lo-que-le-dijo-james-en-su-primera-charla\/#article","isPartOf":{"@id":"https:\/\/futbolhoy.co\/index.php\/2025\/09\/29\/nuevo-dt-de-leon-revelo-lo-que-le-dijo-james-en-su-primera-charla\/"},"author":{"name":"contenido","@id":"https:\/\/futbolhoy.co\/#\/schema\/person\/1721b69355b6623eaff15ac7b92d4cc3"},"headline":"Nuevo DT de Le\u00f3n revel\u00f3 lo que le dijo James en su primera charla","datePublished":"2025-09-30T01:11:07+00:00","dateModified":"2025-09-30T17:50:36+00:00","mainEntityOfPage":{"@id":"https:\/\/futbolhoy.co\/index.php\/2025\/09\/29\/nuevo-dt-de-leon-revelo-lo-que-le-dijo-james-en-su-primera-charla\/"},"wordCount":210,"commentCount":0,"publisher":{"@id":"https:\/\/futbolhoy.co\/#organization"},"image":{"@id":"https:\/\/futbolhoy.co\/index.php\/2025\/09\/29\/nuevo-dt-de-leon-revelo-lo-que-le-dijo-james-en-su-primera-charla\/#primaryimage"},"thumbnailUrl":"https:\/\/futbolhoy.co\/wp-content\/uploads\/2025\/09\/WhatsApp-Image-2025-09-29-at-8.10.08-PM.jpeg","articleSection":["Selecci\u00f3n Colombia"],"inLanguage":"es","potentialAction":[{"@type":"CommentAction","name":"Comment","target":["https:\/\/futbolhoy.co\/index.php\/2025\/09\/29\/nuevo-dt-de-leon-revelo-lo-que-le-dijo-james-en-su-primera-charla\/#respond"]}]},{"@type":"WebPage","@id":"https:\/\/futbolhoy.co\/index.php\/2025\/09\/29\/nuevo-dt-de-leon-revelo-lo-que-le-dijo-james-en-su-primera-charla\/","url":"https:\/\/futbolhoy.co\/index.php\/2025\/09\/29\/nuevo-dt-de-leon-revelo-lo-que-le-dijo-james-en-su-primera-charla\/","name":"Nuevo DT de Le\u00f3n revel\u00f3 lo que le dijo James en su primera charla -","isPartOf":{"@id":"https:\/\/futbolhoy.co\/#website"},"primaryImageOfPage":{"@id":"https:\/\/futbolhoy.co\/index.php\/2025\/09\/29\/nuevo-dt-de-leon-revelo-lo-que-le-dijo-james-en-su-primera-charla\/#primaryimage"},"image":{"@id":"https:\/\/futbolhoy.co\/index.php\/2025\/09\/29\/nuevo-dt-de-leon-revelo-lo-que-le-dijo-james-en-su-primera-charla\/#primaryimage"},"thumbnailUrl":"https:\/\/futbolhoy.co\/wp-content\/uploads\/2025\/09\/WhatsApp-Image-2025-09-29-at-8.10.08-PM.jpeg","datePublished":"2025-09-30T01:11:07+00:00","dateModified":"2025-09-30T17:50:36+00:00","breadcrumb":{"@id":"https:\/\/futbolhoy.co\/index.php\/2025\/09\/29\/nuevo-dt-de-leon-revelo-lo-que-le-dijo-james-en-su-primera-charla\/#breadcrumb"},"inLanguage":"es","potentialAction":[{"@type":"ReadAction","target":["https:\/\/futbolhoy.co\/index.php\/2025\/09\/29\/nuevo-dt-de-leon-revelo-lo-que-le-dijo-james-en-su-primera-charla\/"]}]},{"@type":"ImageObject","inLanguage":"es","@id":"https:\/\/futbolhoy.co\/index.php\/2025\/09\/29\/nuevo-dt-de-leon-revelo-lo-que-le-dijo-james-en-su-primera-charla\/#primaryimage","url":"https:\/\/futbolhoy.co\/wp-content\/uploads\/2025\/09\/WhatsApp-Image-2025-09-29-at-8.10.08-PM.jpeg","contentUrl":"https:\/\/futbolhoy.co\/wp-content\/uploads\/2025\/09\/WhatsApp-Image-2025-09-29-at-8.10.08-PM.jpeg","width":1206,"height":1181},{"@type":"BreadcrumbList","@id":"https:\/\/futbolhoy.co\/index.php\/2025\/09\/29\/nuevo-dt-de-leon-revelo-lo-que-le-dijo-james-en-su-primera-charla\/#breadcrumb","itemListElement":[{"@type":"ListItem","position":1,"name":"Portada","item":"https:\/\/futbolhoy.co\/"},{"@type":"ListItem","position":2,"name":"Nuevo DT de Le\u00f3n revel\u00f3 lo que le dijo James en su primera charla"}]},{"@type":"WebSite","@id":"https:\/\/futbolhoy.co\/#website","url":"https:\/\/futbolhoy.co\/","name":"FutbolHoy","description":"","publisher":{"@id":"https:\/\/futbolhoy.co\/#organization"},"potentialAction":[{"@type":"SearchAction","target":{"@type":"EntryPoint","urlTemplate":"https:\/\/futbolhoy.co\/?s={search_term_string}"},"query-input":{"@type":"PropertyValueSpecification","valueRequired":true,"valueName":"search_term_string"}}],"inLanguage":"es"},{"@type":"Organization","@id":"https:\/\/futbolhoy.co\/#organization","name":"Futbolhoy.co","url":"https:\/\/futbolhoy.co\/","logo":{"@type":"ImageObject","inLanguage":"es","@id":"https:\/\/futbolhoy.co\/#\/schema\/logo\/image\/","url":"https:\/\/futbolhoy.co\/wp-content\/uploads\/2018\/08\/17426380_1906371736249227_6326180412931521141_n.jpg","contentUrl":"https:\/\/futbolhoy.co\/wp-content\/uploads\/2018\/08\/17426380_1906371736249227_6326180412931521141_n.jpg","width":960,"height":960,"caption":"Futbolhoy.co"},"image":{"@id":"https:\/\/futbolhoy.co\/#\/schema\/logo\/image\/"},"sameAs":["https:\/\/www.facebook.com\/FutbolHoyCol\/","https:\/\/x.com\/FutbolHoyCol","https:\/\/www.instagram.com\/futbolhoycol\/"]},{"@type":"Person","@id":"https:\/\/futbolhoy.co\/#\/schema\/person\/1721b69355b6623eaff15ac7b92d4cc3","name":"contenido","image":{"@type":"ImageObject","inLanguage":"es","@id":"https:\/\/futbolhoy.co\/#\/schema\/person\/image\/","url":"https:\/\/secure.gravatar.com\/avatar\/4f656d3256f5134f466206e7c3941518?s=96&d=mm&r=g","contentUrl":"https:\/\/secure.gravatar.com\/avatar\/4f656d3256f5134f466206e7c3941518?s=96&d=mm&r=g","caption":"contenido"}}]}},"publishpress_future_action":{"enabled":false,"date":"2026-05-05 05:50:22","action":"change-status","newStatus":"draft","terms":[],"taxonomy":"category","extraData":[]},"publishpress_future_workflow_manual_trigger":{"enabledWorkflows":[]},"_links":{"self":[{"href":"https:\/\/futbolhoy.co\/index.php\/wp-json\/wp\/v2\/posts\/123960","targetHints":{"allow":["GET"]}}],"collection":[{"href":"https:\/\/futbolhoy.co\/index.php\/wp-json\/wp\/v2\/posts"}],"about":[{"href":"https:\/\/futbolhoy.co\/index.php\/wp-json\/wp\/v2\/types\/post"}],"author":[{"embeddable":true,"href":"https:\/\/futbolhoy.co\/index.php\/wp-json\/wp\/v2\/users\/4"}],"replies":[{"embeddable":true,"href":"https:\/\/futbolhoy.co\/index.php\/wp-json\/wp\/v2\/comments?post=123960"}],"version-history":[{"count":1,"href":"https:\/\/futbolhoy.co\/index.php\/wp-json\/wp\/v2\/posts\/123960\/revisions"}],"predecessor-version":[{"id":123962,"href":"https:\/\/futbolhoy.co\/index.php\/wp-json\/wp\/v2\/posts\/123960\/revisions\/123962"}],"wp:featuredmedia":[{"embeddable":true,"href":"https:\/\/futbolhoy.co\/index.php\/wp-json\/wp\/v2\/media\/123961"}],"wp:attachment":[{"href":"https:\/\/futbolhoy.co\/index.php\/wp-json\/wp\/v2\/media?parent=123960"}],"wp:term":[{"taxonomy":"category","embeddable":true,"href":"https:\/\/futbolhoy.co\/index.php\/wp-json\/wp\/v2\/categories?post=123960"},{"taxonomy":"post_tag","embeddable":true,"href":"https:\/\/futbolhoy.co\/index.php\/wp-json\/wp\/v2\/tags?post=123960"}],"curies":[{"name":"wp","href":"https:\/\/api.w.org\/{rel}","templated":true}]}}