{"id":123966,"date":"2025-09-30T08:28:49","date_gmt":"2025-09-30T13:28:49","guid":{"rendered":"https:\/\/futbolhoy.co\/?p=123966"},"modified":"2025-10-01T07:47:25","modified_gmt":"2025-10-01T12:47:25","slug":"programese-con-los-colombianos-en-f2-de-champions-league-suarez-diaz-sanchez-rios-y-mas","status":"publish","type":"post","link":"https:\/\/futbolhoy.co\/index.php\/2025\/09\/30\/programese-con-los-colombianos-en-f2-de-champions-league-suarez-diaz-sanchez-rios-y-mas\/","title":{"rendered":"Progr\u00e1mese con los colombianos en F2 de Champions League: Su\u00e1rez, D\u00edaz, S\u00e1nchez, R\u00edos y m\u00e1s"},"content":{"rendered":"<p style=\"text-align: justify;\"><span style=\"font-family: helvetica, arial, sans-serif;\">Comienza la fecha 2 de la <strong>Champions League 25-26<\/strong>, y ocho jugadores colombianos buscar\u00e1n dar un paso para instalarse en los octavos de final.<\/span><\/p>\n<p style=\"text-align: justify;\"><span style=\"font-family: helvetica, arial, sans-serif;\"><strong>Luis D\u00edaz, Richard R\u00edos y Davinson S\u00e1nchez<\/strong>, ser\u00e1n los protagonistas del martes 30 de septiembre.\u00a0<\/span><\/p>\n<p style=\"text-align: justify;\"><span style=\"font-family: helvetica, arial, sans-serif;\">As\u00ed ser\u00e1 la fecha 2 de Champions League para los colombianos:<\/span><\/p>\n<h3 style=\"text-align: justify;\"><span style=\"font-family: helvetica, arial, sans-serif;\">Martes 30 de septiembre<\/span><\/h3>\n<blockquote class=\"twitter-tweet\">\n<p dir=\"ltr\" lang=\"es\">\ud83d\udd25 Hoy comienza la jornada 2\ufe0f\u20e3 \u2728<\/p>\n<p>\ud83e\udd29 \u00a1Estos son los \ud835\udc91\ud835\udc82\ud835\udc93\ud835\udc95\ud835\udc8a\ud835\udc85\ud835\udc90\ud835\udc94 de este martes! \ud83c\udd9a <a href=\"https:\/\/twitter.com\/hashtag\/UCL?src=hash&amp;ref_src=twsrc%5Etfw\">#UCL<\/a> <a href=\"https:\/\/t.co\/7xhFExoxWa\">pic.twitter.com\/7xhFExoxWa<\/a><\/p>\n<p>\u2014 Liga de Campeones (@LigadeCampeones) <a href=\"https:\/\/twitter.com\/LigadeCampeones\/status\/1972928653706014776?ref_src=twsrc%5Etfw\">September 30, 2025<\/a><\/p><\/blockquote>\n<p style=\"text-align: justify;\"><script async src=\"https:\/\/platform.twitter.com\/widgets.js\" charset=\"utf-8\"><\/script><span style=\"font-family: helvetica, arial, sans-serif;\">2:00 pm: <strong>Bayern M\u00fanich de Luis D\u00edaz<\/strong> llega invicto en la temporada a enfrenta a Paphos FC, de Chipre, en calidad de visitante.<\/span><\/p>\n<p style=\"text-align: justify;\"><span style=\"font-family: helvetica, arial, sans-serif;\">El conjunto alem\u00e1n venci\u00f3 en la jornada anterior a Chelsea (3-1).<\/span><\/p>\n<p style=\"text-align: justify;\"><span style=\"font-family: helvetica, arial, sans-serif;\">2:00 pm: <strong>Galatasaray de Davinson S\u00e1nchez<\/strong> sufri\u00f3 una dura derrota tras caer goleado 5-1 ante Eintracht Frankfurt, y deber\u00e1 reponerse contra el siempre complicado Liverpool, en Turqu\u00eda.<\/span><\/p>\n<p style=\"text-align: justify;\"><span style=\"font-family: helvetica, arial, sans-serif;\">2:00 pm: <strong>Richard R\u00edos con Benfica<\/strong> enfrentar\u00e1 al campe\u00f3n del mundo, Chelsea, en Old Trafford de Londres. 'Las \u00c1guilas' cayeron en su debut en Champions (2-3) frente a Qaraba\u011f FK de Azerbaiy\u00e1n en territorio portugu\u00e9s.<\/span><\/p>\n<p style=\"text-align: justify;\"><span style=\"font-family: helvetica, arial, sans-serif;\">Los dirigidos por el t\u00e9cnico <strong>Jos\u00e9 Mourinho<\/strong> deber\u00e1n recuperar los puntos perdidos en casa.<\/span><\/p>\n<h3 style=\"text-align: justify;\"><span style=\"font-family: helvetica, arial, sans-serif;\">Mi\u00e9rcoles 1 de octubre\u00a0<\/span><\/h3>\n<p style=\"text-align: justify;\"><span style=\"font-family: helvetica, arial, sans-serif;\">11:45 am: Qaraba\u011f FK de los colombianos <strong>Kevin Medina y Camilo Dur\u00e1n<\/strong>, chocar\u00e1n frente a Copenhague, de la Liga de Dinamarca.\u00a0<\/span><\/p>\n<p style=\"text-align: justify;\"><span style=\"font-family: helvetica, arial, sans-serif;\">2:00 pm: <strong>Juan Camilo Cabal<\/strong> estar\u00e1 disponible con <strong>Juventus<\/strong> para su visita a Villarreal, y viene de marcar gol el fin de semana, y rescatar el invicto de su equipo en Seria A.<\/span><\/p>\n<p style=\"text-align: justify;\"><span style=\"font-family: helvetica, arial, sans-serif;\">La Vecchia Signora igual\u00f3 4-4 con Borussia Dortmund en la primera jornada, en Italia.<\/span><\/p>\n<p style=\"text-align: justify;\"><span style=\"font-family: helvetica, arial, sans-serif;\">2:00 pm: Uno de los delanteros colombianos que mejor presente atraviesa es <strong>Luis Su\u00e1rez con Sporting<\/strong>, que super\u00f3 4-1 a Kairat en la fecha pasada.<\/span><\/p>\n<p style=\"text-align: justify;\"><span style=\"font-family: helvetica, arial, sans-serif;\">Ahora, el equipo de Lisboa se mide ante Napoli en un atractivo encuentro, en el Estadio Diego Armando Maradona, de N\u00e1poles.<\/span><\/p>\n<p style=\"text-align: justify;\"><span style=\"font-family: helvetica, arial, sans-serif;\">2:00 pm - El presidente de la Federaci\u00f3n Colombiana de F\u00fatbol afirm\u00f3 que el defensor de Arsenal, <strong>Christian Mosquera<\/strong>, no puede ser llamado a la Selecci\u00f3n Colombia, debido a que el deseo del futbolista es representar los colores de Espa\u00f1a.<\/span><\/p>\n<p style=\"text-align: justify;\"><span style=\"font-family: helvetica, arial, sans-serif;\">Adem\u00e1s, seg\u00fan la misma fuente, Mosquera ha disputado minutos con la selecci\u00f3n juvenil de ese pa\u00eds.<\/span><\/p>\n<p style=\"text-align: justify;\"><span style=\"font-family: helvetica, arial, sans-serif;\">Sin embargo, el colombo-espa\u00f1ol podr\u00e1 tener acci\u00f3n en el partido de <strong>Arsenal y Olympiakos<\/strong>, en el cierre de la jornada 2 de la Fase de Liga de Champions League.<\/span><\/p>\n","protected":false},"excerpt":{"rendered":"<p>Comienza la fecha 2 de la Champions League 25-26, y ocho jugadores colombianos buscar\u00e1n dar un paso para instalarse en los octavos de final. Luis D\u00edaz, Richard R\u00edos y Davinson S\u00e1nchez, ser\u00e1n los protagonistas del martes 30 de septiembre.\u00a0 As\u00ed ser\u00e1 la fecha 2 de Champions League para los colombianos: Martes 30 de septiembre \ud83d\udd25 [&hellip;]<\/p>\n","protected":false},"author":4,"featured_media":123982,"comment_status":"open","ping_status":"open","sticky":false,"template":"","format":"standard","meta":{"_acf_changed":false,"footnotes":""},"categories":[4],"tags":[],"class_list":{"0":"post-123966","1":"post","2":"type-post","3":"status-publish","4":"format-standard","5":"has-post-thumbnail","7":"category-champions-league"},"acf":[],"yoast_head":"<!-- This site is optimized with the Yoast SEO plugin v26.8 - https:\/\/yoast.com\/product\/yoast-seo-wordpress\/ -->\n<title>Progr\u00e1mese con los colombianos en F2 de Champions League: Su\u00e1rez, D\u00edaz, S\u00e1nchez, R\u00edos y m\u00e1s -<\/title>\n<meta name=\"robots\" content=\"index, follow, max-snippet:-1, max-image-preview:large, max-video-preview:-1\" \/>\n<link rel=\"canonical\" href=\"https:\/\/futbolhoy.co\/index.php\/2025\/09\/30\/programese-con-los-colombianos-en-f2-de-champions-league-suarez-diaz-sanchez-rios-y-mas\/\" \/>\n<meta property=\"og:locale\" content=\"es_ES\" \/>\n<meta property=\"og:type\" content=\"article\" \/>\n<meta property=\"og:title\" content=\"Progr\u00e1mese con los colombianos en F2 de Champions League: Su\u00e1rez, D\u00edaz, S\u00e1nchez, R\u00edos y m\u00e1s -\" \/>\n<meta property=\"og:description\" content=\"Comienza la fecha 2 de la Champions League 25-26, y ocho jugadores colombianos buscar\u00e1n dar un paso para instalarse en los octavos de final. Luis D\u00edaz, Richard R\u00edos y Davinson S\u00e1nchez, ser\u00e1n los protagonistas del martes 30 de septiembre.\u00a0 As\u00ed ser\u00e1 la fecha 2 de Champions League para los colombianos: Martes 30 de septiembre \ud83d\udd25 [&hellip;]\" \/>\n<meta property=\"og:url\" content=\"https:\/\/futbolhoy.co\/index.php\/2025\/09\/30\/programese-con-los-colombianos-en-f2-de-champions-league-suarez-diaz-sanchez-rios-y-mas\/\" \/>\n<meta property=\"article:publisher\" content=\"https:\/\/www.facebook.com\/FutbolHoyCol\/\" \/>\n<meta property=\"article:published_time\" content=\"2025-09-30T13:28:49+00:00\" \/>\n<meta property=\"article:modified_time\" content=\"2025-10-01T12:47:25+00:00\" \/>\n<meta property=\"og:image\" content=\"https:\/\/futbolhoy.co\/wp-content\/uploads\/2025\/09\/WhatsApp-Image-2025-09-30-at-8.27.27-AM.jpeg\" \/>\n\t<meta property=\"og:image:width\" content=\"828\" \/>\n\t<meta property=\"og:image:height\" content=\"598\" \/>\n\t<meta property=\"og:image:type\" content=\"image\/jpeg\" \/>\n<meta name=\"author\" content=\"contenido\" \/>\n<meta name=\"twitter:card\" content=\"summary_large_image\" \/>\n<meta name=\"twitter:creator\" content=\"@FutbolHoyCol\" \/>\n<meta name=\"twitter:site\" content=\"@FutbolHoyCol\" \/>\n<meta name=\"twitter:label1\" content=\"Escrito por\" \/>\n\t<meta name=\"twitter:data1\" content=\"contenido\" \/>\n\t<meta name=\"twitter:label2\" content=\"Tiempo de lectura\" \/>\n\t<meta name=\"twitter:data2\" content=\"2 minutos\" \/>\n<script type=\"application\/ld+json\" class=\"yoast-schema-graph\">{\"@context\":\"https:\/\/schema.org\",\"@graph\":[{\"@type\":\"Article\",\"@id\":\"https:\/\/futbolhoy.co\/index.php\/2025\/09\/30\/programese-con-los-colombianos-en-f2-de-champions-league-suarez-diaz-sanchez-rios-y-mas\/#article\",\"isPartOf\":{\"@id\":\"https:\/\/futbolhoy.co\/index.php\/2025\/09\/30\/programese-con-los-colombianos-en-f2-de-champions-league-suarez-diaz-sanchez-rios-y-mas\/\"},\"author\":{\"name\":\"contenido\",\"@id\":\"https:\/\/futbolhoy.co\/#\/schema\/person\/1721b69355b6623eaff15ac7b92d4cc3\"},\"headline\":\"Progr\u00e1mese con los colombianos en F2 de Champions League: Su\u00e1rez, D\u00edaz, S\u00e1nchez, R\u00edos y m\u00e1s\",\"datePublished\":\"2025-09-30T13:28:49+00:00\",\"dateModified\":\"2025-10-01T12:47:25+00:00\",\"mainEntityOfPage\":{\"@id\":\"https:\/\/futbolhoy.co\/index.php\/2025\/09\/30\/programese-con-los-colombianos-en-f2-de-champions-league-suarez-diaz-sanchez-rios-y-mas\/\"},\"wordCount\":426,\"commentCount\":0,\"publisher\":{\"@id\":\"https:\/\/futbolhoy.co\/#organization\"},\"image\":{\"@id\":\"https:\/\/futbolhoy.co\/index.php\/2025\/09\/30\/programese-con-los-colombianos-en-f2-de-champions-league-suarez-diaz-sanchez-rios-y-mas\/#primaryimage\"},\"thumbnailUrl\":\"https:\/\/futbolhoy.co\/wp-content\/uploads\/2025\/09\/WhatsApp-Image-2025-09-30-at-8.27.27-AM.jpeg\",\"articleSection\":[\"Champions League\"],\"inLanguage\":\"es\",\"potentialAction\":[{\"@type\":\"CommentAction\",\"name\":\"Comment\",\"target\":[\"https:\/\/futbolhoy.co\/index.php\/2025\/09\/30\/programese-con-los-colombianos-en-f2-de-champions-league-suarez-diaz-sanchez-rios-y-mas\/#respond\"]}]},{\"@type\":\"WebPage\",\"@id\":\"https:\/\/futbolhoy.co\/index.php\/2025\/09\/30\/programese-con-los-colombianos-en-f2-de-champions-league-suarez-diaz-sanchez-rios-y-mas\/\",\"url\":\"https:\/\/futbolhoy.co\/index.php\/2025\/09\/30\/programese-con-los-colombianos-en-f2-de-champions-league-suarez-diaz-sanchez-rios-y-mas\/\",\"name\":\"Progr\u00e1mese con los colombianos en F2 de Champions League: Su\u00e1rez, D\u00edaz, S\u00e1nchez, R\u00edos y m\u00e1s -\",\"isPartOf\":{\"@id\":\"https:\/\/futbolhoy.co\/#website\"},\"primaryImageOfPage\":{\"@id\":\"https:\/\/futbolhoy.co\/index.php\/2025\/09\/30\/programese-con-los-colombianos-en-f2-de-champions-league-suarez-diaz-sanchez-rios-y-mas\/#primaryimage\"},\"image\":{\"@id\":\"https:\/\/futbolhoy.co\/index.php\/2025\/09\/30\/programese-con-los-colombianos-en-f2-de-champions-league-suarez-diaz-sanchez-rios-y-mas\/#primaryimage\"},\"thumbnailUrl\":\"https:\/\/futbolhoy.co\/wp-content\/uploads\/2025\/09\/WhatsApp-Image-2025-09-30-at-8.27.27-AM.jpeg\",\"datePublished\":\"2025-09-30T13:28:49+00:00\",\"dateModified\":\"2025-10-01T12:47:25+00:00\",\"breadcrumb\":{\"@id\":\"https:\/\/futbolhoy.co\/index.php\/2025\/09\/30\/programese-con-los-colombianos-en-f2-de-champions-league-suarez-diaz-sanchez-rios-y-mas\/#breadcrumb\"},\"inLanguage\":\"es\",\"potentialAction\":[{\"@type\":\"ReadAction\",\"target\":[\"https:\/\/futbolhoy.co\/index.php\/2025\/09\/30\/programese-con-los-colombianos-en-f2-de-champions-league-suarez-diaz-sanchez-rios-y-mas\/\"]}]},{\"@type\":\"ImageObject\",\"inLanguage\":\"es\",\"@id\":\"https:\/\/futbolhoy.co\/index.php\/2025\/09\/30\/programese-con-los-colombianos-en-f2-de-champions-league-suarez-diaz-sanchez-rios-y-mas\/#primaryimage\",\"url\":\"https:\/\/futbolhoy.co\/wp-content\/uploads\/2025\/09\/WhatsApp-Image-2025-09-30-at-8.27.27-AM.jpeg\",\"contentUrl\":\"https:\/\/futbolhoy.co\/wp-content\/uploads\/2025\/09\/WhatsApp-Image-2025-09-30-at-8.27.27-AM.jpeg\",\"width\":828,\"height\":598},{\"@type\":\"BreadcrumbList\",\"@id\":\"https:\/\/futbolhoy.co\/index.php\/2025\/09\/30\/programese-con-los-colombianos-en-f2-de-champions-league-suarez-diaz-sanchez-rios-y-mas\/#breadcrumb\",\"itemListElement\":[{\"@type\":\"ListItem\",\"position\":1,\"name\":\"Portada\",\"item\":\"https:\/\/futbolhoy.co\/\"},{\"@type\":\"ListItem\",\"position\":2,\"name\":\"Progr\u00e1mese con los colombianos en F2 de Champions League: Su\u00e1rez, D\u00edaz, S\u00e1nchez, R\u00edos y m\u00e1s\"}]},{\"@type\":\"WebSite\",\"@id\":\"https:\/\/futbolhoy.co\/#website\",\"url\":\"https:\/\/futbolhoy.co\/\",\"name\":\"FutbolHoy\",\"description\":\"\",\"publisher\":{\"@id\":\"https:\/\/futbolhoy.co\/#organization\"},\"potentialAction\":[{\"@type\":\"SearchAction\",\"target\":{\"@type\":\"EntryPoint\",\"urlTemplate\":\"https:\/\/futbolhoy.co\/?s={search_term_string}\"},\"query-input\":{\"@type\":\"PropertyValueSpecification\",\"valueRequired\":true,\"valueName\":\"search_term_string\"}}],\"inLanguage\":\"es\"},{\"@type\":\"Organization\",\"@id\":\"https:\/\/futbolhoy.co\/#organization\",\"name\":\"Futbolhoy.co\",\"url\":\"https:\/\/futbolhoy.co\/\",\"logo\":{\"@type\":\"ImageObject\",\"inLanguage\":\"es\",\"@id\":\"https:\/\/futbolhoy.co\/#\/schema\/logo\/image\/\",\"url\":\"https:\/\/futbolhoy.co\/wp-content\/uploads\/2018\/08\/17426380_1906371736249227_6326180412931521141_n.jpg\",\"contentUrl\":\"https:\/\/futbolhoy.co\/wp-content\/uploads\/2018\/08\/17426380_1906371736249227_6326180412931521141_n.jpg\",\"width\":960,\"height\":960,\"caption\":\"Futbolhoy.co\"},\"image\":{\"@id\":\"https:\/\/futbolhoy.co\/#\/schema\/logo\/image\/\"},\"sameAs\":[\"https:\/\/www.facebook.com\/FutbolHoyCol\/\",\"https:\/\/x.com\/FutbolHoyCol\",\"https:\/\/www.instagram.com\/futbolhoycol\/\"]},{\"@type\":\"Person\",\"@id\":\"https:\/\/futbolhoy.co\/#\/schema\/person\/1721b69355b6623eaff15ac7b92d4cc3\",\"name\":\"contenido\",\"image\":{\"@type\":\"ImageObject\",\"inLanguage\":\"es\",\"@id\":\"https:\/\/futbolhoy.co\/#\/schema\/person\/image\/\",\"url\":\"https:\/\/secure.gravatar.com\/avatar\/4f656d3256f5134f466206e7c3941518?s=96&d=mm&r=g\",\"contentUrl\":\"https:\/\/secure.gravatar.com\/avatar\/4f656d3256f5134f466206e7c3941518?s=96&d=mm&r=g\",\"caption\":\"contenido\"}}]}<\/script>\n<!-- \/ Yoast SEO plugin. -->","yoast_head_json":{"title":"Progr\u00e1mese con los colombianos en F2 de Champions League: Su\u00e1rez, D\u00edaz, S\u00e1nchez, R\u00edos y m\u00e1s -","robots":{"index":"index","follow":"follow","max-snippet":"max-snippet:-1","max-image-preview":"max-image-preview:large","max-video-preview":"max-video-preview:-1"},"canonical":"https:\/\/futbolhoy.co\/index.php\/2025\/09\/30\/programese-con-los-colombianos-en-f2-de-champions-league-suarez-diaz-sanchez-rios-y-mas\/","og_locale":"es_ES","og_type":"article","og_title":"Progr\u00e1mese con los colombianos en F2 de Champions League: Su\u00e1rez, D\u00edaz, S\u00e1nchez, R\u00edos y m\u00e1s -","og_description":"Comienza la fecha 2 de la Champions League 25-26, y ocho jugadores colombianos buscar\u00e1n dar un paso para instalarse en los octavos de final. Luis D\u00edaz, Richard R\u00edos y Davinson S\u00e1nchez, ser\u00e1n los protagonistas del martes 30 de septiembre.\u00a0 As\u00ed ser\u00e1 la fecha 2 de Champions League para los colombianos: Martes 30 de septiembre \ud83d\udd25 [&hellip;]","og_url":"https:\/\/futbolhoy.co\/index.php\/2025\/09\/30\/programese-con-los-colombianos-en-f2-de-champions-league-suarez-diaz-sanchez-rios-y-mas\/","article_publisher":"https:\/\/www.facebook.com\/FutbolHoyCol\/","article_published_time":"2025-09-30T13:28:49+00:00","article_modified_time":"2025-10-01T12:47:25+00:00","og_image":[{"width":828,"height":598,"url":"https:\/\/futbolhoy.co\/wp-content\/uploads\/2025\/09\/WhatsApp-Image-2025-09-30-at-8.27.27-AM.jpeg","type":"image\/jpeg"}],"author":"contenido","twitter_card":"summary_large_image","twitter_creator":"@FutbolHoyCol","twitter_site":"@FutbolHoyCol","twitter_misc":{"Escrito por":"contenido","Tiempo de lectura":"2 minutos"},"schema":{"@context":"https:\/\/schema.org","@graph":[{"@type":"Article","@id":"https:\/\/futbolhoy.co\/index.php\/2025\/09\/30\/programese-con-los-colombianos-en-f2-de-champions-league-suarez-diaz-sanchez-rios-y-mas\/#article","isPartOf":{"@id":"https:\/\/futbolhoy.co\/index.php\/2025\/09\/30\/programese-con-los-colombianos-en-f2-de-champions-league-suarez-diaz-sanchez-rios-y-mas\/"},"author":{"name":"contenido","@id":"https:\/\/futbolhoy.co\/#\/schema\/person\/1721b69355b6623eaff15ac7b92d4cc3"},"headline":"Progr\u00e1mese con los colombianos en F2 de Champions League: Su\u00e1rez, D\u00edaz, S\u00e1nchez, R\u00edos y m\u00e1s","datePublished":"2025-09-30T13:28:49+00:00","dateModified":"2025-10-01T12:47:25+00:00","mainEntityOfPage":{"@id":"https:\/\/futbolhoy.co\/index.php\/2025\/09\/30\/programese-con-los-colombianos-en-f2-de-champions-league-suarez-diaz-sanchez-rios-y-mas\/"},"wordCount":426,"commentCount":0,"publisher":{"@id":"https:\/\/futbolhoy.co\/#organization"},"image":{"@id":"https:\/\/futbolhoy.co\/index.php\/2025\/09\/30\/programese-con-los-colombianos-en-f2-de-champions-league-suarez-diaz-sanchez-rios-y-mas\/#primaryimage"},"thumbnailUrl":"https:\/\/futbolhoy.co\/wp-content\/uploads\/2025\/09\/WhatsApp-Image-2025-09-30-at-8.27.27-AM.jpeg","articleSection":["Champions League"],"inLanguage":"es","potentialAction":[{"@type":"CommentAction","name":"Comment","target":["https:\/\/futbolhoy.co\/index.php\/2025\/09\/30\/programese-con-los-colombianos-en-f2-de-champions-league-suarez-diaz-sanchez-rios-y-mas\/#respond"]}]},{"@type":"WebPage","@id":"https:\/\/futbolhoy.co\/index.php\/2025\/09\/30\/programese-con-los-colombianos-en-f2-de-champions-league-suarez-diaz-sanchez-rios-y-mas\/","url":"https:\/\/futbolhoy.co\/index.php\/2025\/09\/30\/programese-con-los-colombianos-en-f2-de-champions-league-suarez-diaz-sanchez-rios-y-mas\/","name":"Progr\u00e1mese con los colombianos en F2 de Champions League: Su\u00e1rez, D\u00edaz, S\u00e1nchez, R\u00edos y m\u00e1s -","isPartOf":{"@id":"https:\/\/futbolhoy.co\/#website"},"primaryImageOfPage":{"@id":"https:\/\/futbolhoy.co\/index.php\/2025\/09\/30\/programese-con-los-colombianos-en-f2-de-champions-league-suarez-diaz-sanchez-rios-y-mas\/#primaryimage"},"image":{"@id":"https:\/\/futbolhoy.co\/index.php\/2025\/09\/30\/programese-con-los-colombianos-en-f2-de-champions-league-suarez-diaz-sanchez-rios-y-mas\/#primaryimage"},"thumbnailUrl":"https:\/\/futbolhoy.co\/wp-content\/uploads\/2025\/09\/WhatsApp-Image-2025-09-30-at-8.27.27-AM.jpeg","datePublished":"2025-09-30T13:28:49+00:00","dateModified":"2025-10-01T12:47:25+00:00","breadcrumb":{"@id":"https:\/\/futbolhoy.co\/index.php\/2025\/09\/30\/programese-con-los-colombianos-en-f2-de-champions-league-suarez-diaz-sanchez-rios-y-mas\/#breadcrumb"},"inLanguage":"es","potentialAction":[{"@type":"ReadAction","target":["https:\/\/futbolhoy.co\/index.php\/2025\/09\/30\/programese-con-los-colombianos-en-f2-de-champions-league-suarez-diaz-sanchez-rios-y-mas\/"]}]},{"@type":"ImageObject","inLanguage":"es","@id":"https:\/\/futbolhoy.co\/index.php\/2025\/09\/30\/programese-con-los-colombianos-en-f2-de-champions-league-suarez-diaz-sanchez-rios-y-mas\/#primaryimage","url":"https:\/\/futbolhoy.co\/wp-content\/uploads\/2025\/09\/WhatsApp-Image-2025-09-30-at-8.27.27-AM.jpeg","contentUrl":"https:\/\/futbolhoy.co\/wp-content\/uploads\/2025\/09\/WhatsApp-Image-2025-09-30-at-8.27.27-AM.jpeg","width":828,"height":598},{"@type":"BreadcrumbList","@id":"https:\/\/futbolhoy.co\/index.php\/2025\/09\/30\/programese-con-los-colombianos-en-f2-de-champions-league-suarez-diaz-sanchez-rios-y-mas\/#breadcrumb","itemListElement":[{"@type":"ListItem","position":1,"name":"Portada","item":"https:\/\/futbolhoy.co\/"},{"@type":"ListItem","position":2,"name":"Progr\u00e1mese con los colombianos en F2 de Champions League: Su\u00e1rez, D\u00edaz, S\u00e1nchez, R\u00edos y m\u00e1s"}]},{"@type":"WebSite","@id":"https:\/\/futbolhoy.co\/#website","url":"https:\/\/futbolhoy.co\/","name":"FutbolHoy","description":"","publisher":{"@id":"https:\/\/futbolhoy.co\/#organization"},"potentialAction":[{"@type":"SearchAction","target":{"@type":"EntryPoint","urlTemplate":"https:\/\/futbolhoy.co\/?s={search_term_string}"},"query-input":{"@type":"PropertyValueSpecification","valueRequired":true,"valueName":"search_term_string"}}],"inLanguage":"es"},{"@type":"Organization","@id":"https:\/\/futbolhoy.co\/#organization","name":"Futbolhoy.co","url":"https:\/\/futbolhoy.co\/","logo":{"@type":"ImageObject","inLanguage":"es","@id":"https:\/\/futbolhoy.co\/#\/schema\/logo\/image\/","url":"https:\/\/futbolhoy.co\/wp-content\/uploads\/2018\/08\/17426380_1906371736249227_6326180412931521141_n.jpg","contentUrl":"https:\/\/futbolhoy.co\/wp-content\/uploads\/2018\/08\/17426380_1906371736249227_6326180412931521141_n.jpg","width":960,"height":960,"caption":"Futbolhoy.co"},"image":{"@id":"https:\/\/futbolhoy.co\/#\/schema\/logo\/image\/"},"sameAs":["https:\/\/www.facebook.com\/FutbolHoyCol\/","https:\/\/x.com\/FutbolHoyCol","https:\/\/www.instagram.com\/futbolhoycol\/"]},{"@type":"Person","@id":"https:\/\/futbolhoy.co\/#\/schema\/person\/1721b69355b6623eaff15ac7b92d4cc3","name":"contenido","image":{"@type":"ImageObject","inLanguage":"es","@id":"https:\/\/futbolhoy.co\/#\/schema\/person\/image\/","url":"https:\/\/secure.gravatar.com\/avatar\/4f656d3256f5134f466206e7c3941518?s=96&d=mm&r=g","contentUrl":"https:\/\/secure.gravatar.com\/avatar\/4f656d3256f5134f466206e7c3941518?s=96&d=mm&r=g","caption":"contenido"}}]}},"publishpress_future_action":{"enabled":false,"date":"2026-05-05 07:00:52","action":"change-status","newStatus":"draft","terms":[],"taxonomy":"category","extraData":[]},"publishpress_future_workflow_manual_trigger":{"enabledWorkflows":[]},"_links":{"self":[{"href":"https:\/\/futbolhoy.co\/index.php\/wp-json\/wp\/v2\/posts\/123966","targetHints":{"allow":["GET"]}}],"collection":[{"href":"https:\/\/futbolhoy.co\/index.php\/wp-json\/wp\/v2\/posts"}],"about":[{"href":"https:\/\/futbolhoy.co\/index.php\/wp-json\/wp\/v2\/types\/post"}],"author":[{"embeddable":true,"href":"https:\/\/futbolhoy.co\/index.php\/wp-json\/wp\/v2\/users\/4"}],"replies":[{"embeddable":true,"href":"https:\/\/futbolhoy.co\/index.php\/wp-json\/wp\/v2\/comments?post=123966"}],"version-history":[{"count":2,"href":"https:\/\/futbolhoy.co\/index.php\/wp-json\/wp\/v2\/posts\/123966\/revisions"}],"predecessor-version":[{"id":123984,"href":"https:\/\/futbolhoy.co\/index.php\/wp-json\/wp\/v2\/posts\/123966\/revisions\/123984"}],"wp:featuredmedia":[{"embeddable":true,"href":"https:\/\/futbolhoy.co\/index.php\/wp-json\/wp\/v2\/media\/123982"}],"wp:attachment":[{"href":"https:\/\/futbolhoy.co\/index.php\/wp-json\/wp\/v2\/media?parent=123966"}],"wp:term":[{"taxonomy":"category","embeddable":true,"href":"https:\/\/futbolhoy.co\/index.php\/wp-json\/wp\/v2\/categories?post=123966"},{"taxonomy":"post_tag","embeddable":true,"href":"https:\/\/futbolhoy.co\/index.php\/wp-json\/wp\/v2\/tags?post=123966"}],"curies":[{"name":"wp","href":"https:\/\/api.w.org\/{rel}","templated":true}]}}