{"id":123995,"date":"2025-09-30T09:33:35","date_gmt":"2025-09-30T14:33:35","guid":{"rendered":"https:\/\/futbolhoy.co\/?p=123995"},"modified":"2025-10-01T08:38:55","modified_gmt":"2025-10-01T13:38:55","slug":"posiciones-de-grupos-y-proximos-rivales-de-colombia-en-mundial-de-chile-2025","status":"publish","type":"post","link":"https:\/\/futbolhoy.co\/index.php\/2025\/09\/30\/posiciones-de-grupos-y-proximos-rivales-de-colombia-en-mundial-de-chile-2025\/","title":{"rendered":"Posiciones de grupos y pr\u00f3ximos rivales de Colombia en Mundial de Chile 2025"},"content":{"rendered":"<p style=\"text-align: justify;\"><span style=\"font-family: helvetica, arial, sans-serif;\">La <strong>Selecci\u00f3n Colombia Sub<\/strong> 20 derrot\u00f3 1-0 a Arabia Saud\u00ed en la primera fecha de la fase de grupos del Mundial 2025 en Chile, con anotaci\u00f3n de <strong>\u00d3scar Perea<\/strong>.<\/span><\/p>\n<p style=\"text-align: justify;\"><span style=\"font-family: helvetica, arial, sans-serif;\">Los dirigidos por el t\u00e9cnico <strong>C\u00e9sar Torres<\/strong> comparten la cima del grupo F con <strong>Noruega<\/strong>, su siguiente rival, que derrot\u00f3 por el mismo resultado a Nigeria. Este compromiso est\u00e1 programado para el jueves <strong>2 de octubre<\/strong> desde las <strong>3:00 pm<\/strong>.<\/span><\/p>\n<p style=\"text-align: justify;\"><span style=\"font-family: helvetica, arial, sans-serif;\">'La Tricolor' la finalizar\u00e1 su camino en la fase de grupos, el domingo 5 del mismo mes ante <strong>Nigeria<\/strong>, y el encuentro iniciar\u00e1 a las 6:00 pm.<\/span><\/p>\n<h3 style=\"text-align: justify;\"><span style=\"font-family: helvetica, arial, sans-serif;\">Si Colombia clasifica a octavos de final, \u00bfcontra qui\u00e9n se enfrenta?<\/span><\/h3>\n<p style=\"text-align: justify;\"><span style=\"font-family: helvetica, arial, sans-serif;\">Si Colombia vence a Noruega tendr\u00e1 su cupo en los octavos de final de la<strong> Copa del Mundo<\/strong> asegurado, y su rival depender\u00e1 de la posici\u00f3n en la que avance.<\/span><\/p>\n<ul>\n<li style=\"text-align: justify;\"><span style=\"font-family: helvetica, arial, sans-serif;\">Un mejor tercero, entre los grupos B, E y <strong>F<\/strong>, chocar\u00e1 con el primero del D.<\/span><\/li>\n<li style=\"text-align: justify;\"><span style=\"font-family: helvetica, arial, sans-serif;\">El segundo equipo del grupo F jugar\u00e1 por un tiquete a cuartos de final contra el <strong>segundo del B<\/strong>.<\/span><\/li>\n<li style=\"text-align: justify;\"><span style=\"font-family: helvetica, arial, sans-serif;\">La selecci\u00f3n que clasifique en l primer puesto del grupo F jugar\u00e1 frente al s<strong>egundo del E<\/strong>.<\/span><\/li>\n<\/ul>\n<h3><span style=\"font-family: helvetica, arial, sans-serif;\">Posiciones de grupos en<\/span><span style=\"font-family: helvetica, arial, sans-serif;\">\u00a0Mundial Sub 20 de 2025<\/span><\/h3>\n<p><img fetchpriority=\"high\" decoding=\"async\" class=\"alignnone size-full wp-image-123996\" src=\"https:\/\/futbolhoy.co\/wp-content\/uploads\/2025\/09\/WhatsApp-Image-2025-09-30-at-9.24.48-AM.jpeg\" alt=\"\" width=\"828\" height=\"707\" srcset=\"https:\/\/futbolhoy.co\/wp-content\/uploads\/2025\/09\/WhatsApp-Image-2025-09-30-at-9.24.48-AM.jpeg 828w, https:\/\/futbolhoy.co\/wp-content\/uploads\/2025\/09\/WhatsApp-Image-2025-09-30-at-9.24.48-AM-300x256.jpeg 300w, https:\/\/futbolhoy.co\/wp-content\/uploads\/2025\/09\/WhatsApp-Image-2025-09-30-at-9.24.48-AM-768x656.jpeg 768w, https:\/\/futbolhoy.co\/wp-content\/uploads\/2025\/09\/WhatsApp-Image-2025-09-30-at-9.24.48-AM-696x594.jpeg 696w, https:\/\/futbolhoy.co\/wp-content\/uploads\/2025\/09\/WhatsApp-Image-2025-09-30-at-9.24.48-AM-128x109.jpeg 128w, https:\/\/futbolhoy.co\/wp-content\/uploads\/2025\/09\/WhatsApp-Image-2025-09-30-at-9.24.48-AM-32x27.jpeg 32w\" sizes=\"(max-width: 828px) 100vw, 828px\" \/><\/p>\n<p>&nbsp;<\/p>\n<p><img decoding=\"async\" class=\"alignnone size-full wp-image-123997\" src=\"https:\/\/futbolhoy.co\/wp-content\/uploads\/2025\/09\/WhatsApp-Image-2025-09-30-at-9.25.04-AM.jpeg\" alt=\"\" width=\"828\" height=\"689\" srcset=\"https:\/\/futbolhoy.co\/wp-content\/uploads\/2025\/09\/WhatsApp-Image-2025-09-30-at-9.25.04-AM.jpeg 828w, https:\/\/futbolhoy.co\/wp-content\/uploads\/2025\/09\/WhatsApp-Image-2025-09-30-at-9.25.04-AM-300x250.jpeg 300w, https:\/\/futbolhoy.co\/wp-content\/uploads\/2025\/09\/WhatsApp-Image-2025-09-30-at-9.25.04-AM-768x639.jpeg 768w, https:\/\/futbolhoy.co\/wp-content\/uploads\/2025\/09\/WhatsApp-Image-2025-09-30-at-9.25.04-AM-696x579.jpeg 696w, https:\/\/futbolhoy.co\/wp-content\/uploads\/2025\/09\/WhatsApp-Image-2025-09-30-at-9.25.04-AM-128x107.jpeg 128w, https:\/\/futbolhoy.co\/wp-content\/uploads\/2025\/09\/WhatsApp-Image-2025-09-30-at-9.25.04-AM-32x27.jpeg 32w\" sizes=\"(max-width: 828px) 100vw, 828px\" \/><img decoding=\"async\" class=\"alignnone size-full wp-image-123998\" src=\"https:\/\/futbolhoy.co\/wp-content\/uploads\/2025\/09\/WhatsApp-Image-2025-09-30-at-9.25.19-AM.jpeg\" alt=\"\" width=\"828\" height=\"674\" srcset=\"https:\/\/futbolhoy.co\/wp-content\/uploads\/2025\/09\/WhatsApp-Image-2025-09-30-at-9.25.19-AM.jpeg 828w, https:\/\/futbolhoy.co\/wp-content\/uploads\/2025\/09\/WhatsApp-Image-2025-09-30-at-9.25.19-AM-300x244.jpeg 300w, https:\/\/futbolhoy.co\/wp-content\/uploads\/2025\/09\/WhatsApp-Image-2025-09-30-at-9.25.19-AM-768x625.jpeg 768w, https:\/\/futbolhoy.co\/wp-content\/uploads\/2025\/09\/WhatsApp-Image-2025-09-30-at-9.25.19-AM-696x567.jpeg 696w, https:\/\/futbolhoy.co\/wp-content\/uploads\/2025\/09\/WhatsApp-Image-2025-09-30-at-9.25.19-AM-128x104.jpeg 128w, https:\/\/futbolhoy.co\/wp-content\/uploads\/2025\/09\/WhatsApp-Image-2025-09-30-at-9.25.19-AM-32x26.jpeg 32w\" sizes=\"(max-width: 828px) 100vw, 828px\" \/><img loading=\"lazy\" decoding=\"async\" class=\"alignnone size-full wp-image-123999\" src=\"https:\/\/futbolhoy.co\/wp-content\/uploads\/2025\/09\/WhatsApp-Image-2025-09-30-at-9.25.35-AM.jpeg\" alt=\"\" width=\"828\" height=\"684\" srcset=\"https:\/\/futbolhoy.co\/wp-content\/uploads\/2025\/09\/WhatsApp-Image-2025-09-30-at-9.25.35-AM.jpeg 828w, https:\/\/futbolhoy.co\/wp-content\/uploads\/2025\/09\/WhatsApp-Image-2025-09-30-at-9.25.35-AM-300x248.jpeg 300w, https:\/\/futbolhoy.co\/wp-content\/uploads\/2025\/09\/WhatsApp-Image-2025-09-30-at-9.25.35-AM-768x634.jpeg 768w, https:\/\/futbolhoy.co\/wp-content\/uploads\/2025\/09\/WhatsApp-Image-2025-09-30-at-9.25.35-AM-696x575.jpeg 696w, https:\/\/futbolhoy.co\/wp-content\/uploads\/2025\/09\/WhatsApp-Image-2025-09-30-at-9.25.35-AM-128x106.jpeg 128w, https:\/\/futbolhoy.co\/wp-content\/uploads\/2025\/09\/WhatsApp-Image-2025-09-30-at-9.25.35-AM-32x26.jpeg 32w\" sizes=\"(max-width: 828px) 100vw, 828px\" \/><img loading=\"lazy\" decoding=\"async\" class=\"alignnone size-full wp-image-124000\" src=\"https:\/\/futbolhoy.co\/wp-content\/uploads\/2025\/09\/WhatsApp-Image-2025-09-30-at-9.25.49-AM.jpeg\" alt=\"\" width=\"828\" height=\"683\" srcset=\"https:\/\/futbolhoy.co\/wp-content\/uploads\/2025\/09\/WhatsApp-Image-2025-09-30-at-9.25.49-AM.jpeg 828w, https:\/\/futbolhoy.co\/wp-content\/uploads\/2025\/09\/WhatsApp-Image-2025-09-30-at-9.25.49-AM-300x247.jpeg 300w, https:\/\/futbolhoy.co\/wp-content\/uploads\/2025\/09\/WhatsApp-Image-2025-09-30-at-9.25.49-AM-768x634.jpeg 768w, https:\/\/futbolhoy.co\/wp-content\/uploads\/2025\/09\/WhatsApp-Image-2025-09-30-at-9.25.49-AM-696x574.jpeg 696w, https:\/\/futbolhoy.co\/wp-content\/uploads\/2025\/09\/WhatsApp-Image-2025-09-30-at-9.25.49-AM-128x106.jpeg 128w, https:\/\/futbolhoy.co\/wp-content\/uploads\/2025\/09\/WhatsApp-Image-2025-09-30-at-9.25.49-AM-32x26.jpeg 32w\" sizes=\"(max-width: 828px) 100vw, 828px\" \/><img loading=\"lazy\" decoding=\"async\" class=\"alignnone size-full wp-image-124001\" src=\"https:\/\/futbolhoy.co\/wp-content\/uploads\/2025\/09\/WhatsApp-Image-2025-09-30-at-9.26.06-AM.jpeg\" alt=\"\" width=\"828\" height=\"695\" srcset=\"https:\/\/futbolhoy.co\/wp-content\/uploads\/2025\/09\/WhatsApp-Image-2025-09-30-at-9.26.06-AM.jpeg 828w, https:\/\/futbolhoy.co\/wp-content\/uploads\/2025\/09\/WhatsApp-Image-2025-09-30-at-9.26.06-AM-300x252.jpeg 300w, https:\/\/futbolhoy.co\/wp-content\/uploads\/2025\/09\/WhatsApp-Image-2025-09-30-at-9.26.06-AM-768x645.jpeg 768w, https:\/\/futbolhoy.co\/wp-content\/uploads\/2025\/09\/WhatsApp-Image-2025-09-30-at-9.26.06-AM-696x584.jpeg 696w, https:\/\/futbolhoy.co\/wp-content\/uploads\/2025\/09\/WhatsApp-Image-2025-09-30-at-9.26.06-AM-128x107.jpeg 128w, https:\/\/futbolhoy.co\/wp-content\/uploads\/2025\/09\/WhatsApp-Image-2025-09-30-at-9.26.06-AM-32x27.jpeg 32w\" sizes=\"(max-width: 828px) 100vw, 828px\" \/><\/p>\n","protected":false},"excerpt":{"rendered":"<p>La Selecci\u00f3n Colombia Sub 20 derrot\u00f3 1-0 a Arabia Saud\u00ed en la primera fecha de la fase de grupos del Mundial 2025 en Chile, con anotaci\u00f3n de \u00d3scar Perea. Los dirigidos por el t\u00e9cnico C\u00e9sar Torres comparten la cima del grupo F con Noruega, su siguiente rival, que derrot\u00f3 por el mismo resultado a Nigeria. [&hellip;]<\/p>\n","protected":false},"author":4,"featured_media":124002,"comment_status":"open","ping_status":"open","sticky":false,"template":"","format":"standard","meta":{"_acf_changed":false,"footnotes":""},"categories":[153],"tags":[],"class_list":{"0":"post-123995","1":"post","2":"type-post","3":"status-publish","4":"format-standard","5":"has-post-thumbnail","7":"category-selecion-colombia"},"acf":[],"yoast_head":"<!-- This site is optimized with the Yoast SEO plugin v26.8 - https:\/\/yoast.com\/product\/yoast-seo-wordpress\/ -->\n<title>Posiciones de grupos y pr\u00f3ximos rivales de Colombia en Mundial de Chile 2025 -<\/title>\n<meta name=\"robots\" content=\"index, follow, max-snippet:-1, max-image-preview:large, max-video-preview:-1\" \/>\n<link rel=\"canonical\" href=\"https:\/\/futbolhoy.co\/index.php\/2025\/09\/30\/posiciones-de-grupos-y-proximos-rivales-de-colombia-en-mundial-de-chile-2025\/\" \/>\n<meta property=\"og:locale\" content=\"es_ES\" \/>\n<meta property=\"og:type\" content=\"article\" \/>\n<meta property=\"og:title\" content=\"Posiciones de grupos y pr\u00f3ximos rivales de Colombia en Mundial de Chile 2025 -\" \/>\n<meta property=\"og:description\" content=\"La Selecci\u00f3n Colombia Sub 20 derrot\u00f3 1-0 a Arabia Saud\u00ed en la primera fecha de la fase de grupos del Mundial 2025 en Chile, con anotaci\u00f3n de \u00d3scar Perea. Los dirigidos por el t\u00e9cnico C\u00e9sar Torres comparten la cima del grupo F con Noruega, su siguiente rival, que derrot\u00f3 por el mismo resultado a Nigeria. [&hellip;]\" \/>\n<meta property=\"og:url\" content=\"https:\/\/futbolhoy.co\/index.php\/2025\/09\/30\/posiciones-de-grupos-y-proximos-rivales-de-colombia-en-mundial-de-chile-2025\/\" \/>\n<meta property=\"article:publisher\" content=\"https:\/\/www.facebook.com\/FutbolHoyCol\/\" \/>\n<meta property=\"article:published_time\" content=\"2025-09-30T14:33:35+00:00\" \/>\n<meta property=\"article:modified_time\" content=\"2025-10-01T13:38:55+00:00\" \/>\n<meta property=\"og:image\" content=\"https:\/\/futbolhoy.co\/wp-content\/uploads\/2025\/09\/WhatsApp-Image-2025-09-30-at-9.31.33-AM.jpeg\" \/>\n\t<meta property=\"og:image:width\" content=\"828\" \/>\n\t<meta property=\"og:image:height\" content=\"807\" \/>\n\t<meta property=\"og:image:type\" content=\"image\/jpeg\" \/>\n<meta name=\"author\" content=\"contenido\" \/>\n<meta name=\"twitter:card\" content=\"summary_large_image\" \/>\n<meta name=\"twitter:creator\" content=\"@FutbolHoyCol\" \/>\n<meta name=\"twitter:site\" content=\"@FutbolHoyCol\" \/>\n<meta name=\"twitter:label1\" content=\"Escrito por\" \/>\n\t<meta name=\"twitter:data1\" content=\"contenido\" \/>\n\t<meta name=\"twitter:label2\" content=\"Tiempo de lectura\" \/>\n\t<meta name=\"twitter:data2\" content=\"1 minuto\" \/>\n<script type=\"application\/ld+json\" class=\"yoast-schema-graph\">{\"@context\":\"https:\/\/schema.org\",\"@graph\":[{\"@type\":\"Article\",\"@id\":\"https:\/\/futbolhoy.co\/index.php\/2025\/09\/30\/posiciones-de-grupos-y-proximos-rivales-de-colombia-en-mundial-de-chile-2025\/#article\",\"isPartOf\":{\"@id\":\"https:\/\/futbolhoy.co\/index.php\/2025\/09\/30\/posiciones-de-grupos-y-proximos-rivales-de-colombia-en-mundial-de-chile-2025\/\"},\"author\":{\"name\":\"contenido\",\"@id\":\"https:\/\/futbolhoy.co\/#\/schema\/person\/1721b69355b6623eaff15ac7b92d4cc3\"},\"headline\":\"Posiciones de grupos y pr\u00f3ximos rivales de Colombia en Mundial de Chile 2025\",\"datePublished\":\"2025-09-30T14:33:35+00:00\",\"dateModified\":\"2025-10-01T13:38:55+00:00\",\"mainEntityOfPage\":{\"@id\":\"https:\/\/futbolhoy.co\/index.php\/2025\/09\/30\/posiciones-de-grupos-y-proximos-rivales-de-colombia-en-mundial-de-chile-2025\/\"},\"wordCount\":211,\"commentCount\":0,\"publisher\":{\"@id\":\"https:\/\/futbolhoy.co\/#organization\"},\"image\":{\"@id\":\"https:\/\/futbolhoy.co\/index.php\/2025\/09\/30\/posiciones-de-grupos-y-proximos-rivales-de-colombia-en-mundial-de-chile-2025\/#primaryimage\"},\"thumbnailUrl\":\"https:\/\/futbolhoy.co\/wp-content\/uploads\/2025\/09\/WhatsApp-Image-2025-09-30-at-9.31.33-AM.jpeg\",\"articleSection\":[\"Selecci\u00f3n Colombia\"],\"inLanguage\":\"es\",\"potentialAction\":[{\"@type\":\"CommentAction\",\"name\":\"Comment\",\"target\":[\"https:\/\/futbolhoy.co\/index.php\/2025\/09\/30\/posiciones-de-grupos-y-proximos-rivales-de-colombia-en-mundial-de-chile-2025\/#respond\"]}]},{\"@type\":\"WebPage\",\"@id\":\"https:\/\/futbolhoy.co\/index.php\/2025\/09\/30\/posiciones-de-grupos-y-proximos-rivales-de-colombia-en-mundial-de-chile-2025\/\",\"url\":\"https:\/\/futbolhoy.co\/index.php\/2025\/09\/30\/posiciones-de-grupos-y-proximos-rivales-de-colombia-en-mundial-de-chile-2025\/\",\"name\":\"Posiciones de grupos y pr\u00f3ximos rivales de Colombia en Mundial de Chile 2025 -\",\"isPartOf\":{\"@id\":\"https:\/\/futbolhoy.co\/#website\"},\"primaryImageOfPage\":{\"@id\":\"https:\/\/futbolhoy.co\/index.php\/2025\/09\/30\/posiciones-de-grupos-y-proximos-rivales-de-colombia-en-mundial-de-chile-2025\/#primaryimage\"},\"image\":{\"@id\":\"https:\/\/futbolhoy.co\/index.php\/2025\/09\/30\/posiciones-de-grupos-y-proximos-rivales-de-colombia-en-mundial-de-chile-2025\/#primaryimage\"},\"thumbnailUrl\":\"https:\/\/futbolhoy.co\/wp-content\/uploads\/2025\/09\/WhatsApp-Image-2025-09-30-at-9.31.33-AM.jpeg\",\"datePublished\":\"2025-09-30T14:33:35+00:00\",\"dateModified\":\"2025-10-01T13:38:55+00:00\",\"breadcrumb\":{\"@id\":\"https:\/\/futbolhoy.co\/index.php\/2025\/09\/30\/posiciones-de-grupos-y-proximos-rivales-de-colombia-en-mundial-de-chile-2025\/#breadcrumb\"},\"inLanguage\":\"es\",\"potentialAction\":[{\"@type\":\"ReadAction\",\"target\":[\"https:\/\/futbolhoy.co\/index.php\/2025\/09\/30\/posiciones-de-grupos-y-proximos-rivales-de-colombia-en-mundial-de-chile-2025\/\"]}]},{\"@type\":\"ImageObject\",\"inLanguage\":\"es\",\"@id\":\"https:\/\/futbolhoy.co\/index.php\/2025\/09\/30\/posiciones-de-grupos-y-proximos-rivales-de-colombia-en-mundial-de-chile-2025\/#primaryimage\",\"url\":\"https:\/\/futbolhoy.co\/wp-content\/uploads\/2025\/09\/WhatsApp-Image-2025-09-30-at-9.31.33-AM.jpeg\",\"contentUrl\":\"https:\/\/futbolhoy.co\/wp-content\/uploads\/2025\/09\/WhatsApp-Image-2025-09-30-at-9.31.33-AM.jpeg\",\"width\":828,\"height\":807},{\"@type\":\"BreadcrumbList\",\"@id\":\"https:\/\/futbolhoy.co\/index.php\/2025\/09\/30\/posiciones-de-grupos-y-proximos-rivales-de-colombia-en-mundial-de-chile-2025\/#breadcrumb\",\"itemListElement\":[{\"@type\":\"ListItem\",\"position\":1,\"name\":\"Portada\",\"item\":\"https:\/\/futbolhoy.co\/\"},{\"@type\":\"ListItem\",\"position\":2,\"name\":\"Posiciones de grupos y pr\u00f3ximos rivales de Colombia en Mundial de Chile 2025\"}]},{\"@type\":\"WebSite\",\"@id\":\"https:\/\/futbolhoy.co\/#website\",\"url\":\"https:\/\/futbolhoy.co\/\",\"name\":\"FutbolHoy\",\"description\":\"\",\"publisher\":{\"@id\":\"https:\/\/futbolhoy.co\/#organization\"},\"potentialAction\":[{\"@type\":\"SearchAction\",\"target\":{\"@type\":\"EntryPoint\",\"urlTemplate\":\"https:\/\/futbolhoy.co\/?s={search_term_string}\"},\"query-input\":{\"@type\":\"PropertyValueSpecification\",\"valueRequired\":true,\"valueName\":\"search_term_string\"}}],\"inLanguage\":\"es\"},{\"@type\":\"Organization\",\"@id\":\"https:\/\/futbolhoy.co\/#organization\",\"name\":\"Futbolhoy.co\",\"url\":\"https:\/\/futbolhoy.co\/\",\"logo\":{\"@type\":\"ImageObject\",\"inLanguage\":\"es\",\"@id\":\"https:\/\/futbolhoy.co\/#\/schema\/logo\/image\/\",\"url\":\"https:\/\/futbolhoy.co\/wp-content\/uploads\/2018\/08\/17426380_1906371736249227_6326180412931521141_n.jpg\",\"contentUrl\":\"https:\/\/futbolhoy.co\/wp-content\/uploads\/2018\/08\/17426380_1906371736249227_6326180412931521141_n.jpg\",\"width\":960,\"height\":960,\"caption\":\"Futbolhoy.co\"},\"image\":{\"@id\":\"https:\/\/futbolhoy.co\/#\/schema\/logo\/image\/\"},\"sameAs\":[\"https:\/\/www.facebook.com\/FutbolHoyCol\/\",\"https:\/\/x.com\/FutbolHoyCol\",\"https:\/\/www.instagram.com\/futbolhoycol\/\"]},{\"@type\":\"Person\",\"@id\":\"https:\/\/futbolhoy.co\/#\/schema\/person\/1721b69355b6623eaff15ac7b92d4cc3\",\"name\":\"contenido\",\"image\":{\"@type\":\"ImageObject\",\"inLanguage\":\"es\",\"@id\":\"https:\/\/futbolhoy.co\/#\/schema\/person\/image\/\",\"url\":\"https:\/\/secure.gravatar.com\/avatar\/4f656d3256f5134f466206e7c3941518?s=96&d=mm&r=g\",\"contentUrl\":\"https:\/\/secure.gravatar.com\/avatar\/4f656d3256f5134f466206e7c3941518?s=96&d=mm&r=g\",\"caption\":\"contenido\"}}]}<\/script>\n<!-- \/ Yoast SEO plugin. -->","yoast_head_json":{"title":"Posiciones de grupos y pr\u00f3ximos rivales de Colombia en Mundial de Chile 2025 -","robots":{"index":"index","follow":"follow","max-snippet":"max-snippet:-1","max-image-preview":"max-image-preview:large","max-video-preview":"max-video-preview:-1"},"canonical":"https:\/\/futbolhoy.co\/index.php\/2025\/09\/30\/posiciones-de-grupos-y-proximos-rivales-de-colombia-en-mundial-de-chile-2025\/","og_locale":"es_ES","og_type":"article","og_title":"Posiciones de grupos y pr\u00f3ximos rivales de Colombia en Mundial de Chile 2025 -","og_description":"La Selecci\u00f3n Colombia Sub 20 derrot\u00f3 1-0 a Arabia Saud\u00ed en la primera fecha de la fase de grupos del Mundial 2025 en Chile, con anotaci\u00f3n de \u00d3scar Perea. Los dirigidos por el t\u00e9cnico C\u00e9sar Torres comparten la cima del grupo F con Noruega, su siguiente rival, que derrot\u00f3 por el mismo resultado a Nigeria. [&hellip;]","og_url":"https:\/\/futbolhoy.co\/index.php\/2025\/09\/30\/posiciones-de-grupos-y-proximos-rivales-de-colombia-en-mundial-de-chile-2025\/","article_publisher":"https:\/\/www.facebook.com\/FutbolHoyCol\/","article_published_time":"2025-09-30T14:33:35+00:00","article_modified_time":"2025-10-01T13:38:55+00:00","og_image":[{"width":828,"height":807,"url":"https:\/\/futbolhoy.co\/wp-content\/uploads\/2025\/09\/WhatsApp-Image-2025-09-30-at-9.31.33-AM.jpeg","type":"image\/jpeg"}],"author":"contenido","twitter_card":"summary_large_image","twitter_creator":"@FutbolHoyCol","twitter_site":"@FutbolHoyCol","twitter_misc":{"Escrito por":"contenido","Tiempo de lectura":"1 minuto"},"schema":{"@context":"https:\/\/schema.org","@graph":[{"@type":"Article","@id":"https:\/\/futbolhoy.co\/index.php\/2025\/09\/30\/posiciones-de-grupos-y-proximos-rivales-de-colombia-en-mundial-de-chile-2025\/#article","isPartOf":{"@id":"https:\/\/futbolhoy.co\/index.php\/2025\/09\/30\/posiciones-de-grupos-y-proximos-rivales-de-colombia-en-mundial-de-chile-2025\/"},"author":{"name":"contenido","@id":"https:\/\/futbolhoy.co\/#\/schema\/person\/1721b69355b6623eaff15ac7b92d4cc3"},"headline":"Posiciones de grupos y pr\u00f3ximos rivales de Colombia en Mundial de Chile 2025","datePublished":"2025-09-30T14:33:35+00:00","dateModified":"2025-10-01T13:38:55+00:00","mainEntityOfPage":{"@id":"https:\/\/futbolhoy.co\/index.php\/2025\/09\/30\/posiciones-de-grupos-y-proximos-rivales-de-colombia-en-mundial-de-chile-2025\/"},"wordCount":211,"commentCount":0,"publisher":{"@id":"https:\/\/futbolhoy.co\/#organization"},"image":{"@id":"https:\/\/futbolhoy.co\/index.php\/2025\/09\/30\/posiciones-de-grupos-y-proximos-rivales-de-colombia-en-mundial-de-chile-2025\/#primaryimage"},"thumbnailUrl":"https:\/\/futbolhoy.co\/wp-content\/uploads\/2025\/09\/WhatsApp-Image-2025-09-30-at-9.31.33-AM.jpeg","articleSection":["Selecci\u00f3n Colombia"],"inLanguage":"es","potentialAction":[{"@type":"CommentAction","name":"Comment","target":["https:\/\/futbolhoy.co\/index.php\/2025\/09\/30\/posiciones-de-grupos-y-proximos-rivales-de-colombia-en-mundial-de-chile-2025\/#respond"]}]},{"@type":"WebPage","@id":"https:\/\/futbolhoy.co\/index.php\/2025\/09\/30\/posiciones-de-grupos-y-proximos-rivales-de-colombia-en-mundial-de-chile-2025\/","url":"https:\/\/futbolhoy.co\/index.php\/2025\/09\/30\/posiciones-de-grupos-y-proximos-rivales-de-colombia-en-mundial-de-chile-2025\/","name":"Posiciones de grupos y pr\u00f3ximos rivales de Colombia en Mundial de Chile 2025 -","isPartOf":{"@id":"https:\/\/futbolhoy.co\/#website"},"primaryImageOfPage":{"@id":"https:\/\/futbolhoy.co\/index.php\/2025\/09\/30\/posiciones-de-grupos-y-proximos-rivales-de-colombia-en-mundial-de-chile-2025\/#primaryimage"},"image":{"@id":"https:\/\/futbolhoy.co\/index.php\/2025\/09\/30\/posiciones-de-grupos-y-proximos-rivales-de-colombia-en-mundial-de-chile-2025\/#primaryimage"},"thumbnailUrl":"https:\/\/futbolhoy.co\/wp-content\/uploads\/2025\/09\/WhatsApp-Image-2025-09-30-at-9.31.33-AM.jpeg","datePublished":"2025-09-30T14:33:35+00:00","dateModified":"2025-10-01T13:38:55+00:00","breadcrumb":{"@id":"https:\/\/futbolhoy.co\/index.php\/2025\/09\/30\/posiciones-de-grupos-y-proximos-rivales-de-colombia-en-mundial-de-chile-2025\/#breadcrumb"},"inLanguage":"es","potentialAction":[{"@type":"ReadAction","target":["https:\/\/futbolhoy.co\/index.php\/2025\/09\/30\/posiciones-de-grupos-y-proximos-rivales-de-colombia-en-mundial-de-chile-2025\/"]}]},{"@type":"ImageObject","inLanguage":"es","@id":"https:\/\/futbolhoy.co\/index.php\/2025\/09\/30\/posiciones-de-grupos-y-proximos-rivales-de-colombia-en-mundial-de-chile-2025\/#primaryimage","url":"https:\/\/futbolhoy.co\/wp-content\/uploads\/2025\/09\/WhatsApp-Image-2025-09-30-at-9.31.33-AM.jpeg","contentUrl":"https:\/\/futbolhoy.co\/wp-content\/uploads\/2025\/09\/WhatsApp-Image-2025-09-30-at-9.31.33-AM.jpeg","width":828,"height":807},{"@type":"BreadcrumbList","@id":"https:\/\/futbolhoy.co\/index.php\/2025\/09\/30\/posiciones-de-grupos-y-proximos-rivales-de-colombia-en-mundial-de-chile-2025\/#breadcrumb","itemListElement":[{"@type":"ListItem","position":1,"name":"Portada","item":"https:\/\/futbolhoy.co\/"},{"@type":"ListItem","position":2,"name":"Posiciones de grupos y pr\u00f3ximos rivales de Colombia en Mundial de Chile 2025"}]},{"@type":"WebSite","@id":"https:\/\/futbolhoy.co\/#website","url":"https:\/\/futbolhoy.co\/","name":"FutbolHoy","description":"","publisher":{"@id":"https:\/\/futbolhoy.co\/#organization"},"potentialAction":[{"@type":"SearchAction","target":{"@type":"EntryPoint","urlTemplate":"https:\/\/futbolhoy.co\/?s={search_term_string}"},"query-input":{"@type":"PropertyValueSpecification","valueRequired":true,"valueName":"search_term_string"}}],"inLanguage":"es"},{"@type":"Organization","@id":"https:\/\/futbolhoy.co\/#organization","name":"Futbolhoy.co","url":"https:\/\/futbolhoy.co\/","logo":{"@type":"ImageObject","inLanguage":"es","@id":"https:\/\/futbolhoy.co\/#\/schema\/logo\/image\/","url":"https:\/\/futbolhoy.co\/wp-content\/uploads\/2018\/08\/17426380_1906371736249227_6326180412931521141_n.jpg","contentUrl":"https:\/\/futbolhoy.co\/wp-content\/uploads\/2018\/08\/17426380_1906371736249227_6326180412931521141_n.jpg","width":960,"height":960,"caption":"Futbolhoy.co"},"image":{"@id":"https:\/\/futbolhoy.co\/#\/schema\/logo\/image\/"},"sameAs":["https:\/\/www.facebook.com\/FutbolHoyCol\/","https:\/\/x.com\/FutbolHoyCol","https:\/\/www.instagram.com\/futbolhoycol\/"]},{"@type":"Person","@id":"https:\/\/futbolhoy.co\/#\/schema\/person\/1721b69355b6623eaff15ac7b92d4cc3","name":"contenido","image":{"@type":"ImageObject","inLanguage":"es","@id":"https:\/\/futbolhoy.co\/#\/schema\/person\/image\/","url":"https:\/\/secure.gravatar.com\/avatar\/4f656d3256f5134f466206e7c3941518?s=96&d=mm&r=g","contentUrl":"https:\/\/secure.gravatar.com\/avatar\/4f656d3256f5134f466206e7c3941518?s=96&d=mm&r=g","caption":"contenido"}}]}},"publishpress_future_action":{"enabled":false,"date":"2026-05-05 07:17:25","action":"change-status","newStatus":"draft","terms":[],"taxonomy":"category","extraData":[]},"publishpress_future_workflow_manual_trigger":{"enabledWorkflows":[]},"_links":{"self":[{"href":"https:\/\/futbolhoy.co\/index.php\/wp-json\/wp\/v2\/posts\/123995","targetHints":{"allow":["GET"]}}],"collection":[{"href":"https:\/\/futbolhoy.co\/index.php\/wp-json\/wp\/v2\/posts"}],"about":[{"href":"https:\/\/futbolhoy.co\/index.php\/wp-json\/wp\/v2\/types\/post"}],"author":[{"embeddable":true,"href":"https:\/\/futbolhoy.co\/index.php\/wp-json\/wp\/v2\/users\/4"}],"replies":[{"embeddable":true,"href":"https:\/\/futbolhoy.co\/index.php\/wp-json\/wp\/v2\/comments?post=123995"}],"version-history":[{"count":3,"href":"https:\/\/futbolhoy.co\/index.php\/wp-json\/wp\/v2\/posts\/123995\/revisions"}],"predecessor-version":[{"id":124005,"href":"https:\/\/futbolhoy.co\/index.php\/wp-json\/wp\/v2\/posts\/123995\/revisions\/124005"}],"wp:featuredmedia":[{"embeddable":true,"href":"https:\/\/futbolhoy.co\/index.php\/wp-json\/wp\/v2\/media\/124002"}],"wp:attachment":[{"href":"https:\/\/futbolhoy.co\/index.php\/wp-json\/wp\/v2\/media?parent=123995"}],"wp:term":[{"taxonomy":"category","embeddable":true,"href":"https:\/\/futbolhoy.co\/index.php\/wp-json\/wp\/v2\/categories?post=123995"},{"taxonomy":"post_tag","embeddable":true,"href":"https:\/\/futbolhoy.co\/index.php\/wp-json\/wp\/v2\/tags?post=123995"}],"curies":[{"name":"wp","href":"https:\/\/api.w.org\/{rel}","templated":true}]}}