{"id":124007,"date":"2025-09-30T11:55:12","date_gmt":"2025-09-30T16:55:12","guid":{"rendered":"https:\/\/futbolhoy.co\/?p=124007"},"modified":"2025-10-01T11:02:54","modified_gmt":"2025-10-01T16:02:54","slug":"luis-sinisterra-tendria-fecha-de-regreso-con-cruzeiro","status":"publish","type":"post","link":"https:\/\/futbolhoy.co\/index.php\/2025\/09\/30\/luis-sinisterra-tendria-fecha-de-regreso-con-cruzeiro\/","title":{"rendered":"Luis Sinisterra tendr\u00eda fecha de regreso con Cruzeiro"},"content":{"rendered":"<p style=\"text-align: justify;\"><span style=\"font-family: helvetica, arial, sans-serif;\"><strong>Luis Sinisterra<\/strong> lleg\u00f3 a <strong>Cruzeiro<\/strong> en junio de 2025 tras su paso en Bournemouth (Inglaterra), Leeds (Inglaterra), Feyenoord (Pa\u00edses Bajos) y Once Caldas (Colombia).\u00a0<\/span><\/p>\n<p style=\"text-align: justify;\"><span style=\"font-family: helvetica, arial, sans-serif;\">Desde su llegada al club, ha disputado 50 minutos, y <strong>marc\u00f3 su primer gol ante Bah\u00eda<\/strong>, el 15 de septiembre.<\/span><\/p>\n<p style=\"text-align: justify;\"><span style=\"font-family: helvetica, arial, sans-serif;\">As\u00ed fue el gol de Luis Sinisterra:<\/span><\/p>\n<blockquote class=\"twitter-tweet\" data-media-max-width=\"560\">\n<p dir=\"ltr\" lang=\"es\">\ud83c\udde8\ud83c\uddf4 Gol de Luis Sinisterra Vs Bah\u00eda (Serie A Betano - Fecha 23) <a href=\"https:\/\/t.co\/mi1vXC8Wv0\">pic.twitter.com\/mi1vXC8Wv0<\/a><\/p>\n<p>\u2014 Fichajes del F\u00fatbol Colombiano (@deportes_andy) <a href=\"https:\/\/twitter.com\/deportes_andy\/status\/1968042452578865276?ref_src=twsrc%5Etfw\">September 16, 2025<\/a><\/p><\/blockquote>\n<p style=\"text-align: justify;\"><script async src=\"https:\/\/platform.twitter.com\/widgets.js\" charset=\"utf-8\"><\/script><span style=\"font-family: helvetica, arial, sans-serif;\">Sinisterra lleg\u00f3 a Brasil con alguna molestia en el <strong>tend\u00f3n de la corva<\/strong>, y su entrenador opt\u00f3 por darle un regreso paulatino a las canchas.<\/span><\/p>\n<p style=\"text-align: justify;\"><span style=\"font-family: helvetica, arial, sans-serif;\">Sin embargo, previo al \u00faltimo compromiso de 'La Bestia Negra' ante Vasco da Gama, el colombiano sufri\u00f3 <strong>una nueva lesi\u00f3n<\/strong> que lo alej\u00f3 del partido por el Campeonato Brasilero.<\/span><\/p>\n<h3 style=\"text-align: justify;\"><span style=\"font-family: helvetica, arial, sans-serif;\">Fecha del regreso de Luis Sinisterra<\/span><\/h3>\n<p style=\"text-align: justify;\"><span style=\"font-family: helvetica, arial, sans-serif;\"><strong>Luis Sinisterra<\/strong> estuvo presente durante el entrenamiento del lunes, y est\u00e1 a disposici\u00f3n del cuerpo t\u00e9cnico.<\/span><\/p>\n<blockquote class=\"twitter-tweet\">\n<p dir=\"ltr\" lang=\"pt\">Come\u00e7ando a semana com atividades na Toca 2! \ud83e\udd8a<\/p>\n<p>Foco total na partida contra o Flamengo, na quinta! \ud83d\udc4a<\/p>\n<p>\ud83d\udcf8 <a href=\"https:\/\/twitter.com\/ggaleixo?ref_src=twsrc%5Etfw\">@ggaleixo<\/a> <a href=\"https:\/\/t.co\/YsNtbVrLoB\">pic.twitter.com\/YsNtbVrLoB<\/a><\/p>\n<p>\u2014 Cruzeiro \ud83e\udd8a (@Cruzeiro) <a href=\"https:\/\/twitter.com\/Cruzeiro\/status\/1972714066260144305?ref_src=twsrc%5Etfw\">September 29, 2025<\/a><\/p><\/blockquote>\n<p style=\"text-align: justify;\"><script async src=\"https:\/\/platform.twitter.com\/widgets.js\" charset=\"utf-8\"><\/script><span style=\"font-family: helvetica, arial, sans-serif;\">El t\u00e9cnico <strong>Leonardo Jardim<\/strong> se refiri\u00f3 al caso de Luis en rueda de prensa previo al partido, y declar\u00f3:<\/span><\/p>\n<p style=\"text-align: justify;\"><span style=\"font-family: helvetica, arial, sans-serif;\">\"Durante este entrenamiento (previo al duelo con Vasco), Sinisterra sufri\u00f3 una <strong>distensi\u00f3n discal tibial<\/strong>, que deber\u00eda sanar en <strong>seis o siete d\u00edas<\/strong>. Ya ha comenzado su proceso de reincorporaci\u00f3n. A ver si conseguimos que entrene esta semana y vuelva a jugar\u201d, asegur\u00f3.<\/span><\/p>\n<p style=\"text-align: justify;\"><span style=\"font-family: helvetica, arial, sans-serif;\">De ser as\u00ed, el santandereano de 26 a\u00f1os regresar\u00e1 el jueves <strong>2 de octubre<\/strong> durante el enfrentamiento ante <strong>Flamengo<\/strong> por el Campeonato Brasilero en el Estadio de Maracan\u00e1.<br \/>\n<\/span><\/p>\n<p style=\"text-align: justify;\"><span style=\"font-family: helvetica, arial, sans-serif;\">Cruzeiro escolta al 'Meng\u00e3o', y en caso de ganar durante <strong>fecha 26 en la Liga de Brasil<\/strong>, se colocar\u00e1 a solo un punto del l\u00edder.<\/span><\/p>\n","protected":false},"excerpt":{"rendered":"<p>Luis Sinisterra lleg\u00f3 a Cruzeiro en junio de 2025 tras su paso en Bournemouth (Inglaterra), Leeds (Inglaterra), Feyenoord (Pa\u00edses Bajos) y Once Caldas (Colombia).\u00a0 Desde su llegada al club, ha disputado 50 minutos, y marc\u00f3 su primer gol ante Bah\u00eda, el 15 de septiembre. As\u00ed fue el gol de Luis Sinisterra: \ud83c\udde8\ud83c\uddf4 Gol de Luis [&hellip;]<\/p>\n","protected":false},"author":4,"featured_media":124008,"comment_status":"open","ping_status":"open","sticky":false,"template":"","format":"standard","meta":{"_acf_changed":false,"footnotes":""},"categories":[153],"tags":[],"class_list":{"0":"post-124007","1":"post","2":"type-post","3":"status-publish","4":"format-standard","5":"has-post-thumbnail","7":"category-selecion-colombia"},"acf":[],"yoast_head":"<!-- This site is optimized with the Yoast SEO plugin v26.8 - https:\/\/yoast.com\/product\/yoast-seo-wordpress\/ -->\n<title>Luis Sinisterra tendr\u00eda fecha de regreso con Cruzeiro -<\/title>\n<meta name=\"robots\" content=\"index, follow, max-snippet:-1, max-image-preview:large, max-video-preview:-1\" \/>\n<link rel=\"canonical\" href=\"https:\/\/futbolhoy.co\/index.php\/2025\/09\/30\/luis-sinisterra-tendria-fecha-de-regreso-con-cruzeiro\/\" \/>\n<meta property=\"og:locale\" content=\"es_ES\" \/>\n<meta property=\"og:type\" content=\"article\" \/>\n<meta property=\"og:title\" content=\"Luis Sinisterra tendr\u00eda fecha de regreso con Cruzeiro -\" \/>\n<meta property=\"og:description\" content=\"Luis Sinisterra lleg\u00f3 a Cruzeiro en junio de 2025 tras su paso en Bournemouth (Inglaterra), Leeds (Inglaterra), Feyenoord (Pa\u00edses Bajos) y Once Caldas (Colombia).\u00a0 Desde su llegada al club, ha disputado 50 minutos, y marc\u00f3 su primer gol ante Bah\u00eda, el 15 de septiembre. As\u00ed fue el gol de Luis Sinisterra: \ud83c\udde8\ud83c\uddf4 Gol de Luis [&hellip;]\" \/>\n<meta property=\"og:url\" content=\"https:\/\/futbolhoy.co\/index.php\/2025\/09\/30\/luis-sinisterra-tendria-fecha-de-regreso-con-cruzeiro\/\" \/>\n<meta property=\"article:publisher\" content=\"https:\/\/www.facebook.com\/FutbolHoyCol\/\" \/>\n<meta property=\"article:published_time\" content=\"2025-09-30T16:55:12+00:00\" \/>\n<meta property=\"article:modified_time\" content=\"2025-10-01T16:02:54+00:00\" \/>\n<meta property=\"og:image\" content=\"https:\/\/futbolhoy.co\/wp-content\/uploads\/2025\/09\/WhatsApp-Image-2025-09-30-at-11.52.38-AM.jpeg\" \/>\n\t<meta property=\"og:image:width\" content=\"828\" \/>\n\t<meta property=\"og:image:height\" content=\"544\" \/>\n\t<meta property=\"og:image:type\" content=\"image\/jpeg\" \/>\n<meta name=\"author\" content=\"contenido\" \/>\n<meta name=\"twitter:card\" content=\"summary_large_image\" \/>\n<meta name=\"twitter:creator\" content=\"@FutbolHoyCol\" \/>\n<meta name=\"twitter:site\" content=\"@FutbolHoyCol\" \/>\n<meta name=\"twitter:label1\" content=\"Escrito por\" \/>\n\t<meta name=\"twitter:data1\" content=\"contenido\" \/>\n\t<meta name=\"twitter:label2\" content=\"Tiempo de lectura\" \/>\n\t<meta name=\"twitter:data2\" content=\"2 minutos\" \/>\n<script type=\"application\/ld+json\" class=\"yoast-schema-graph\">{\"@context\":\"https:\/\/schema.org\",\"@graph\":[{\"@type\":\"Article\",\"@id\":\"https:\/\/futbolhoy.co\/index.php\/2025\/09\/30\/luis-sinisterra-tendria-fecha-de-regreso-con-cruzeiro\/#article\",\"isPartOf\":{\"@id\":\"https:\/\/futbolhoy.co\/index.php\/2025\/09\/30\/luis-sinisterra-tendria-fecha-de-regreso-con-cruzeiro\/\"},\"author\":{\"name\":\"contenido\",\"@id\":\"https:\/\/futbolhoy.co\/#\/schema\/person\/1721b69355b6623eaff15ac7b92d4cc3\"},\"headline\":\"Luis Sinisterra tendr\u00eda fecha de regreso con Cruzeiro\",\"datePublished\":\"2025-09-30T16:55:12+00:00\",\"dateModified\":\"2025-10-01T16:02:54+00:00\",\"mainEntityOfPage\":{\"@id\":\"https:\/\/futbolhoy.co\/index.php\/2025\/09\/30\/luis-sinisterra-tendria-fecha-de-regreso-con-cruzeiro\/\"},\"wordCount\":309,\"commentCount\":0,\"publisher\":{\"@id\":\"https:\/\/futbolhoy.co\/#organization\"},\"image\":{\"@id\":\"https:\/\/futbolhoy.co\/index.php\/2025\/09\/30\/luis-sinisterra-tendria-fecha-de-regreso-con-cruzeiro\/#primaryimage\"},\"thumbnailUrl\":\"https:\/\/futbolhoy.co\/wp-content\/uploads\/2025\/09\/WhatsApp-Image-2025-09-30-at-11.52.38-AM.jpeg\",\"articleSection\":[\"Selecci\u00f3n Colombia\"],\"inLanguage\":\"es\",\"potentialAction\":[{\"@type\":\"CommentAction\",\"name\":\"Comment\",\"target\":[\"https:\/\/futbolhoy.co\/index.php\/2025\/09\/30\/luis-sinisterra-tendria-fecha-de-regreso-con-cruzeiro\/#respond\"]}]},{\"@type\":\"WebPage\",\"@id\":\"https:\/\/futbolhoy.co\/index.php\/2025\/09\/30\/luis-sinisterra-tendria-fecha-de-regreso-con-cruzeiro\/\",\"url\":\"https:\/\/futbolhoy.co\/index.php\/2025\/09\/30\/luis-sinisterra-tendria-fecha-de-regreso-con-cruzeiro\/\",\"name\":\"Luis Sinisterra tendr\u00eda fecha de regreso con Cruzeiro -\",\"isPartOf\":{\"@id\":\"https:\/\/futbolhoy.co\/#website\"},\"primaryImageOfPage\":{\"@id\":\"https:\/\/futbolhoy.co\/index.php\/2025\/09\/30\/luis-sinisterra-tendria-fecha-de-regreso-con-cruzeiro\/#primaryimage\"},\"image\":{\"@id\":\"https:\/\/futbolhoy.co\/index.php\/2025\/09\/30\/luis-sinisterra-tendria-fecha-de-regreso-con-cruzeiro\/#primaryimage\"},\"thumbnailUrl\":\"https:\/\/futbolhoy.co\/wp-content\/uploads\/2025\/09\/WhatsApp-Image-2025-09-30-at-11.52.38-AM.jpeg\",\"datePublished\":\"2025-09-30T16:55:12+00:00\",\"dateModified\":\"2025-10-01T16:02:54+00:00\",\"breadcrumb\":{\"@id\":\"https:\/\/futbolhoy.co\/index.php\/2025\/09\/30\/luis-sinisterra-tendria-fecha-de-regreso-con-cruzeiro\/#breadcrumb\"},\"inLanguage\":\"es\",\"potentialAction\":[{\"@type\":\"ReadAction\",\"target\":[\"https:\/\/futbolhoy.co\/index.php\/2025\/09\/30\/luis-sinisterra-tendria-fecha-de-regreso-con-cruzeiro\/\"]}]},{\"@type\":\"ImageObject\",\"inLanguage\":\"es\",\"@id\":\"https:\/\/futbolhoy.co\/index.php\/2025\/09\/30\/luis-sinisterra-tendria-fecha-de-regreso-con-cruzeiro\/#primaryimage\",\"url\":\"https:\/\/futbolhoy.co\/wp-content\/uploads\/2025\/09\/WhatsApp-Image-2025-09-30-at-11.52.38-AM.jpeg\",\"contentUrl\":\"https:\/\/futbolhoy.co\/wp-content\/uploads\/2025\/09\/WhatsApp-Image-2025-09-30-at-11.52.38-AM.jpeg\",\"width\":828,\"height\":544},{\"@type\":\"BreadcrumbList\",\"@id\":\"https:\/\/futbolhoy.co\/index.php\/2025\/09\/30\/luis-sinisterra-tendria-fecha-de-regreso-con-cruzeiro\/#breadcrumb\",\"itemListElement\":[{\"@type\":\"ListItem\",\"position\":1,\"name\":\"Portada\",\"item\":\"https:\/\/futbolhoy.co\/\"},{\"@type\":\"ListItem\",\"position\":2,\"name\":\"Luis Sinisterra tendr\u00eda fecha de regreso con Cruzeiro\"}]},{\"@type\":\"WebSite\",\"@id\":\"https:\/\/futbolhoy.co\/#website\",\"url\":\"https:\/\/futbolhoy.co\/\",\"name\":\"FutbolHoy\",\"description\":\"\",\"publisher\":{\"@id\":\"https:\/\/futbolhoy.co\/#organization\"},\"potentialAction\":[{\"@type\":\"SearchAction\",\"target\":{\"@type\":\"EntryPoint\",\"urlTemplate\":\"https:\/\/futbolhoy.co\/?s={search_term_string}\"},\"query-input\":{\"@type\":\"PropertyValueSpecification\",\"valueRequired\":true,\"valueName\":\"search_term_string\"}}],\"inLanguage\":\"es\"},{\"@type\":\"Organization\",\"@id\":\"https:\/\/futbolhoy.co\/#organization\",\"name\":\"Futbolhoy.co\",\"url\":\"https:\/\/futbolhoy.co\/\",\"logo\":{\"@type\":\"ImageObject\",\"inLanguage\":\"es\",\"@id\":\"https:\/\/futbolhoy.co\/#\/schema\/logo\/image\/\",\"url\":\"https:\/\/futbolhoy.co\/wp-content\/uploads\/2018\/08\/17426380_1906371736249227_6326180412931521141_n.jpg\",\"contentUrl\":\"https:\/\/futbolhoy.co\/wp-content\/uploads\/2018\/08\/17426380_1906371736249227_6326180412931521141_n.jpg\",\"width\":960,\"height\":960,\"caption\":\"Futbolhoy.co\"},\"image\":{\"@id\":\"https:\/\/futbolhoy.co\/#\/schema\/logo\/image\/\"},\"sameAs\":[\"https:\/\/www.facebook.com\/FutbolHoyCol\/\",\"https:\/\/x.com\/FutbolHoyCol\",\"https:\/\/www.instagram.com\/futbolhoycol\/\"]},{\"@type\":\"Person\",\"@id\":\"https:\/\/futbolhoy.co\/#\/schema\/person\/1721b69355b6623eaff15ac7b92d4cc3\",\"name\":\"contenido\",\"image\":{\"@type\":\"ImageObject\",\"inLanguage\":\"es\",\"@id\":\"https:\/\/futbolhoy.co\/#\/schema\/person\/image\/\",\"url\":\"https:\/\/secure.gravatar.com\/avatar\/4f656d3256f5134f466206e7c3941518?s=96&d=mm&r=g\",\"contentUrl\":\"https:\/\/secure.gravatar.com\/avatar\/4f656d3256f5134f466206e7c3941518?s=96&d=mm&r=g\",\"caption\":\"contenido\"}}]}<\/script>\n<!-- \/ Yoast SEO plugin. -->","yoast_head_json":{"title":"Luis Sinisterra tendr\u00eda fecha de regreso con Cruzeiro -","robots":{"index":"index","follow":"follow","max-snippet":"max-snippet:-1","max-image-preview":"max-image-preview:large","max-video-preview":"max-video-preview:-1"},"canonical":"https:\/\/futbolhoy.co\/index.php\/2025\/09\/30\/luis-sinisterra-tendria-fecha-de-regreso-con-cruzeiro\/","og_locale":"es_ES","og_type":"article","og_title":"Luis Sinisterra tendr\u00eda fecha de regreso con Cruzeiro -","og_description":"Luis Sinisterra lleg\u00f3 a Cruzeiro en junio de 2025 tras su paso en Bournemouth (Inglaterra), Leeds (Inglaterra), Feyenoord (Pa\u00edses Bajos) y Once Caldas (Colombia).\u00a0 Desde su llegada al club, ha disputado 50 minutos, y marc\u00f3 su primer gol ante Bah\u00eda, el 15 de septiembre. As\u00ed fue el gol de Luis Sinisterra: \ud83c\udde8\ud83c\uddf4 Gol de Luis [&hellip;]","og_url":"https:\/\/futbolhoy.co\/index.php\/2025\/09\/30\/luis-sinisterra-tendria-fecha-de-regreso-con-cruzeiro\/","article_publisher":"https:\/\/www.facebook.com\/FutbolHoyCol\/","article_published_time":"2025-09-30T16:55:12+00:00","article_modified_time":"2025-10-01T16:02:54+00:00","og_image":[{"width":828,"height":544,"url":"https:\/\/futbolhoy.co\/wp-content\/uploads\/2025\/09\/WhatsApp-Image-2025-09-30-at-11.52.38-AM.jpeg","type":"image\/jpeg"}],"author":"contenido","twitter_card":"summary_large_image","twitter_creator":"@FutbolHoyCol","twitter_site":"@FutbolHoyCol","twitter_misc":{"Escrito por":"contenido","Tiempo de lectura":"2 minutos"},"schema":{"@context":"https:\/\/schema.org","@graph":[{"@type":"Article","@id":"https:\/\/futbolhoy.co\/index.php\/2025\/09\/30\/luis-sinisterra-tendria-fecha-de-regreso-con-cruzeiro\/#article","isPartOf":{"@id":"https:\/\/futbolhoy.co\/index.php\/2025\/09\/30\/luis-sinisterra-tendria-fecha-de-regreso-con-cruzeiro\/"},"author":{"name":"contenido","@id":"https:\/\/futbolhoy.co\/#\/schema\/person\/1721b69355b6623eaff15ac7b92d4cc3"},"headline":"Luis Sinisterra tendr\u00eda fecha de regreso con Cruzeiro","datePublished":"2025-09-30T16:55:12+00:00","dateModified":"2025-10-01T16:02:54+00:00","mainEntityOfPage":{"@id":"https:\/\/futbolhoy.co\/index.php\/2025\/09\/30\/luis-sinisterra-tendria-fecha-de-regreso-con-cruzeiro\/"},"wordCount":309,"commentCount":0,"publisher":{"@id":"https:\/\/futbolhoy.co\/#organization"},"image":{"@id":"https:\/\/futbolhoy.co\/index.php\/2025\/09\/30\/luis-sinisterra-tendria-fecha-de-regreso-con-cruzeiro\/#primaryimage"},"thumbnailUrl":"https:\/\/futbolhoy.co\/wp-content\/uploads\/2025\/09\/WhatsApp-Image-2025-09-30-at-11.52.38-AM.jpeg","articleSection":["Selecci\u00f3n Colombia"],"inLanguage":"es","potentialAction":[{"@type":"CommentAction","name":"Comment","target":["https:\/\/futbolhoy.co\/index.php\/2025\/09\/30\/luis-sinisterra-tendria-fecha-de-regreso-con-cruzeiro\/#respond"]}]},{"@type":"WebPage","@id":"https:\/\/futbolhoy.co\/index.php\/2025\/09\/30\/luis-sinisterra-tendria-fecha-de-regreso-con-cruzeiro\/","url":"https:\/\/futbolhoy.co\/index.php\/2025\/09\/30\/luis-sinisterra-tendria-fecha-de-regreso-con-cruzeiro\/","name":"Luis Sinisterra tendr\u00eda fecha de regreso con Cruzeiro -","isPartOf":{"@id":"https:\/\/futbolhoy.co\/#website"},"primaryImageOfPage":{"@id":"https:\/\/futbolhoy.co\/index.php\/2025\/09\/30\/luis-sinisterra-tendria-fecha-de-regreso-con-cruzeiro\/#primaryimage"},"image":{"@id":"https:\/\/futbolhoy.co\/index.php\/2025\/09\/30\/luis-sinisterra-tendria-fecha-de-regreso-con-cruzeiro\/#primaryimage"},"thumbnailUrl":"https:\/\/futbolhoy.co\/wp-content\/uploads\/2025\/09\/WhatsApp-Image-2025-09-30-at-11.52.38-AM.jpeg","datePublished":"2025-09-30T16:55:12+00:00","dateModified":"2025-10-01T16:02:54+00:00","breadcrumb":{"@id":"https:\/\/futbolhoy.co\/index.php\/2025\/09\/30\/luis-sinisterra-tendria-fecha-de-regreso-con-cruzeiro\/#breadcrumb"},"inLanguage":"es","potentialAction":[{"@type":"ReadAction","target":["https:\/\/futbolhoy.co\/index.php\/2025\/09\/30\/luis-sinisterra-tendria-fecha-de-regreso-con-cruzeiro\/"]}]},{"@type":"ImageObject","inLanguage":"es","@id":"https:\/\/futbolhoy.co\/index.php\/2025\/09\/30\/luis-sinisterra-tendria-fecha-de-regreso-con-cruzeiro\/#primaryimage","url":"https:\/\/futbolhoy.co\/wp-content\/uploads\/2025\/09\/WhatsApp-Image-2025-09-30-at-11.52.38-AM.jpeg","contentUrl":"https:\/\/futbolhoy.co\/wp-content\/uploads\/2025\/09\/WhatsApp-Image-2025-09-30-at-11.52.38-AM.jpeg","width":828,"height":544},{"@type":"BreadcrumbList","@id":"https:\/\/futbolhoy.co\/index.php\/2025\/09\/30\/luis-sinisterra-tendria-fecha-de-regreso-con-cruzeiro\/#breadcrumb","itemListElement":[{"@type":"ListItem","position":1,"name":"Portada","item":"https:\/\/futbolhoy.co\/"},{"@type":"ListItem","position":2,"name":"Luis Sinisterra tendr\u00eda fecha de regreso con Cruzeiro"}]},{"@type":"WebSite","@id":"https:\/\/futbolhoy.co\/#website","url":"https:\/\/futbolhoy.co\/","name":"FutbolHoy","description":"","publisher":{"@id":"https:\/\/futbolhoy.co\/#organization"},"potentialAction":[{"@type":"SearchAction","target":{"@type":"EntryPoint","urlTemplate":"https:\/\/futbolhoy.co\/?s={search_term_string}"},"query-input":{"@type":"PropertyValueSpecification","valueRequired":true,"valueName":"search_term_string"}}],"inLanguage":"es"},{"@type":"Organization","@id":"https:\/\/futbolhoy.co\/#organization","name":"Futbolhoy.co","url":"https:\/\/futbolhoy.co\/","logo":{"@type":"ImageObject","inLanguage":"es","@id":"https:\/\/futbolhoy.co\/#\/schema\/logo\/image\/","url":"https:\/\/futbolhoy.co\/wp-content\/uploads\/2018\/08\/17426380_1906371736249227_6326180412931521141_n.jpg","contentUrl":"https:\/\/futbolhoy.co\/wp-content\/uploads\/2018\/08\/17426380_1906371736249227_6326180412931521141_n.jpg","width":960,"height":960,"caption":"Futbolhoy.co"},"image":{"@id":"https:\/\/futbolhoy.co\/#\/schema\/logo\/image\/"},"sameAs":["https:\/\/www.facebook.com\/FutbolHoyCol\/","https:\/\/x.com\/FutbolHoyCol","https:\/\/www.instagram.com\/futbolhoycol\/"]},{"@type":"Person","@id":"https:\/\/futbolhoy.co\/#\/schema\/person\/1721b69355b6623eaff15ac7b92d4cc3","name":"contenido","image":{"@type":"ImageObject","inLanguage":"es","@id":"https:\/\/futbolhoy.co\/#\/schema\/person\/image\/","url":"https:\/\/secure.gravatar.com\/avatar\/4f656d3256f5134f466206e7c3941518?s=96&d=mm&r=g","contentUrl":"https:\/\/secure.gravatar.com\/avatar\/4f656d3256f5134f466206e7c3941518?s=96&d=mm&r=g","caption":"contenido"}}]}},"publishpress_future_action":{"enabled":false,"date":"2026-05-05 11:32:35","action":"change-status","newStatus":"draft","terms":[],"taxonomy":"category","extraData":[]},"publishpress_future_workflow_manual_trigger":{"enabledWorkflows":[]},"_links":{"self":[{"href":"https:\/\/futbolhoy.co\/index.php\/wp-json\/wp\/v2\/posts\/124007","targetHints":{"allow":["GET"]}}],"collection":[{"href":"https:\/\/futbolhoy.co\/index.php\/wp-json\/wp\/v2\/posts"}],"about":[{"href":"https:\/\/futbolhoy.co\/index.php\/wp-json\/wp\/v2\/types\/post"}],"author":[{"embeddable":true,"href":"https:\/\/futbolhoy.co\/index.php\/wp-json\/wp\/v2\/users\/4"}],"replies":[{"embeddable":true,"href":"https:\/\/futbolhoy.co\/index.php\/wp-json\/wp\/v2\/comments?post=124007"}],"version-history":[{"count":8,"href":"https:\/\/futbolhoy.co\/index.php\/wp-json\/wp\/v2\/posts\/124007\/revisions"}],"predecessor-version":[{"id":124041,"href":"https:\/\/futbolhoy.co\/index.php\/wp-json\/wp\/v2\/posts\/124007\/revisions\/124041"}],"wp:featuredmedia":[{"embeddable":true,"href":"https:\/\/futbolhoy.co\/index.php\/wp-json\/wp\/v2\/media\/124008"}],"wp:attachment":[{"href":"https:\/\/futbolhoy.co\/index.php\/wp-json\/wp\/v2\/media?parent=124007"}],"wp:term":[{"taxonomy":"category","embeddable":true,"href":"https:\/\/futbolhoy.co\/index.php\/wp-json\/wp\/v2\/categories?post=124007"},{"taxonomy":"post_tag","embeddable":true,"href":"https:\/\/futbolhoy.co\/index.php\/wp-json\/wp\/v2\/tags?post=124007"}],"curies":[{"name":"wp","href":"https:\/\/api.w.org\/{rel}","templated":true}]}}