{"id":124042,"date":"2025-10-01T11:28:05","date_gmt":"2025-10-01T16:28:05","guid":{"rendered":"https:\/\/futbolhoy.co\/?p=124042"},"modified":"2025-10-01T22:02:52","modified_gmt":"2025-10-02T03:02:52","slug":"renovacion-de-james-rodriguez-con-leon-estaria-estancada","status":"publish","type":"post","link":"https:\/\/futbolhoy.co\/index.php\/2025\/10\/01\/renovacion-de-james-rodriguez-con-leon-estaria-estancada\/","title":{"rendered":"Renovaci\u00f3n de James Rodr\u00edguez con Le\u00f3n estar\u00eda estancada"},"content":{"rendered":"<p style=\"text-align: justify;\"><span style=\"font-family: helvetica, arial, sans-serif;\"><strong>James Rodr\u00edguez lleg\u00f3 a Club Le\u00f3n<\/strong> en enero de 2025, con el objetivo de disputar el Mundial de Clubes en junio. Sin embargo, la descalificaci\u00f3n del equipo antes de iniciar el torneo lo impidi\u00f3.<\/span><\/p>\n<p style=\"text-align: justify;\"><span style=\"font-family: helvetica, arial, sans-serif;\">El colombiano trabaja en conseguir una nueva renovaci\u00f3n con &#8216;La Fiera&#8217;, pues el contrato firmado lo vincula hasta <strong>diciembre<\/strong> del a\u00f1o en curso.<\/span><\/p>\n<p style=\"text-align: justify;\"><span style=\"font-family: helvetica, arial, sans-serif;\">James con 34 a\u00f1os, espera llegar en plenitud de forma f\u00edsica al Mundial 2026 con la Selecci\u00f3n Colombia, pero su no continuidad con el conjunto mexicano pondr\u00eda en duda la cantidad de minutos en cancha que tendr\u00e1 hasta la cita mundialista.<\/span><\/p>\n<p style=\"text-align: justify;\"><span style=\"font-family: helvetica, arial, sans-serif;\">De acuerdo con <em>Diario R\u00e9cord<\/em>, \u00abEn realidad no se han sentado a renovar, no se han sentado a negociar. Lo que me dicen es que no se va a quedar, y con &#8216;Nacho&#8217; Ambriz (Le\u00f3n) va a terminar el torneo con lo que tiene, y para empezar el siguiente <strong>va a haber un cambio de proyecto que no incluye a James Rodr\u00edguez<\/strong>\u00ab, asegur\u00f3 Carlos Ponce de Le\u00f3n, director del medio.<\/span><\/p>\n<h3 style=\"text-align: justify;\"><span style=\"font-family: helvetica, arial, sans-serif;\">Revelaci\u00f3n sobre la actualidad de James con Le\u00f3n<\/span><\/h3>\n<blockquote class=\"twitter-tweet\" data-media-max-width=\"560\">\n<p dir=\"ltr\" lang=\"es\">\u00bfJAMES RENOVAR\u00c1 CON LE\u00d3N? MLS PODR\u00cdA SER SU PR\u00d3XIMO DESTINO<\/p>\n<p>Atentos todos que en &#8216;Infiltrados&#8217; hablaron sobre el futuro de James Rodr\u00edguez. \u00bfSeguir\u00e1 en Le\u00f3n?<\/p>\n<p>Detalles con <a href=\"https:\/\/twitter.com\/Carlos_Ponz?ref_src=twsrc%5Etfw\">@Carlos_Ponz<\/a> , <a href=\"https:\/\/twitter.com\/elplanchitas?ref_src=twsrc%5Etfw\">@elplanchitas<\/a> y <a href=\"https:\/\/twitter.com\/Dianape16?ref_src=twsrc%5Etfw\">@Dianape16<\/a> <a href=\"https:\/\/t.co\/DwutiN4Fkg\">pic.twitter.com\/DwutiN4Fkg<\/a><\/p>\n<p>\u2014 DIARIO R\u00c9CORD (@record_mexico) <a href=\"https:\/\/twitter.com\/record_mexico\/status\/1973161016721875119?ref_src=twsrc%5Etfw\">September 30, 2025<\/a><\/p><\/blockquote>\n<p style=\"text-align: justify;\"><script async src=\"https:\/\/platform.twitter.com\/widgets.js\" charset=\"utf-8\"><\/script> <span style=\"font-family: helvetica, arial, sans-serif;\">El cucute\u00f1o suma 2.111&#8242; en cancha en 28 participaciones con Club Le\u00f3n, lo que representa un 83.77% de minutos posibles. En estas participaciones consigui\u00f3 4 goles y 8 asistencias.<\/span><\/p>\n<h3 style=\"text-align: justify;\"><span style=\"font-family: helvetica, arial, sans-serif;\">\u00bfCu\u00e1ndo vuelve a jugar James con Le\u00f3n?<\/span><\/h3>\n<p style=\"text-align: justify;\"><span style=\"font-family: helvetica, arial, sans-serif;\">El equipo de <strong>Guanajuato<\/strong> marcha decimoprimero en la Liga MX con 12 puntos tras 11 jornadas, y est\u00e1 a uno de ingresar a zona de repechaje para la Liguilla.<\/span><\/p>\n<p style=\"text-align: justify;\"><span style=\"font-family: helvetica, arial, sans-serif;\">Con 3 victorias, 3 derrotas y 5 empates, <strong>Club Le\u00f3n<\/strong> recibir\u00e1 a Toluca el s\u00e1bado <strong>4 de octubre desde las 8:00 pm<\/strong>, durante el debut del nuevo entrenador, el mexicano Ignacio &#8216;Nacho&#8217; Ambriz.<\/span><\/p>\n","protected":false},"excerpt":{"rendered":"<p>James Rodr\u00edguez lleg\u00f3 a Club Le\u00f3n en enero de 2025, con el objetivo de disputar el Mundial de Clubes en junio. Sin embargo, la descalificaci\u00f3n del equipo antes de iniciar el torneo lo impidi\u00f3. El colombiano trabaja en conseguir una nueva renovaci\u00f3n con &#8216;La Fiera&#8217;, pues el contrato firmado lo vincula hasta diciembre del a\u00f1o [&hellip;]<\/p>\n","protected":false},"author":4,"featured_media":124043,"comment_status":"open","ping_status":"closed","sticky":false,"template":"","format":"standard","meta":{"_acf_changed":false,"footnotes":""},"categories":[418],"tags":[],"class_list":{"0":"post-124042","1":"post","2":"type-post","3":"status-publish","4":"format-standard","5":"has-post-thumbnail","7":"category-colombia"},"acf":[],"_links":{"self":[{"href":"https:\/\/futbolhoy.co\/index.php\/wp-json\/wp\/v2\/posts\/124042","targetHints":{"allow":["GET"]}}],"collection":[{"href":"https:\/\/futbolhoy.co\/index.php\/wp-json\/wp\/v2\/posts"}],"about":[{"href":"https:\/\/futbolhoy.co\/index.php\/wp-json\/wp\/v2\/types\/post"}],"author":[{"embeddable":true,"href":"https:\/\/futbolhoy.co\/index.php\/wp-json\/wp\/v2\/users\/4"}],"replies":[{"embeddable":true,"href":"https:\/\/futbolhoy.co\/index.php\/wp-json\/wp\/v2\/comments?post=124042"}],"version-history":[{"count":5,"href":"https:\/\/futbolhoy.co\/index.php\/wp-json\/wp\/v2\/posts\/124042\/revisions"}],"predecessor-version":[{"id":124048,"href":"https:\/\/futbolhoy.co\/index.php\/wp-json\/wp\/v2\/posts\/124042\/revisions\/124048"}],"wp:featuredmedia":[{"embeddable":true,"href":"https:\/\/futbolhoy.co\/index.php\/wp-json\/wp\/v2\/media\/124043"}],"wp:attachment":[{"href":"https:\/\/futbolhoy.co\/index.php\/wp-json\/wp\/v2\/media?parent=124042"}],"wp:term":[{"taxonomy":"category","embeddable":true,"href":"https:\/\/futbolhoy.co\/index.php\/wp-json\/wp\/v2\/categories?post=124042"},{"taxonomy":"post_tag","embeddable":true,"href":"https:\/\/futbolhoy.co\/index.php\/wp-json\/wp\/v2\/tags?post=124042"}],"curies":[{"name":"wp","href":"https:\/\/api.w.org\/{rel}","templated":true}]}}