{"id":124049,"date":"2025-10-01T13:40:47","date_gmt":"2025-10-01T18:40:47","guid":{"rendered":"https:\/\/futbolhoy.co\/?p=124049"},"modified":"2025-10-01T23:45:02","modified_gmt":"2025-10-02T04:45:02","slug":"dos-colombianos-igualan-a-real-madrid-bayern-munich-e-inter-en-champions-league","status":"publish","type":"post","link":"https:\/\/futbolhoy.co\/index.php\/2025\/10\/01\/dos-colombianos-igualan-a-real-madrid-bayern-munich-e-inter-en-champions-league\/","title":{"rendered":"Dos colombianos igualan a Bayern M\u00fanich, Real Madrid e Inter en Champions League"},"content":{"rendered":"<p style=\"text-align: justify;\"><span style=\"font-family: helvetica, arial, sans-serif;\">Qaraba\u011f de los colombianos <strong>Kevin Medina y Camilo Dur\u00e1n<\/strong> derrot\u00f3 2-0 a Copenhague (Dinamarca) en el desarrollo de la fecha 2 de la Fase de Liga por <strong>Champions League<\/strong> con anotaciones de Abdellah Zoubir y Emmanuel Addai.<\/span><\/p>\n<p style=\"text-align: justify;\"><span style=\"font-family: helvetica, arial, sans-serif;\">Medina (defensor central) con pasado en clubes portugueses como Chaves, Acad\u00e9mico Viseu, Pinhalnovense, entre otros; disput\u00f3 todo el partido, recibi\u00f3 6,7 en su calificaci\u00f3n, de acuerdo con las aplicaciones deportivas, gan\u00f3 2-3 duelos a\u00e9reos y complet\u00f3 39 de 50 pases.<\/span><\/p>\n<p style=\"text-align: justify;\"><span style=\"font-family: helvetica, arial, sans-serif;\">Por su parte, Dur\u00e1n (delantero centro) con origen en las inferiores de <strong>Independiente Medell\u00edn<\/strong>, tambi\u00e9n fue titular por segunda vez consecutiva en la Liga de Campeones, y fue reemplazado al 78&#8242;.\u00a0<\/span><\/p>\n<blockquote class=\"twitter-tweet\">\n<p dir=\"ltr\" lang=\"tr\">\u27953\ufe0f\u20e3<\/p>\n<p>\u00c7L-da n\u00f6vb\u0259ti 3 xal\u0131m\u0131z\u0131 qazand\u0131q.<br \/>\nT\u0259brikl\u0259r, \u00abQaraba\u011f\u00bb azarke\u015fl\u0259ri!<a href=\"https:\/\/twitter.com\/hashtag\/Qaraba%C4%9FFK?src=hash&amp;ref_src=twsrc%5Etfw\">#Qaraba\u011fFK<\/a> <a href=\"https:\/\/twitter.com\/hashtag\/UCL?src=hash&amp;ref_src=twsrc%5Etfw\">#UCL<\/a> <a href=\"https:\/\/t.co\/fb57YbyZFg\">pic.twitter.com\/fb57YbyZFg<\/a><\/p>\n<p>\u2014 Qaraba\u011f FK (@FKQarabagh) <a href=\"https:\/\/twitter.com\/FKQarabagh\/status\/1973457771539607999?ref_src=twsrc%5Etfw\">October 1, 2025<\/a><\/p><\/blockquote>\n<p style=\"text-align: justify;\"><script async src=\"https:\/\/platform.twitter.com\/widgets.js\" charset=\"utf-8\"><\/script><span style=\"font-family: helvetica, arial, sans-serif;\">El conjunto de Azerbaiy\u00e1n mantiene puntaje perfecto en el arranque de la competencia, tras vencer previamente a <\/span><strong style=\"font-family: helvetica, arial, sans-serif;\">Benfica de Richard R\u00edos<\/strong><span style=\"font-family: helvetica, arial, sans-serif;\">, con gol de Camilo Dur\u00e1n en Portugal.<\/span><\/p>\n<h3 style=\"text-align: justify;\"><span style=\"font-family: helvetica, arial, sans-serif;\">Los colombianos mantienen el invicto en Champions League<\/span><\/h3>\n<p style=\"text-align: justify;\"><span style=\"font-family: helvetica, arial, sans-serif;\">Con algunos compromisos pendientes de la jornada, Qaraba\u011f se uni\u00f3 al selecto grupo de clubes (Bayern M\u00fanich, Real Madrid e Inter de Mil\u00e1n), que han conseguido 6-6 puntos en el certamen.\u00a0<\/span><\/p>\n<p style=\"text-align: justify;\"><span style=\"font-family: helvetica, arial, sans-serif;\">En la siguiente jornada de Champions League, Qaraba\u011f visitar\u00e1 a <strong>Athletic Club de Bilbao<\/strong>, el mi\u00e9rcoles 22 de octubre a las 11:45 am (hora Colombia).<\/span><\/p>\n<h3 style=\"text-align: justify;\"><span style=\"font-family: helvetica, arial, sans-serif;\">Primeros puestos en Fase de Liga<\/span><\/h3>\n<p><img fetchpriority=\"high\" decoding=\"async\" class=\"alignnone size-full wp-image-124054\" src=\"https:\/\/futbolhoy.co\/wp-content\/uploads\/2025\/10\/WhatsApp-Image-2025-10-01-at-1.43.48-PM.jpeg\" alt=\"\" width=\"743\" height=\"506\" srcset=\"https:\/\/futbolhoy.co\/wp-content\/uploads\/2025\/10\/WhatsApp-Image-2025-10-01-at-1.43.48-PM.jpeg 743w, https:\/\/futbolhoy.co\/wp-content\/uploads\/2025\/10\/WhatsApp-Image-2025-10-01-at-1.43.48-PM-300x204.jpeg 300w, https:\/\/futbolhoy.co\/wp-content\/uploads\/2025\/10\/WhatsApp-Image-2025-10-01-at-1.43.48-PM-696x474.jpeg 696w, https:\/\/futbolhoy.co\/wp-content\/uploads\/2025\/10\/WhatsApp-Image-2025-10-01-at-1.43.48-PM-128x87.jpeg 128w, https:\/\/futbolhoy.co\/wp-content\/uploads\/2025\/10\/WhatsApp-Image-2025-10-01-at-1.43.48-PM-32x22.jpeg 32w\" sizes=\"(max-width: 743px) 100vw, 743px\" \/><\/p>\n<p style=\"text-align: justify;\"><em><span style=\"font-family: helvetica, arial, sans-serif;\">Los ocho primeros clubes tras finalizar la Fase de Liga tendr\u00e1n el cupo directo para los octavos de final de la Champions League.<\/span><\/em><\/p>\n","protected":false},"excerpt":{"rendered":"<p>Qaraba\u011f de los colombianos Kevin Medina y Camilo Dur\u00e1n derrot\u00f3 2-0 a Copenhague (Dinamarca) en el desarrollo de la fecha 2 de la Fase de Liga por Champions League con anotaciones de Abdellah Zoubir y Emmanuel Addai. Medina (defensor central) con pasado en clubes portugueses como Chaves, Acad\u00e9mico Viseu, Pinhalnovense, entre otros; disput\u00f3 todo el [&hellip;]<\/p>\n","protected":false},"author":4,"featured_media":124050,"comment_status":"open","ping_status":"closed","sticky":false,"template":"","format":"standard","meta":{"_acf_changed":false,"footnotes":""},"categories":[418],"tags":[],"class_list":{"0":"post-124049","1":"post","2":"type-post","3":"status-publish","4":"format-standard","5":"has-post-thumbnail","7":"category-colombia"},"acf":[],"_links":{"self":[{"href":"https:\/\/futbolhoy.co\/index.php\/wp-json\/wp\/v2\/posts\/124049","targetHints":{"allow":["GET"]}}],"collection":[{"href":"https:\/\/futbolhoy.co\/index.php\/wp-json\/wp\/v2\/posts"}],"about":[{"href":"https:\/\/futbolhoy.co\/index.php\/wp-json\/wp\/v2\/types\/post"}],"author":[{"embeddable":true,"href":"https:\/\/futbolhoy.co\/index.php\/wp-json\/wp\/v2\/users\/4"}],"replies":[{"embeddable":true,"href":"https:\/\/futbolhoy.co\/index.php\/wp-json\/wp\/v2\/comments?post=124049"}],"version-history":[{"count":4,"href":"https:\/\/futbolhoy.co\/index.php\/wp-json\/wp\/v2\/posts\/124049\/revisions"}],"predecessor-version":[{"id":124055,"href":"https:\/\/futbolhoy.co\/index.php\/wp-json\/wp\/v2\/posts\/124049\/revisions\/124055"}],"wp:featuredmedia":[{"embeddable":true,"href":"https:\/\/futbolhoy.co\/index.php\/wp-json\/wp\/v2\/media\/124050"}],"wp:attachment":[{"href":"https:\/\/futbolhoy.co\/index.php\/wp-json\/wp\/v2\/media?parent=124049"}],"wp:term":[{"taxonomy":"category","embeddable":true,"href":"https:\/\/futbolhoy.co\/index.php\/wp-json\/wp\/v2\/categories?post=124049"},{"taxonomy":"post_tag","embeddable":true,"href":"https:\/\/futbolhoy.co\/index.php\/wp-json\/wp\/v2\/tags?post=124049"}],"curies":[{"name":"wp","href":"https:\/\/api.w.org\/{rel}","templated":true}]}}