{"id":124143,"date":"2025-10-03T09:10:21","date_gmt":"2025-10-03T14:10:21","guid":{"rendered":"https:\/\/futbolhoy.co\/?p=124143"},"modified":"2025-10-04T16:19:51","modified_gmt":"2025-10-04T21:19:51","slug":"convocatoria-de-seleccion-colombia-para-amistosos-ante-mexico-y-canada","status":"publish","type":"post","link":"https:\/\/futbolhoy.co\/index.php\/2025\/10\/03\/convocatoria-de-seleccion-colombia-para-amistosos-ante-mexico-y-canada\/","title":{"rendered":"Convocatoria de Selecci\u00f3n Colombia para amistosos ante M\u00e9xico y Canad\u00e1"},"content":{"rendered":"<p style=\"text-align: justify;\"><span style=\"font-family: helvetica, arial, sans-serif;\">Este viernes 3 de octubre se dio a conocer la lista de 25 jugadores convocados por el t\u00e9cnico <strong>N\u00e9stor Lorenzo<\/strong> para los amistosos de la fecha <strong>FIFA<\/strong> ante <strong>M\u00e9xico<\/strong> y <strong>Canad\u00e1,<\/strong> el 11 y 14 de octubre, respectivamente.<\/span><\/p>\n<p style=\"text-align: justify;\"><span style=\"font-family: helvetica, arial, sans-serif;\">Hay varias novedades en este llamado, pero la m\u00e1s interesante tiene que ver con <strong>Kevin Serna,<\/strong> extremo de <strong>Fluminense.<\/strong> Recibi\u00f3 su primera citaci\u00f3n a una <strong>Selecci\u00f3n Colombia,<\/strong> gracias a su buen momento en <strong>Brasil.<\/strong><\/span><\/p>\n<p style=\"text-align: justify;\"><span style=\"font-family: helvetica, arial, sans-serif;\">Entretanto, destaca el regreso de <strong>\u00c1lvaro Montero, Johan Carbonero, Rafael Santos Borr\u00e9, Yaser Asprilla o Cucho Hern\u00e1ndez.<\/strong><\/span><\/p>\n<p style=\"text-align: justify;\"><span style=\"font-family: helvetica, arial, sans-serif;\">Las ausencias notorias, por decisi\u00f3n t\u00e9cnica, y partiendo de su adaptaci\u00f3n a nuevos equipos son las de <strong>Jhon Arias<\/strong> y <strong>Jorge Carrascal.<\/strong> Tampoco est\u00e1n<strong> Camilo Vargas y Jhon C\u00f3rdoba.<\/strong><\/span><\/p>\n<p style=\"text-align: justify;\"><strong><span style=\"font-family: helvetica, arial, sans-serif;\">Esta es la convocatoria de Colombia:<\/span><\/strong><\/p>\n<p style=\"text-align: justify;\"><span style=\"font-family: helvetica, arial, sans-serif;\"><strong>Arqueros:<\/strong> Kevin Mier (Cruz Azul &#8211; MEX), David Ospina (Atl\u00e9tico Nacional), \u00c1lvaro Montero (V\u00e9lez Sarafield &#8211; ARG).<\/span><\/p>\n<p style=\"text-align: justify;\"><span style=\"font-family: helvetica, arial, sans-serif;\"><strong>Defensas:<\/strong> Daniel Mu\u00f1oz (Crystal Palace &#8211; ING), Andr\u00e9s Rom\u00e1n (Atl\u00e9tico Nacional), Johan Mojica (Mallorca &#8211; ESP), \u00c1lvaro Angulo (Pumas &#8211; MEX), Davinson S\u00e1nchez (Galatasaray &#8211; TUR), Jhon Lucumi (Bolonia &#8211; ITA), Yerry Mina (Cagliari &#8211; ITA), Yerson Mosquera (Wolverhampton &#8211; ING).<\/span><\/p>\n<p style=\"text-align: justify;\"><span style=\"font-family: helvetica, arial, sans-serif;\"><strong>Volantes:<\/strong> Jefferson Lerma (Crystal Palace &#8211; ING), Juan Portilla (Talleres &#8211; ARG), Kevin Casta\u00f1o (River Plate &#8211; ARG), Yaser Asprilla (Girona &#8211; ESP), Jaminton Campaz (Rosario Central &#8211; ARG), Richare R\u00edos (Benfica &#8211; POR), James Rodr\u00edguez (Le\u00f3n &#8211; MEX), Kevin Serna (Fluminense &#8211; BRA).<\/span><\/p>\n<p style=\"text-align: justify;\"><span style=\"font-family: helvetica, arial, sans-serif;\"><strong>Delanteros:<\/strong> Luis D\u00edaz (Bayern M\u00fanich &#8211; ALE), Luis Su\u00e1rez (Sporting &#8211; POR), Cucho Hern\u00e1ndez (Real Betis &#8211; ESP), Rafael Santos Borr\u00e9 (Internacional &#8211; BRA), Johan Carbonero (Internacional &#8211; BRA).<\/span><\/p>\n","protected":false},"excerpt":{"rendered":"<p>Este viernes 3 de octubre se dio a conocer la lista de 25 jugadores convocados por el t\u00e9cnico N\u00e9stor Lorenzo para los amistosos de la fecha FIFA ante M\u00e9xico y Canad\u00e1, el 11 y 14 de octubre, respectivamente. Hay varias novedades en este llamado, pero la m\u00e1s interesante tiene que ver con Kevin Serna, extremo [&hellip;]<\/p>\n","protected":false},"author":4,"featured_media":124144,"comment_status":"open","ping_status":"closed","sticky":false,"template":"","format":"standard","meta":{"_acf_changed":false,"footnotes":""},"categories":[418],"tags":[],"class_list":{"0":"post-124143","1":"post","2":"type-post","3":"status-publish","4":"format-standard","5":"has-post-thumbnail","7":"category-colombia"},"acf":[],"_links":{"self":[{"href":"https:\/\/futbolhoy.co\/index.php\/wp-json\/wp\/v2\/posts\/124143","targetHints":{"allow":["GET"]}}],"collection":[{"href":"https:\/\/futbolhoy.co\/index.php\/wp-json\/wp\/v2\/posts"}],"about":[{"href":"https:\/\/futbolhoy.co\/index.php\/wp-json\/wp\/v2\/types\/post"}],"author":[{"embeddable":true,"href":"https:\/\/futbolhoy.co\/index.php\/wp-json\/wp\/v2\/users\/4"}],"replies":[{"embeddable":true,"href":"https:\/\/futbolhoy.co\/index.php\/wp-json\/wp\/v2\/comments?post=124143"}],"version-history":[{"count":2,"href":"https:\/\/futbolhoy.co\/index.php\/wp-json\/wp\/v2\/posts\/124143\/revisions"}],"predecessor-version":[{"id":124146,"href":"https:\/\/futbolhoy.co\/index.php\/wp-json\/wp\/v2\/posts\/124143\/revisions\/124146"}],"wp:featuredmedia":[{"embeddable":true,"href":"https:\/\/futbolhoy.co\/index.php\/wp-json\/wp\/v2\/media\/124144"}],"wp:attachment":[{"href":"https:\/\/futbolhoy.co\/index.php\/wp-json\/wp\/v2\/media?parent=124143"}],"wp:term":[{"taxonomy":"category","embeddable":true,"href":"https:\/\/futbolhoy.co\/index.php\/wp-json\/wp\/v2\/categories?post=124143"},{"taxonomy":"post_tag","embeddable":true,"href":"https:\/\/futbolhoy.co\/index.php\/wp-json\/wp\/v2\/tags?post=124143"}],"curies":[{"name":"wp","href":"https:\/\/api.w.org\/{rel}","templated":true}]}}