{"id":124409,"date":"2025-10-09T21:26:42","date_gmt":"2025-10-10T02:26:42","guid":{"rendered":"https:\/\/futbolhoy.co\/?p=124409"},"modified":"2025-10-10T22:07:49","modified_gmt":"2025-10-11T03:07:49","slug":"nacional-vencio-a-once-caldas-en-la-ida-de-cuartos-de-final-por-copa","status":"publish","type":"post","link":"https:\/\/futbolhoy.co\/index.php\/2025\/10\/09\/nacional-vencio-a-once-caldas-en-la-ida-de-cuartos-de-final-por-copa\/","title":{"rendered":"Nacional venci\u00f3 a Once Caldas en la ida de cuartos de final por Copa"},"content":{"rendered":"<p style=\"text-align: justify;\"><span style=\"font-family: helvetica, arial, sans-serif;\"><strong>Atl\u00e9tico Nacional venci\u00f3 0-1 a Once Caldas<\/strong> en el duelo de ida por los cuartos de final de la Copa BetPlay, y tom\u00f3 ventaja en la serie que finalizar\u00e1 en Medell\u00edn.\u00a0<\/span><\/p>\n<p style=\"text-align: justify;\"><span style=\"font-family: helvetica, arial, sans-serif;\">La acci\u00f3n del gol lleg\u00f3 en el inicio del segundo tiempo, cuando Alfredo Morelos sac\u00f3 un disparo al arco dentro del \u00e1rea que se estrell\u00f3 en la mano de <strong>J\u00e1ider Riquett<\/strong>. <strong>Edwin Cardona<\/strong> enga\u00f1\u00f3 al portero, cruz\u00f3 el remate y convirti\u00f3 el penalti en la anotaci\u00f3n del triunfo en Manizales.<\/span><\/p>\n<blockquote class=\"twitter-tweet\">\n<p dir=\"ltr\" lang=\"es\">ONC \ud83c\udd9a NAL |\u23f1\ufe0f| 90+5' | 0-1 | Final del compromiso.<\/p>\n<p>\u00a1Victoria Verdolaga! \ud83d\udc9a<a href=\"https:\/\/twitter.com\/hashtag\/MinutoAMinutoVerdolaga?src=hash&amp;ref_src=twsrc%5Etfw\">#MinutoAMinutoVerdolaga<\/a>\ud83c\uddf3\ud83c\uddec <a href=\"https:\/\/t.co\/D7Cn77rEa8\">pic.twitter.com\/D7Cn77rEa8<\/a><\/p>\n<p>\u2014 Atl\u00e9tico Nacional (@nacionaloficial) <a href=\"https:\/\/twitter.com\/nacionaloficial\/status\/1976474123019878666?ref_src=twsrc%5Etfw\">October 10, 2025<\/a><\/p><\/blockquote>\n<p style=\"text-align: justify;\"><script async src=\"https:\/\/platform.twitter.com\/widgets.js\" charset=\"utf-8\"><\/script><span style=\"font-family: helvetica, arial, sans-serif;\">El vencedor de esta serie chocar\u00e1 en la semifinal frente a <\/span><strong style=\"font-family: helvetica, arial, sans-serif;\">Am\u00e9rica o Junior<\/strong><span style=\"font-family: helvetica, arial, sans-serif;\">. 'La Mecha' domina el resultado global 1-2, y el compromiso en Cali est\u00e1 programado para el mi\u00e9rcoles<\/span><strong style=\"font-family: helvetica, arial, sans-serif;\"> 15 de octubre a las 8:20 pm<\/strong><span style=\"font-family: helvetica, arial, sans-serif;\">.<\/span><\/p>\n<p style=\"text-align: justify;\"><span style=\"font-family: helvetica, arial, sans-serif;\">Cabe mencionar que el partido de vuelta entre Nacional y Once Caldas,<strong> no tiene fecha, hora y lugar<\/strong> confirmado por Dimayor.\u00a0<\/span><\/p>\n<p style=\"text-align: justify;\"><span style=\"font-family: helvetica, arial, sans-serif;\">Nacional elimin\u00f3 previamente a C\u00facuta Deportivo y a Deportes Quind\u00edo, mientras que Once Caldas hizo lo propio ante Patriotas y Deportivo Pasto.<\/span><\/p>\n","protected":false},"excerpt":{"rendered":"<p>Atl\u00e9tico Nacional venci\u00f3 0-1 a Once Caldas en el duelo de ida por los cuartos de final de la Copa BetPlay, y tom\u00f3 ventaja en la serie que finalizar\u00e1 en Medell\u00edn.\u00a0 La acci\u00f3n del gol lleg\u00f3 en el inicio del segundo tiempo, cuando Alfredo Morelos sac\u00f3 un disparo al arco dentro del \u00e1rea que se [&hellip;]<\/p>\n","protected":false},"author":4,"featured_media":124410,"comment_status":"open","ping_status":"open","sticky":false,"template":"","format":"standard","meta":{"_acf_changed":false,"footnotes":""},"categories":[1162],"tags":[],"class_list":{"0":"post-124409","1":"post","2":"type-post","3":"status-publish","4":"format-standard","5":"has-post-thumbnail","7":"category-copa-betplay"},"acf":[],"yoast_head":"<!-- This site is optimized with the Yoast SEO plugin v26.8 - https:\/\/yoast.com\/product\/yoast-seo-wordpress\/ -->\n<title>Nacional venci\u00f3 a Once Caldas en la ida de cuartos de final por Copa -<\/title>\n<meta name=\"robots\" content=\"index, follow, max-snippet:-1, max-image-preview:large, max-video-preview:-1\" \/>\n<link rel=\"canonical\" href=\"https:\/\/futbolhoy.co\/index.php\/2025\/10\/09\/nacional-vencio-a-once-caldas-en-la-ida-de-cuartos-de-final-por-copa\/\" \/>\n<meta property=\"og:locale\" content=\"es_ES\" \/>\n<meta property=\"og:type\" content=\"article\" \/>\n<meta property=\"og:title\" content=\"Nacional venci\u00f3 a Once Caldas en la ida de cuartos de final por Copa -\" \/>\n<meta property=\"og:description\" content=\"Atl\u00e9tico Nacional venci\u00f3 0-1 a Once Caldas en el duelo de ida por los cuartos de final de la Copa BetPlay, y tom\u00f3 ventaja en la serie que finalizar\u00e1 en Medell\u00edn.\u00a0 La acci\u00f3n del gol lleg\u00f3 en el inicio del segundo tiempo, cuando Alfredo Morelos sac\u00f3 un disparo al arco dentro del \u00e1rea que se [&hellip;]\" \/>\n<meta property=\"og:url\" content=\"https:\/\/futbolhoy.co\/index.php\/2025\/10\/09\/nacional-vencio-a-once-caldas-en-la-ida-de-cuartos-de-final-por-copa\/\" \/>\n<meta property=\"article:publisher\" content=\"https:\/\/www.facebook.com\/FutbolHoyCol\/\" \/>\n<meta property=\"article:published_time\" content=\"2025-10-10T02:26:42+00:00\" \/>\n<meta property=\"article:modified_time\" content=\"2025-10-11T03:07:49+00:00\" \/>\n<meta property=\"og:image\" content=\"https:\/\/futbolhoy.co\/wp-content\/uploads\/2025\/10\/561727892_18533343088056793_6258028855475536799_n.png\" \/>\n\t<meta property=\"og:image:width\" content=\"929\" \/>\n\t<meta property=\"og:image:height\" content=\"564\" \/>\n\t<meta property=\"og:image:type\" content=\"image\/png\" \/>\n<meta name=\"author\" content=\"contenido\" \/>\n<meta name=\"twitter:card\" content=\"summary_large_image\" \/>\n<meta name=\"twitter:creator\" content=\"@FutbolHoyCol\" \/>\n<meta name=\"twitter:site\" content=\"@FutbolHoyCol\" \/>\n<meta name=\"twitter:label1\" content=\"Escrito por\" \/>\n\t<meta name=\"twitter:data1\" content=\"contenido\" \/>\n\t<meta name=\"twitter:label2\" content=\"Tiempo de lectura\" \/>\n\t<meta name=\"twitter:data2\" content=\"1 minuto\" \/>\n<script type=\"application\/ld+json\" class=\"yoast-schema-graph\">{\"@context\":\"https:\/\/schema.org\",\"@graph\":[{\"@type\":\"Article\",\"@id\":\"https:\/\/futbolhoy.co\/index.php\/2025\/10\/09\/nacional-vencio-a-once-caldas-en-la-ida-de-cuartos-de-final-por-copa\/#article\",\"isPartOf\":{\"@id\":\"https:\/\/futbolhoy.co\/index.php\/2025\/10\/09\/nacional-vencio-a-once-caldas-en-la-ida-de-cuartos-de-final-por-copa\/\"},\"author\":{\"name\":\"contenido\",\"@id\":\"https:\/\/futbolhoy.co\/#\/schema\/person\/1721b69355b6623eaff15ac7b92d4cc3\"},\"headline\":\"Nacional venci\u00f3 a Once Caldas en la ida de cuartos de final por Copa\",\"datePublished\":\"2025-10-10T02:26:42+00:00\",\"dateModified\":\"2025-10-11T03:07:49+00:00\",\"mainEntityOfPage\":{\"@id\":\"https:\/\/futbolhoy.co\/index.php\/2025\/10\/09\/nacional-vencio-a-once-caldas-en-la-ida-de-cuartos-de-final-por-copa\/\"},\"wordCount\":204,\"commentCount\":0,\"publisher\":{\"@id\":\"https:\/\/futbolhoy.co\/#organization\"},\"image\":{\"@id\":\"https:\/\/futbolhoy.co\/index.php\/2025\/10\/09\/nacional-vencio-a-once-caldas-en-la-ida-de-cuartos-de-final-por-copa\/#primaryimage\"},\"thumbnailUrl\":\"https:\/\/futbolhoy.co\/wp-content\/uploads\/2025\/10\/561727892_18533343088056793_6258028855475536799_n.png\",\"articleSection\":[\"Copa BetPlay\"],\"inLanguage\":\"es\",\"potentialAction\":[{\"@type\":\"CommentAction\",\"name\":\"Comment\",\"target\":[\"https:\/\/futbolhoy.co\/index.php\/2025\/10\/09\/nacional-vencio-a-once-caldas-en-la-ida-de-cuartos-de-final-por-copa\/#respond\"]}]},{\"@type\":\"WebPage\",\"@id\":\"https:\/\/futbolhoy.co\/index.php\/2025\/10\/09\/nacional-vencio-a-once-caldas-en-la-ida-de-cuartos-de-final-por-copa\/\",\"url\":\"https:\/\/futbolhoy.co\/index.php\/2025\/10\/09\/nacional-vencio-a-once-caldas-en-la-ida-de-cuartos-de-final-por-copa\/\",\"name\":\"Nacional venci\u00f3 a Once Caldas en la ida de cuartos de final por Copa -\",\"isPartOf\":{\"@id\":\"https:\/\/futbolhoy.co\/#website\"},\"primaryImageOfPage\":{\"@id\":\"https:\/\/futbolhoy.co\/index.php\/2025\/10\/09\/nacional-vencio-a-once-caldas-en-la-ida-de-cuartos-de-final-por-copa\/#primaryimage\"},\"image\":{\"@id\":\"https:\/\/futbolhoy.co\/index.php\/2025\/10\/09\/nacional-vencio-a-once-caldas-en-la-ida-de-cuartos-de-final-por-copa\/#primaryimage\"},\"thumbnailUrl\":\"https:\/\/futbolhoy.co\/wp-content\/uploads\/2025\/10\/561727892_18533343088056793_6258028855475536799_n.png\",\"datePublished\":\"2025-10-10T02:26:42+00:00\",\"dateModified\":\"2025-10-11T03:07:49+00:00\",\"breadcrumb\":{\"@id\":\"https:\/\/futbolhoy.co\/index.php\/2025\/10\/09\/nacional-vencio-a-once-caldas-en-la-ida-de-cuartos-de-final-por-copa\/#breadcrumb\"},\"inLanguage\":\"es\",\"potentialAction\":[{\"@type\":\"ReadAction\",\"target\":[\"https:\/\/futbolhoy.co\/index.php\/2025\/10\/09\/nacional-vencio-a-once-caldas-en-la-ida-de-cuartos-de-final-por-copa\/\"]}]},{\"@type\":\"ImageObject\",\"inLanguage\":\"es\",\"@id\":\"https:\/\/futbolhoy.co\/index.php\/2025\/10\/09\/nacional-vencio-a-once-caldas-en-la-ida-de-cuartos-de-final-por-copa\/#primaryimage\",\"url\":\"https:\/\/futbolhoy.co\/wp-content\/uploads\/2025\/10\/561727892_18533343088056793_6258028855475536799_n.png\",\"contentUrl\":\"https:\/\/futbolhoy.co\/wp-content\/uploads\/2025\/10\/561727892_18533343088056793_6258028855475536799_n.png\",\"width\":929,\"height\":564},{\"@type\":\"BreadcrumbList\",\"@id\":\"https:\/\/futbolhoy.co\/index.php\/2025\/10\/09\/nacional-vencio-a-once-caldas-en-la-ida-de-cuartos-de-final-por-copa\/#breadcrumb\",\"itemListElement\":[{\"@type\":\"ListItem\",\"position\":1,\"name\":\"Portada\",\"item\":\"https:\/\/futbolhoy.co\/\"},{\"@type\":\"ListItem\",\"position\":2,\"name\":\"Nacional venci\u00f3 a Once Caldas en la ida de cuartos de final por Copa\"}]},{\"@type\":\"WebSite\",\"@id\":\"https:\/\/futbolhoy.co\/#website\",\"url\":\"https:\/\/futbolhoy.co\/\",\"name\":\"FutbolHoy\",\"description\":\"\",\"publisher\":{\"@id\":\"https:\/\/futbolhoy.co\/#organization\"},\"potentialAction\":[{\"@type\":\"SearchAction\",\"target\":{\"@type\":\"EntryPoint\",\"urlTemplate\":\"https:\/\/futbolhoy.co\/?s={search_term_string}\"},\"query-input\":{\"@type\":\"PropertyValueSpecification\",\"valueRequired\":true,\"valueName\":\"search_term_string\"}}],\"inLanguage\":\"es\"},{\"@type\":\"Organization\",\"@id\":\"https:\/\/futbolhoy.co\/#organization\",\"name\":\"Futbolhoy.co\",\"url\":\"https:\/\/futbolhoy.co\/\",\"logo\":{\"@type\":\"ImageObject\",\"inLanguage\":\"es\",\"@id\":\"https:\/\/futbolhoy.co\/#\/schema\/logo\/image\/\",\"url\":\"https:\/\/futbolhoy.co\/wp-content\/uploads\/2018\/08\/17426380_1906371736249227_6326180412931521141_n.jpg\",\"contentUrl\":\"https:\/\/futbolhoy.co\/wp-content\/uploads\/2018\/08\/17426380_1906371736249227_6326180412931521141_n.jpg\",\"width\":960,\"height\":960,\"caption\":\"Futbolhoy.co\"},\"image\":{\"@id\":\"https:\/\/futbolhoy.co\/#\/schema\/logo\/image\/\"},\"sameAs\":[\"https:\/\/www.facebook.com\/FutbolHoyCol\/\",\"https:\/\/x.com\/FutbolHoyCol\",\"https:\/\/www.instagram.com\/futbolhoycol\/\"]},{\"@type\":\"Person\",\"@id\":\"https:\/\/futbolhoy.co\/#\/schema\/person\/1721b69355b6623eaff15ac7b92d4cc3\",\"name\":\"contenido\",\"image\":{\"@type\":\"ImageObject\",\"inLanguage\":\"es\",\"@id\":\"https:\/\/futbolhoy.co\/#\/schema\/person\/image\/\",\"url\":\"https:\/\/secure.gravatar.com\/avatar\/4f656d3256f5134f466206e7c3941518?s=96&d=mm&r=g\",\"contentUrl\":\"https:\/\/secure.gravatar.com\/avatar\/4f656d3256f5134f466206e7c3941518?s=96&d=mm&r=g\",\"caption\":\"contenido\"}}]}<\/script>\n<!-- \/ Yoast SEO plugin. -->","yoast_head_json":{"title":"Nacional venci\u00f3 a Once Caldas en la ida de cuartos de final por Copa -","robots":{"index":"index","follow":"follow","max-snippet":"max-snippet:-1","max-image-preview":"max-image-preview:large","max-video-preview":"max-video-preview:-1"},"canonical":"https:\/\/futbolhoy.co\/index.php\/2025\/10\/09\/nacional-vencio-a-once-caldas-en-la-ida-de-cuartos-de-final-por-copa\/","og_locale":"es_ES","og_type":"article","og_title":"Nacional venci\u00f3 a Once Caldas en la ida de cuartos de final por Copa -","og_description":"Atl\u00e9tico Nacional venci\u00f3 0-1 a Once Caldas en el duelo de ida por los cuartos de final de la Copa BetPlay, y tom\u00f3 ventaja en la serie que finalizar\u00e1 en Medell\u00edn.\u00a0 La acci\u00f3n del gol lleg\u00f3 en el inicio del segundo tiempo, cuando Alfredo Morelos sac\u00f3 un disparo al arco dentro del \u00e1rea que se [&hellip;]","og_url":"https:\/\/futbolhoy.co\/index.php\/2025\/10\/09\/nacional-vencio-a-once-caldas-en-la-ida-de-cuartos-de-final-por-copa\/","article_publisher":"https:\/\/www.facebook.com\/FutbolHoyCol\/","article_published_time":"2025-10-10T02:26:42+00:00","article_modified_time":"2025-10-11T03:07:49+00:00","og_image":[{"width":929,"height":564,"url":"https:\/\/futbolhoy.co\/wp-content\/uploads\/2025\/10\/561727892_18533343088056793_6258028855475536799_n.png","type":"image\/png"}],"author":"contenido","twitter_card":"summary_large_image","twitter_creator":"@FutbolHoyCol","twitter_site":"@FutbolHoyCol","twitter_misc":{"Escrito por":"contenido","Tiempo de lectura":"1 minuto"},"schema":{"@context":"https:\/\/schema.org","@graph":[{"@type":"Article","@id":"https:\/\/futbolhoy.co\/index.php\/2025\/10\/09\/nacional-vencio-a-once-caldas-en-la-ida-de-cuartos-de-final-por-copa\/#article","isPartOf":{"@id":"https:\/\/futbolhoy.co\/index.php\/2025\/10\/09\/nacional-vencio-a-once-caldas-en-la-ida-de-cuartos-de-final-por-copa\/"},"author":{"name":"contenido","@id":"https:\/\/futbolhoy.co\/#\/schema\/person\/1721b69355b6623eaff15ac7b92d4cc3"},"headline":"Nacional venci\u00f3 a Once Caldas en la ida de cuartos de final por Copa","datePublished":"2025-10-10T02:26:42+00:00","dateModified":"2025-10-11T03:07:49+00:00","mainEntityOfPage":{"@id":"https:\/\/futbolhoy.co\/index.php\/2025\/10\/09\/nacional-vencio-a-once-caldas-en-la-ida-de-cuartos-de-final-por-copa\/"},"wordCount":204,"commentCount":0,"publisher":{"@id":"https:\/\/futbolhoy.co\/#organization"},"image":{"@id":"https:\/\/futbolhoy.co\/index.php\/2025\/10\/09\/nacional-vencio-a-once-caldas-en-la-ida-de-cuartos-de-final-por-copa\/#primaryimage"},"thumbnailUrl":"https:\/\/futbolhoy.co\/wp-content\/uploads\/2025\/10\/561727892_18533343088056793_6258028855475536799_n.png","articleSection":["Copa BetPlay"],"inLanguage":"es","potentialAction":[{"@type":"CommentAction","name":"Comment","target":["https:\/\/futbolhoy.co\/index.php\/2025\/10\/09\/nacional-vencio-a-once-caldas-en-la-ida-de-cuartos-de-final-por-copa\/#respond"]}]},{"@type":"WebPage","@id":"https:\/\/futbolhoy.co\/index.php\/2025\/10\/09\/nacional-vencio-a-once-caldas-en-la-ida-de-cuartos-de-final-por-copa\/","url":"https:\/\/futbolhoy.co\/index.php\/2025\/10\/09\/nacional-vencio-a-once-caldas-en-la-ida-de-cuartos-de-final-por-copa\/","name":"Nacional venci\u00f3 a Once Caldas en la ida de cuartos de final por Copa -","isPartOf":{"@id":"https:\/\/futbolhoy.co\/#website"},"primaryImageOfPage":{"@id":"https:\/\/futbolhoy.co\/index.php\/2025\/10\/09\/nacional-vencio-a-once-caldas-en-la-ida-de-cuartos-de-final-por-copa\/#primaryimage"},"image":{"@id":"https:\/\/futbolhoy.co\/index.php\/2025\/10\/09\/nacional-vencio-a-once-caldas-en-la-ida-de-cuartos-de-final-por-copa\/#primaryimage"},"thumbnailUrl":"https:\/\/futbolhoy.co\/wp-content\/uploads\/2025\/10\/561727892_18533343088056793_6258028855475536799_n.png","datePublished":"2025-10-10T02:26:42+00:00","dateModified":"2025-10-11T03:07:49+00:00","breadcrumb":{"@id":"https:\/\/futbolhoy.co\/index.php\/2025\/10\/09\/nacional-vencio-a-once-caldas-en-la-ida-de-cuartos-de-final-por-copa\/#breadcrumb"},"inLanguage":"es","potentialAction":[{"@type":"ReadAction","target":["https:\/\/futbolhoy.co\/index.php\/2025\/10\/09\/nacional-vencio-a-once-caldas-en-la-ida-de-cuartos-de-final-por-copa\/"]}]},{"@type":"ImageObject","inLanguage":"es","@id":"https:\/\/futbolhoy.co\/index.php\/2025\/10\/09\/nacional-vencio-a-once-caldas-en-la-ida-de-cuartos-de-final-por-copa\/#primaryimage","url":"https:\/\/futbolhoy.co\/wp-content\/uploads\/2025\/10\/561727892_18533343088056793_6258028855475536799_n.png","contentUrl":"https:\/\/futbolhoy.co\/wp-content\/uploads\/2025\/10\/561727892_18533343088056793_6258028855475536799_n.png","width":929,"height":564},{"@type":"BreadcrumbList","@id":"https:\/\/futbolhoy.co\/index.php\/2025\/10\/09\/nacional-vencio-a-once-caldas-en-la-ida-de-cuartos-de-final-por-copa\/#breadcrumb","itemListElement":[{"@type":"ListItem","position":1,"name":"Portada","item":"https:\/\/futbolhoy.co\/"},{"@type":"ListItem","position":2,"name":"Nacional venci\u00f3 a Once Caldas en la ida de cuartos de final por Copa"}]},{"@type":"WebSite","@id":"https:\/\/futbolhoy.co\/#website","url":"https:\/\/futbolhoy.co\/","name":"FutbolHoy","description":"","publisher":{"@id":"https:\/\/futbolhoy.co\/#organization"},"potentialAction":[{"@type":"SearchAction","target":{"@type":"EntryPoint","urlTemplate":"https:\/\/futbolhoy.co\/?s={search_term_string}"},"query-input":{"@type":"PropertyValueSpecification","valueRequired":true,"valueName":"search_term_string"}}],"inLanguage":"es"},{"@type":"Organization","@id":"https:\/\/futbolhoy.co\/#organization","name":"Futbolhoy.co","url":"https:\/\/futbolhoy.co\/","logo":{"@type":"ImageObject","inLanguage":"es","@id":"https:\/\/futbolhoy.co\/#\/schema\/logo\/image\/","url":"https:\/\/futbolhoy.co\/wp-content\/uploads\/2018\/08\/17426380_1906371736249227_6326180412931521141_n.jpg","contentUrl":"https:\/\/futbolhoy.co\/wp-content\/uploads\/2018\/08\/17426380_1906371736249227_6326180412931521141_n.jpg","width":960,"height":960,"caption":"Futbolhoy.co"},"image":{"@id":"https:\/\/futbolhoy.co\/#\/schema\/logo\/image\/"},"sameAs":["https:\/\/www.facebook.com\/FutbolHoyCol\/","https:\/\/x.com\/FutbolHoyCol","https:\/\/www.instagram.com\/futbolhoycol\/"]},{"@type":"Person","@id":"https:\/\/futbolhoy.co\/#\/schema\/person\/1721b69355b6623eaff15ac7b92d4cc3","name":"contenido","image":{"@type":"ImageObject","inLanguage":"es","@id":"https:\/\/futbolhoy.co\/#\/schema\/person\/image\/","url":"https:\/\/secure.gravatar.com\/avatar\/4f656d3256f5134f466206e7c3941518?s=96&d=mm&r=g","contentUrl":"https:\/\/secure.gravatar.com\/avatar\/4f656d3256f5134f466206e7c3941518?s=96&d=mm&r=g","caption":"contenido"}}]}},"publishpress_future_action":{"enabled":false,"date":"2026-05-04 15:54:28","action":"change-status","newStatus":"draft","terms":[],"taxonomy":"category","extraData":[]},"publishpress_future_workflow_manual_trigger":{"enabledWorkflows":[]},"_links":{"self":[{"href":"https:\/\/futbolhoy.co\/index.php\/wp-json\/wp\/v2\/posts\/124409","targetHints":{"allow":["GET"]}}],"collection":[{"href":"https:\/\/futbolhoy.co\/index.php\/wp-json\/wp\/v2\/posts"}],"about":[{"href":"https:\/\/futbolhoy.co\/index.php\/wp-json\/wp\/v2\/types\/post"}],"author":[{"embeddable":true,"href":"https:\/\/futbolhoy.co\/index.php\/wp-json\/wp\/v2\/users\/4"}],"replies":[{"embeddable":true,"href":"https:\/\/futbolhoy.co\/index.php\/wp-json\/wp\/v2\/comments?post=124409"}],"version-history":[{"count":2,"href":"https:\/\/futbolhoy.co\/index.php\/wp-json\/wp\/v2\/posts\/124409\/revisions"}],"predecessor-version":[{"id":124412,"href":"https:\/\/futbolhoy.co\/index.php\/wp-json\/wp\/v2\/posts\/124409\/revisions\/124412"}],"wp:featuredmedia":[{"embeddable":true,"href":"https:\/\/futbolhoy.co\/index.php\/wp-json\/wp\/v2\/media\/124410"}],"wp:attachment":[{"href":"https:\/\/futbolhoy.co\/index.php\/wp-json\/wp\/v2\/media?parent=124409"}],"wp:term":[{"taxonomy":"category","embeddable":true,"href":"https:\/\/futbolhoy.co\/index.php\/wp-json\/wp\/v2\/categories?post=124409"},{"taxonomy":"post_tag","embeddable":true,"href":"https:\/\/futbolhoy.co\/index.php\/wp-json\/wp\/v2\/tags?post=124409"}],"curies":[{"name":"wp","href":"https:\/\/api.w.org\/{rel}","templated":true}]}}