{"id":124499,"date":"2025-10-11T17:13:51","date_gmt":"2025-10-11T22:13:51","guid":{"rendered":"https:\/\/futbolhoy.co\/?p=124499"},"modified":"2025-10-21T16:03:34","modified_gmt":"2025-10-21T21:03:34","slug":"hat-trick-de-neiser-villarreal-en-clasificasion-historica-se-seleccion-colombia-en-mundial-sub-20","status":"publish","type":"post","link":"https:\/\/futbolhoy.co\/index.php\/2025\/10\/11\/hat-trick-de-neiser-villarreal-en-clasificasion-historica-se-seleccion-colombia-en-mundial-sub-20\/","title":{"rendered":"Hat Trick de Neiser Villarreal en clasificaci\u00f3n hist\u00f3rica de Selecci\u00f3n Colombia en Mundial Sub-20"},"content":{"rendered":"<p style=\"text-align: justify;\"><span style=\"font-family: helvetica, arial, sans-serif;\">La<strong> Selecci\u00f3n Colombia remont\u00f3 3-2 a Espa\u00f1a<\/strong>, y avanz\u00f3 a la semifinal del Mundial Sub-20 por segunda vez en la historia. Un hat trick de <strong>Neiser Villarreal<\/strong> le di\u00f3 la clasificaci\u00f3n al combinado nacional, que espera por Espa\u00f1a o Argentina.<\/span><\/p>\n<p style=\"text-align: justify;\"><span style=\"font-family: helvetica, arial, sans-serif;\">Luego de una extraordinaria jugada de <strong>Jordan Barrera<\/strong>, en la que se asoci\u00f3 con \u00d3scar Perea por la banda izquierda, <strong>Neiser Villarreal<\/strong> abri\u00f3 el marcador para 'La Tricolor' al 37', y la puso por delante en en la primera parte.<\/span><\/p>\n<h3 style=\"text-align: justify;\"><span style=\"font-family: helvetica, arial, sans-serif;\">As\u00ed fue el primer gol<\/span><\/h3>\n<blockquote class=\"twitter-tweet\" data-media-max-width=\"560\">\n<p dir=\"ltr\" lang=\"es\"><a href=\"https:\/\/twitter.com\/hashtag\/GOL?src=hash&amp;ref_src=twsrc%5Etfw\">#GOL<\/a> \ud83c\udde8\ud83c\uddf4 | \u00a1Gooooooooooool de Neyser Villarreal \u26bd\ufe0f!<\/p>\n<p>40\u2019 Colombia \ud83c\udde8\ud83c\uddf4 1-0 Espa\u00f1a \ud83c\uddea\ud83c\uddf8<br \/>\n- La tricolor se adelanta tras una gran jugada colectiva que termina Villarreal. Tercer gol en lo que va del mundial para el delantero.<\/p>\n<p>\u00a1Vamos Selecci\u00f3n \ud83d\udc9b\ud83d\udc9b\ud83d\udc99\u2764\ufe0f\u200d\ud83d\udd25!<\/p>\n<p><a href=\"https:\/\/t.co\/AkaR3u22et\">pic.twitter.com\/AkaR3u22et<\/a><\/p>\n<p>\u2014 Deporte Colombiano \ud83c\udde8\ud83c\uddf4 (@DeportColombia) <a href=\"https:\/\/twitter.com\/DeportColombia\/status\/1977112870761717764?ref_src=twsrc%5Etfw\">October 11, 2025<\/a><\/p><\/blockquote>\n<p style=\"text-align: justify;\"><script async src=\"https:\/\/platform.twitter.com\/widgets.js\" charset=\"utf-8\"><\/script><span style=\"font-family: helvetica, arial, sans-serif;\"><strong>Neyser Villarreal<\/strong> marc\u00f3 su doblete al minuto 64, despu\u00e9s de que Espa\u00f1a ya hab\u00eda empatado el compromiso con tantos de Belaid (56') y Jan Virgil (59'), gracias a la gran asistencia de <strong>Jhon Renter\u00eda<\/strong>.<\/span><\/p>\n<h3 style=\"text-align: justify;\"><span style=\"font-family: helvetica, arial, sans-serif;\">As\u00ed fue el segundo gol de Neiser Villarreal<\/span><\/h3>\n<blockquote class=\"twitter-tweet\" data-media-max-width=\"560\">\n<p dir=\"ltr\" lang=\"es\"><a href=\"https:\/\/twitter.com\/hashtag\/DOBLETE?src=hash&amp;ref_src=twsrc%5Etfw\">#DOBLETE<\/a> \ud83c\udde8\ud83c\uddf4 | \u00a1GOOOOOOOOOOL NEYSER \ud83d\ude2e\u200d\ud83d\udca8!<\/p>\n<p>66\u2019 Colombia \ud83c\udde8\ud83c\uddf4 2-2 Espa\u00f1a \ud83c\uddea\ud83c\uddf8<br \/>\n- Pasesote de Renter\u00eda que reci\u00e9n ingresado asiste para el segundo tanto de Neyser Villarreal. Cuarto tanto en lo que va del mundial.<\/p>\n<p>\u00a1VAMOS \ud83d\udc9b\ud83d\udc9b\ud83d\udc99\u2764\ufe0f\u200d\ud83d\udd25!<\/p>\n<p><a href=\"https:\/\/t.co\/R3K3R70NWS\">pic.twitter.com\/R3K3R70NWS<\/a><\/p>\n<p>\u2014 Deporte Colombiano \ud83c\udde8\ud83c\uddf4 (@DeportColombia) <a href=\"https:\/\/twitter.com\/DeportColombia\/status\/1977124878172979319?ref_src=twsrc%5Etfw\">October 11, 2025<\/a><\/p><\/blockquote>\n<p style=\"text-align: justify;\"><script async src=\"https:\/\/platform.twitter.com\/widgets.js\" charset=\"utf-8\"><\/script><span style=\"font-family: helvetica, arial, sans-serif;\">La estelar presentaci\u00f3n del jugador de <strong>Millonarios<\/strong>, goleador del Campeonato Sudamericano y nuevo l\u00edder en la tabla de goleadores del <strong>Mundial Sub-20 en Chile,<\/strong> con 5 goles junto a Benjamin Cremaschi (Estados Unidos); culmin\u00f3 con el ag\u00f3nico golazo al 89'.<\/span><\/p>\n<h3><span style=\"font-family: helvetica, arial, sans-serif;\">As\u00ed fue el gol de la victoria<\/span><\/h3>\n<blockquote class=\"twitter-tweet\" data-media-max-width=\"560\">\n<p dir=\"ltr\" lang=\"es\">\u00a1LLEG\u00d3 EL 3-2 DE COLOMBIA DE LA MANO DE NEYSER VILLARREAL!<\/p>\n<p>El delantero cafetero defini\u00f3 dentro del \u00e1rea y marc\u00f3 el hat-trick contra Espa\u00f1a.<a href=\"https:\/\/twitter.com\/hashtag\/MundialSub20EnDSPORTS?src=hash&amp;ref_src=twsrc%5Etfw\">#MundialSub20EnDSPORTS<\/a> <a href=\"https:\/\/t.co\/9RkJVwMbTW\">pic.twitter.com\/9RkJVwMbTW<\/a><\/p>\n<p>\u2014 DSPORTSCo (@DSportsCO) <a href=\"https:\/\/twitter.com\/DSportsCO\/status\/1977130360359035073?ref_src=twsrc%5Etfw\">October 11, 2025<\/a><\/p><\/blockquote>\n<p style=\"text-align: justify;\"><script async src=\"https:\/\/platform.twitter.com\/widgets.js\" charset=\"utf-8\"><\/script><span style=\"font-family: helvetica, arial, sans-serif;\">El mi\u00e9rcoles <strong>15 de octubre a las 6:00 pm<\/strong>, la Selecci\u00f3n Colombia dirigida por el t\u00e9cnico <strong>C\u00e9sar Torres<\/strong> jugar\u00e1 la semifinal y buscar\u00e1 su tiquete para la anhelada final del Mundial Sub-20.<\/span><\/p>\n<p>&nbsp;<\/p>\n<p>&nbsp;<\/p>\n<p>&nbsp;<\/p>\n","protected":false},"excerpt":{"rendered":"<p>La Selecci\u00f3n Colombia remont\u00f3 3-2 a Espa\u00f1a, y avanz\u00f3 a la semifinal del Mundial Sub-20 por segunda vez en la historia. Un hat trick de Neiser Villarreal le di\u00f3 la clasificaci\u00f3n al combinado nacional, que espera por Espa\u00f1a o Argentina. Luego de una extraordinaria jugada de Jordan Barrera, en la que se asoci\u00f3 con \u00d3scar [&hellip;]<\/p>\n","protected":false},"author":4,"featured_media":124501,"comment_status":"open","ping_status":"open","sticky":false,"template":"","format":"standard","meta":{"_acf_changed":false,"footnotes":""},"categories":[153],"tags":[],"class_list":{"0":"post-124499","1":"post","2":"type-post","3":"status-publish","4":"format-standard","5":"has-post-thumbnail","7":"category-selecion-colombia"},"acf":[],"yoast_head":"<!-- This site is optimized with the Yoast SEO plugin v26.8 - https:\/\/yoast.com\/product\/yoast-seo-wordpress\/ -->\n<title>Hat Trick de Neiser Villarreal en clasificaci\u00f3n hist\u00f3rica de Selecci\u00f3n Colombia en Mundial Sub-20 -<\/title>\n<meta name=\"robots\" content=\"index, follow, max-snippet:-1, max-image-preview:large, max-video-preview:-1\" \/>\n<link rel=\"canonical\" href=\"https:\/\/futbolhoy.co\/index.php\/2025\/10\/11\/hat-trick-de-neiser-villarreal-en-clasificasion-historica-se-seleccion-colombia-en-mundial-sub-20\/\" \/>\n<meta property=\"og:locale\" content=\"es_ES\" \/>\n<meta property=\"og:type\" content=\"article\" \/>\n<meta property=\"og:title\" content=\"Hat Trick de Neiser Villarreal en clasificaci\u00f3n hist\u00f3rica de Selecci\u00f3n Colombia en Mundial Sub-20 -\" \/>\n<meta property=\"og:description\" content=\"La Selecci\u00f3n Colombia remont\u00f3 3-2 a Espa\u00f1a, y avanz\u00f3 a la semifinal del Mundial Sub-20 por segunda vez en la historia. Un hat trick de Neiser Villarreal le di\u00f3 la clasificaci\u00f3n al combinado nacional, que espera por Espa\u00f1a o Argentina. Luego de una extraordinaria jugada de Jordan Barrera, en la que se asoci\u00f3 con \u00d3scar [&hellip;]\" \/>\n<meta property=\"og:url\" content=\"https:\/\/futbolhoy.co\/index.php\/2025\/10\/11\/hat-trick-de-neiser-villarreal-en-clasificasion-historica-se-seleccion-colombia-en-mundial-sub-20\/\" \/>\n<meta property=\"article:publisher\" content=\"https:\/\/www.facebook.com\/FutbolHoyCol\/\" \/>\n<meta property=\"article:published_time\" content=\"2025-10-11T22:13:51+00:00\" \/>\n<meta property=\"article:modified_time\" content=\"2025-10-21T21:03:34+00:00\" \/>\n<meta property=\"og:image\" content=\"https:\/\/futbolhoy.co\/wp-content\/uploads\/2025\/10\/WhatsApp-Image-2025-10-11-at-5.12.58-PM.jpeg\" \/>\n\t<meta property=\"og:image:width\" content=\"1170\" \/>\n\t<meta property=\"og:image:height\" content=\"1147\" \/>\n\t<meta property=\"og:image:type\" content=\"image\/jpeg\" \/>\n<meta name=\"author\" content=\"contenido\" \/>\n<meta name=\"twitter:card\" content=\"summary_large_image\" \/>\n<meta name=\"twitter:creator\" content=\"@FutbolHoyCol\" \/>\n<meta name=\"twitter:site\" content=\"@FutbolHoyCol\" \/>\n<meta name=\"twitter:label1\" content=\"Escrito por\" \/>\n\t<meta name=\"twitter:data1\" content=\"contenido\" \/>\n\t<meta name=\"twitter:label2\" content=\"Tiempo de lectura\" \/>\n\t<meta name=\"twitter:data2\" content=\"2 minutos\" \/>\n<script type=\"application\/ld+json\" class=\"yoast-schema-graph\">{\"@context\":\"https:\/\/schema.org\",\"@graph\":[{\"@type\":\"Article\",\"@id\":\"https:\/\/futbolhoy.co\/index.php\/2025\/10\/11\/hat-trick-de-neiser-villarreal-en-clasificasion-historica-se-seleccion-colombia-en-mundial-sub-20\/#article\",\"isPartOf\":{\"@id\":\"https:\/\/futbolhoy.co\/index.php\/2025\/10\/11\/hat-trick-de-neiser-villarreal-en-clasificasion-historica-se-seleccion-colombia-en-mundial-sub-20\/\"},\"author\":{\"name\":\"contenido\",\"@id\":\"https:\/\/futbolhoy.co\/#\/schema\/person\/1721b69355b6623eaff15ac7b92d4cc3\"},\"headline\":\"Hat Trick de Neiser Villarreal en clasificaci\u00f3n hist\u00f3rica de Selecci\u00f3n Colombia en Mundial Sub-20\",\"datePublished\":\"2025-10-11T22:13:51+00:00\",\"dateModified\":\"2025-10-21T21:03:34+00:00\",\"mainEntityOfPage\":{\"@id\":\"https:\/\/futbolhoy.co\/index.php\/2025\/10\/11\/hat-trick-de-neiser-villarreal-en-clasificasion-historica-se-seleccion-colombia-en-mundial-sub-20\/\"},\"wordCount\":361,\"commentCount\":0,\"publisher\":{\"@id\":\"https:\/\/futbolhoy.co\/#organization\"},\"image\":{\"@id\":\"https:\/\/futbolhoy.co\/index.php\/2025\/10\/11\/hat-trick-de-neiser-villarreal-en-clasificasion-historica-se-seleccion-colombia-en-mundial-sub-20\/#primaryimage\"},\"thumbnailUrl\":\"https:\/\/futbolhoy.co\/wp-content\/uploads\/2025\/10\/WhatsApp-Image-2025-10-11-at-5.12.58-PM.jpeg\",\"articleSection\":[\"Selecci\u00f3n Colombia\"],\"inLanguage\":\"es\",\"potentialAction\":[{\"@type\":\"CommentAction\",\"name\":\"Comment\",\"target\":[\"https:\/\/futbolhoy.co\/index.php\/2025\/10\/11\/hat-trick-de-neiser-villarreal-en-clasificasion-historica-se-seleccion-colombia-en-mundial-sub-20\/#respond\"]}]},{\"@type\":\"WebPage\",\"@id\":\"https:\/\/futbolhoy.co\/index.php\/2025\/10\/11\/hat-trick-de-neiser-villarreal-en-clasificasion-historica-se-seleccion-colombia-en-mundial-sub-20\/\",\"url\":\"https:\/\/futbolhoy.co\/index.php\/2025\/10\/11\/hat-trick-de-neiser-villarreal-en-clasificasion-historica-se-seleccion-colombia-en-mundial-sub-20\/\",\"name\":\"Hat Trick de Neiser Villarreal en clasificaci\u00f3n hist\u00f3rica de Selecci\u00f3n Colombia en Mundial Sub-20 -\",\"isPartOf\":{\"@id\":\"https:\/\/futbolhoy.co\/#website\"},\"primaryImageOfPage\":{\"@id\":\"https:\/\/futbolhoy.co\/index.php\/2025\/10\/11\/hat-trick-de-neiser-villarreal-en-clasificasion-historica-se-seleccion-colombia-en-mundial-sub-20\/#primaryimage\"},\"image\":{\"@id\":\"https:\/\/futbolhoy.co\/index.php\/2025\/10\/11\/hat-trick-de-neiser-villarreal-en-clasificasion-historica-se-seleccion-colombia-en-mundial-sub-20\/#primaryimage\"},\"thumbnailUrl\":\"https:\/\/futbolhoy.co\/wp-content\/uploads\/2025\/10\/WhatsApp-Image-2025-10-11-at-5.12.58-PM.jpeg\",\"datePublished\":\"2025-10-11T22:13:51+00:00\",\"dateModified\":\"2025-10-21T21:03:34+00:00\",\"breadcrumb\":{\"@id\":\"https:\/\/futbolhoy.co\/index.php\/2025\/10\/11\/hat-trick-de-neiser-villarreal-en-clasificasion-historica-se-seleccion-colombia-en-mundial-sub-20\/#breadcrumb\"},\"inLanguage\":\"es\",\"potentialAction\":[{\"@type\":\"ReadAction\",\"target\":[\"https:\/\/futbolhoy.co\/index.php\/2025\/10\/11\/hat-trick-de-neiser-villarreal-en-clasificasion-historica-se-seleccion-colombia-en-mundial-sub-20\/\"]}]},{\"@type\":\"ImageObject\",\"inLanguage\":\"es\",\"@id\":\"https:\/\/futbolhoy.co\/index.php\/2025\/10\/11\/hat-trick-de-neiser-villarreal-en-clasificasion-historica-se-seleccion-colombia-en-mundial-sub-20\/#primaryimage\",\"url\":\"https:\/\/futbolhoy.co\/wp-content\/uploads\/2025\/10\/WhatsApp-Image-2025-10-11-at-5.12.58-PM.jpeg\",\"contentUrl\":\"https:\/\/futbolhoy.co\/wp-content\/uploads\/2025\/10\/WhatsApp-Image-2025-10-11-at-5.12.58-PM.jpeg\",\"width\":1170,\"height\":1147},{\"@type\":\"BreadcrumbList\",\"@id\":\"https:\/\/futbolhoy.co\/index.php\/2025\/10\/11\/hat-trick-de-neiser-villarreal-en-clasificasion-historica-se-seleccion-colombia-en-mundial-sub-20\/#breadcrumb\",\"itemListElement\":[{\"@type\":\"ListItem\",\"position\":1,\"name\":\"Portada\",\"item\":\"https:\/\/futbolhoy.co\/\"},{\"@type\":\"ListItem\",\"position\":2,\"name\":\"Hat Trick de Neiser Villarreal en clasificaci\u00f3n hist\u00f3rica de Selecci\u00f3n Colombia en Mundial Sub-20\"}]},{\"@type\":\"WebSite\",\"@id\":\"https:\/\/futbolhoy.co\/#website\",\"url\":\"https:\/\/futbolhoy.co\/\",\"name\":\"FutbolHoy\",\"description\":\"\",\"publisher\":{\"@id\":\"https:\/\/futbolhoy.co\/#organization\"},\"potentialAction\":[{\"@type\":\"SearchAction\",\"target\":{\"@type\":\"EntryPoint\",\"urlTemplate\":\"https:\/\/futbolhoy.co\/?s={search_term_string}\"},\"query-input\":{\"@type\":\"PropertyValueSpecification\",\"valueRequired\":true,\"valueName\":\"search_term_string\"}}],\"inLanguage\":\"es\"},{\"@type\":\"Organization\",\"@id\":\"https:\/\/futbolhoy.co\/#organization\",\"name\":\"Futbolhoy.co\",\"url\":\"https:\/\/futbolhoy.co\/\",\"logo\":{\"@type\":\"ImageObject\",\"inLanguage\":\"es\",\"@id\":\"https:\/\/futbolhoy.co\/#\/schema\/logo\/image\/\",\"url\":\"https:\/\/futbolhoy.co\/wp-content\/uploads\/2018\/08\/17426380_1906371736249227_6326180412931521141_n.jpg\",\"contentUrl\":\"https:\/\/futbolhoy.co\/wp-content\/uploads\/2018\/08\/17426380_1906371736249227_6326180412931521141_n.jpg\",\"width\":960,\"height\":960,\"caption\":\"Futbolhoy.co\"},\"image\":{\"@id\":\"https:\/\/futbolhoy.co\/#\/schema\/logo\/image\/\"},\"sameAs\":[\"https:\/\/www.facebook.com\/FutbolHoyCol\/\",\"https:\/\/x.com\/FutbolHoyCol\",\"https:\/\/www.instagram.com\/futbolhoycol\/\"]},{\"@type\":\"Person\",\"@id\":\"https:\/\/futbolhoy.co\/#\/schema\/person\/1721b69355b6623eaff15ac7b92d4cc3\",\"name\":\"contenido\",\"image\":{\"@type\":\"ImageObject\",\"inLanguage\":\"es\",\"@id\":\"https:\/\/futbolhoy.co\/#\/schema\/person\/image\/\",\"url\":\"https:\/\/secure.gravatar.com\/avatar\/4f656d3256f5134f466206e7c3941518?s=96&d=mm&r=g\",\"contentUrl\":\"https:\/\/secure.gravatar.com\/avatar\/4f656d3256f5134f466206e7c3941518?s=96&d=mm&r=g\",\"caption\":\"contenido\"}}]}<\/script>\n<!-- \/ Yoast SEO plugin. -->","yoast_head_json":{"title":"Hat Trick de Neiser Villarreal en clasificaci\u00f3n hist\u00f3rica de Selecci\u00f3n Colombia en Mundial Sub-20 -","robots":{"index":"index","follow":"follow","max-snippet":"max-snippet:-1","max-image-preview":"max-image-preview:large","max-video-preview":"max-video-preview:-1"},"canonical":"https:\/\/futbolhoy.co\/index.php\/2025\/10\/11\/hat-trick-de-neiser-villarreal-en-clasificasion-historica-se-seleccion-colombia-en-mundial-sub-20\/","og_locale":"es_ES","og_type":"article","og_title":"Hat Trick de Neiser Villarreal en clasificaci\u00f3n hist\u00f3rica de Selecci\u00f3n Colombia en Mundial Sub-20 -","og_description":"La Selecci\u00f3n Colombia remont\u00f3 3-2 a Espa\u00f1a, y avanz\u00f3 a la semifinal del Mundial Sub-20 por segunda vez en la historia. Un hat trick de Neiser Villarreal le di\u00f3 la clasificaci\u00f3n al combinado nacional, que espera por Espa\u00f1a o Argentina. Luego de una extraordinaria jugada de Jordan Barrera, en la que se asoci\u00f3 con \u00d3scar [&hellip;]","og_url":"https:\/\/futbolhoy.co\/index.php\/2025\/10\/11\/hat-trick-de-neiser-villarreal-en-clasificasion-historica-se-seleccion-colombia-en-mundial-sub-20\/","article_publisher":"https:\/\/www.facebook.com\/FutbolHoyCol\/","article_published_time":"2025-10-11T22:13:51+00:00","article_modified_time":"2025-10-21T21:03:34+00:00","og_image":[{"width":1170,"height":1147,"url":"https:\/\/futbolhoy.co\/wp-content\/uploads\/2025\/10\/WhatsApp-Image-2025-10-11-at-5.12.58-PM.jpeg","type":"image\/jpeg"}],"author":"contenido","twitter_card":"summary_large_image","twitter_creator":"@FutbolHoyCol","twitter_site":"@FutbolHoyCol","twitter_misc":{"Escrito por":"contenido","Tiempo de lectura":"2 minutos"},"schema":{"@context":"https:\/\/schema.org","@graph":[{"@type":"Article","@id":"https:\/\/futbolhoy.co\/index.php\/2025\/10\/11\/hat-trick-de-neiser-villarreal-en-clasificasion-historica-se-seleccion-colombia-en-mundial-sub-20\/#article","isPartOf":{"@id":"https:\/\/futbolhoy.co\/index.php\/2025\/10\/11\/hat-trick-de-neiser-villarreal-en-clasificasion-historica-se-seleccion-colombia-en-mundial-sub-20\/"},"author":{"name":"contenido","@id":"https:\/\/futbolhoy.co\/#\/schema\/person\/1721b69355b6623eaff15ac7b92d4cc3"},"headline":"Hat Trick de Neiser Villarreal en clasificaci\u00f3n hist\u00f3rica de Selecci\u00f3n Colombia en Mundial Sub-20","datePublished":"2025-10-11T22:13:51+00:00","dateModified":"2025-10-21T21:03:34+00:00","mainEntityOfPage":{"@id":"https:\/\/futbolhoy.co\/index.php\/2025\/10\/11\/hat-trick-de-neiser-villarreal-en-clasificasion-historica-se-seleccion-colombia-en-mundial-sub-20\/"},"wordCount":361,"commentCount":0,"publisher":{"@id":"https:\/\/futbolhoy.co\/#organization"},"image":{"@id":"https:\/\/futbolhoy.co\/index.php\/2025\/10\/11\/hat-trick-de-neiser-villarreal-en-clasificasion-historica-se-seleccion-colombia-en-mundial-sub-20\/#primaryimage"},"thumbnailUrl":"https:\/\/futbolhoy.co\/wp-content\/uploads\/2025\/10\/WhatsApp-Image-2025-10-11-at-5.12.58-PM.jpeg","articleSection":["Selecci\u00f3n Colombia"],"inLanguage":"es","potentialAction":[{"@type":"CommentAction","name":"Comment","target":["https:\/\/futbolhoy.co\/index.php\/2025\/10\/11\/hat-trick-de-neiser-villarreal-en-clasificasion-historica-se-seleccion-colombia-en-mundial-sub-20\/#respond"]}]},{"@type":"WebPage","@id":"https:\/\/futbolhoy.co\/index.php\/2025\/10\/11\/hat-trick-de-neiser-villarreal-en-clasificasion-historica-se-seleccion-colombia-en-mundial-sub-20\/","url":"https:\/\/futbolhoy.co\/index.php\/2025\/10\/11\/hat-trick-de-neiser-villarreal-en-clasificasion-historica-se-seleccion-colombia-en-mundial-sub-20\/","name":"Hat Trick de Neiser Villarreal en clasificaci\u00f3n hist\u00f3rica de Selecci\u00f3n Colombia en Mundial Sub-20 -","isPartOf":{"@id":"https:\/\/futbolhoy.co\/#website"},"primaryImageOfPage":{"@id":"https:\/\/futbolhoy.co\/index.php\/2025\/10\/11\/hat-trick-de-neiser-villarreal-en-clasificasion-historica-se-seleccion-colombia-en-mundial-sub-20\/#primaryimage"},"image":{"@id":"https:\/\/futbolhoy.co\/index.php\/2025\/10\/11\/hat-trick-de-neiser-villarreal-en-clasificasion-historica-se-seleccion-colombia-en-mundial-sub-20\/#primaryimage"},"thumbnailUrl":"https:\/\/futbolhoy.co\/wp-content\/uploads\/2025\/10\/WhatsApp-Image-2025-10-11-at-5.12.58-PM.jpeg","datePublished":"2025-10-11T22:13:51+00:00","dateModified":"2025-10-21T21:03:34+00:00","breadcrumb":{"@id":"https:\/\/futbolhoy.co\/index.php\/2025\/10\/11\/hat-trick-de-neiser-villarreal-en-clasificasion-historica-se-seleccion-colombia-en-mundial-sub-20\/#breadcrumb"},"inLanguage":"es","potentialAction":[{"@type":"ReadAction","target":["https:\/\/futbolhoy.co\/index.php\/2025\/10\/11\/hat-trick-de-neiser-villarreal-en-clasificasion-historica-se-seleccion-colombia-en-mundial-sub-20\/"]}]},{"@type":"ImageObject","inLanguage":"es","@id":"https:\/\/futbolhoy.co\/index.php\/2025\/10\/11\/hat-trick-de-neiser-villarreal-en-clasificasion-historica-se-seleccion-colombia-en-mundial-sub-20\/#primaryimage","url":"https:\/\/futbolhoy.co\/wp-content\/uploads\/2025\/10\/WhatsApp-Image-2025-10-11-at-5.12.58-PM.jpeg","contentUrl":"https:\/\/futbolhoy.co\/wp-content\/uploads\/2025\/10\/WhatsApp-Image-2025-10-11-at-5.12.58-PM.jpeg","width":1170,"height":1147},{"@type":"BreadcrumbList","@id":"https:\/\/futbolhoy.co\/index.php\/2025\/10\/11\/hat-trick-de-neiser-villarreal-en-clasificasion-historica-se-seleccion-colombia-en-mundial-sub-20\/#breadcrumb","itemListElement":[{"@type":"ListItem","position":1,"name":"Portada","item":"https:\/\/futbolhoy.co\/"},{"@type":"ListItem","position":2,"name":"Hat Trick de Neiser Villarreal en clasificaci\u00f3n hist\u00f3rica de Selecci\u00f3n Colombia en Mundial Sub-20"}]},{"@type":"WebSite","@id":"https:\/\/futbolhoy.co\/#website","url":"https:\/\/futbolhoy.co\/","name":"FutbolHoy","description":"","publisher":{"@id":"https:\/\/futbolhoy.co\/#organization"},"potentialAction":[{"@type":"SearchAction","target":{"@type":"EntryPoint","urlTemplate":"https:\/\/futbolhoy.co\/?s={search_term_string}"},"query-input":{"@type":"PropertyValueSpecification","valueRequired":true,"valueName":"search_term_string"}}],"inLanguage":"es"},{"@type":"Organization","@id":"https:\/\/futbolhoy.co\/#organization","name":"Futbolhoy.co","url":"https:\/\/futbolhoy.co\/","logo":{"@type":"ImageObject","inLanguage":"es","@id":"https:\/\/futbolhoy.co\/#\/schema\/logo\/image\/","url":"https:\/\/futbolhoy.co\/wp-content\/uploads\/2018\/08\/17426380_1906371736249227_6326180412931521141_n.jpg","contentUrl":"https:\/\/futbolhoy.co\/wp-content\/uploads\/2018\/08\/17426380_1906371736249227_6326180412931521141_n.jpg","width":960,"height":960,"caption":"Futbolhoy.co"},"image":{"@id":"https:\/\/futbolhoy.co\/#\/schema\/logo\/image\/"},"sameAs":["https:\/\/www.facebook.com\/FutbolHoyCol\/","https:\/\/x.com\/FutbolHoyCol","https:\/\/www.instagram.com\/futbolhoycol\/"]},{"@type":"Person","@id":"https:\/\/futbolhoy.co\/#\/schema\/person\/1721b69355b6623eaff15ac7b92d4cc3","name":"contenido","image":{"@type":"ImageObject","inLanguage":"es","@id":"https:\/\/futbolhoy.co\/#\/schema\/person\/image\/","url":"https:\/\/secure.gravatar.com\/avatar\/4f656d3256f5134f466206e7c3941518?s=96&d=mm&r=g","contentUrl":"https:\/\/secure.gravatar.com\/avatar\/4f656d3256f5134f466206e7c3941518?s=96&d=mm&r=g","caption":"contenido"}}]}},"publishpress_future_action":{"enabled":false,"date":"2026-05-04 02:25:46","action":"change-status","newStatus":"draft","terms":[],"taxonomy":"category","extraData":[]},"publishpress_future_workflow_manual_trigger":{"enabledWorkflows":[]},"_links":{"self":[{"href":"https:\/\/futbolhoy.co\/index.php\/wp-json\/wp\/v2\/posts\/124499","targetHints":{"allow":["GET"]}}],"collection":[{"href":"https:\/\/futbolhoy.co\/index.php\/wp-json\/wp\/v2\/posts"}],"about":[{"href":"https:\/\/futbolhoy.co\/index.php\/wp-json\/wp\/v2\/types\/post"}],"author":[{"embeddable":true,"href":"https:\/\/futbolhoy.co\/index.php\/wp-json\/wp\/v2\/users\/4"}],"replies":[{"embeddable":true,"href":"https:\/\/futbolhoy.co\/index.php\/wp-json\/wp\/v2\/comments?post=124499"}],"version-history":[{"count":6,"href":"https:\/\/futbolhoy.co\/index.php\/wp-json\/wp\/v2\/posts\/124499\/revisions"}],"predecessor-version":[{"id":124944,"href":"https:\/\/futbolhoy.co\/index.php\/wp-json\/wp\/v2\/posts\/124499\/revisions\/124944"}],"wp:featuredmedia":[{"embeddable":true,"href":"https:\/\/futbolhoy.co\/index.php\/wp-json\/wp\/v2\/media\/124501"}],"wp:attachment":[{"href":"https:\/\/futbolhoy.co\/index.php\/wp-json\/wp\/v2\/media?parent=124499"}],"wp:term":[{"taxonomy":"category","embeddable":true,"href":"https:\/\/futbolhoy.co\/index.php\/wp-json\/wp\/v2\/categories?post=124499"},{"taxonomy":"post_tag","embeddable":true,"href":"https:\/\/futbolhoy.co\/index.php\/wp-json\/wp\/v2\/tags?post=124499"}],"curies":[{"name":"wp","href":"https:\/\/api.w.org\/{rel}","templated":true}]}}