{"id":124507,"date":"2025-10-11T20:08:59","date_gmt":"2025-10-12T01:08:59","guid":{"rendered":"https:\/\/futbolhoy.co\/?p=124507"},"modified":"2025-10-12T10:31:24","modified_gmt":"2025-10-12T15:31:24","slug":"seleccion-colombia-y-argentina-se-miden-en-la-semifinal-del-mundial-sub-20","status":"publish","type":"post","link":"https:\/\/futbolhoy.co\/index.php\/2025\/10\/11\/seleccion-colombia-y-argentina-se-miden-en-la-semifinal-del-mundial-sub-20\/","title":{"rendered":"Selecci\u00f3n Colombia y Argentina se miden en la semifinal del Mundial Sub-20"},"content":{"rendered":"<p style=\"text-align: justify;\"><span style=\"font-family: helvetica, arial, sans-serif;\"><strong>Neiser Villarreal<\/strong> condujo la clasificaci\u00f3n de la <strong>Selecci\u00f3n Colombia<\/strong> a la semifinal de la Copa del Mundo en Chile 2025, donde se medir\u00e1 ante <strong>Argentina<\/strong> por un boleto a la gran final.<\/span><\/p>\n<p style=\"text-align: justify;\"><span style=\"font-family: helvetica, arial, sans-serif;\">'La Albiceleste' consigui\u00f3 su cupo en la semifinal tras derrotar 2-0 a M\u00e9xico con goles de Maher Carrizo y Mateo Silveti, y viene de dejar en el camino a <strong>Nigeria<\/strong>, 4-0.<\/span><\/p>\n<p style=\"text-align: justify;\"><span style=\"font-family: helvetica, arial, sans-serif;\">El enfrentamiento entre Argentina y la Selecci\u00f3n Colombia en busca de un cupo en la gran final ser\u00e1 el mi\u00e9rcoles <strong>15 de octubre a partir de las 6:00 pm<\/strong> (hora Colombia).<\/span><\/p>\n<p style=\"text-align: justify;\"><span style=\"font-family: helvetica, arial, sans-serif;\">Ambas selecciones se enfrentaron en el Campeonato Sudamericano Sub-20 en dos oportunidades. El combinado nacional consigui\u00f3 un empate (1-1) y una derrota (1-0), durante la competencia que se desarroll\u00f3 entre enero y febrero de 2025.<\/span><\/p>\n<p style=\"text-align: justify;\"><span style=\"font-family: helvetica, arial, sans-serif;\">En el otro lado del fixture chocar\u00e1 <strong>Estados Unidos y Marruecos<\/strong>, mientras que Noruega y Francia definir\u00e1n al siguiente semifinalista. Es decir, que entre las anteriores cuatro selecciones saldr\u00e1 un finalista en la Copa del Mundo.<\/span><\/p>\n<h3 style=\"text-align: justify;\"><span style=\"font-family: helvetica, arial, sans-serif;\">'Ney', el goleador del Mundial Sub-20<\/span><\/h3>\n<p style=\"text-align: justify;\"><span style=\"font-family: helvetica, arial, sans-serif;\">El delantero de <strong>Millonarios<\/strong> comparte la cima en la tabla de m\u00e1ximos goleadores junto a Benjamin Cremaschi (Estados Unidos) con 5 anotaciones.<\/span><\/p>\n<p style=\"text-align: justify;\"><span style=\"font-family: helvetica, arial, sans-serif;\">Con la pelota en su poder producto del fenomenal triplete, en zona mixta, <strong>Neiser Villarreal<\/strong> confes\u00f3 duro momento, posterior al duelo con Nigeria en la fase de grupos y manifest\u00f3:<\/span><\/p>\n<p style=\"text-align: justify;\"><span style=\"font-family: helvetica, arial, sans-serif;\">\"Muy contento por los goles, toque fondo y ahora tengo mucha confianza, vamos a buscar la clasificaci\u00f3n a la final\", asegur\u00f3.<\/span><\/p>\n<h3 style=\"text-align: justify;\"><span style=\"font-family: helvetica, arial, sans-serif;\">Rendimiento de Neiser Villarreal<\/span><\/h3>\n<blockquote class=\"twitter-tweet\">\n<p dir=\"ltr\" lang=\"es\">\ud83d\udcf8 \u00a1\ud835\ude50\ud835\ude63 \ud835\ude69\ud835\ude67\ud835\ude5e\ud835\ude65\ud835\ude61\ud835\ude5a\ud835\ude69\ud835\ude5a \ud835\ude58\ud835\ude64\ud835\ude63 \ud835\ude62\ud835\ude6a\ud835\ude58\ud835\ude5d\ud835\ude56 \ud835\ude5d\ud835\ude5e\ud835\ude68\ud835\ude69\ud835\ude64\ud835\ude67\ud835\ude5e\ud835\ude56! \u26bd\u27953\ufe0f\u20e3<\/p>\n<p>Neiser Villarreal, figura y goleador de la \ud835\ude4e\ud835\ude5a\ud835\ude61\ud835\ude5a\ud835\ude58\ud835\ude58\ud835\ude5e\u00f3\ud835\ude63 \ud835\ude3e\ud835\ude64\ud835\ude61\ud835\ude64\ud835\ude62\ud835\ude57\ud835\ude5e\ud835\ude56 \ud835\ude48\ud835\ude56\ud835\ude68\ud835\ude58\ud835\ude6a\ud835\ude61\ud835\ude5e\ud835\ude63\ud835\ude56 \ud835\ude4e\ud835\ude6a\ud835\ude57 20. \ud83d\ude0e\u270d\ufe0f\u26bd<a href=\"https:\/\/twitter.com\/hashtag\/LaSeleNosUne?src=hash&amp;ref_src=twsrc%5Etfw\">#LaSeleNosUne<\/a>\ud83c\udde8\ud83c\uddf4 <a href=\"https:\/\/t.co\/aqQNWkqKux\">pic.twitter.com\/aqQNWkqKux<\/a><\/p>\n<p>\u2014 Selecci\u00f3n Colombia (@FCFSeleccionCol) <a href=\"https:\/\/twitter.com\/FCFSeleccionCol\/status\/1977138400714219847?ref_src=twsrc%5Etfw\">October 11, 2025<\/a><\/p><\/blockquote>\n<p style=\"text-align: justify;\"><script async src=\"https:\/\/platform.twitter.com\/widgets.js\" charset=\"utf-8\"><\/script><span style=\"font-family: helvetica, arial, sans-serif;\">Los dirigidos por el entrenador <strong>C\u00e9sar Torres<\/strong> contin\u00faan con la ilusi\u00f3n de ser campeones del mundo intacta, y despu\u00e9s de 22 a\u00f1os, 'La Tricolor'\u00a0 volvi\u00f3 a situarse entre las mejores cuatro selecciones Sub-20 del planeta.<\/span><\/p>\n","protected":false},"excerpt":{"rendered":"<p>Neiser Villarreal condujo la clasificaci\u00f3n de la Selecci\u00f3n Colombia a la semifinal de la Copa del Mundo en Chile 2025, donde se medir\u00e1 ante Argentina por un boleto a la gran final. 'La Albiceleste' consigui\u00f3 su cupo en la semifinal tras derrotar 2-0 a M\u00e9xico con goles de Maher Carrizo y Mateo Silveti, y viene [&hellip;]<\/p>\n","protected":false},"author":4,"featured_media":124508,"comment_status":"open","ping_status":"open","sticky":false,"template":"","format":"standard","meta":{"_acf_changed":false,"footnotes":""},"categories":[153],"tags":[],"class_list":{"0":"post-124507","1":"post","2":"type-post","3":"status-publish","4":"format-standard","5":"has-post-thumbnail","7":"category-selecion-colombia"},"acf":[],"yoast_head":"<!-- This site is optimized with the Yoast SEO plugin v26.8 - https:\/\/yoast.com\/product\/yoast-seo-wordpress\/ -->\n<title>Selecci\u00f3n Colombia y Argentina se miden en la semifinal del Mundial Sub-20 -<\/title>\n<meta name=\"robots\" content=\"index, follow, max-snippet:-1, max-image-preview:large, max-video-preview:-1\" \/>\n<link rel=\"canonical\" href=\"https:\/\/futbolhoy.co\/index.php\/2025\/10\/11\/seleccion-colombia-y-argentina-se-miden-en-la-semifinal-del-mundial-sub-20\/\" \/>\n<meta property=\"og:locale\" content=\"es_ES\" \/>\n<meta property=\"og:type\" content=\"article\" \/>\n<meta property=\"og:title\" content=\"Selecci\u00f3n Colombia y Argentina se miden en la semifinal del Mundial Sub-20 -\" \/>\n<meta property=\"og:description\" content=\"Neiser Villarreal condujo la clasificaci\u00f3n de la Selecci\u00f3n Colombia a la semifinal de la Copa del Mundo en Chile 2025, donde se medir\u00e1 ante Argentina por un boleto a la gran final. &#039;La Albiceleste&#039; consigui\u00f3 su cupo en la semifinal tras derrotar 2-0 a M\u00e9xico con goles de Maher Carrizo y Mateo Silveti, y viene [&hellip;]\" \/>\n<meta property=\"og:url\" content=\"https:\/\/futbolhoy.co\/index.php\/2025\/10\/11\/seleccion-colombia-y-argentina-se-miden-en-la-semifinal-del-mundial-sub-20\/\" \/>\n<meta property=\"article:publisher\" content=\"https:\/\/www.facebook.com\/FutbolHoyCol\/\" \/>\n<meta property=\"article:published_time\" content=\"2025-10-12T01:08:59+00:00\" \/>\n<meta property=\"article:modified_time\" content=\"2025-10-12T15:31:24+00:00\" \/>\n<meta property=\"og:image\" content=\"https:\/\/futbolhoy.co\/wp-content\/uploads\/2025\/10\/WhatsApp-Image-2025-10-11-at-7.35.52-PM.jpeg\" \/>\n\t<meta property=\"og:image:width\" content=\"1069\" \/>\n\t<meta property=\"og:image:height\" content=\"821\" \/>\n\t<meta property=\"og:image:type\" content=\"image\/jpeg\" \/>\n<meta name=\"author\" content=\"contenido\" \/>\n<meta name=\"twitter:card\" content=\"summary_large_image\" \/>\n<meta name=\"twitter:creator\" content=\"@FutbolHoyCol\" \/>\n<meta name=\"twitter:site\" content=\"@FutbolHoyCol\" \/>\n<meta name=\"twitter:label1\" content=\"Escrito por\" \/>\n\t<meta name=\"twitter:data1\" content=\"contenido\" \/>\n\t<meta name=\"twitter:label2\" content=\"Tiempo de lectura\" \/>\n\t<meta name=\"twitter:data2\" content=\"2 minutos\" \/>\n<script type=\"application\/ld+json\" class=\"yoast-schema-graph\">{\"@context\":\"https:\/\/schema.org\",\"@graph\":[{\"@type\":\"Article\",\"@id\":\"https:\/\/futbolhoy.co\/index.php\/2025\/10\/11\/seleccion-colombia-y-argentina-se-miden-en-la-semifinal-del-mundial-sub-20\/#article\",\"isPartOf\":{\"@id\":\"https:\/\/futbolhoy.co\/index.php\/2025\/10\/11\/seleccion-colombia-y-argentina-se-miden-en-la-semifinal-del-mundial-sub-20\/\"},\"author\":{\"name\":\"contenido\",\"@id\":\"https:\/\/futbolhoy.co\/#\/schema\/person\/1721b69355b6623eaff15ac7b92d4cc3\"},\"headline\":\"Selecci\u00f3n Colombia y Argentina se miden en la semifinal del Mundial Sub-20\",\"datePublished\":\"2025-10-12T01:08:59+00:00\",\"dateModified\":\"2025-10-12T15:31:24+00:00\",\"mainEntityOfPage\":{\"@id\":\"https:\/\/futbolhoy.co\/index.php\/2025\/10\/11\/seleccion-colombia-y-argentina-se-miden-en-la-semifinal-del-mundial-sub-20\/\"},\"wordCount\":320,\"commentCount\":0,\"publisher\":{\"@id\":\"https:\/\/futbolhoy.co\/#organization\"},\"image\":{\"@id\":\"https:\/\/futbolhoy.co\/index.php\/2025\/10\/11\/seleccion-colombia-y-argentina-se-miden-en-la-semifinal-del-mundial-sub-20\/#primaryimage\"},\"thumbnailUrl\":\"https:\/\/futbolhoy.co\/wp-content\/uploads\/2025\/10\/WhatsApp-Image-2025-10-11-at-7.35.52-PM.jpeg\",\"articleSection\":[\"Selecci\u00f3n Colombia\"],\"inLanguage\":\"es\",\"potentialAction\":[{\"@type\":\"CommentAction\",\"name\":\"Comment\",\"target\":[\"https:\/\/futbolhoy.co\/index.php\/2025\/10\/11\/seleccion-colombia-y-argentina-se-miden-en-la-semifinal-del-mundial-sub-20\/#respond\"]}]},{\"@type\":\"WebPage\",\"@id\":\"https:\/\/futbolhoy.co\/index.php\/2025\/10\/11\/seleccion-colombia-y-argentina-se-miden-en-la-semifinal-del-mundial-sub-20\/\",\"url\":\"https:\/\/futbolhoy.co\/index.php\/2025\/10\/11\/seleccion-colombia-y-argentina-se-miden-en-la-semifinal-del-mundial-sub-20\/\",\"name\":\"Selecci\u00f3n Colombia y Argentina se miden en la semifinal del Mundial Sub-20 -\",\"isPartOf\":{\"@id\":\"https:\/\/futbolhoy.co\/#website\"},\"primaryImageOfPage\":{\"@id\":\"https:\/\/futbolhoy.co\/index.php\/2025\/10\/11\/seleccion-colombia-y-argentina-se-miden-en-la-semifinal-del-mundial-sub-20\/#primaryimage\"},\"image\":{\"@id\":\"https:\/\/futbolhoy.co\/index.php\/2025\/10\/11\/seleccion-colombia-y-argentina-se-miden-en-la-semifinal-del-mundial-sub-20\/#primaryimage\"},\"thumbnailUrl\":\"https:\/\/futbolhoy.co\/wp-content\/uploads\/2025\/10\/WhatsApp-Image-2025-10-11-at-7.35.52-PM.jpeg\",\"datePublished\":\"2025-10-12T01:08:59+00:00\",\"dateModified\":\"2025-10-12T15:31:24+00:00\",\"breadcrumb\":{\"@id\":\"https:\/\/futbolhoy.co\/index.php\/2025\/10\/11\/seleccion-colombia-y-argentina-se-miden-en-la-semifinal-del-mundial-sub-20\/#breadcrumb\"},\"inLanguage\":\"es\",\"potentialAction\":[{\"@type\":\"ReadAction\",\"target\":[\"https:\/\/futbolhoy.co\/index.php\/2025\/10\/11\/seleccion-colombia-y-argentina-se-miden-en-la-semifinal-del-mundial-sub-20\/\"]}]},{\"@type\":\"ImageObject\",\"inLanguage\":\"es\",\"@id\":\"https:\/\/futbolhoy.co\/index.php\/2025\/10\/11\/seleccion-colombia-y-argentina-se-miden-en-la-semifinal-del-mundial-sub-20\/#primaryimage\",\"url\":\"https:\/\/futbolhoy.co\/wp-content\/uploads\/2025\/10\/WhatsApp-Image-2025-10-11-at-7.35.52-PM.jpeg\",\"contentUrl\":\"https:\/\/futbolhoy.co\/wp-content\/uploads\/2025\/10\/WhatsApp-Image-2025-10-11-at-7.35.52-PM.jpeg\",\"width\":1069,\"height\":821},{\"@type\":\"BreadcrumbList\",\"@id\":\"https:\/\/futbolhoy.co\/index.php\/2025\/10\/11\/seleccion-colombia-y-argentina-se-miden-en-la-semifinal-del-mundial-sub-20\/#breadcrumb\",\"itemListElement\":[{\"@type\":\"ListItem\",\"position\":1,\"name\":\"Portada\",\"item\":\"https:\/\/futbolhoy.co\/\"},{\"@type\":\"ListItem\",\"position\":2,\"name\":\"Selecci\u00f3n Colombia y Argentina se miden en la semifinal del Mundial Sub-20\"}]},{\"@type\":\"WebSite\",\"@id\":\"https:\/\/futbolhoy.co\/#website\",\"url\":\"https:\/\/futbolhoy.co\/\",\"name\":\"FutbolHoy\",\"description\":\"\",\"publisher\":{\"@id\":\"https:\/\/futbolhoy.co\/#organization\"},\"potentialAction\":[{\"@type\":\"SearchAction\",\"target\":{\"@type\":\"EntryPoint\",\"urlTemplate\":\"https:\/\/futbolhoy.co\/?s={search_term_string}\"},\"query-input\":{\"@type\":\"PropertyValueSpecification\",\"valueRequired\":true,\"valueName\":\"search_term_string\"}}],\"inLanguage\":\"es\"},{\"@type\":\"Organization\",\"@id\":\"https:\/\/futbolhoy.co\/#organization\",\"name\":\"Futbolhoy.co\",\"url\":\"https:\/\/futbolhoy.co\/\",\"logo\":{\"@type\":\"ImageObject\",\"inLanguage\":\"es\",\"@id\":\"https:\/\/futbolhoy.co\/#\/schema\/logo\/image\/\",\"url\":\"https:\/\/futbolhoy.co\/wp-content\/uploads\/2018\/08\/17426380_1906371736249227_6326180412931521141_n.jpg\",\"contentUrl\":\"https:\/\/futbolhoy.co\/wp-content\/uploads\/2018\/08\/17426380_1906371736249227_6326180412931521141_n.jpg\",\"width\":960,\"height\":960,\"caption\":\"Futbolhoy.co\"},\"image\":{\"@id\":\"https:\/\/futbolhoy.co\/#\/schema\/logo\/image\/\"},\"sameAs\":[\"https:\/\/www.facebook.com\/FutbolHoyCol\/\",\"https:\/\/x.com\/FutbolHoyCol\",\"https:\/\/www.instagram.com\/futbolhoycol\/\"]},{\"@type\":\"Person\",\"@id\":\"https:\/\/futbolhoy.co\/#\/schema\/person\/1721b69355b6623eaff15ac7b92d4cc3\",\"name\":\"contenido\",\"image\":{\"@type\":\"ImageObject\",\"inLanguage\":\"es\",\"@id\":\"https:\/\/futbolhoy.co\/#\/schema\/person\/image\/\",\"url\":\"https:\/\/secure.gravatar.com\/avatar\/4f656d3256f5134f466206e7c3941518?s=96&d=mm&r=g\",\"contentUrl\":\"https:\/\/secure.gravatar.com\/avatar\/4f656d3256f5134f466206e7c3941518?s=96&d=mm&r=g\",\"caption\":\"contenido\"}}]}<\/script>\n<!-- \/ Yoast SEO plugin. -->","yoast_head_json":{"title":"Selecci\u00f3n Colombia y Argentina se miden en la semifinal del Mundial Sub-20 -","robots":{"index":"index","follow":"follow","max-snippet":"max-snippet:-1","max-image-preview":"max-image-preview:large","max-video-preview":"max-video-preview:-1"},"canonical":"https:\/\/futbolhoy.co\/index.php\/2025\/10\/11\/seleccion-colombia-y-argentina-se-miden-en-la-semifinal-del-mundial-sub-20\/","og_locale":"es_ES","og_type":"article","og_title":"Selecci\u00f3n Colombia y Argentina se miden en la semifinal del Mundial Sub-20 -","og_description":"Neiser Villarreal condujo la clasificaci\u00f3n de la Selecci\u00f3n Colombia a la semifinal de la Copa del Mundo en Chile 2025, donde se medir\u00e1 ante Argentina por un boleto a la gran final. 'La Albiceleste' consigui\u00f3 su cupo en la semifinal tras derrotar 2-0 a M\u00e9xico con goles de Maher Carrizo y Mateo Silveti, y viene [&hellip;]","og_url":"https:\/\/futbolhoy.co\/index.php\/2025\/10\/11\/seleccion-colombia-y-argentina-se-miden-en-la-semifinal-del-mundial-sub-20\/","article_publisher":"https:\/\/www.facebook.com\/FutbolHoyCol\/","article_published_time":"2025-10-12T01:08:59+00:00","article_modified_time":"2025-10-12T15:31:24+00:00","og_image":[{"width":1069,"height":821,"url":"https:\/\/futbolhoy.co\/wp-content\/uploads\/2025\/10\/WhatsApp-Image-2025-10-11-at-7.35.52-PM.jpeg","type":"image\/jpeg"}],"author":"contenido","twitter_card":"summary_large_image","twitter_creator":"@FutbolHoyCol","twitter_site":"@FutbolHoyCol","twitter_misc":{"Escrito por":"contenido","Tiempo de lectura":"2 minutos"},"schema":{"@context":"https:\/\/schema.org","@graph":[{"@type":"Article","@id":"https:\/\/futbolhoy.co\/index.php\/2025\/10\/11\/seleccion-colombia-y-argentina-se-miden-en-la-semifinal-del-mundial-sub-20\/#article","isPartOf":{"@id":"https:\/\/futbolhoy.co\/index.php\/2025\/10\/11\/seleccion-colombia-y-argentina-se-miden-en-la-semifinal-del-mundial-sub-20\/"},"author":{"name":"contenido","@id":"https:\/\/futbolhoy.co\/#\/schema\/person\/1721b69355b6623eaff15ac7b92d4cc3"},"headline":"Selecci\u00f3n Colombia y Argentina se miden en la semifinal del Mundial Sub-20","datePublished":"2025-10-12T01:08:59+00:00","dateModified":"2025-10-12T15:31:24+00:00","mainEntityOfPage":{"@id":"https:\/\/futbolhoy.co\/index.php\/2025\/10\/11\/seleccion-colombia-y-argentina-se-miden-en-la-semifinal-del-mundial-sub-20\/"},"wordCount":320,"commentCount":0,"publisher":{"@id":"https:\/\/futbolhoy.co\/#organization"},"image":{"@id":"https:\/\/futbolhoy.co\/index.php\/2025\/10\/11\/seleccion-colombia-y-argentina-se-miden-en-la-semifinal-del-mundial-sub-20\/#primaryimage"},"thumbnailUrl":"https:\/\/futbolhoy.co\/wp-content\/uploads\/2025\/10\/WhatsApp-Image-2025-10-11-at-7.35.52-PM.jpeg","articleSection":["Selecci\u00f3n Colombia"],"inLanguage":"es","potentialAction":[{"@type":"CommentAction","name":"Comment","target":["https:\/\/futbolhoy.co\/index.php\/2025\/10\/11\/seleccion-colombia-y-argentina-se-miden-en-la-semifinal-del-mundial-sub-20\/#respond"]}]},{"@type":"WebPage","@id":"https:\/\/futbolhoy.co\/index.php\/2025\/10\/11\/seleccion-colombia-y-argentina-se-miden-en-la-semifinal-del-mundial-sub-20\/","url":"https:\/\/futbolhoy.co\/index.php\/2025\/10\/11\/seleccion-colombia-y-argentina-se-miden-en-la-semifinal-del-mundial-sub-20\/","name":"Selecci\u00f3n Colombia y Argentina se miden en la semifinal del Mundial Sub-20 -","isPartOf":{"@id":"https:\/\/futbolhoy.co\/#website"},"primaryImageOfPage":{"@id":"https:\/\/futbolhoy.co\/index.php\/2025\/10\/11\/seleccion-colombia-y-argentina-se-miden-en-la-semifinal-del-mundial-sub-20\/#primaryimage"},"image":{"@id":"https:\/\/futbolhoy.co\/index.php\/2025\/10\/11\/seleccion-colombia-y-argentina-se-miden-en-la-semifinal-del-mundial-sub-20\/#primaryimage"},"thumbnailUrl":"https:\/\/futbolhoy.co\/wp-content\/uploads\/2025\/10\/WhatsApp-Image-2025-10-11-at-7.35.52-PM.jpeg","datePublished":"2025-10-12T01:08:59+00:00","dateModified":"2025-10-12T15:31:24+00:00","breadcrumb":{"@id":"https:\/\/futbolhoy.co\/index.php\/2025\/10\/11\/seleccion-colombia-y-argentina-se-miden-en-la-semifinal-del-mundial-sub-20\/#breadcrumb"},"inLanguage":"es","potentialAction":[{"@type":"ReadAction","target":["https:\/\/futbolhoy.co\/index.php\/2025\/10\/11\/seleccion-colombia-y-argentina-se-miden-en-la-semifinal-del-mundial-sub-20\/"]}]},{"@type":"ImageObject","inLanguage":"es","@id":"https:\/\/futbolhoy.co\/index.php\/2025\/10\/11\/seleccion-colombia-y-argentina-se-miden-en-la-semifinal-del-mundial-sub-20\/#primaryimage","url":"https:\/\/futbolhoy.co\/wp-content\/uploads\/2025\/10\/WhatsApp-Image-2025-10-11-at-7.35.52-PM.jpeg","contentUrl":"https:\/\/futbolhoy.co\/wp-content\/uploads\/2025\/10\/WhatsApp-Image-2025-10-11-at-7.35.52-PM.jpeg","width":1069,"height":821},{"@type":"BreadcrumbList","@id":"https:\/\/futbolhoy.co\/index.php\/2025\/10\/11\/seleccion-colombia-y-argentina-se-miden-en-la-semifinal-del-mundial-sub-20\/#breadcrumb","itemListElement":[{"@type":"ListItem","position":1,"name":"Portada","item":"https:\/\/futbolhoy.co\/"},{"@type":"ListItem","position":2,"name":"Selecci\u00f3n Colombia y Argentina se miden en la semifinal del Mundial Sub-20"}]},{"@type":"WebSite","@id":"https:\/\/futbolhoy.co\/#website","url":"https:\/\/futbolhoy.co\/","name":"FutbolHoy","description":"","publisher":{"@id":"https:\/\/futbolhoy.co\/#organization"},"potentialAction":[{"@type":"SearchAction","target":{"@type":"EntryPoint","urlTemplate":"https:\/\/futbolhoy.co\/?s={search_term_string}"},"query-input":{"@type":"PropertyValueSpecification","valueRequired":true,"valueName":"search_term_string"}}],"inLanguage":"es"},{"@type":"Organization","@id":"https:\/\/futbolhoy.co\/#organization","name":"Futbolhoy.co","url":"https:\/\/futbolhoy.co\/","logo":{"@type":"ImageObject","inLanguage":"es","@id":"https:\/\/futbolhoy.co\/#\/schema\/logo\/image\/","url":"https:\/\/futbolhoy.co\/wp-content\/uploads\/2018\/08\/17426380_1906371736249227_6326180412931521141_n.jpg","contentUrl":"https:\/\/futbolhoy.co\/wp-content\/uploads\/2018\/08\/17426380_1906371736249227_6326180412931521141_n.jpg","width":960,"height":960,"caption":"Futbolhoy.co"},"image":{"@id":"https:\/\/futbolhoy.co\/#\/schema\/logo\/image\/"},"sameAs":["https:\/\/www.facebook.com\/FutbolHoyCol\/","https:\/\/x.com\/FutbolHoyCol","https:\/\/www.instagram.com\/futbolhoycol\/"]},{"@type":"Person","@id":"https:\/\/futbolhoy.co\/#\/schema\/person\/1721b69355b6623eaff15ac7b92d4cc3","name":"contenido","image":{"@type":"ImageObject","inLanguage":"es","@id":"https:\/\/futbolhoy.co\/#\/schema\/person\/image\/","url":"https:\/\/secure.gravatar.com\/avatar\/4f656d3256f5134f466206e7c3941518?s=96&d=mm&r=g","contentUrl":"https:\/\/secure.gravatar.com\/avatar\/4f656d3256f5134f466206e7c3941518?s=96&d=mm&r=g","caption":"contenido"}}]}},"publishpress_future_action":{"enabled":false,"date":"2026-05-03 23:44:17","action":"change-status","newStatus":"draft","terms":[],"taxonomy":"category","extraData":[]},"publishpress_future_workflow_manual_trigger":{"enabledWorkflows":[]},"_links":{"self":[{"href":"https:\/\/futbolhoy.co\/index.php\/wp-json\/wp\/v2\/posts\/124507","targetHints":{"allow":["GET"]}}],"collection":[{"href":"https:\/\/futbolhoy.co\/index.php\/wp-json\/wp\/v2\/posts"}],"about":[{"href":"https:\/\/futbolhoy.co\/index.php\/wp-json\/wp\/v2\/types\/post"}],"author":[{"embeddable":true,"href":"https:\/\/futbolhoy.co\/index.php\/wp-json\/wp\/v2\/users\/4"}],"replies":[{"embeddable":true,"href":"https:\/\/futbolhoy.co\/index.php\/wp-json\/wp\/v2\/comments?post=124507"}],"version-history":[{"count":4,"href":"https:\/\/futbolhoy.co\/index.php\/wp-json\/wp\/v2\/posts\/124507\/revisions"}],"predecessor-version":[{"id":124543,"href":"https:\/\/futbolhoy.co\/index.php\/wp-json\/wp\/v2\/posts\/124507\/revisions\/124543"}],"wp:featuredmedia":[{"embeddable":true,"href":"https:\/\/futbolhoy.co\/index.php\/wp-json\/wp\/v2\/media\/124508"}],"wp:attachment":[{"href":"https:\/\/futbolhoy.co\/index.php\/wp-json\/wp\/v2\/media?parent=124507"}],"wp:term":[{"taxonomy":"category","embeddable":true,"href":"https:\/\/futbolhoy.co\/index.php\/wp-json\/wp\/v2\/categories?post=124507"},{"taxonomy":"post_tag","embeddable":true,"href":"https:\/\/futbolhoy.co\/index.php\/wp-json\/wp\/v2\/tags?post=124507"}],"curies":[{"name":"wp","href":"https:\/\/api.w.org\/{rel}","templated":true}]}}