{"id":124529,"date":"2025-10-12T06:34:36","date_gmt":"2025-10-12T11:34:36","guid":{"rendered":"https:\/\/futbolhoy.co\/?p=124529"},"modified":"2025-10-12T21:00:20","modified_gmt":"2025-10-13T02:00:20","slug":"nestor-lorenzo-sobre-goleada-ante-mexico-no-hay-esa-diferencia","status":"publish","type":"post","link":"https:\/\/futbolhoy.co\/index.php\/2025\/10\/12\/nestor-lorenzo-sobre-goleada-ante-mexico-no-hay-esa-diferencia\/","title":{"rendered":"N\u00e9stor Lorenzo sobre goleada ante M\u00e9xico: \" No hay esa diferencia\""},"content":{"rendered":"<p style=\"text-align: justify;\"><span style=\"font-family: helvetica, arial, sans-serif;\">Despu\u00e9s de la goleada <strong>4-0 de la Selecci\u00f3n Colombia sobre M\u00e9xico<\/strong>, en el partido amistoso, el t\u00e9cnico N\u00e9stor Lorenzo di\u00f3 su an\u00e1lisis durante la rueda de prensa posterior, y dej\u00f3 claro que su equipo venci\u00f3 a \"una de las mejores de los \u00faltimos tiempos\", explic\u00f3.<\/span><\/p>\n<p style=\"text-align: justify;\"><span style=\"font-family: helvetica, arial, sans-serif;\">\"No hay esa diferencia. Esta selecci\u00f3n mexicana, campeona de la Copa Oro, si no la mejor, con un gran t\u00e9cnico, por momentos te llevan a jugar donde no te hacen sentir c\u00f3modo\", explic\u00f3 el argentino.<\/span><\/p>\n<p style=\"text-align: justify;\"><span style=\"font-family: helvetica, arial, sans-serif;\">El DT subcampe\u00f3n de Am\u00e9rica en 2024 resalt\u00f3 la magia de <strong>Juan Fernando Quintero y James Rodr\u00edguez<\/strong>, que se combinaron para dar tres asistencias, y afirm\u00f3:\u00a0<\/span><\/p>\n<p style=\"text-align: justify;\"><span style=\"font-family: helvetica, arial, sans-serif;\">\"Somos un equipo, trabajamos como tal y estamos en esos detalles. Hoy otra vez pudimos convertir con pelota parada, pero todo depende m\u00e1s de la zona y del estudio del rival, de la pegada de James (Rodr\u00edguez) o Juanfer (Quintero), tenemos muy buenos cobradores de faltas. En Copa Am\u00e9rica tambi\u00e9n, <strong>cuando tenemos m\u00e1s tiempo para trabajar nos va bien<\/strong>. Esperemos que siga siendo un arma para abrir o cerrar partidos\", asegur\u00f3.<\/span><\/p>\n<blockquote class=\"twitter-tweet\" data-media-max-width=\"560\">\n<p dir=\"ltr\" lang=\"es\">\ud83c\udfa5 \"Somos un equipo, trabajamos en detalles, cada vez que tenemos m\u00e1s tiempo de trabajar, nos va bien\" N\u00e9stor Lorenzo, DT Selecci\u00f3n Colombia de Mayores. \ud83c\udde8\ud83c\uddf4\ud83d\udde3\ufe0f\ud83c\udf99\ufe0f<a href=\"https:\/\/twitter.com\/hashtag\/LaSeleNosUne?src=hash&amp;ref_src=twsrc%5Etfw\">#LaSeleNosUne<\/a>\ud83c\udde8\ud83c\uddf4 <a href=\"https:\/\/t.co\/qLgcaooOIF\">pic.twitter.com\/qLgcaooOIF<\/a><\/p>\n<p>\u2014 Selecci\u00f3n Colombia (@FCFSeleccionCol) <a href=\"https:\/\/twitter.com\/FCFSeleccionCol\/status\/1977216863462359158?ref_src=twsrc%5Etfw\">October 12, 2025<\/a><\/p><\/blockquote>\n<p style=\"text-align: justify;\"><script async src=\"https:\/\/platform.twitter.com\/widgets.js\" charset=\"utf-8\"><\/script><span style=\"font-family: helvetica, arial, sans-serif;\">De cara al segundo encuentro amistoso de octubre, frente a Canad\u00e1 en New Jersey, el director t\u00e9cnico reflej\u00f3 confianza en el grupo de jugadores y manifest\u00f3:<\/span><\/p>\n<p style=\"text-align: justify;\"><span style=\"font-family: helvetica, arial, sans-serif;\">\"Trabajar, hilar fino en los detalles, armar un buen grupo de jugadores y personas, eso nos ha dado muchos resultados. <strong>Estudiar mucho al rival<\/strong>, pero sin perder la esencia nuestra. Eso se manifiesta en el plan de cada partido\", finaliz\u00f3.<\/span><\/p>\n<p style=\"text-align: justify;\"><span style=\"font-family: helvetica, arial, sans-serif;\">La Selecci\u00f3n Colombia lleg\u00f3 a 6 partidos en l\u00ednea sin perder, y tras el duelo con Canad\u00e1, 'La Tricolor' se medir\u00e1 ante <strong>Nueva Zelanda y Nigeria en noviembre<\/strong>.<\/span><\/p>\n<h3 style=\"text-align: justify;\"><span style=\"font-family: helvetica, arial, sans-serif;\">Rueda de prensa completa de N\u00e9stor Lorenzo<\/span><\/h3>\n<p><iframe title=\"YouTube video player\" src=\"https:\/\/www.youtube.com\/embed\/vvDHtXpMYXM?si=OfmZl5SxxQhhdjJq\" width=\"560\" height=\"315\" frameborder=\"0\" allowfullscreen=\"allowfullscreen\"><\/iframe><\/p>\n<p style=\"text-align: justify;\">\n","protected":false},"excerpt":{"rendered":"<p>Despu\u00e9s de la goleada 4-0 de la Selecci\u00f3n Colombia sobre M\u00e9xico, en el partido amistoso, el t\u00e9cnico N\u00e9stor Lorenzo di\u00f3 su an\u00e1lisis durante la rueda de prensa posterior, y dej\u00f3 claro que su equipo venci\u00f3 a \"una de las mejores de los \u00faltimos tiempos\", explic\u00f3. \"No hay esa diferencia. Esta selecci\u00f3n mexicana, campeona de la [&hellip;]<\/p>\n","protected":false},"author":4,"featured_media":124530,"comment_status":"open","ping_status":"open","sticky":false,"template":"","format":"standard","meta":{"_acf_changed":false,"footnotes":""},"categories":[418],"tags":[],"class_list":{"0":"post-124529","1":"post","2":"type-post","3":"status-publish","4":"format-standard","5":"has-post-thumbnail","7":"category-colombia"},"acf":[],"yoast_head":"<!-- This site is optimized with the Yoast SEO plugin v26.8 - https:\/\/yoast.com\/product\/yoast-seo-wordpress\/ -->\n<title>N\u00e9stor Lorenzo sobre goleada ante M\u00e9xico: &quot; No hay esa diferencia&quot; -<\/title>\n<meta name=\"robots\" content=\"index, follow, max-snippet:-1, max-image-preview:large, max-video-preview:-1\" \/>\n<link rel=\"canonical\" href=\"https:\/\/futbolhoy.co\/index.php\/2025\/10\/12\/nestor-lorenzo-sobre-goleada-ante-mexico-no-hay-esa-diferencia\/\" \/>\n<meta property=\"og:locale\" content=\"es_ES\" \/>\n<meta property=\"og:type\" content=\"article\" \/>\n<meta property=\"og:title\" content=\"N\u00e9stor Lorenzo sobre goleada ante M\u00e9xico: &quot; No hay esa diferencia&quot; -\" \/>\n<meta property=\"og:description\" content=\"Despu\u00e9s de la goleada 4-0 de la Selecci\u00f3n Colombia sobre M\u00e9xico, en el partido amistoso, el t\u00e9cnico N\u00e9stor Lorenzo di\u00f3 su an\u00e1lisis durante la rueda de prensa posterior, y dej\u00f3 claro que su equipo venci\u00f3 a &quot;una de las mejores de los \u00faltimos tiempos&quot;, explic\u00f3. &quot;No hay esa diferencia. Esta selecci\u00f3n mexicana, campeona de la [&hellip;]\" \/>\n<meta property=\"og:url\" content=\"https:\/\/futbolhoy.co\/index.php\/2025\/10\/12\/nestor-lorenzo-sobre-goleada-ante-mexico-no-hay-esa-diferencia\/\" \/>\n<meta property=\"article:publisher\" content=\"https:\/\/www.facebook.com\/FutbolHoyCol\/\" \/>\n<meta property=\"article:published_time\" content=\"2025-10-12T11:34:36+00:00\" \/>\n<meta property=\"article:modified_time\" content=\"2025-10-13T02:00:20+00:00\" \/>\n<meta property=\"og:image\" content=\"https:\/\/futbolhoy.co\/wp-content\/uploads\/2025\/10\/WhatsApp-Image-2025-10-12-at-6.31.08-AM.jpeg\" \/>\n\t<meta property=\"og:image:width\" content=\"1280\" \/>\n\t<meta property=\"og:image:height\" content=\"702\" \/>\n\t<meta property=\"og:image:type\" content=\"image\/jpeg\" \/>\n<meta name=\"author\" content=\"contenido\" \/>\n<meta name=\"twitter:card\" content=\"summary_large_image\" \/>\n<meta name=\"twitter:creator\" content=\"@FutbolHoyCol\" \/>\n<meta name=\"twitter:site\" content=\"@FutbolHoyCol\" \/>\n<meta name=\"twitter:label1\" content=\"Escrito por\" \/>\n\t<meta name=\"twitter:data1\" content=\"contenido\" \/>\n\t<meta name=\"twitter:label2\" content=\"Tiempo de lectura\" \/>\n\t<meta name=\"twitter:data2\" content=\"2 minutos\" \/>\n<script type=\"application\/ld+json\" class=\"yoast-schema-graph\">{\"@context\":\"https:\/\/schema.org\",\"@graph\":[{\"@type\":\"Article\",\"@id\":\"https:\/\/futbolhoy.co\/index.php\/2025\/10\/12\/nestor-lorenzo-sobre-goleada-ante-mexico-no-hay-esa-diferencia\/#article\",\"isPartOf\":{\"@id\":\"https:\/\/futbolhoy.co\/index.php\/2025\/10\/12\/nestor-lorenzo-sobre-goleada-ante-mexico-no-hay-esa-diferencia\/\"},\"author\":{\"name\":\"contenido\",\"@id\":\"https:\/\/futbolhoy.co\/#\/schema\/person\/1721b69355b6623eaff15ac7b92d4cc3\"},\"headline\":\"N\u00e9stor Lorenzo sobre goleada ante M\u00e9xico: \\\" No hay esa diferencia\\\"\",\"datePublished\":\"2025-10-12T11:34:36+00:00\",\"dateModified\":\"2025-10-13T02:00:20+00:00\",\"mainEntityOfPage\":{\"@id\":\"https:\/\/futbolhoy.co\/index.php\/2025\/10\/12\/nestor-lorenzo-sobre-goleada-ante-mexico-no-hay-esa-diferencia\/\"},\"wordCount\":346,\"commentCount\":0,\"publisher\":{\"@id\":\"https:\/\/futbolhoy.co\/#organization\"},\"image\":{\"@id\":\"https:\/\/futbolhoy.co\/index.php\/2025\/10\/12\/nestor-lorenzo-sobre-goleada-ante-mexico-no-hay-esa-diferencia\/#primaryimage\"},\"thumbnailUrl\":\"https:\/\/futbolhoy.co\/wp-content\/uploads\/2025\/10\/WhatsApp-Image-2025-10-12-at-6.31.08-AM.jpeg\",\"articleSection\":[\"Colombia\"],\"inLanguage\":\"es\",\"potentialAction\":[{\"@type\":\"CommentAction\",\"name\":\"Comment\",\"target\":[\"https:\/\/futbolhoy.co\/index.php\/2025\/10\/12\/nestor-lorenzo-sobre-goleada-ante-mexico-no-hay-esa-diferencia\/#respond\"]}]},{\"@type\":\"WebPage\",\"@id\":\"https:\/\/futbolhoy.co\/index.php\/2025\/10\/12\/nestor-lorenzo-sobre-goleada-ante-mexico-no-hay-esa-diferencia\/\",\"url\":\"https:\/\/futbolhoy.co\/index.php\/2025\/10\/12\/nestor-lorenzo-sobre-goleada-ante-mexico-no-hay-esa-diferencia\/\",\"name\":\"N\u00e9stor Lorenzo sobre goleada ante M\u00e9xico: \\\" No hay esa diferencia\\\" -\",\"isPartOf\":{\"@id\":\"https:\/\/futbolhoy.co\/#website\"},\"primaryImageOfPage\":{\"@id\":\"https:\/\/futbolhoy.co\/index.php\/2025\/10\/12\/nestor-lorenzo-sobre-goleada-ante-mexico-no-hay-esa-diferencia\/#primaryimage\"},\"image\":{\"@id\":\"https:\/\/futbolhoy.co\/index.php\/2025\/10\/12\/nestor-lorenzo-sobre-goleada-ante-mexico-no-hay-esa-diferencia\/#primaryimage\"},\"thumbnailUrl\":\"https:\/\/futbolhoy.co\/wp-content\/uploads\/2025\/10\/WhatsApp-Image-2025-10-12-at-6.31.08-AM.jpeg\",\"datePublished\":\"2025-10-12T11:34:36+00:00\",\"dateModified\":\"2025-10-13T02:00:20+00:00\",\"breadcrumb\":{\"@id\":\"https:\/\/futbolhoy.co\/index.php\/2025\/10\/12\/nestor-lorenzo-sobre-goleada-ante-mexico-no-hay-esa-diferencia\/#breadcrumb\"},\"inLanguage\":\"es\",\"potentialAction\":[{\"@type\":\"ReadAction\",\"target\":[\"https:\/\/futbolhoy.co\/index.php\/2025\/10\/12\/nestor-lorenzo-sobre-goleada-ante-mexico-no-hay-esa-diferencia\/\"]}]},{\"@type\":\"ImageObject\",\"inLanguage\":\"es\",\"@id\":\"https:\/\/futbolhoy.co\/index.php\/2025\/10\/12\/nestor-lorenzo-sobre-goleada-ante-mexico-no-hay-esa-diferencia\/#primaryimage\",\"url\":\"https:\/\/futbolhoy.co\/wp-content\/uploads\/2025\/10\/WhatsApp-Image-2025-10-12-at-6.31.08-AM.jpeg\",\"contentUrl\":\"https:\/\/futbolhoy.co\/wp-content\/uploads\/2025\/10\/WhatsApp-Image-2025-10-12-at-6.31.08-AM.jpeg\",\"width\":1280,\"height\":702},{\"@type\":\"BreadcrumbList\",\"@id\":\"https:\/\/futbolhoy.co\/index.php\/2025\/10\/12\/nestor-lorenzo-sobre-goleada-ante-mexico-no-hay-esa-diferencia\/#breadcrumb\",\"itemListElement\":[{\"@type\":\"ListItem\",\"position\":1,\"name\":\"Portada\",\"item\":\"https:\/\/futbolhoy.co\/\"},{\"@type\":\"ListItem\",\"position\":2,\"name\":\"N\u00e9stor Lorenzo sobre goleada ante M\u00e9xico: \\\" No hay esa diferencia\\\"\"}]},{\"@type\":\"WebSite\",\"@id\":\"https:\/\/futbolhoy.co\/#website\",\"url\":\"https:\/\/futbolhoy.co\/\",\"name\":\"FutbolHoy\",\"description\":\"\",\"publisher\":{\"@id\":\"https:\/\/futbolhoy.co\/#organization\"},\"potentialAction\":[{\"@type\":\"SearchAction\",\"target\":{\"@type\":\"EntryPoint\",\"urlTemplate\":\"https:\/\/futbolhoy.co\/?s={search_term_string}\"},\"query-input\":{\"@type\":\"PropertyValueSpecification\",\"valueRequired\":true,\"valueName\":\"search_term_string\"}}],\"inLanguage\":\"es\"},{\"@type\":\"Organization\",\"@id\":\"https:\/\/futbolhoy.co\/#organization\",\"name\":\"Futbolhoy.co\",\"url\":\"https:\/\/futbolhoy.co\/\",\"logo\":{\"@type\":\"ImageObject\",\"inLanguage\":\"es\",\"@id\":\"https:\/\/futbolhoy.co\/#\/schema\/logo\/image\/\",\"url\":\"https:\/\/futbolhoy.co\/wp-content\/uploads\/2018\/08\/17426380_1906371736249227_6326180412931521141_n.jpg\",\"contentUrl\":\"https:\/\/futbolhoy.co\/wp-content\/uploads\/2018\/08\/17426380_1906371736249227_6326180412931521141_n.jpg\",\"width\":960,\"height\":960,\"caption\":\"Futbolhoy.co\"},\"image\":{\"@id\":\"https:\/\/futbolhoy.co\/#\/schema\/logo\/image\/\"},\"sameAs\":[\"https:\/\/www.facebook.com\/FutbolHoyCol\/\",\"https:\/\/x.com\/FutbolHoyCol\",\"https:\/\/www.instagram.com\/futbolhoycol\/\"]},{\"@type\":\"Person\",\"@id\":\"https:\/\/futbolhoy.co\/#\/schema\/person\/1721b69355b6623eaff15ac7b92d4cc3\",\"name\":\"contenido\",\"image\":{\"@type\":\"ImageObject\",\"inLanguage\":\"es\",\"@id\":\"https:\/\/futbolhoy.co\/#\/schema\/person\/image\/\",\"url\":\"https:\/\/secure.gravatar.com\/avatar\/4f656d3256f5134f466206e7c3941518?s=96&d=mm&r=g\",\"contentUrl\":\"https:\/\/secure.gravatar.com\/avatar\/4f656d3256f5134f466206e7c3941518?s=96&d=mm&r=g\",\"caption\":\"contenido\"}}]}<\/script>\n<!-- \/ Yoast SEO plugin. -->","yoast_head_json":{"title":"N\u00e9stor Lorenzo sobre goleada ante M\u00e9xico: \" No hay esa diferencia\" -","robots":{"index":"index","follow":"follow","max-snippet":"max-snippet:-1","max-image-preview":"max-image-preview:large","max-video-preview":"max-video-preview:-1"},"canonical":"https:\/\/futbolhoy.co\/index.php\/2025\/10\/12\/nestor-lorenzo-sobre-goleada-ante-mexico-no-hay-esa-diferencia\/","og_locale":"es_ES","og_type":"article","og_title":"N\u00e9stor Lorenzo sobre goleada ante M\u00e9xico: \" No hay esa diferencia\" -","og_description":"Despu\u00e9s de la goleada 4-0 de la Selecci\u00f3n Colombia sobre M\u00e9xico, en el partido amistoso, el t\u00e9cnico N\u00e9stor Lorenzo di\u00f3 su an\u00e1lisis durante la rueda de prensa posterior, y dej\u00f3 claro que su equipo venci\u00f3 a \"una de las mejores de los \u00faltimos tiempos\", explic\u00f3. \"No hay esa diferencia. Esta selecci\u00f3n mexicana, campeona de la [&hellip;]","og_url":"https:\/\/futbolhoy.co\/index.php\/2025\/10\/12\/nestor-lorenzo-sobre-goleada-ante-mexico-no-hay-esa-diferencia\/","article_publisher":"https:\/\/www.facebook.com\/FutbolHoyCol\/","article_published_time":"2025-10-12T11:34:36+00:00","article_modified_time":"2025-10-13T02:00:20+00:00","og_image":[{"width":1280,"height":702,"url":"https:\/\/futbolhoy.co\/wp-content\/uploads\/2025\/10\/WhatsApp-Image-2025-10-12-at-6.31.08-AM.jpeg","type":"image\/jpeg"}],"author":"contenido","twitter_card":"summary_large_image","twitter_creator":"@FutbolHoyCol","twitter_site":"@FutbolHoyCol","twitter_misc":{"Escrito por":"contenido","Tiempo de lectura":"2 minutos"},"schema":{"@context":"https:\/\/schema.org","@graph":[{"@type":"Article","@id":"https:\/\/futbolhoy.co\/index.php\/2025\/10\/12\/nestor-lorenzo-sobre-goleada-ante-mexico-no-hay-esa-diferencia\/#article","isPartOf":{"@id":"https:\/\/futbolhoy.co\/index.php\/2025\/10\/12\/nestor-lorenzo-sobre-goleada-ante-mexico-no-hay-esa-diferencia\/"},"author":{"name":"contenido","@id":"https:\/\/futbolhoy.co\/#\/schema\/person\/1721b69355b6623eaff15ac7b92d4cc3"},"headline":"N\u00e9stor Lorenzo sobre goleada ante M\u00e9xico: \" No hay esa diferencia\"","datePublished":"2025-10-12T11:34:36+00:00","dateModified":"2025-10-13T02:00:20+00:00","mainEntityOfPage":{"@id":"https:\/\/futbolhoy.co\/index.php\/2025\/10\/12\/nestor-lorenzo-sobre-goleada-ante-mexico-no-hay-esa-diferencia\/"},"wordCount":346,"commentCount":0,"publisher":{"@id":"https:\/\/futbolhoy.co\/#organization"},"image":{"@id":"https:\/\/futbolhoy.co\/index.php\/2025\/10\/12\/nestor-lorenzo-sobre-goleada-ante-mexico-no-hay-esa-diferencia\/#primaryimage"},"thumbnailUrl":"https:\/\/futbolhoy.co\/wp-content\/uploads\/2025\/10\/WhatsApp-Image-2025-10-12-at-6.31.08-AM.jpeg","articleSection":["Colombia"],"inLanguage":"es","potentialAction":[{"@type":"CommentAction","name":"Comment","target":["https:\/\/futbolhoy.co\/index.php\/2025\/10\/12\/nestor-lorenzo-sobre-goleada-ante-mexico-no-hay-esa-diferencia\/#respond"]}]},{"@type":"WebPage","@id":"https:\/\/futbolhoy.co\/index.php\/2025\/10\/12\/nestor-lorenzo-sobre-goleada-ante-mexico-no-hay-esa-diferencia\/","url":"https:\/\/futbolhoy.co\/index.php\/2025\/10\/12\/nestor-lorenzo-sobre-goleada-ante-mexico-no-hay-esa-diferencia\/","name":"N\u00e9stor Lorenzo sobre goleada ante M\u00e9xico: \" No hay esa diferencia\" -","isPartOf":{"@id":"https:\/\/futbolhoy.co\/#website"},"primaryImageOfPage":{"@id":"https:\/\/futbolhoy.co\/index.php\/2025\/10\/12\/nestor-lorenzo-sobre-goleada-ante-mexico-no-hay-esa-diferencia\/#primaryimage"},"image":{"@id":"https:\/\/futbolhoy.co\/index.php\/2025\/10\/12\/nestor-lorenzo-sobre-goleada-ante-mexico-no-hay-esa-diferencia\/#primaryimage"},"thumbnailUrl":"https:\/\/futbolhoy.co\/wp-content\/uploads\/2025\/10\/WhatsApp-Image-2025-10-12-at-6.31.08-AM.jpeg","datePublished":"2025-10-12T11:34:36+00:00","dateModified":"2025-10-13T02:00:20+00:00","breadcrumb":{"@id":"https:\/\/futbolhoy.co\/index.php\/2025\/10\/12\/nestor-lorenzo-sobre-goleada-ante-mexico-no-hay-esa-diferencia\/#breadcrumb"},"inLanguage":"es","potentialAction":[{"@type":"ReadAction","target":["https:\/\/futbolhoy.co\/index.php\/2025\/10\/12\/nestor-lorenzo-sobre-goleada-ante-mexico-no-hay-esa-diferencia\/"]}]},{"@type":"ImageObject","inLanguage":"es","@id":"https:\/\/futbolhoy.co\/index.php\/2025\/10\/12\/nestor-lorenzo-sobre-goleada-ante-mexico-no-hay-esa-diferencia\/#primaryimage","url":"https:\/\/futbolhoy.co\/wp-content\/uploads\/2025\/10\/WhatsApp-Image-2025-10-12-at-6.31.08-AM.jpeg","contentUrl":"https:\/\/futbolhoy.co\/wp-content\/uploads\/2025\/10\/WhatsApp-Image-2025-10-12-at-6.31.08-AM.jpeg","width":1280,"height":702},{"@type":"BreadcrumbList","@id":"https:\/\/futbolhoy.co\/index.php\/2025\/10\/12\/nestor-lorenzo-sobre-goleada-ante-mexico-no-hay-esa-diferencia\/#breadcrumb","itemListElement":[{"@type":"ListItem","position":1,"name":"Portada","item":"https:\/\/futbolhoy.co\/"},{"@type":"ListItem","position":2,"name":"N\u00e9stor Lorenzo sobre goleada ante M\u00e9xico: \" No hay esa diferencia\""}]},{"@type":"WebSite","@id":"https:\/\/futbolhoy.co\/#website","url":"https:\/\/futbolhoy.co\/","name":"FutbolHoy","description":"","publisher":{"@id":"https:\/\/futbolhoy.co\/#organization"},"potentialAction":[{"@type":"SearchAction","target":{"@type":"EntryPoint","urlTemplate":"https:\/\/futbolhoy.co\/?s={search_term_string}"},"query-input":{"@type":"PropertyValueSpecification","valueRequired":true,"valueName":"search_term_string"}}],"inLanguage":"es"},{"@type":"Organization","@id":"https:\/\/futbolhoy.co\/#organization","name":"Futbolhoy.co","url":"https:\/\/futbolhoy.co\/","logo":{"@type":"ImageObject","inLanguage":"es","@id":"https:\/\/futbolhoy.co\/#\/schema\/logo\/image\/","url":"https:\/\/futbolhoy.co\/wp-content\/uploads\/2018\/08\/17426380_1906371736249227_6326180412931521141_n.jpg","contentUrl":"https:\/\/futbolhoy.co\/wp-content\/uploads\/2018\/08\/17426380_1906371736249227_6326180412931521141_n.jpg","width":960,"height":960,"caption":"Futbolhoy.co"},"image":{"@id":"https:\/\/futbolhoy.co\/#\/schema\/logo\/image\/"},"sameAs":["https:\/\/www.facebook.com\/FutbolHoyCol\/","https:\/\/x.com\/FutbolHoyCol","https:\/\/www.instagram.com\/futbolhoycol\/"]},{"@type":"Person","@id":"https:\/\/futbolhoy.co\/#\/schema\/person\/1721b69355b6623eaff15ac7b92d4cc3","name":"contenido","image":{"@type":"ImageObject","inLanguage":"es","@id":"https:\/\/futbolhoy.co\/#\/schema\/person\/image\/","url":"https:\/\/secure.gravatar.com\/avatar\/4f656d3256f5134f466206e7c3941518?s=96&d=mm&r=g","contentUrl":"https:\/\/secure.gravatar.com\/avatar\/4f656d3256f5134f466206e7c3941518?s=96&d=mm&r=g","caption":"contenido"}}]}},"publishpress_future_action":{"enabled":false,"date":"2026-05-03 16:40:15","action":"change-status","newStatus":"draft","terms":[],"taxonomy":"category","extraData":[]},"publishpress_future_workflow_manual_trigger":{"enabledWorkflows":[]},"_links":{"self":[{"href":"https:\/\/futbolhoy.co\/index.php\/wp-json\/wp\/v2\/posts\/124529","targetHints":{"allow":["GET"]}}],"collection":[{"href":"https:\/\/futbolhoy.co\/index.php\/wp-json\/wp\/v2\/posts"}],"about":[{"href":"https:\/\/futbolhoy.co\/index.php\/wp-json\/wp\/v2\/types\/post"}],"author":[{"embeddable":true,"href":"https:\/\/futbolhoy.co\/index.php\/wp-json\/wp\/v2\/users\/4"}],"replies":[{"embeddable":true,"href":"https:\/\/futbolhoy.co\/index.php\/wp-json\/wp\/v2\/comments?post=124529"}],"version-history":[{"count":3,"href":"https:\/\/futbolhoy.co\/index.php\/wp-json\/wp\/v2\/posts\/124529\/revisions"}],"predecessor-version":[{"id":124533,"href":"https:\/\/futbolhoy.co\/index.php\/wp-json\/wp\/v2\/posts\/124529\/revisions\/124533"}],"wp:featuredmedia":[{"embeddable":true,"href":"https:\/\/futbolhoy.co\/index.php\/wp-json\/wp\/v2\/media\/124530"}],"wp:attachment":[{"href":"https:\/\/futbolhoy.co\/index.php\/wp-json\/wp\/v2\/media?parent=124529"}],"wp:term":[{"taxonomy":"category","embeddable":true,"href":"https:\/\/futbolhoy.co\/index.php\/wp-json\/wp\/v2\/categories?post=124529"},{"taxonomy":"post_tag","embeddable":true,"href":"https:\/\/futbolhoy.co\/index.php\/wp-json\/wp\/v2\/tags?post=124529"}],"curies":[{"name":"wp","href":"https:\/\/api.w.org\/{rel}","templated":true}]}}