{"id":124544,"date":"2025-10-12T10:49:12","date_gmt":"2025-10-12T15:49:12","guid":{"rendered":"https:\/\/futbolhoy.co\/?p=124544"},"modified":"2025-10-12T20:13:47","modified_gmt":"2025-10-13T01:13:47","slug":"dt-de-argentina-sobre-colombia-en-semifinal-del-mundial-sub-20-en-el-sudamericano-nos-costo","status":"publish","type":"post","link":"https:\/\/futbolhoy.co\/index.php\/2025\/10\/12\/dt-de-argentina-sobre-colombia-en-semifinal-del-mundial-sub-20-en-el-sudamericano-nos-costo\/","title":{"rendered":"DT de Argentina sobre Colombia en semifinal del Mundial Sub-20: \"En el Sudamericano nos cost\u00f3\""},"content":{"rendered":"<p style=\"text-align: justify;\"><span style=\"font-family: helvetica, arial, sans-serif;\">La <strong>Selecci\u00f3n Colombia<\/strong> se instal\u00f3 por segunda vez en la historia en la semifinal del Mundial Sub-20, luego de vencer 3-2 a Espa\u00f1a en los cuartos de final con hat trick de <strong>N\u00e9iser Villarreal<\/strong>, que es el m\u00e1ximo goleador (5) junto a Benjamin Cremaschi, de Estados Unidos.<\/span><\/p>\n<p style=\"text-align: justify;\"><span style=\"font-family: helvetica, arial, sans-serif;\">Los dirigidos por el t\u00e9cnico C\u00e9sar Torres enfrentar\u00e1n a Argentina, que dej\u00f3 en el camino a M\u00e9xico 2-0, el mi\u00e9rcoles <strong>15 de octubre <\/strong>a partir de las <strong>6:00 pm<\/strong>, en busca de un cupo en la gran final.<\/span><\/p>\n<h3><span style=\"font-family: helvetica, arial, sans-serif;\">Fixture Mundial Sub-20<\/span><\/h3>\n<p><img fetchpriority=\"high\" decoding=\"async\" class=\"alignnone size-full wp-image-124546\" src=\"https:\/\/futbolhoy.co\/wp-content\/uploads\/2025\/10\/WhatsApp-Image-2025-10-11-at-7.52.37-PM-1.jpeg\" alt=\"\" width=\"1364\" height=\"1600\" srcset=\"https:\/\/futbolhoy.co\/wp-content\/uploads\/2025\/10\/WhatsApp-Image-2025-10-11-at-7.52.37-PM-1.jpeg 1364w, https:\/\/futbolhoy.co\/wp-content\/uploads\/2025\/10\/WhatsApp-Image-2025-10-11-at-7.52.37-PM-1-256x300.jpeg 256w, https:\/\/futbolhoy.co\/wp-content\/uploads\/2025\/10\/WhatsApp-Image-2025-10-11-at-7.52.37-PM-1-873x1024.jpeg 873w, https:\/\/futbolhoy.co\/wp-content\/uploads\/2025\/10\/WhatsApp-Image-2025-10-11-at-7.52.37-PM-1-768x901.jpeg 768w, https:\/\/futbolhoy.co\/wp-content\/uploads\/2025\/10\/WhatsApp-Image-2025-10-11-at-7.52.37-PM-1-1309x1536.jpeg 1309w, https:\/\/futbolhoy.co\/wp-content\/uploads\/2025\/10\/WhatsApp-Image-2025-10-11-at-7.52.37-PM-1-696x816.jpeg 696w, https:\/\/futbolhoy.co\/wp-content\/uploads\/2025\/10\/WhatsApp-Image-2025-10-11-at-7.52.37-PM-1-1068x1253.jpeg 1068w, https:\/\/futbolhoy.co\/wp-content\/uploads\/2025\/10\/WhatsApp-Image-2025-10-11-at-7.52.37-PM-1-109x128.jpeg 109w, https:\/\/futbolhoy.co\/wp-content\/uploads\/2025\/10\/WhatsApp-Image-2025-10-11-at-7.52.37-PM-1-27x32.jpeg 27w\" sizes=\"(max-width: 1364px) 100vw, 1364px\" \/><\/p>\n<p style=\"text-align: justify;\"><span style=\"font-family: helvetica, arial, sans-serif;\">Ambas selecciones se enfrentaron en el Campeonato Sudamericano que se desarroll\u00f3 entre enero y febrero del a\u00f1o en curso, y el entrenador de Argentina, <strong>Diego Placente<\/strong>, record\u00f3 los enfrentamientos al afirmar en rueda de prensa:<\/span><\/p>\n<p style=\"text-align: justify;\"><span style=\"font-family: helvetica, arial, sans-serif;\">\"<strong>Dificil\u00edsimo, la verdad es que en el Sudamericano nos cost\u00f3<\/strong>, empatamos y ganamos, los dos partidos muy parejos y este va a ser igual\", declar\u00f3 Placente sobre los enfrentamientos con Colombia en la competencia.<\/span><\/p>\n<p style=\"text-align: justify;\"><span style=\"font-family: helvetica, arial, sans-serif;\">El primero termin\u00f3 con empate 1-1 gracias a las anotaciones de \u00d3scar Perea y Claudio Echeverry; mientras que en la fase final se volvieron a encontrar, esta vez, el resultado favoreci\u00f3 a 'La Albiceleste' 1-0.\u00a0<\/span><\/p>\n<p style=\"text-align: justify;\"><span style=\"font-family: helvetica, arial, sans-serif;\">Por acumulaci\u00f3n de tarjetas amarillas, <strong>N\u00e9iser Villarreal se perder\u00e1 la semifinal<\/strong> de la Copa del Mundo, y lo m\u00e1s probable es que el delantero de Fortaleza, <strong>Emilio Aristiz\u00e1bal<\/strong>, sea el que lo reemplace.<\/span><\/p>\n<p style=\"text-align: justify;\"><span style=\"font-family: helvetica, arial, sans-serif;\">Otro de los jugadores que se perder\u00e1 el duelo clave por el mismo motivo ser\u00e1 Carlos Sarabia. <strong>Jordan Barrera<\/strong> se retir\u00f3 con molestias y su presencia frente a Argentina es una incertidumbre.\u00a0\u00a0<\/span><\/p>\n<p style=\"text-align: justify;\">\n","protected":false},"excerpt":{"rendered":"<p>La Selecci\u00f3n Colombia se instal\u00f3 por segunda vez en la historia en la semifinal del Mundial Sub-20, luego de vencer 3-2 a Espa\u00f1a en los cuartos de final con hat trick de N\u00e9iser Villarreal, que es el m\u00e1ximo goleador (5) junto a Benjamin Cremaschi, de Estados Unidos. Los dirigidos por el t\u00e9cnico C\u00e9sar Torres enfrentar\u00e1n [&hellip;]<\/p>\n","protected":false},"author":4,"featured_media":124545,"comment_status":"open","ping_status":"open","sticky":false,"template":"","format":"standard","meta":{"_acf_changed":false,"footnotes":""},"categories":[152],"tags":[],"class_list":{"0":"post-124544","1":"post","2":"type-post","3":"status-publish","4":"format-standard","5":"has-post-thumbnail","7":"category-mundo-futbol"},"acf":[],"yoast_head":"<!-- This site is optimized with the Yoast SEO plugin v26.8 - https:\/\/yoast.com\/product\/yoast-seo-wordpress\/ -->\n<title>DT de Argentina sobre Colombia en semifinal del Mundial Sub-20: &quot;En el Sudamericano nos cost\u00f3&quot; -<\/title>\n<meta name=\"robots\" content=\"index, follow, max-snippet:-1, max-image-preview:large, max-video-preview:-1\" \/>\n<link rel=\"canonical\" href=\"https:\/\/futbolhoy.co\/index.php\/2025\/10\/12\/dt-de-argentina-sobre-colombia-en-semifinal-del-mundial-sub-20-en-el-sudamericano-nos-costo\/\" \/>\n<meta property=\"og:locale\" content=\"es_ES\" \/>\n<meta property=\"og:type\" content=\"article\" \/>\n<meta property=\"og:title\" content=\"DT de Argentina sobre Colombia en semifinal del Mundial Sub-20: &quot;En el Sudamericano nos cost\u00f3&quot; -\" \/>\n<meta property=\"og:description\" content=\"La Selecci\u00f3n Colombia se instal\u00f3 por segunda vez en la historia en la semifinal del Mundial Sub-20, luego de vencer 3-2 a Espa\u00f1a en los cuartos de final con hat trick de N\u00e9iser Villarreal, que es el m\u00e1ximo goleador (5) junto a Benjamin Cremaschi, de Estados Unidos. Los dirigidos por el t\u00e9cnico C\u00e9sar Torres enfrentar\u00e1n [&hellip;]\" \/>\n<meta property=\"og:url\" content=\"https:\/\/futbolhoy.co\/index.php\/2025\/10\/12\/dt-de-argentina-sobre-colombia-en-semifinal-del-mundial-sub-20-en-el-sudamericano-nos-costo\/\" \/>\n<meta property=\"article:publisher\" content=\"https:\/\/www.facebook.com\/FutbolHoyCol\/\" \/>\n<meta property=\"article:published_time\" content=\"2025-10-12T15:49:12+00:00\" \/>\n<meta property=\"article:modified_time\" content=\"2025-10-13T01:13:47+00:00\" \/>\n<meta property=\"og:image\" content=\"https:\/\/futbolhoy.co\/wp-content\/uploads\/2025\/10\/WhatsApp-Image-2025-10-12-at-10.45.46-AM.jpeg\" \/>\n\t<meta property=\"og:image:width\" content=\"828\" \/>\n\t<meta property=\"og:image:height\" content=\"786\" \/>\n\t<meta property=\"og:image:type\" content=\"image\/jpeg\" \/>\n<meta name=\"author\" content=\"contenido\" \/>\n<meta name=\"twitter:card\" content=\"summary_large_image\" \/>\n<meta name=\"twitter:creator\" content=\"@FutbolHoyCol\" \/>\n<meta name=\"twitter:site\" content=\"@FutbolHoyCol\" \/>\n<meta name=\"twitter:label1\" content=\"Escrito por\" \/>\n\t<meta name=\"twitter:data1\" content=\"contenido\" \/>\n\t<meta name=\"twitter:label2\" content=\"Tiempo de lectura\" \/>\n\t<meta name=\"twitter:data2\" content=\"1 minuto\" \/>\n<script type=\"application\/ld+json\" class=\"yoast-schema-graph\">{\"@context\":\"https:\/\/schema.org\",\"@graph\":[{\"@type\":\"Article\",\"@id\":\"https:\/\/futbolhoy.co\/index.php\/2025\/10\/12\/dt-de-argentina-sobre-colombia-en-semifinal-del-mundial-sub-20-en-el-sudamericano-nos-costo\/#article\",\"isPartOf\":{\"@id\":\"https:\/\/futbolhoy.co\/index.php\/2025\/10\/12\/dt-de-argentina-sobre-colombia-en-semifinal-del-mundial-sub-20-en-el-sudamericano-nos-costo\/\"},\"author\":{\"name\":\"contenido\",\"@id\":\"https:\/\/futbolhoy.co\/#\/schema\/person\/1721b69355b6623eaff15ac7b92d4cc3\"},\"headline\":\"DT de Argentina sobre Colombia en semifinal del Mundial Sub-20: \\\"En el Sudamericano nos cost\u00f3\\\"\",\"datePublished\":\"2025-10-12T15:49:12+00:00\",\"dateModified\":\"2025-10-13T01:13:47+00:00\",\"mainEntityOfPage\":{\"@id\":\"https:\/\/futbolhoy.co\/index.php\/2025\/10\/12\/dt-de-argentina-sobre-colombia-en-semifinal-del-mundial-sub-20-en-el-sudamericano-nos-costo\/\"},\"wordCount\":284,\"commentCount\":0,\"publisher\":{\"@id\":\"https:\/\/futbolhoy.co\/#organization\"},\"image\":{\"@id\":\"https:\/\/futbolhoy.co\/index.php\/2025\/10\/12\/dt-de-argentina-sobre-colombia-en-semifinal-del-mundial-sub-20-en-el-sudamericano-nos-costo\/#primaryimage\"},\"thumbnailUrl\":\"https:\/\/futbolhoy.co\/wp-content\/uploads\/2025\/10\/WhatsApp-Image-2025-10-12-at-10.45.46-AM.jpeg\",\"articleSection\":[\"Mundo Futbol\"],\"inLanguage\":\"es\",\"potentialAction\":[{\"@type\":\"CommentAction\",\"name\":\"Comment\",\"target\":[\"https:\/\/futbolhoy.co\/index.php\/2025\/10\/12\/dt-de-argentina-sobre-colombia-en-semifinal-del-mundial-sub-20-en-el-sudamericano-nos-costo\/#respond\"]}]},{\"@type\":\"WebPage\",\"@id\":\"https:\/\/futbolhoy.co\/index.php\/2025\/10\/12\/dt-de-argentina-sobre-colombia-en-semifinal-del-mundial-sub-20-en-el-sudamericano-nos-costo\/\",\"url\":\"https:\/\/futbolhoy.co\/index.php\/2025\/10\/12\/dt-de-argentina-sobre-colombia-en-semifinal-del-mundial-sub-20-en-el-sudamericano-nos-costo\/\",\"name\":\"DT de Argentina sobre Colombia en semifinal del Mundial Sub-20: \\\"En el Sudamericano nos cost\u00f3\\\" -\",\"isPartOf\":{\"@id\":\"https:\/\/futbolhoy.co\/#website\"},\"primaryImageOfPage\":{\"@id\":\"https:\/\/futbolhoy.co\/index.php\/2025\/10\/12\/dt-de-argentina-sobre-colombia-en-semifinal-del-mundial-sub-20-en-el-sudamericano-nos-costo\/#primaryimage\"},\"image\":{\"@id\":\"https:\/\/futbolhoy.co\/index.php\/2025\/10\/12\/dt-de-argentina-sobre-colombia-en-semifinal-del-mundial-sub-20-en-el-sudamericano-nos-costo\/#primaryimage\"},\"thumbnailUrl\":\"https:\/\/futbolhoy.co\/wp-content\/uploads\/2025\/10\/WhatsApp-Image-2025-10-12-at-10.45.46-AM.jpeg\",\"datePublished\":\"2025-10-12T15:49:12+00:00\",\"dateModified\":\"2025-10-13T01:13:47+00:00\",\"breadcrumb\":{\"@id\":\"https:\/\/futbolhoy.co\/index.php\/2025\/10\/12\/dt-de-argentina-sobre-colombia-en-semifinal-del-mundial-sub-20-en-el-sudamericano-nos-costo\/#breadcrumb\"},\"inLanguage\":\"es\",\"potentialAction\":[{\"@type\":\"ReadAction\",\"target\":[\"https:\/\/futbolhoy.co\/index.php\/2025\/10\/12\/dt-de-argentina-sobre-colombia-en-semifinal-del-mundial-sub-20-en-el-sudamericano-nos-costo\/\"]}]},{\"@type\":\"ImageObject\",\"inLanguage\":\"es\",\"@id\":\"https:\/\/futbolhoy.co\/index.php\/2025\/10\/12\/dt-de-argentina-sobre-colombia-en-semifinal-del-mundial-sub-20-en-el-sudamericano-nos-costo\/#primaryimage\",\"url\":\"https:\/\/futbolhoy.co\/wp-content\/uploads\/2025\/10\/WhatsApp-Image-2025-10-12-at-10.45.46-AM.jpeg\",\"contentUrl\":\"https:\/\/futbolhoy.co\/wp-content\/uploads\/2025\/10\/WhatsApp-Image-2025-10-12-at-10.45.46-AM.jpeg\",\"width\":828,\"height\":786},{\"@type\":\"BreadcrumbList\",\"@id\":\"https:\/\/futbolhoy.co\/index.php\/2025\/10\/12\/dt-de-argentina-sobre-colombia-en-semifinal-del-mundial-sub-20-en-el-sudamericano-nos-costo\/#breadcrumb\",\"itemListElement\":[{\"@type\":\"ListItem\",\"position\":1,\"name\":\"Portada\",\"item\":\"https:\/\/futbolhoy.co\/\"},{\"@type\":\"ListItem\",\"position\":2,\"name\":\"DT de Argentina sobre Colombia en semifinal del Mundial Sub-20: \\\"En el Sudamericano nos cost\u00f3\\\"\"}]},{\"@type\":\"WebSite\",\"@id\":\"https:\/\/futbolhoy.co\/#website\",\"url\":\"https:\/\/futbolhoy.co\/\",\"name\":\"FutbolHoy\",\"description\":\"\",\"publisher\":{\"@id\":\"https:\/\/futbolhoy.co\/#organization\"},\"potentialAction\":[{\"@type\":\"SearchAction\",\"target\":{\"@type\":\"EntryPoint\",\"urlTemplate\":\"https:\/\/futbolhoy.co\/?s={search_term_string}\"},\"query-input\":{\"@type\":\"PropertyValueSpecification\",\"valueRequired\":true,\"valueName\":\"search_term_string\"}}],\"inLanguage\":\"es\"},{\"@type\":\"Organization\",\"@id\":\"https:\/\/futbolhoy.co\/#organization\",\"name\":\"Futbolhoy.co\",\"url\":\"https:\/\/futbolhoy.co\/\",\"logo\":{\"@type\":\"ImageObject\",\"inLanguage\":\"es\",\"@id\":\"https:\/\/futbolhoy.co\/#\/schema\/logo\/image\/\",\"url\":\"https:\/\/futbolhoy.co\/wp-content\/uploads\/2018\/08\/17426380_1906371736249227_6326180412931521141_n.jpg\",\"contentUrl\":\"https:\/\/futbolhoy.co\/wp-content\/uploads\/2018\/08\/17426380_1906371736249227_6326180412931521141_n.jpg\",\"width\":960,\"height\":960,\"caption\":\"Futbolhoy.co\"},\"image\":{\"@id\":\"https:\/\/futbolhoy.co\/#\/schema\/logo\/image\/\"},\"sameAs\":[\"https:\/\/www.facebook.com\/FutbolHoyCol\/\",\"https:\/\/x.com\/FutbolHoyCol\",\"https:\/\/www.instagram.com\/futbolhoycol\/\"]},{\"@type\":\"Person\",\"@id\":\"https:\/\/futbolhoy.co\/#\/schema\/person\/1721b69355b6623eaff15ac7b92d4cc3\",\"name\":\"contenido\",\"image\":{\"@type\":\"ImageObject\",\"inLanguage\":\"es\",\"@id\":\"https:\/\/futbolhoy.co\/#\/schema\/person\/image\/\",\"url\":\"https:\/\/secure.gravatar.com\/avatar\/4f656d3256f5134f466206e7c3941518?s=96&d=mm&r=g\",\"contentUrl\":\"https:\/\/secure.gravatar.com\/avatar\/4f656d3256f5134f466206e7c3941518?s=96&d=mm&r=g\",\"caption\":\"contenido\"}}]}<\/script>\n<!-- \/ Yoast SEO plugin. -->","yoast_head_json":{"title":"DT de Argentina sobre Colombia en semifinal del Mundial Sub-20: \"En el Sudamericano nos cost\u00f3\" -","robots":{"index":"index","follow":"follow","max-snippet":"max-snippet:-1","max-image-preview":"max-image-preview:large","max-video-preview":"max-video-preview:-1"},"canonical":"https:\/\/futbolhoy.co\/index.php\/2025\/10\/12\/dt-de-argentina-sobre-colombia-en-semifinal-del-mundial-sub-20-en-el-sudamericano-nos-costo\/","og_locale":"es_ES","og_type":"article","og_title":"DT de Argentina sobre Colombia en semifinal del Mundial Sub-20: \"En el Sudamericano nos cost\u00f3\" -","og_description":"La Selecci\u00f3n Colombia se instal\u00f3 por segunda vez en la historia en la semifinal del Mundial Sub-20, luego de vencer 3-2 a Espa\u00f1a en los cuartos de final con hat trick de N\u00e9iser Villarreal, que es el m\u00e1ximo goleador (5) junto a Benjamin Cremaschi, de Estados Unidos. Los dirigidos por el t\u00e9cnico C\u00e9sar Torres enfrentar\u00e1n [&hellip;]","og_url":"https:\/\/futbolhoy.co\/index.php\/2025\/10\/12\/dt-de-argentina-sobre-colombia-en-semifinal-del-mundial-sub-20-en-el-sudamericano-nos-costo\/","article_publisher":"https:\/\/www.facebook.com\/FutbolHoyCol\/","article_published_time":"2025-10-12T15:49:12+00:00","article_modified_time":"2025-10-13T01:13:47+00:00","og_image":[{"width":828,"height":786,"url":"https:\/\/futbolhoy.co\/wp-content\/uploads\/2025\/10\/WhatsApp-Image-2025-10-12-at-10.45.46-AM.jpeg","type":"image\/jpeg"}],"author":"contenido","twitter_card":"summary_large_image","twitter_creator":"@FutbolHoyCol","twitter_site":"@FutbolHoyCol","twitter_misc":{"Escrito por":"contenido","Tiempo de lectura":"1 minuto"},"schema":{"@context":"https:\/\/schema.org","@graph":[{"@type":"Article","@id":"https:\/\/futbolhoy.co\/index.php\/2025\/10\/12\/dt-de-argentina-sobre-colombia-en-semifinal-del-mundial-sub-20-en-el-sudamericano-nos-costo\/#article","isPartOf":{"@id":"https:\/\/futbolhoy.co\/index.php\/2025\/10\/12\/dt-de-argentina-sobre-colombia-en-semifinal-del-mundial-sub-20-en-el-sudamericano-nos-costo\/"},"author":{"name":"contenido","@id":"https:\/\/futbolhoy.co\/#\/schema\/person\/1721b69355b6623eaff15ac7b92d4cc3"},"headline":"DT de Argentina sobre Colombia en semifinal del Mundial Sub-20: \"En el Sudamericano nos cost\u00f3\"","datePublished":"2025-10-12T15:49:12+00:00","dateModified":"2025-10-13T01:13:47+00:00","mainEntityOfPage":{"@id":"https:\/\/futbolhoy.co\/index.php\/2025\/10\/12\/dt-de-argentina-sobre-colombia-en-semifinal-del-mundial-sub-20-en-el-sudamericano-nos-costo\/"},"wordCount":284,"commentCount":0,"publisher":{"@id":"https:\/\/futbolhoy.co\/#organization"},"image":{"@id":"https:\/\/futbolhoy.co\/index.php\/2025\/10\/12\/dt-de-argentina-sobre-colombia-en-semifinal-del-mundial-sub-20-en-el-sudamericano-nos-costo\/#primaryimage"},"thumbnailUrl":"https:\/\/futbolhoy.co\/wp-content\/uploads\/2025\/10\/WhatsApp-Image-2025-10-12-at-10.45.46-AM.jpeg","articleSection":["Mundo Futbol"],"inLanguage":"es","potentialAction":[{"@type":"CommentAction","name":"Comment","target":["https:\/\/futbolhoy.co\/index.php\/2025\/10\/12\/dt-de-argentina-sobre-colombia-en-semifinal-del-mundial-sub-20-en-el-sudamericano-nos-costo\/#respond"]}]},{"@type":"WebPage","@id":"https:\/\/futbolhoy.co\/index.php\/2025\/10\/12\/dt-de-argentina-sobre-colombia-en-semifinal-del-mundial-sub-20-en-el-sudamericano-nos-costo\/","url":"https:\/\/futbolhoy.co\/index.php\/2025\/10\/12\/dt-de-argentina-sobre-colombia-en-semifinal-del-mundial-sub-20-en-el-sudamericano-nos-costo\/","name":"DT de Argentina sobre Colombia en semifinal del Mundial Sub-20: \"En el Sudamericano nos cost\u00f3\" -","isPartOf":{"@id":"https:\/\/futbolhoy.co\/#website"},"primaryImageOfPage":{"@id":"https:\/\/futbolhoy.co\/index.php\/2025\/10\/12\/dt-de-argentina-sobre-colombia-en-semifinal-del-mundial-sub-20-en-el-sudamericano-nos-costo\/#primaryimage"},"image":{"@id":"https:\/\/futbolhoy.co\/index.php\/2025\/10\/12\/dt-de-argentina-sobre-colombia-en-semifinal-del-mundial-sub-20-en-el-sudamericano-nos-costo\/#primaryimage"},"thumbnailUrl":"https:\/\/futbolhoy.co\/wp-content\/uploads\/2025\/10\/WhatsApp-Image-2025-10-12-at-10.45.46-AM.jpeg","datePublished":"2025-10-12T15:49:12+00:00","dateModified":"2025-10-13T01:13:47+00:00","breadcrumb":{"@id":"https:\/\/futbolhoy.co\/index.php\/2025\/10\/12\/dt-de-argentina-sobre-colombia-en-semifinal-del-mundial-sub-20-en-el-sudamericano-nos-costo\/#breadcrumb"},"inLanguage":"es","potentialAction":[{"@type":"ReadAction","target":["https:\/\/futbolhoy.co\/index.php\/2025\/10\/12\/dt-de-argentina-sobre-colombia-en-semifinal-del-mundial-sub-20-en-el-sudamericano-nos-costo\/"]}]},{"@type":"ImageObject","inLanguage":"es","@id":"https:\/\/futbolhoy.co\/index.php\/2025\/10\/12\/dt-de-argentina-sobre-colombia-en-semifinal-del-mundial-sub-20-en-el-sudamericano-nos-costo\/#primaryimage","url":"https:\/\/futbolhoy.co\/wp-content\/uploads\/2025\/10\/WhatsApp-Image-2025-10-12-at-10.45.46-AM.jpeg","contentUrl":"https:\/\/futbolhoy.co\/wp-content\/uploads\/2025\/10\/WhatsApp-Image-2025-10-12-at-10.45.46-AM.jpeg","width":828,"height":786},{"@type":"BreadcrumbList","@id":"https:\/\/futbolhoy.co\/index.php\/2025\/10\/12\/dt-de-argentina-sobre-colombia-en-semifinal-del-mundial-sub-20-en-el-sudamericano-nos-costo\/#breadcrumb","itemListElement":[{"@type":"ListItem","position":1,"name":"Portada","item":"https:\/\/futbolhoy.co\/"},{"@type":"ListItem","position":2,"name":"DT de Argentina sobre Colombia en semifinal del Mundial Sub-20: \"En el Sudamericano nos cost\u00f3\""}]},{"@type":"WebSite","@id":"https:\/\/futbolhoy.co\/#website","url":"https:\/\/futbolhoy.co\/","name":"FutbolHoy","description":"","publisher":{"@id":"https:\/\/futbolhoy.co\/#organization"},"potentialAction":[{"@type":"SearchAction","target":{"@type":"EntryPoint","urlTemplate":"https:\/\/futbolhoy.co\/?s={search_term_string}"},"query-input":{"@type":"PropertyValueSpecification","valueRequired":true,"valueName":"search_term_string"}}],"inLanguage":"es"},{"@type":"Organization","@id":"https:\/\/futbolhoy.co\/#organization","name":"Futbolhoy.co","url":"https:\/\/futbolhoy.co\/","logo":{"@type":"ImageObject","inLanguage":"es","@id":"https:\/\/futbolhoy.co\/#\/schema\/logo\/image\/","url":"https:\/\/futbolhoy.co\/wp-content\/uploads\/2018\/08\/17426380_1906371736249227_6326180412931521141_n.jpg","contentUrl":"https:\/\/futbolhoy.co\/wp-content\/uploads\/2018\/08\/17426380_1906371736249227_6326180412931521141_n.jpg","width":960,"height":960,"caption":"Futbolhoy.co"},"image":{"@id":"https:\/\/futbolhoy.co\/#\/schema\/logo\/image\/"},"sameAs":["https:\/\/www.facebook.com\/FutbolHoyCol\/","https:\/\/x.com\/FutbolHoyCol","https:\/\/www.instagram.com\/futbolhoycol\/"]},{"@type":"Person","@id":"https:\/\/futbolhoy.co\/#\/schema\/person\/1721b69355b6623eaff15ac7b92d4cc3","name":"contenido","image":{"@type":"ImageObject","inLanguage":"es","@id":"https:\/\/futbolhoy.co\/#\/schema\/person\/image\/","url":"https:\/\/secure.gravatar.com\/avatar\/4f656d3256f5134f466206e7c3941518?s=96&d=mm&r=g","contentUrl":"https:\/\/secure.gravatar.com\/avatar\/4f656d3256f5134f466206e7c3941518?s=96&d=mm&r=g","caption":"contenido"}}]}},"publishpress_future_action":{"enabled":false,"date":"2026-05-03 13:51:24","action":"change-status","newStatus":"draft","terms":[],"taxonomy":"category","extraData":[]},"publishpress_future_workflow_manual_trigger":{"enabledWorkflows":[]},"_links":{"self":[{"href":"https:\/\/futbolhoy.co\/index.php\/wp-json\/wp\/v2\/posts\/124544","targetHints":{"allow":["GET"]}}],"collection":[{"href":"https:\/\/futbolhoy.co\/index.php\/wp-json\/wp\/v2\/posts"}],"about":[{"href":"https:\/\/futbolhoy.co\/index.php\/wp-json\/wp\/v2\/types\/post"}],"author":[{"embeddable":true,"href":"https:\/\/futbolhoy.co\/index.php\/wp-json\/wp\/v2\/users\/4"}],"replies":[{"embeddable":true,"href":"https:\/\/futbolhoy.co\/index.php\/wp-json\/wp\/v2\/comments?post=124544"}],"version-history":[{"count":1,"href":"https:\/\/futbolhoy.co\/index.php\/wp-json\/wp\/v2\/posts\/124544\/revisions"}],"predecessor-version":[{"id":124547,"href":"https:\/\/futbolhoy.co\/index.php\/wp-json\/wp\/v2\/posts\/124544\/revisions\/124547"}],"wp:featuredmedia":[{"embeddable":true,"href":"https:\/\/futbolhoy.co\/index.php\/wp-json\/wp\/v2\/media\/124545"}],"wp:attachment":[{"href":"https:\/\/futbolhoy.co\/index.php\/wp-json\/wp\/v2\/media?parent=124544"}],"wp:term":[{"taxonomy":"category","embeddable":true,"href":"https:\/\/futbolhoy.co\/index.php\/wp-json\/wp\/v2\/categories?post=124544"},{"taxonomy":"post_tag","embeddable":true,"href":"https:\/\/futbolhoy.co\/index.php\/wp-json\/wp\/v2\/tags?post=124544"}],"curies":[{"name":"wp","href":"https:\/\/api.w.org\/{rel}","templated":true}]}}