{"id":124715,"date":"2025-10-16T10:54:15","date_gmt":"2025-10-16T15:54:15","guid":{"rendered":"https:\/\/futbolhoy.co\/?p=124715"},"modified":"2025-10-17T21:06:35","modified_gmt":"2025-10-18T02:06:35","slug":"ignacio-ambriz-confeso-molestia-de-james-rodriguez-tras-paron-fifa-con-seleccion-colombia","status":"publish","type":"post","link":"https:\/\/futbolhoy.co\/index.php\/2025\/10\/16\/ignacio-ambriz-confeso-molestia-de-james-rodriguez-tras-paron-fifa-con-seleccion-colombia\/","title":{"rendered":"Ignacio Ambriz confes\u00f3 molestia de James Rodr\u00edguez tras par\u00f3n FIFA con Selecci\u00f3n Colombia"},"content":{"rendered":"<p style=\"text-align: justify;\"><span style=\"font-family: helvetica, arial, sans-serif;\"><strong>James Rodr\u00edguez<\/strong> preocupa de nuevo en Club Le\u00f3n. El cucute\u00f1o estuvo presente con la <strong>Selecci\u00f3n Colombia<\/strong> durante los dos partidos amistosos de octubre, frente a M\u00e9xico (4-0) y Canad\u00e1 (0-0), y sum\u00f3 114' minutos.<\/span><\/p>\n<p style=\"text-align: justify;\"><span style=\"font-family: helvetica, arial, sans-serif;\">El capit\u00e1n y '10' de 'La Tricolor' registr\u00f3 un doblete de asistencias en el primer partido, e ingres\u00f3 para el segundo tiempo frente a <strong>Canad\u00e1<\/strong>, d\u00e1ndole un mejor aire al equipo.<\/span><\/p>\n<p style=\"text-align: justify;\"><span style=\"font-family: helvetica, arial, sans-serif;\">Tras su regreso a Club Le\u00f3n, equipo que prepara su siguiente compromiso de Liga MX ante <strong>Santos Laguna<\/strong>, programado para el s\u00e1bado <strong>18 de octubre a partir de las 6:00 pm<\/strong> (hora Colombia); el entrenador, <strong>Ignacio Ambriz<\/strong>, se refiri\u00f3 al estado f\u00edsico con el que lleg\u00f3 James, y confes\u00f3:<\/span><\/p>\n<p style=\"text-align: justify;\"><span style=\"font-family: helvetica, arial, sans-serif;\">\"James Rodr\u00edguez ven\u00eda con una peque\u00f1a molestia, se siente un poco cargado de los isquiotibiales. <strong>Es normal, nada de gravedad<\/strong>; con los fisios y con un buen regenerativo lo podemos tener para el s\u00e1bado\", confirm\u00f3.<\/span><\/p>\n<p style=\"text-align: justify;\"><span style=\"font-family: helvetica, arial, sans-serif;\">Aunque el entrenador no confirm\u00f3 una lesi\u00f3n de gravedad, tampoco ratific\u00f3 su presencia el s\u00e1bado. En caso de que el jugador no est\u00e9 disponible, se espera que sea habilitado para disputar el siguiente encuentro, que ser\u00e1 ante Atlas, del portero colombiano <strong>Camilo Vargas<\/strong>, en la fecha 14 del campeonato.<\/span><\/p>\n<p><span style=\"font-family: helvetica, arial, sans-serif;\">Ignacio 'Nacho' Ambriz, tambi\u00e9n se refiri\u00f3 a su meta con James, y declar\u00f3:<\/span><\/p>\n<p><span style=\"font-family: helvetica, arial, sans-serif;\">\"<strong>C\u00f3mo genero que \u00e9l (James Rodr\u00edguez) juegue como en su Selecci\u00f3n<\/strong>, eso ya me corresponde a m\u00ed, es ver temas como: \u00b4Te sientes c\u00f3modo, jugar\u00e1s ac\u00e1 m\u00e1s libre\u00b4, despu\u00e9s, tengo que armar estrategias porque <strong>sabemos que \u00e9l, en Selecci\u00f3n tampoco es que baje a defender.\", explic\u00f3.<\/strong><\/span><\/p>\n<p style=\"text-align: justify;\"><span style=\"font-family: helvetica, arial, sans-serif;\">\"James se va acomodando tras el robo del bal\u00f3n y te lanza, yo tambi\u00e9n tengo que armar una estrategia, decirle te vas acomodando para que cuando juegue contigo, tengamos esa conexi\u00f3n con Funes Mori, el \u00b4Pl\u00e1tano\u00b4, con Ismael o Moreno, o las laterales que vienen de atr\u00e1s, ese es mi trabajo\", se refiri\u00f3 sobre James.<\/span><\/p>\n<h3><span style=\"font-family: helvetica, arial, sans-serif;\">Club Le\u00f3n en Liga MX<\/span><\/h3>\n<p style=\"text-align: justify;\"><span style=\"font-family: helvetica, arial, sans-serif;\">El equipo de Guanajuato marcha decimosegundo en la tabla de posiciones con 12 unidades, a una del d\u00e9cimo lugar, que es el \u00faltimo puesto de clasificaci\u00f3n para la Liguilla, previo a la fase final de la <strong>Liga MX<\/strong>.<\/span><\/p>\n<p style=\"text-align: justify;\"><span style=\"font-family: helvetica, arial, sans-serif;\">El talentoso mediocampista con pasado en Real Madrid, Monaco, Porto, Banfield, entre otros, suma 3 goles y 1 asistencia en el la competencia en curso, durante 623' minutos en cancha.<\/span><\/p>\n<p style=\"text-align: justify;\"><span style=\"font-family: helvetica, arial, sans-serif;\">Con la camiseta de Club Le\u00f3n, desde su llegada en enero de 2025, completa <strong>5 tantos y 8 asistencias<\/strong> en 2.201'.\u00a0<\/span><\/p>\n<h3 style=\"text-align: justify;\"><span style=\"font-family: helvetica, arial, sans-serif;\">Declaraciones completas del entrenador de Club Le\u00f3n<\/span><\/h3>\n<p><iframe title=\"YouTube video player\" src=\"https:\/\/www.youtube.com\/embed\/Iscf5k_NAFY?si=9oqtpEK2j6a1_-WU\" width=\"560\" height=\"315\" frameborder=\"0\" allowfullscreen=\"allowfullscreen\"><\/iframe><\/p>\n","protected":false},"excerpt":{"rendered":"<p>James Rodr\u00edguez preocupa de nuevo en Club Le\u00f3n. El cucute\u00f1o estuvo presente con la Selecci\u00f3n Colombia durante los dos partidos amistosos de octubre, frente a M\u00e9xico (4-0) y Canad\u00e1 (0-0), y sum\u00f3 114' minutos. El capit\u00e1n y '10' de 'La Tricolor' registr\u00f3 un doblete de asistencias en el primer partido, e ingres\u00f3 para el segundo [&hellip;]<\/p>\n","protected":false},"author":4,"featured_media":124716,"comment_status":"open","ping_status":"open","sticky":false,"template":"","format":"standard","meta":{"_acf_changed":false,"footnotes":""},"categories":[418],"tags":[],"class_list":{"0":"post-124715","1":"post","2":"type-post","3":"status-publish","4":"format-standard","5":"has-post-thumbnail","7":"category-colombia"},"acf":[],"yoast_head":"<!-- This site is optimized with the Yoast SEO plugin v26.8 - https:\/\/yoast.com\/product\/yoast-seo-wordpress\/ -->\n<title>Ignacio Ambriz confes\u00f3 molestia de James Rodr\u00edguez tras par\u00f3n FIFA con Selecci\u00f3n Colombia -<\/title>\n<meta name=\"robots\" content=\"index, follow, max-snippet:-1, max-image-preview:large, max-video-preview:-1\" \/>\n<link rel=\"canonical\" href=\"https:\/\/futbolhoy.co\/index.php\/2025\/10\/16\/ignacio-ambriz-confeso-molestia-de-james-rodriguez-tras-paron-fifa-con-seleccion-colombia\/\" \/>\n<meta property=\"og:locale\" content=\"es_ES\" \/>\n<meta property=\"og:type\" content=\"article\" \/>\n<meta property=\"og:title\" content=\"Ignacio Ambriz confes\u00f3 molestia de James Rodr\u00edguez tras par\u00f3n FIFA con Selecci\u00f3n Colombia -\" \/>\n<meta property=\"og:description\" content=\"James Rodr\u00edguez preocupa de nuevo en Club Le\u00f3n. El cucute\u00f1o estuvo presente con la Selecci\u00f3n Colombia durante los dos partidos amistosos de octubre, frente a M\u00e9xico (4-0) y Canad\u00e1 (0-0), y sum\u00f3 114&#039; minutos. El capit\u00e1n y &#039;10&#039; de &#039;La Tricolor&#039; registr\u00f3 un doblete de asistencias en el primer partido, e ingres\u00f3 para el segundo [&hellip;]\" \/>\n<meta property=\"og:url\" content=\"https:\/\/futbolhoy.co\/index.php\/2025\/10\/16\/ignacio-ambriz-confeso-molestia-de-james-rodriguez-tras-paron-fifa-con-seleccion-colombia\/\" \/>\n<meta property=\"article:publisher\" content=\"https:\/\/www.facebook.com\/FutbolHoyCol\/\" \/>\n<meta property=\"article:published_time\" content=\"2025-10-16T15:54:15+00:00\" \/>\n<meta property=\"article:modified_time\" content=\"2025-10-18T02:06:35+00:00\" \/>\n<meta property=\"og:image\" content=\"https:\/\/futbolhoy.co\/wp-content\/uploads\/2025\/10\/WhatsApp-Image-2025-10-16-at-10.53.07-AM.jpeg\" \/>\n\t<meta property=\"og:image:width\" content=\"828\" \/>\n\t<meta property=\"og:image:height\" content=\"523\" \/>\n\t<meta property=\"og:image:type\" content=\"image\/jpeg\" \/>\n<meta name=\"author\" content=\"contenido\" \/>\n<meta name=\"twitter:card\" content=\"summary_large_image\" \/>\n<meta name=\"twitter:creator\" content=\"@FutbolHoyCol\" \/>\n<meta name=\"twitter:site\" content=\"@FutbolHoyCol\" \/>\n<meta name=\"twitter:label1\" content=\"Escrito por\" \/>\n\t<meta name=\"twitter:data1\" content=\"contenido\" \/>\n\t<meta name=\"twitter:label2\" content=\"Tiempo de lectura\" \/>\n\t<meta name=\"twitter:data2\" content=\"2 minutos\" \/>\n<script type=\"application\/ld+json\" class=\"yoast-schema-graph\">{\"@context\":\"https:\/\/schema.org\",\"@graph\":[{\"@type\":\"Article\",\"@id\":\"https:\/\/futbolhoy.co\/index.php\/2025\/10\/16\/ignacio-ambriz-confeso-molestia-de-james-rodriguez-tras-paron-fifa-con-seleccion-colombia\/#article\",\"isPartOf\":{\"@id\":\"https:\/\/futbolhoy.co\/index.php\/2025\/10\/16\/ignacio-ambriz-confeso-molestia-de-james-rodriguez-tras-paron-fifa-con-seleccion-colombia\/\"},\"author\":{\"name\":\"contenido\",\"@id\":\"https:\/\/futbolhoy.co\/#\/schema\/person\/1721b69355b6623eaff15ac7b92d4cc3\"},\"headline\":\"Ignacio Ambriz confes\u00f3 molestia de James Rodr\u00edguez tras par\u00f3n FIFA con Selecci\u00f3n Colombia\",\"datePublished\":\"2025-10-16T15:54:15+00:00\",\"dateModified\":\"2025-10-18T02:06:35+00:00\",\"mainEntityOfPage\":{\"@id\":\"https:\/\/futbolhoy.co\/index.php\/2025\/10\/16\/ignacio-ambriz-confeso-molestia-de-james-rodriguez-tras-paron-fifa-con-seleccion-colombia\/\"},\"wordCount\":456,\"commentCount\":0,\"publisher\":{\"@id\":\"https:\/\/futbolhoy.co\/#organization\"},\"image\":{\"@id\":\"https:\/\/futbolhoy.co\/index.php\/2025\/10\/16\/ignacio-ambriz-confeso-molestia-de-james-rodriguez-tras-paron-fifa-con-seleccion-colombia\/#primaryimage\"},\"thumbnailUrl\":\"https:\/\/futbolhoy.co\/wp-content\/uploads\/2025\/10\/WhatsApp-Image-2025-10-16-at-10.53.07-AM.jpeg\",\"articleSection\":[\"Colombia\"],\"inLanguage\":\"es\",\"potentialAction\":[{\"@type\":\"CommentAction\",\"name\":\"Comment\",\"target\":[\"https:\/\/futbolhoy.co\/index.php\/2025\/10\/16\/ignacio-ambriz-confeso-molestia-de-james-rodriguez-tras-paron-fifa-con-seleccion-colombia\/#respond\"]}]},{\"@type\":\"WebPage\",\"@id\":\"https:\/\/futbolhoy.co\/index.php\/2025\/10\/16\/ignacio-ambriz-confeso-molestia-de-james-rodriguez-tras-paron-fifa-con-seleccion-colombia\/\",\"url\":\"https:\/\/futbolhoy.co\/index.php\/2025\/10\/16\/ignacio-ambriz-confeso-molestia-de-james-rodriguez-tras-paron-fifa-con-seleccion-colombia\/\",\"name\":\"Ignacio Ambriz confes\u00f3 molestia de James Rodr\u00edguez tras par\u00f3n FIFA con Selecci\u00f3n Colombia -\",\"isPartOf\":{\"@id\":\"https:\/\/futbolhoy.co\/#website\"},\"primaryImageOfPage\":{\"@id\":\"https:\/\/futbolhoy.co\/index.php\/2025\/10\/16\/ignacio-ambriz-confeso-molestia-de-james-rodriguez-tras-paron-fifa-con-seleccion-colombia\/#primaryimage\"},\"image\":{\"@id\":\"https:\/\/futbolhoy.co\/index.php\/2025\/10\/16\/ignacio-ambriz-confeso-molestia-de-james-rodriguez-tras-paron-fifa-con-seleccion-colombia\/#primaryimage\"},\"thumbnailUrl\":\"https:\/\/futbolhoy.co\/wp-content\/uploads\/2025\/10\/WhatsApp-Image-2025-10-16-at-10.53.07-AM.jpeg\",\"datePublished\":\"2025-10-16T15:54:15+00:00\",\"dateModified\":\"2025-10-18T02:06:35+00:00\",\"breadcrumb\":{\"@id\":\"https:\/\/futbolhoy.co\/index.php\/2025\/10\/16\/ignacio-ambriz-confeso-molestia-de-james-rodriguez-tras-paron-fifa-con-seleccion-colombia\/#breadcrumb\"},\"inLanguage\":\"es\",\"potentialAction\":[{\"@type\":\"ReadAction\",\"target\":[\"https:\/\/futbolhoy.co\/index.php\/2025\/10\/16\/ignacio-ambriz-confeso-molestia-de-james-rodriguez-tras-paron-fifa-con-seleccion-colombia\/\"]}]},{\"@type\":\"ImageObject\",\"inLanguage\":\"es\",\"@id\":\"https:\/\/futbolhoy.co\/index.php\/2025\/10\/16\/ignacio-ambriz-confeso-molestia-de-james-rodriguez-tras-paron-fifa-con-seleccion-colombia\/#primaryimage\",\"url\":\"https:\/\/futbolhoy.co\/wp-content\/uploads\/2025\/10\/WhatsApp-Image-2025-10-16-at-10.53.07-AM.jpeg\",\"contentUrl\":\"https:\/\/futbolhoy.co\/wp-content\/uploads\/2025\/10\/WhatsApp-Image-2025-10-16-at-10.53.07-AM.jpeg\",\"width\":828,\"height\":523},{\"@type\":\"BreadcrumbList\",\"@id\":\"https:\/\/futbolhoy.co\/index.php\/2025\/10\/16\/ignacio-ambriz-confeso-molestia-de-james-rodriguez-tras-paron-fifa-con-seleccion-colombia\/#breadcrumb\",\"itemListElement\":[{\"@type\":\"ListItem\",\"position\":1,\"name\":\"Portada\",\"item\":\"https:\/\/futbolhoy.co\/\"},{\"@type\":\"ListItem\",\"position\":2,\"name\":\"Ignacio Ambriz confes\u00f3 molestia de James Rodr\u00edguez tras par\u00f3n FIFA con Selecci\u00f3n Colombia\"}]},{\"@type\":\"WebSite\",\"@id\":\"https:\/\/futbolhoy.co\/#website\",\"url\":\"https:\/\/futbolhoy.co\/\",\"name\":\"FutbolHoy\",\"description\":\"\",\"publisher\":{\"@id\":\"https:\/\/futbolhoy.co\/#organization\"},\"potentialAction\":[{\"@type\":\"SearchAction\",\"target\":{\"@type\":\"EntryPoint\",\"urlTemplate\":\"https:\/\/futbolhoy.co\/?s={search_term_string}\"},\"query-input\":{\"@type\":\"PropertyValueSpecification\",\"valueRequired\":true,\"valueName\":\"search_term_string\"}}],\"inLanguage\":\"es\"},{\"@type\":\"Organization\",\"@id\":\"https:\/\/futbolhoy.co\/#organization\",\"name\":\"Futbolhoy.co\",\"url\":\"https:\/\/futbolhoy.co\/\",\"logo\":{\"@type\":\"ImageObject\",\"inLanguage\":\"es\",\"@id\":\"https:\/\/futbolhoy.co\/#\/schema\/logo\/image\/\",\"url\":\"https:\/\/futbolhoy.co\/wp-content\/uploads\/2018\/08\/17426380_1906371736249227_6326180412931521141_n.jpg\",\"contentUrl\":\"https:\/\/futbolhoy.co\/wp-content\/uploads\/2018\/08\/17426380_1906371736249227_6326180412931521141_n.jpg\",\"width\":960,\"height\":960,\"caption\":\"Futbolhoy.co\"},\"image\":{\"@id\":\"https:\/\/futbolhoy.co\/#\/schema\/logo\/image\/\"},\"sameAs\":[\"https:\/\/www.facebook.com\/FutbolHoyCol\/\",\"https:\/\/x.com\/FutbolHoyCol\",\"https:\/\/www.instagram.com\/futbolhoycol\/\"]},{\"@type\":\"Person\",\"@id\":\"https:\/\/futbolhoy.co\/#\/schema\/person\/1721b69355b6623eaff15ac7b92d4cc3\",\"name\":\"contenido\",\"image\":{\"@type\":\"ImageObject\",\"inLanguage\":\"es\",\"@id\":\"https:\/\/futbolhoy.co\/#\/schema\/person\/image\/\",\"url\":\"https:\/\/secure.gravatar.com\/avatar\/4f656d3256f5134f466206e7c3941518?s=96&d=mm&r=g\",\"contentUrl\":\"https:\/\/secure.gravatar.com\/avatar\/4f656d3256f5134f466206e7c3941518?s=96&d=mm&r=g\",\"caption\":\"contenido\"}}]}<\/script>\n<!-- \/ Yoast SEO plugin. -->","yoast_head_json":{"title":"Ignacio Ambriz confes\u00f3 molestia de James Rodr\u00edguez tras par\u00f3n FIFA con Selecci\u00f3n Colombia -","robots":{"index":"index","follow":"follow","max-snippet":"max-snippet:-1","max-image-preview":"max-image-preview:large","max-video-preview":"max-video-preview:-1"},"canonical":"https:\/\/futbolhoy.co\/index.php\/2025\/10\/16\/ignacio-ambriz-confeso-molestia-de-james-rodriguez-tras-paron-fifa-con-seleccion-colombia\/","og_locale":"es_ES","og_type":"article","og_title":"Ignacio Ambriz confes\u00f3 molestia de James Rodr\u00edguez tras par\u00f3n FIFA con Selecci\u00f3n Colombia -","og_description":"James Rodr\u00edguez preocupa de nuevo en Club Le\u00f3n. El cucute\u00f1o estuvo presente con la Selecci\u00f3n Colombia durante los dos partidos amistosos de octubre, frente a M\u00e9xico (4-0) y Canad\u00e1 (0-0), y sum\u00f3 114' minutos. El capit\u00e1n y '10' de 'La Tricolor' registr\u00f3 un doblete de asistencias en el primer partido, e ingres\u00f3 para el segundo [&hellip;]","og_url":"https:\/\/futbolhoy.co\/index.php\/2025\/10\/16\/ignacio-ambriz-confeso-molestia-de-james-rodriguez-tras-paron-fifa-con-seleccion-colombia\/","article_publisher":"https:\/\/www.facebook.com\/FutbolHoyCol\/","article_published_time":"2025-10-16T15:54:15+00:00","article_modified_time":"2025-10-18T02:06:35+00:00","og_image":[{"width":828,"height":523,"url":"https:\/\/futbolhoy.co\/wp-content\/uploads\/2025\/10\/WhatsApp-Image-2025-10-16-at-10.53.07-AM.jpeg","type":"image\/jpeg"}],"author":"contenido","twitter_card":"summary_large_image","twitter_creator":"@FutbolHoyCol","twitter_site":"@FutbolHoyCol","twitter_misc":{"Escrito por":"contenido","Tiempo de lectura":"2 minutos"},"schema":{"@context":"https:\/\/schema.org","@graph":[{"@type":"Article","@id":"https:\/\/futbolhoy.co\/index.php\/2025\/10\/16\/ignacio-ambriz-confeso-molestia-de-james-rodriguez-tras-paron-fifa-con-seleccion-colombia\/#article","isPartOf":{"@id":"https:\/\/futbolhoy.co\/index.php\/2025\/10\/16\/ignacio-ambriz-confeso-molestia-de-james-rodriguez-tras-paron-fifa-con-seleccion-colombia\/"},"author":{"name":"contenido","@id":"https:\/\/futbolhoy.co\/#\/schema\/person\/1721b69355b6623eaff15ac7b92d4cc3"},"headline":"Ignacio Ambriz confes\u00f3 molestia de James Rodr\u00edguez tras par\u00f3n FIFA con Selecci\u00f3n Colombia","datePublished":"2025-10-16T15:54:15+00:00","dateModified":"2025-10-18T02:06:35+00:00","mainEntityOfPage":{"@id":"https:\/\/futbolhoy.co\/index.php\/2025\/10\/16\/ignacio-ambriz-confeso-molestia-de-james-rodriguez-tras-paron-fifa-con-seleccion-colombia\/"},"wordCount":456,"commentCount":0,"publisher":{"@id":"https:\/\/futbolhoy.co\/#organization"},"image":{"@id":"https:\/\/futbolhoy.co\/index.php\/2025\/10\/16\/ignacio-ambriz-confeso-molestia-de-james-rodriguez-tras-paron-fifa-con-seleccion-colombia\/#primaryimage"},"thumbnailUrl":"https:\/\/futbolhoy.co\/wp-content\/uploads\/2025\/10\/WhatsApp-Image-2025-10-16-at-10.53.07-AM.jpeg","articleSection":["Colombia"],"inLanguage":"es","potentialAction":[{"@type":"CommentAction","name":"Comment","target":["https:\/\/futbolhoy.co\/index.php\/2025\/10\/16\/ignacio-ambriz-confeso-molestia-de-james-rodriguez-tras-paron-fifa-con-seleccion-colombia\/#respond"]}]},{"@type":"WebPage","@id":"https:\/\/futbolhoy.co\/index.php\/2025\/10\/16\/ignacio-ambriz-confeso-molestia-de-james-rodriguez-tras-paron-fifa-con-seleccion-colombia\/","url":"https:\/\/futbolhoy.co\/index.php\/2025\/10\/16\/ignacio-ambriz-confeso-molestia-de-james-rodriguez-tras-paron-fifa-con-seleccion-colombia\/","name":"Ignacio Ambriz confes\u00f3 molestia de James Rodr\u00edguez tras par\u00f3n FIFA con Selecci\u00f3n Colombia -","isPartOf":{"@id":"https:\/\/futbolhoy.co\/#website"},"primaryImageOfPage":{"@id":"https:\/\/futbolhoy.co\/index.php\/2025\/10\/16\/ignacio-ambriz-confeso-molestia-de-james-rodriguez-tras-paron-fifa-con-seleccion-colombia\/#primaryimage"},"image":{"@id":"https:\/\/futbolhoy.co\/index.php\/2025\/10\/16\/ignacio-ambriz-confeso-molestia-de-james-rodriguez-tras-paron-fifa-con-seleccion-colombia\/#primaryimage"},"thumbnailUrl":"https:\/\/futbolhoy.co\/wp-content\/uploads\/2025\/10\/WhatsApp-Image-2025-10-16-at-10.53.07-AM.jpeg","datePublished":"2025-10-16T15:54:15+00:00","dateModified":"2025-10-18T02:06:35+00:00","breadcrumb":{"@id":"https:\/\/futbolhoy.co\/index.php\/2025\/10\/16\/ignacio-ambriz-confeso-molestia-de-james-rodriguez-tras-paron-fifa-con-seleccion-colombia\/#breadcrumb"},"inLanguage":"es","potentialAction":[{"@type":"ReadAction","target":["https:\/\/futbolhoy.co\/index.php\/2025\/10\/16\/ignacio-ambriz-confeso-molestia-de-james-rodriguez-tras-paron-fifa-con-seleccion-colombia\/"]}]},{"@type":"ImageObject","inLanguage":"es","@id":"https:\/\/futbolhoy.co\/index.php\/2025\/10\/16\/ignacio-ambriz-confeso-molestia-de-james-rodriguez-tras-paron-fifa-con-seleccion-colombia\/#primaryimage","url":"https:\/\/futbolhoy.co\/wp-content\/uploads\/2025\/10\/WhatsApp-Image-2025-10-16-at-10.53.07-AM.jpeg","contentUrl":"https:\/\/futbolhoy.co\/wp-content\/uploads\/2025\/10\/WhatsApp-Image-2025-10-16-at-10.53.07-AM.jpeg","width":828,"height":523},{"@type":"BreadcrumbList","@id":"https:\/\/futbolhoy.co\/index.php\/2025\/10\/16\/ignacio-ambriz-confeso-molestia-de-james-rodriguez-tras-paron-fifa-con-seleccion-colombia\/#breadcrumb","itemListElement":[{"@type":"ListItem","position":1,"name":"Portada","item":"https:\/\/futbolhoy.co\/"},{"@type":"ListItem","position":2,"name":"Ignacio Ambriz confes\u00f3 molestia de James Rodr\u00edguez tras par\u00f3n FIFA con Selecci\u00f3n Colombia"}]},{"@type":"WebSite","@id":"https:\/\/futbolhoy.co\/#website","url":"https:\/\/futbolhoy.co\/","name":"FutbolHoy","description":"","publisher":{"@id":"https:\/\/futbolhoy.co\/#organization"},"potentialAction":[{"@type":"SearchAction","target":{"@type":"EntryPoint","urlTemplate":"https:\/\/futbolhoy.co\/?s={search_term_string}"},"query-input":{"@type":"PropertyValueSpecification","valueRequired":true,"valueName":"search_term_string"}}],"inLanguage":"es"},{"@type":"Organization","@id":"https:\/\/futbolhoy.co\/#organization","name":"Futbolhoy.co","url":"https:\/\/futbolhoy.co\/","logo":{"@type":"ImageObject","inLanguage":"es","@id":"https:\/\/futbolhoy.co\/#\/schema\/logo\/image\/","url":"https:\/\/futbolhoy.co\/wp-content\/uploads\/2018\/08\/17426380_1906371736249227_6326180412931521141_n.jpg","contentUrl":"https:\/\/futbolhoy.co\/wp-content\/uploads\/2018\/08\/17426380_1906371736249227_6326180412931521141_n.jpg","width":960,"height":960,"caption":"Futbolhoy.co"},"image":{"@id":"https:\/\/futbolhoy.co\/#\/schema\/logo\/image\/"},"sameAs":["https:\/\/www.facebook.com\/FutbolHoyCol\/","https:\/\/x.com\/FutbolHoyCol","https:\/\/www.instagram.com\/futbolhoycol\/"]},{"@type":"Person","@id":"https:\/\/futbolhoy.co\/#\/schema\/person\/1721b69355b6623eaff15ac7b92d4cc3","name":"contenido","image":{"@type":"ImageObject","inLanguage":"es","@id":"https:\/\/futbolhoy.co\/#\/schema\/person\/image\/","url":"https:\/\/secure.gravatar.com\/avatar\/4f656d3256f5134f466206e7c3941518?s=96&d=mm&r=g","contentUrl":"https:\/\/secure.gravatar.com\/avatar\/4f656d3256f5134f466206e7c3941518?s=96&d=mm&r=g","caption":"contenido"}}]}},"publishpress_future_action":{"enabled":false,"date":"2026-05-04 09:41:37","action":"change-status","newStatus":"draft","terms":[],"taxonomy":"category","extraData":[]},"publishpress_future_workflow_manual_trigger":{"enabledWorkflows":[]},"_links":{"self":[{"href":"https:\/\/futbolhoy.co\/index.php\/wp-json\/wp\/v2\/posts\/124715","targetHints":{"allow":["GET"]}}],"collection":[{"href":"https:\/\/futbolhoy.co\/index.php\/wp-json\/wp\/v2\/posts"}],"about":[{"href":"https:\/\/futbolhoy.co\/index.php\/wp-json\/wp\/v2\/types\/post"}],"author":[{"embeddable":true,"href":"https:\/\/futbolhoy.co\/index.php\/wp-json\/wp\/v2\/users\/4"}],"replies":[{"embeddable":true,"href":"https:\/\/futbolhoy.co\/index.php\/wp-json\/wp\/v2\/comments?post=124715"}],"version-history":[{"count":1,"href":"https:\/\/futbolhoy.co\/index.php\/wp-json\/wp\/v2\/posts\/124715\/revisions"}],"predecessor-version":[{"id":124717,"href":"https:\/\/futbolhoy.co\/index.php\/wp-json\/wp\/v2\/posts\/124715\/revisions\/124717"}],"wp:featuredmedia":[{"embeddable":true,"href":"https:\/\/futbolhoy.co\/index.php\/wp-json\/wp\/v2\/media\/124716"}],"wp:attachment":[{"href":"https:\/\/futbolhoy.co\/index.php\/wp-json\/wp\/v2\/media?parent=124715"}],"wp:term":[{"taxonomy":"category","embeddable":true,"href":"https:\/\/futbolhoy.co\/index.php\/wp-json\/wp\/v2\/categories?post=124715"},{"taxonomy":"post_tag","embeddable":true,"href":"https:\/\/futbolhoy.co\/index.php\/wp-json\/wp\/v2\/tags?post=124715"}],"curies":[{"name":"wp","href":"https:\/\/api.w.org\/{rel}","templated":true}]}}