{"id":124718,"date":"2025-10-16T12:10:03","date_gmt":"2025-10-16T17:10:03","guid":{"rendered":"https:\/\/futbolhoy.co\/?p=124718"},"modified":"2025-10-17T22:41:13","modified_gmt":"2025-10-18T03:41:13","slug":"asi-celebro-argentina-al-ritmo-colombiano-nos-divertimos-un-poco-puertas-adentro","status":"publish","type":"post","link":"https:\/\/futbolhoy.co\/index.php\/2025\/10\/16\/asi-celebro-argentina-al-ritmo-colombiano-nos-divertimos-un-poco-puertas-adentro\/","title":{"rendered":"As\u00ed celebr\u00f3 Argentina al ritmo colombiano: \"Nos divertimos un poco puertas adentro\""},"content":{"rendered":"<p style=\"text-align: justify;\"><span style=\"font-family: helvetica, arial, sans-serif;\">Luego de la eliminaci\u00f3n de la <strong>Selecci\u00f3n Colombia en el Mundial Sub-20<\/strong> en la semifinal ante Argentina, se hizo viral en redes sociales la celebraci\u00f3n de los futbolistas albicelestes, que sellaron su octava participaci\u00f3n en una final del torneo.<\/span><\/p>\n<p style=\"text-align: justify;\"><span style=\"font-family: helvetica, arial, sans-serif;\">En uno de los videos, se evidencia a los jugadores en el camerino, cantando y bailando la canci\u00f3n cuya autor\u00eda original es de <strong>Ryan Castro<\/strong> y SOG, y es interpretada por popular artista de antioque\u00f1o junto a<strong> Luis D\u00edaz y Juan Fernando Quintero<\/strong>.<\/span><\/p>\n<p style=\"text-align: justify;\"><span style=\"font-family: helvetica, arial, sans-serif;\">Adem\u00e1s, el tema cuenta con la colaboraci\u00f3n de Davinson S\u00e1nchez, Jefferson Lerma, James Rodr\u00edguez, Matheus Uribe y Daniel M\u00fa\u00f1oz en el v\u00eddeo.<\/span><\/p>\n<p style=\"text-align: justify;\"><span style=\"font-family: helvetica, arial, sans-serif;\">Video de la celebraci\u00f3n de Argentina tras eliminar a Colombia:<\/span><\/p>\n<blockquote class=\"twitter-tweet\" data-media-max-width=\"560\">\n<p dir=\"ltr\" lang=\"es\">\ud83c\udde6\ud83c\uddf7\ud83d\udde3\ufe0f\u201cMami, prenda la radio, encienda la tele\u201d<\/p>\n<p>\ud83d\udc47 \u201cEl ritmo que nos une\u201d hizo parte de la celebraci\u00f3n de la Selecci\u00f3n Argentina despu\u00e9s de eliminar a Colombia en semifinales del Mundial Sub-20<\/p>\n<p>\ud83d\udcfb\ud83d\udd25Esto y m\u00e1s en <a href=\"https:\/\/twitter.com\/hashtag\/ElVbarCaracol?src=hash&amp;ref_src=twsrc%5Etfw\">#ElVbarCaracol<\/a>, aqu\u00ed: <a href=\"https:\/\/t.co\/IvLODlcWlx\">https:\/\/t.co\/IvLODlcWlx<\/a> <a href=\"https:\/\/t.co\/bZ0qFnxRJW\">pic.twitter.com\/bZ0qFnxRJW<\/a><\/p>\n<p>\u2014 El VBAR CARACOL (@VBarCaracol) <a href=\"https:\/\/twitter.com\/VBarCaracol\/status\/1978840328175050796?ref_src=twsrc%5Etfw\">October 16, 2025<\/a><\/p><\/blockquote>\n<p style=\"text-align: justify;\"><script async src=\"https:\/\/platform.twitter.com\/widgets.js\" charset=\"utf-8\"><\/script><span style=\"font-family: helvetica, arial, sans-serif;\"><strong>Mateo Silvetti<\/strong>, con presente en Inter Miami y pasado en Newell's Old Boys de Argentina, fue cuestionado sobre si \"<strong>los llena de combustible que los rivales hablen en la previa<\/strong>\", pregunt\u00f3 el periodista argentino para<em> TYC Sports<\/em>.<\/span><\/p>\n<p style=\"text-align: justify;\"><span style=\"font-family: helvetica, arial, sans-serif;\">El extremo por ambos costados, que marc\u00f3 el gol de la clasificaci\u00f3n, respondi\u00f3:<\/span><\/p>\n<p style=\"text-align: justify;\"><span style=\"font-family: helvetica, arial, sans-serif;\">\"Si, creo que es parte del f\u00fatbol, folklore, est\u00e1 bueno. Nosotros nos divertimos un poco puertas adentro y creo que <strong>sirve para seguir ganando<\/strong>\", asegur\u00f3 el argentino.<\/span><\/p>\n<h3 style=\"text-align: justify;\"><span style=\"font-family: helvetica, arial, sans-serif;\">Declaraciones de Matteo Silvetti<\/span><\/h3>\n<blockquote class=\"twitter-tweet\" data-media-max-width=\"560\">\n<p dir=\"ltr\" lang=\"es\">\"ES PARTE DEL FOLKLORE. NOSOTROS NOS DIVERTIMOS UN POCO PUERTAS ADENTRO\". \ud83d\udde3\ufe0f Mateo Silvetti<\/p>\n<p>\ud83c\udf99\ufe0f <a href=\"https:\/\/twitter.com\/marianoantico?ref_src=twsrc%5Etfw\">@marianoantico<\/a> <a href=\"https:\/\/t.co\/3XzHafrVwS\">pic.twitter.com\/3XzHafrVwS<\/a><\/p>\n<p>\u2014 TyC Sports (@TyCSports) <a href=\"https:\/\/twitter.com\/TyCSports\/status\/1978651399719174541?ref_src=twsrc%5Etfw\">October 16, 2025<\/a><\/p><\/blockquote>\n<p style=\"text-align: justify;\"><script async src=\"https:\/\/platform.twitter.com\/widgets.js\" charset=\"utf-8\"><\/script> <span style=\"font-family: helvetica, arial, sans-serif;\">Colombia disputar\u00e1 el partido por el tercer puesto frente a <strong>Francia<\/strong>, el <strong>s\u00e1bado 11 de octubre <\/strong>desde las <strong>2:00 pm<\/strong>, mientras que la Selecci\u00f3n de Argentina jugar\u00e1 la final ante Marruecos, el d\u00eda siguiente a partir de las 6:00 pm.<\/span><\/p>\n<p>&nbsp;<\/p>\n","protected":false},"excerpt":{"rendered":"<p>Luego de la eliminaci\u00f3n de la Selecci\u00f3n Colombia en el Mundial Sub-20 en la semifinal ante Argentina, se hizo viral en redes sociales la celebraci\u00f3n de los futbolistas albicelestes, que sellaron su octava participaci\u00f3n en una final del torneo. En uno de los videos, se evidencia a los jugadores en el camerino, cantando y bailando [&hellip;]<\/p>\n","protected":false},"author":4,"featured_media":124719,"comment_status":"open","ping_status":"open","sticky":false,"template":"","format":"standard","meta":{"_acf_changed":false,"footnotes":""},"categories":[152],"tags":[],"class_list":{"0":"post-124718","1":"post","2":"type-post","3":"status-publish","4":"format-standard","5":"has-post-thumbnail","7":"category-mundo-futbol"},"acf":[],"yoast_head":"<!-- This site is optimized with the Yoast SEO plugin v26.8 - https:\/\/yoast.com\/product\/yoast-seo-wordpress\/ -->\n<title>As\u00ed celebr\u00f3 Argentina al ritmo colombiano: &quot;Nos divertimos un poco puertas adentro&quot; -<\/title>\n<meta name=\"robots\" content=\"index, follow, max-snippet:-1, max-image-preview:large, max-video-preview:-1\" \/>\n<link rel=\"canonical\" href=\"https:\/\/futbolhoy.co\/index.php\/2025\/10\/16\/asi-celebro-argentina-al-ritmo-colombiano-nos-divertimos-un-poco-puertas-adentro\/\" \/>\n<meta property=\"og:locale\" content=\"es_ES\" \/>\n<meta property=\"og:type\" content=\"article\" \/>\n<meta property=\"og:title\" content=\"As\u00ed celebr\u00f3 Argentina al ritmo colombiano: &quot;Nos divertimos un poco puertas adentro&quot; -\" \/>\n<meta property=\"og:description\" content=\"Luego de la eliminaci\u00f3n de la Selecci\u00f3n Colombia en el Mundial Sub-20 en la semifinal ante Argentina, se hizo viral en redes sociales la celebraci\u00f3n de los futbolistas albicelestes, que sellaron su octava participaci\u00f3n en una final del torneo. En uno de los videos, se evidencia a los jugadores en el camerino, cantando y bailando [&hellip;]\" \/>\n<meta property=\"og:url\" content=\"https:\/\/futbolhoy.co\/index.php\/2025\/10\/16\/asi-celebro-argentina-al-ritmo-colombiano-nos-divertimos-un-poco-puertas-adentro\/\" \/>\n<meta property=\"article:publisher\" content=\"https:\/\/www.facebook.com\/FutbolHoyCol\/\" \/>\n<meta property=\"article:published_time\" content=\"2025-10-16T17:10:03+00:00\" \/>\n<meta property=\"article:modified_time\" content=\"2025-10-18T03:41:13+00:00\" \/>\n<meta property=\"og:image\" content=\"https:\/\/futbolhoy.co\/wp-content\/uploads\/2025\/10\/WhatsApp-Image-2025-10-16-at-12.08.49-PM.jpeg\" \/>\n\t<meta property=\"og:image:width\" content=\"751\" \/>\n\t<meta property=\"og:image:height\" content=\"528\" \/>\n\t<meta property=\"og:image:type\" content=\"image\/jpeg\" \/>\n<meta name=\"author\" content=\"contenido\" \/>\n<meta name=\"twitter:card\" content=\"summary_large_image\" \/>\n<meta name=\"twitter:creator\" content=\"@FutbolHoyCol\" \/>\n<meta name=\"twitter:site\" content=\"@FutbolHoyCol\" \/>\n<meta name=\"twitter:label1\" content=\"Escrito por\" \/>\n\t<meta name=\"twitter:data1\" content=\"contenido\" \/>\n\t<meta name=\"twitter:label2\" content=\"Tiempo de lectura\" \/>\n\t<meta name=\"twitter:data2\" content=\"2 minutos\" \/>\n<script type=\"application\/ld+json\" class=\"yoast-schema-graph\">{\"@context\":\"https:\/\/schema.org\",\"@graph\":[{\"@type\":\"Article\",\"@id\":\"https:\/\/futbolhoy.co\/index.php\/2025\/10\/16\/asi-celebro-argentina-al-ritmo-colombiano-nos-divertimos-un-poco-puertas-adentro\/#article\",\"isPartOf\":{\"@id\":\"https:\/\/futbolhoy.co\/index.php\/2025\/10\/16\/asi-celebro-argentina-al-ritmo-colombiano-nos-divertimos-un-poco-puertas-adentro\/\"},\"author\":{\"name\":\"contenido\",\"@id\":\"https:\/\/futbolhoy.co\/#\/schema\/person\/1721b69355b6623eaff15ac7b92d4cc3\"},\"headline\":\"As\u00ed celebr\u00f3 Argentina al ritmo colombiano: \\\"Nos divertimos un poco puertas adentro\\\"\",\"datePublished\":\"2025-10-16T17:10:03+00:00\",\"dateModified\":\"2025-10-18T03:41:13+00:00\",\"mainEntityOfPage\":{\"@id\":\"https:\/\/futbolhoy.co\/index.php\/2025\/10\/16\/asi-celebro-argentina-al-ritmo-colombiano-nos-divertimos-un-poco-puertas-adentro\/\"},\"wordCount\":342,\"commentCount\":0,\"publisher\":{\"@id\":\"https:\/\/futbolhoy.co\/#organization\"},\"image\":{\"@id\":\"https:\/\/futbolhoy.co\/index.php\/2025\/10\/16\/asi-celebro-argentina-al-ritmo-colombiano-nos-divertimos-un-poco-puertas-adentro\/#primaryimage\"},\"thumbnailUrl\":\"https:\/\/futbolhoy.co\/wp-content\/uploads\/2025\/10\/WhatsApp-Image-2025-10-16-at-12.08.49-PM.jpeg\",\"articleSection\":[\"Mundo Futbol\"],\"inLanguage\":\"es\",\"potentialAction\":[{\"@type\":\"CommentAction\",\"name\":\"Comment\",\"target\":[\"https:\/\/futbolhoy.co\/index.php\/2025\/10\/16\/asi-celebro-argentina-al-ritmo-colombiano-nos-divertimos-un-poco-puertas-adentro\/#respond\"]}]},{\"@type\":\"WebPage\",\"@id\":\"https:\/\/futbolhoy.co\/index.php\/2025\/10\/16\/asi-celebro-argentina-al-ritmo-colombiano-nos-divertimos-un-poco-puertas-adentro\/\",\"url\":\"https:\/\/futbolhoy.co\/index.php\/2025\/10\/16\/asi-celebro-argentina-al-ritmo-colombiano-nos-divertimos-un-poco-puertas-adentro\/\",\"name\":\"As\u00ed celebr\u00f3 Argentina al ritmo colombiano: \\\"Nos divertimos un poco puertas adentro\\\" -\",\"isPartOf\":{\"@id\":\"https:\/\/futbolhoy.co\/#website\"},\"primaryImageOfPage\":{\"@id\":\"https:\/\/futbolhoy.co\/index.php\/2025\/10\/16\/asi-celebro-argentina-al-ritmo-colombiano-nos-divertimos-un-poco-puertas-adentro\/#primaryimage\"},\"image\":{\"@id\":\"https:\/\/futbolhoy.co\/index.php\/2025\/10\/16\/asi-celebro-argentina-al-ritmo-colombiano-nos-divertimos-un-poco-puertas-adentro\/#primaryimage\"},\"thumbnailUrl\":\"https:\/\/futbolhoy.co\/wp-content\/uploads\/2025\/10\/WhatsApp-Image-2025-10-16-at-12.08.49-PM.jpeg\",\"datePublished\":\"2025-10-16T17:10:03+00:00\",\"dateModified\":\"2025-10-18T03:41:13+00:00\",\"breadcrumb\":{\"@id\":\"https:\/\/futbolhoy.co\/index.php\/2025\/10\/16\/asi-celebro-argentina-al-ritmo-colombiano-nos-divertimos-un-poco-puertas-adentro\/#breadcrumb\"},\"inLanguage\":\"es\",\"potentialAction\":[{\"@type\":\"ReadAction\",\"target\":[\"https:\/\/futbolhoy.co\/index.php\/2025\/10\/16\/asi-celebro-argentina-al-ritmo-colombiano-nos-divertimos-un-poco-puertas-adentro\/\"]}]},{\"@type\":\"ImageObject\",\"inLanguage\":\"es\",\"@id\":\"https:\/\/futbolhoy.co\/index.php\/2025\/10\/16\/asi-celebro-argentina-al-ritmo-colombiano-nos-divertimos-un-poco-puertas-adentro\/#primaryimage\",\"url\":\"https:\/\/futbolhoy.co\/wp-content\/uploads\/2025\/10\/WhatsApp-Image-2025-10-16-at-12.08.49-PM.jpeg\",\"contentUrl\":\"https:\/\/futbolhoy.co\/wp-content\/uploads\/2025\/10\/WhatsApp-Image-2025-10-16-at-12.08.49-PM.jpeg\",\"width\":751,\"height\":528},{\"@type\":\"BreadcrumbList\",\"@id\":\"https:\/\/futbolhoy.co\/index.php\/2025\/10\/16\/asi-celebro-argentina-al-ritmo-colombiano-nos-divertimos-un-poco-puertas-adentro\/#breadcrumb\",\"itemListElement\":[{\"@type\":\"ListItem\",\"position\":1,\"name\":\"Portada\",\"item\":\"https:\/\/futbolhoy.co\/\"},{\"@type\":\"ListItem\",\"position\":2,\"name\":\"As\u00ed celebr\u00f3 Argentina al ritmo colombiano: \\\"Nos divertimos un poco puertas adentro\\\"\"}]},{\"@type\":\"WebSite\",\"@id\":\"https:\/\/futbolhoy.co\/#website\",\"url\":\"https:\/\/futbolhoy.co\/\",\"name\":\"FutbolHoy\",\"description\":\"\",\"publisher\":{\"@id\":\"https:\/\/futbolhoy.co\/#organization\"},\"potentialAction\":[{\"@type\":\"SearchAction\",\"target\":{\"@type\":\"EntryPoint\",\"urlTemplate\":\"https:\/\/futbolhoy.co\/?s={search_term_string}\"},\"query-input\":{\"@type\":\"PropertyValueSpecification\",\"valueRequired\":true,\"valueName\":\"search_term_string\"}}],\"inLanguage\":\"es\"},{\"@type\":\"Organization\",\"@id\":\"https:\/\/futbolhoy.co\/#organization\",\"name\":\"Futbolhoy.co\",\"url\":\"https:\/\/futbolhoy.co\/\",\"logo\":{\"@type\":\"ImageObject\",\"inLanguage\":\"es\",\"@id\":\"https:\/\/futbolhoy.co\/#\/schema\/logo\/image\/\",\"url\":\"https:\/\/futbolhoy.co\/wp-content\/uploads\/2018\/08\/17426380_1906371736249227_6326180412931521141_n.jpg\",\"contentUrl\":\"https:\/\/futbolhoy.co\/wp-content\/uploads\/2018\/08\/17426380_1906371736249227_6326180412931521141_n.jpg\",\"width\":960,\"height\":960,\"caption\":\"Futbolhoy.co\"},\"image\":{\"@id\":\"https:\/\/futbolhoy.co\/#\/schema\/logo\/image\/\"},\"sameAs\":[\"https:\/\/www.facebook.com\/FutbolHoyCol\/\",\"https:\/\/x.com\/FutbolHoyCol\",\"https:\/\/www.instagram.com\/futbolhoycol\/\"]},{\"@type\":\"Person\",\"@id\":\"https:\/\/futbolhoy.co\/#\/schema\/person\/1721b69355b6623eaff15ac7b92d4cc3\",\"name\":\"contenido\",\"image\":{\"@type\":\"ImageObject\",\"inLanguage\":\"es\",\"@id\":\"https:\/\/futbolhoy.co\/#\/schema\/person\/image\/\",\"url\":\"https:\/\/secure.gravatar.com\/avatar\/4f656d3256f5134f466206e7c3941518?s=96&d=mm&r=g\",\"contentUrl\":\"https:\/\/secure.gravatar.com\/avatar\/4f656d3256f5134f466206e7c3941518?s=96&d=mm&r=g\",\"caption\":\"contenido\"}}]}<\/script>\n<!-- \/ Yoast SEO plugin. -->","yoast_head_json":{"title":"As\u00ed celebr\u00f3 Argentina al ritmo colombiano: \"Nos divertimos un poco puertas adentro\" -","robots":{"index":"index","follow":"follow","max-snippet":"max-snippet:-1","max-image-preview":"max-image-preview:large","max-video-preview":"max-video-preview:-1"},"canonical":"https:\/\/futbolhoy.co\/index.php\/2025\/10\/16\/asi-celebro-argentina-al-ritmo-colombiano-nos-divertimos-un-poco-puertas-adentro\/","og_locale":"es_ES","og_type":"article","og_title":"As\u00ed celebr\u00f3 Argentina al ritmo colombiano: \"Nos divertimos un poco puertas adentro\" -","og_description":"Luego de la eliminaci\u00f3n de la Selecci\u00f3n Colombia en el Mundial Sub-20 en la semifinal ante Argentina, se hizo viral en redes sociales la celebraci\u00f3n de los futbolistas albicelestes, que sellaron su octava participaci\u00f3n en una final del torneo. En uno de los videos, se evidencia a los jugadores en el camerino, cantando y bailando [&hellip;]","og_url":"https:\/\/futbolhoy.co\/index.php\/2025\/10\/16\/asi-celebro-argentina-al-ritmo-colombiano-nos-divertimos-un-poco-puertas-adentro\/","article_publisher":"https:\/\/www.facebook.com\/FutbolHoyCol\/","article_published_time":"2025-10-16T17:10:03+00:00","article_modified_time":"2025-10-18T03:41:13+00:00","og_image":[{"width":751,"height":528,"url":"https:\/\/futbolhoy.co\/wp-content\/uploads\/2025\/10\/WhatsApp-Image-2025-10-16-at-12.08.49-PM.jpeg","type":"image\/jpeg"}],"author":"contenido","twitter_card":"summary_large_image","twitter_creator":"@FutbolHoyCol","twitter_site":"@FutbolHoyCol","twitter_misc":{"Escrito por":"contenido","Tiempo de lectura":"2 minutos"},"schema":{"@context":"https:\/\/schema.org","@graph":[{"@type":"Article","@id":"https:\/\/futbolhoy.co\/index.php\/2025\/10\/16\/asi-celebro-argentina-al-ritmo-colombiano-nos-divertimos-un-poco-puertas-adentro\/#article","isPartOf":{"@id":"https:\/\/futbolhoy.co\/index.php\/2025\/10\/16\/asi-celebro-argentina-al-ritmo-colombiano-nos-divertimos-un-poco-puertas-adentro\/"},"author":{"name":"contenido","@id":"https:\/\/futbolhoy.co\/#\/schema\/person\/1721b69355b6623eaff15ac7b92d4cc3"},"headline":"As\u00ed celebr\u00f3 Argentina al ritmo colombiano: \"Nos divertimos un poco puertas adentro\"","datePublished":"2025-10-16T17:10:03+00:00","dateModified":"2025-10-18T03:41:13+00:00","mainEntityOfPage":{"@id":"https:\/\/futbolhoy.co\/index.php\/2025\/10\/16\/asi-celebro-argentina-al-ritmo-colombiano-nos-divertimos-un-poco-puertas-adentro\/"},"wordCount":342,"commentCount":0,"publisher":{"@id":"https:\/\/futbolhoy.co\/#organization"},"image":{"@id":"https:\/\/futbolhoy.co\/index.php\/2025\/10\/16\/asi-celebro-argentina-al-ritmo-colombiano-nos-divertimos-un-poco-puertas-adentro\/#primaryimage"},"thumbnailUrl":"https:\/\/futbolhoy.co\/wp-content\/uploads\/2025\/10\/WhatsApp-Image-2025-10-16-at-12.08.49-PM.jpeg","articleSection":["Mundo Futbol"],"inLanguage":"es","potentialAction":[{"@type":"CommentAction","name":"Comment","target":["https:\/\/futbolhoy.co\/index.php\/2025\/10\/16\/asi-celebro-argentina-al-ritmo-colombiano-nos-divertimos-un-poco-puertas-adentro\/#respond"]}]},{"@type":"WebPage","@id":"https:\/\/futbolhoy.co\/index.php\/2025\/10\/16\/asi-celebro-argentina-al-ritmo-colombiano-nos-divertimos-un-poco-puertas-adentro\/","url":"https:\/\/futbolhoy.co\/index.php\/2025\/10\/16\/asi-celebro-argentina-al-ritmo-colombiano-nos-divertimos-un-poco-puertas-adentro\/","name":"As\u00ed celebr\u00f3 Argentina al ritmo colombiano: \"Nos divertimos un poco puertas adentro\" -","isPartOf":{"@id":"https:\/\/futbolhoy.co\/#website"},"primaryImageOfPage":{"@id":"https:\/\/futbolhoy.co\/index.php\/2025\/10\/16\/asi-celebro-argentina-al-ritmo-colombiano-nos-divertimos-un-poco-puertas-adentro\/#primaryimage"},"image":{"@id":"https:\/\/futbolhoy.co\/index.php\/2025\/10\/16\/asi-celebro-argentina-al-ritmo-colombiano-nos-divertimos-un-poco-puertas-adentro\/#primaryimage"},"thumbnailUrl":"https:\/\/futbolhoy.co\/wp-content\/uploads\/2025\/10\/WhatsApp-Image-2025-10-16-at-12.08.49-PM.jpeg","datePublished":"2025-10-16T17:10:03+00:00","dateModified":"2025-10-18T03:41:13+00:00","breadcrumb":{"@id":"https:\/\/futbolhoy.co\/index.php\/2025\/10\/16\/asi-celebro-argentina-al-ritmo-colombiano-nos-divertimos-un-poco-puertas-adentro\/#breadcrumb"},"inLanguage":"es","potentialAction":[{"@type":"ReadAction","target":["https:\/\/futbolhoy.co\/index.php\/2025\/10\/16\/asi-celebro-argentina-al-ritmo-colombiano-nos-divertimos-un-poco-puertas-adentro\/"]}]},{"@type":"ImageObject","inLanguage":"es","@id":"https:\/\/futbolhoy.co\/index.php\/2025\/10\/16\/asi-celebro-argentina-al-ritmo-colombiano-nos-divertimos-un-poco-puertas-adentro\/#primaryimage","url":"https:\/\/futbolhoy.co\/wp-content\/uploads\/2025\/10\/WhatsApp-Image-2025-10-16-at-12.08.49-PM.jpeg","contentUrl":"https:\/\/futbolhoy.co\/wp-content\/uploads\/2025\/10\/WhatsApp-Image-2025-10-16-at-12.08.49-PM.jpeg","width":751,"height":528},{"@type":"BreadcrumbList","@id":"https:\/\/futbolhoy.co\/index.php\/2025\/10\/16\/asi-celebro-argentina-al-ritmo-colombiano-nos-divertimos-un-poco-puertas-adentro\/#breadcrumb","itemListElement":[{"@type":"ListItem","position":1,"name":"Portada","item":"https:\/\/futbolhoy.co\/"},{"@type":"ListItem","position":2,"name":"As\u00ed celebr\u00f3 Argentina al ritmo colombiano: \"Nos divertimos un poco puertas adentro\""}]},{"@type":"WebSite","@id":"https:\/\/futbolhoy.co\/#website","url":"https:\/\/futbolhoy.co\/","name":"FutbolHoy","description":"","publisher":{"@id":"https:\/\/futbolhoy.co\/#organization"},"potentialAction":[{"@type":"SearchAction","target":{"@type":"EntryPoint","urlTemplate":"https:\/\/futbolhoy.co\/?s={search_term_string}"},"query-input":{"@type":"PropertyValueSpecification","valueRequired":true,"valueName":"search_term_string"}}],"inLanguage":"es"},{"@type":"Organization","@id":"https:\/\/futbolhoy.co\/#organization","name":"Futbolhoy.co","url":"https:\/\/futbolhoy.co\/","logo":{"@type":"ImageObject","inLanguage":"es","@id":"https:\/\/futbolhoy.co\/#\/schema\/logo\/image\/","url":"https:\/\/futbolhoy.co\/wp-content\/uploads\/2018\/08\/17426380_1906371736249227_6326180412931521141_n.jpg","contentUrl":"https:\/\/futbolhoy.co\/wp-content\/uploads\/2018\/08\/17426380_1906371736249227_6326180412931521141_n.jpg","width":960,"height":960,"caption":"Futbolhoy.co"},"image":{"@id":"https:\/\/futbolhoy.co\/#\/schema\/logo\/image\/"},"sameAs":["https:\/\/www.facebook.com\/FutbolHoyCol\/","https:\/\/x.com\/FutbolHoyCol","https:\/\/www.instagram.com\/futbolhoycol\/"]},{"@type":"Person","@id":"https:\/\/futbolhoy.co\/#\/schema\/person\/1721b69355b6623eaff15ac7b92d4cc3","name":"contenido","image":{"@type":"ImageObject","inLanguage":"es","@id":"https:\/\/futbolhoy.co\/#\/schema\/person\/image\/","url":"https:\/\/secure.gravatar.com\/avatar\/4f656d3256f5134f466206e7c3941518?s=96&d=mm&r=g","contentUrl":"https:\/\/secure.gravatar.com\/avatar\/4f656d3256f5134f466206e7c3941518?s=96&d=mm&r=g","caption":"contenido"}}]}},"publishpress_future_action":{"enabled":false,"date":"2026-05-04 05:22:29","action":"change-status","newStatus":"draft","terms":[],"taxonomy":"category","extraData":[]},"publishpress_future_workflow_manual_trigger":{"enabledWorkflows":[]},"_links":{"self":[{"href":"https:\/\/futbolhoy.co\/index.php\/wp-json\/wp\/v2\/posts\/124718","targetHints":{"allow":["GET"]}}],"collection":[{"href":"https:\/\/futbolhoy.co\/index.php\/wp-json\/wp\/v2\/posts"}],"about":[{"href":"https:\/\/futbolhoy.co\/index.php\/wp-json\/wp\/v2\/types\/post"}],"author":[{"embeddable":true,"href":"https:\/\/futbolhoy.co\/index.php\/wp-json\/wp\/v2\/users\/4"}],"replies":[{"embeddable":true,"href":"https:\/\/futbolhoy.co\/index.php\/wp-json\/wp\/v2\/comments?post=124718"}],"version-history":[{"count":2,"href":"https:\/\/futbolhoy.co\/index.php\/wp-json\/wp\/v2\/posts\/124718\/revisions"}],"predecessor-version":[{"id":124721,"href":"https:\/\/futbolhoy.co\/index.php\/wp-json\/wp\/v2\/posts\/124718\/revisions\/124721"}],"wp:featuredmedia":[{"embeddable":true,"href":"https:\/\/futbolhoy.co\/index.php\/wp-json\/wp\/v2\/media\/124719"}],"wp:attachment":[{"href":"https:\/\/futbolhoy.co\/index.php\/wp-json\/wp\/v2\/media?parent=124718"}],"wp:term":[{"taxonomy":"category","embeddable":true,"href":"https:\/\/futbolhoy.co\/index.php\/wp-json\/wp\/v2\/categories?post=124718"},{"taxonomy":"post_tag","embeddable":true,"href":"https:\/\/futbolhoy.co\/index.php\/wp-json\/wp\/v2\/tags?post=124718"}],"curies":[{"name":"wp","href":"https:\/\/api.w.org\/{rel}","templated":true}]}}