{"id":124722,"date":"2025-10-16T17:18:55","date_gmt":"2025-10-16T22:18:55","guid":{"rendered":"https:\/\/futbolhoy.co\/?p=124722"},"modified":"2025-10-18T14:20:51","modified_gmt":"2025-10-18T19:20:51","slug":"nacional-ratifica-a-su-cuerpo-tecnico","status":"publish","type":"post","link":"https:\/\/futbolhoy.co\/index.php\/2025\/10\/16\/nacional-ratifica-a-su-cuerpo-tecnico\/","title":{"rendered":"Nacional ratifica a su cuerpo t\u00e9cnico"},"content":{"rendered":"<p style=\"text-align: justify;\"><span style=\"font-family: helvetica, arial, sans-serif;\"><strong>Atl\u00e9tico Nacional<\/strong> seguir\u00e1 bajo el mando de <strong>Diego Arias<\/strong> hasta fin de a\u00f1o, tal y como se ven\u00eda especulando desde hace unas semanas. El presidente, <strong>Sebasti\u00e1n Botero,<\/strong> as\u00ed lo confirm\u00f3.<\/span><\/p>\n<p style=\"text-align: justify;\"><span style=\"font-family: helvetica, arial, sans-serif;\">\u201cHoy destacamos el talento institucional que demuestra con resultados lo que somos capaces de lograr. <strong>Atl\u00e9tico Nacional se enorgullece de ratificar al cuerpo t\u00e9cnico actual, liderado por Diego Arias<\/strong> e integrado por profesionales de la instituci\u00f3n que representan el <strong>ADN<\/strong> verdolaga. Confiamos en su capacidad, compromiso y sentido de pertenencia\u201d, dijo Botero sobre el cuerpo t\u00e9cnico de Diego Arias, que sigue sin conocer la derrota.<\/span><\/p>\n<p style=\"text-align: justify;\"><span style=\"font-family: helvetica, arial, sans-serif;\">Por su parte, respecto a la b\u00fasqueda de entrenador dijo: \u201cSobre entrenadores colombianos,<strong> es falso que exista un rechazo institucional hacia los entrenadores colombianos<\/strong>. El criterio para elegir un cuerpo t\u00e9cnico no es la nacionalidad, sino la capacidad de alinearse con la filosof\u00eda deportiva e institucional de Atl\u00e9tico Nacional. En los procesos recientes se han evaluado extranjeros y colombianos con el mismo rigor\u201d.<\/span><\/p>\n<p style=\"text-align: justify;\"><span style=\"font-family: helvetica, arial, sans-serif;\">Entretanto, la instituci\u00f3n rechaz\u00f3 la sanci\u00f3n que recibi\u00f3 <strong>Alfredo Morelos<\/strong> por el penal que le cometieron sobre Boyac\u00e1 Chic\u00f3 y que le har\u00e1 perderse un par de juegos.<\/span><\/p>\n<p style=\"text-align: justify;\"><span style=\"font-family: helvetica, arial, sans-serif;\">\u201cSobre la sanci\u00f3n a Alfredo Morelos, expresamos nuestro total desacuerdo. Los hechos y procedimientos reglamentarios evidencian que la decisi\u00f3n arbitral fue adoptada por el \u00e1rbitro central tras un an\u00e1lisis conjunto con el equipo <strong>VAR<\/strong> conforme al protocolo. Este procedimiento, que combina la tecnolog\u00eda y la apreciaci\u00f3n del \u00e1rbitro, est\u00e1 hecho para tomar decisiones justas\".<\/span><\/p>\n","protected":false},"excerpt":{"rendered":"<p>Atl\u00e9tico Nacional seguir\u00e1 bajo el mando de Diego Arias hasta fin de a\u00f1o, tal y como se ven\u00eda especulando desde hace unas semanas. El presidente, Sebasti\u00e1n Botero, as\u00ed lo confirm\u00f3. \u201cHoy destacamos el talento institucional que demuestra con resultados lo que somos capaces de lograr. Atl\u00e9tico Nacional se enorgullece de ratificar al cuerpo t\u00e9cnico actual, [&hellip;]<\/p>\n","protected":false},"author":4,"featured_media":124723,"comment_status":"open","ping_status":"open","sticky":false,"template":"","format":"standard","meta":{"_acf_changed":false,"footnotes":""},"categories":[7],"tags":[],"class_list":{"0":"post-124722","1":"post","2":"type-post","3":"status-publish","4":"format-standard","5":"has-post-thumbnail","7":"category-liga-betplay"},"acf":[],"yoast_head":"<!-- This site is optimized with the Yoast SEO plugin v26.8 - https:\/\/yoast.com\/product\/yoast-seo-wordpress\/ -->\n<title>Nacional ratifica a su cuerpo t\u00e9cnico -<\/title>\n<meta name=\"robots\" content=\"index, follow, max-snippet:-1, max-image-preview:large, max-video-preview:-1\" \/>\n<link rel=\"canonical\" href=\"https:\/\/futbolhoy.co\/index.php\/2025\/10\/16\/nacional-ratifica-a-su-cuerpo-tecnico\/\" \/>\n<meta property=\"og:locale\" content=\"es_ES\" \/>\n<meta property=\"og:type\" content=\"article\" \/>\n<meta property=\"og:title\" content=\"Nacional ratifica a su cuerpo t\u00e9cnico -\" \/>\n<meta property=\"og:description\" content=\"Atl\u00e9tico Nacional seguir\u00e1 bajo el mando de Diego Arias hasta fin de a\u00f1o, tal y como se ven\u00eda especulando desde hace unas semanas. El presidente, Sebasti\u00e1n Botero, as\u00ed lo confirm\u00f3. \u201cHoy destacamos el talento institucional que demuestra con resultados lo que somos capaces de lograr. Atl\u00e9tico Nacional se enorgullece de ratificar al cuerpo t\u00e9cnico actual, [&hellip;]\" \/>\n<meta property=\"og:url\" content=\"https:\/\/futbolhoy.co\/index.php\/2025\/10\/16\/nacional-ratifica-a-su-cuerpo-tecnico\/\" \/>\n<meta property=\"article:publisher\" content=\"https:\/\/www.facebook.com\/FutbolHoyCol\/\" \/>\n<meta property=\"article:published_time\" content=\"2025-10-16T22:18:55+00:00\" \/>\n<meta property=\"article:modified_time\" content=\"2025-10-18T19:20:51+00:00\" \/>\n<meta property=\"og:image\" content=\"https:\/\/futbolhoy.co\/wp-content\/uploads\/2025\/10\/Captura-de-pantalla-2025-10-16-171806.png\" \/>\n\t<meta property=\"og:image:width\" content=\"726\" \/>\n\t<meta property=\"og:image:height\" content=\"465\" \/>\n\t<meta property=\"og:image:type\" content=\"image\/png\" \/>\n<meta name=\"author\" content=\"contenido\" \/>\n<meta name=\"twitter:card\" content=\"summary_large_image\" \/>\n<meta name=\"twitter:creator\" content=\"@FutbolHoyCol\" \/>\n<meta name=\"twitter:site\" content=\"@FutbolHoyCol\" \/>\n<meta name=\"twitter:label1\" content=\"Escrito por\" \/>\n\t<meta name=\"twitter:data1\" content=\"contenido\" \/>\n\t<meta name=\"twitter:label2\" content=\"Tiempo de lectura\" \/>\n\t<meta name=\"twitter:data2\" content=\"1 minuto\" \/>\n<script type=\"application\/ld+json\" class=\"yoast-schema-graph\">{\"@context\":\"https:\/\/schema.org\",\"@graph\":[{\"@type\":\"Article\",\"@id\":\"https:\/\/futbolhoy.co\/index.php\/2025\/10\/16\/nacional-ratifica-a-su-cuerpo-tecnico\/#article\",\"isPartOf\":{\"@id\":\"https:\/\/futbolhoy.co\/index.php\/2025\/10\/16\/nacional-ratifica-a-su-cuerpo-tecnico\/\"},\"author\":{\"name\":\"contenido\",\"@id\":\"https:\/\/futbolhoy.co\/#\/schema\/person\/1721b69355b6623eaff15ac7b92d4cc3\"},\"headline\":\"Nacional ratifica a su cuerpo t\u00e9cnico\",\"datePublished\":\"2025-10-16T22:18:55+00:00\",\"dateModified\":\"2025-10-18T19:20:51+00:00\",\"mainEntityOfPage\":{\"@id\":\"https:\/\/futbolhoy.co\/index.php\/2025\/10\/16\/nacional-ratifica-a-su-cuerpo-tecnico\/\"},\"wordCount\":266,\"commentCount\":0,\"publisher\":{\"@id\":\"https:\/\/futbolhoy.co\/#organization\"},\"image\":{\"@id\":\"https:\/\/futbolhoy.co\/index.php\/2025\/10\/16\/nacional-ratifica-a-su-cuerpo-tecnico\/#primaryimage\"},\"thumbnailUrl\":\"https:\/\/futbolhoy.co\/wp-content\/uploads\/2025\/10\/Captura-de-pantalla-2025-10-16-171806.png\",\"articleSection\":[\"Liga BetPlay\"],\"inLanguage\":\"es\",\"potentialAction\":[{\"@type\":\"CommentAction\",\"name\":\"Comment\",\"target\":[\"https:\/\/futbolhoy.co\/index.php\/2025\/10\/16\/nacional-ratifica-a-su-cuerpo-tecnico\/#respond\"]}]},{\"@type\":\"WebPage\",\"@id\":\"https:\/\/futbolhoy.co\/index.php\/2025\/10\/16\/nacional-ratifica-a-su-cuerpo-tecnico\/\",\"url\":\"https:\/\/futbolhoy.co\/index.php\/2025\/10\/16\/nacional-ratifica-a-su-cuerpo-tecnico\/\",\"name\":\"Nacional ratifica a su cuerpo t\u00e9cnico -\",\"isPartOf\":{\"@id\":\"https:\/\/futbolhoy.co\/#website\"},\"primaryImageOfPage\":{\"@id\":\"https:\/\/futbolhoy.co\/index.php\/2025\/10\/16\/nacional-ratifica-a-su-cuerpo-tecnico\/#primaryimage\"},\"image\":{\"@id\":\"https:\/\/futbolhoy.co\/index.php\/2025\/10\/16\/nacional-ratifica-a-su-cuerpo-tecnico\/#primaryimage\"},\"thumbnailUrl\":\"https:\/\/futbolhoy.co\/wp-content\/uploads\/2025\/10\/Captura-de-pantalla-2025-10-16-171806.png\",\"datePublished\":\"2025-10-16T22:18:55+00:00\",\"dateModified\":\"2025-10-18T19:20:51+00:00\",\"breadcrumb\":{\"@id\":\"https:\/\/futbolhoy.co\/index.php\/2025\/10\/16\/nacional-ratifica-a-su-cuerpo-tecnico\/#breadcrumb\"},\"inLanguage\":\"es\",\"potentialAction\":[{\"@type\":\"ReadAction\",\"target\":[\"https:\/\/futbolhoy.co\/index.php\/2025\/10\/16\/nacional-ratifica-a-su-cuerpo-tecnico\/\"]}]},{\"@type\":\"ImageObject\",\"inLanguage\":\"es\",\"@id\":\"https:\/\/futbolhoy.co\/index.php\/2025\/10\/16\/nacional-ratifica-a-su-cuerpo-tecnico\/#primaryimage\",\"url\":\"https:\/\/futbolhoy.co\/wp-content\/uploads\/2025\/10\/Captura-de-pantalla-2025-10-16-171806.png\",\"contentUrl\":\"https:\/\/futbolhoy.co\/wp-content\/uploads\/2025\/10\/Captura-de-pantalla-2025-10-16-171806.png\",\"width\":726,\"height\":465},{\"@type\":\"BreadcrumbList\",\"@id\":\"https:\/\/futbolhoy.co\/index.php\/2025\/10\/16\/nacional-ratifica-a-su-cuerpo-tecnico\/#breadcrumb\",\"itemListElement\":[{\"@type\":\"ListItem\",\"position\":1,\"name\":\"Portada\",\"item\":\"https:\/\/futbolhoy.co\/\"},{\"@type\":\"ListItem\",\"position\":2,\"name\":\"Nacional ratifica a su cuerpo t\u00e9cnico\"}]},{\"@type\":\"WebSite\",\"@id\":\"https:\/\/futbolhoy.co\/#website\",\"url\":\"https:\/\/futbolhoy.co\/\",\"name\":\"FutbolHoy\",\"description\":\"\",\"publisher\":{\"@id\":\"https:\/\/futbolhoy.co\/#organization\"},\"potentialAction\":[{\"@type\":\"SearchAction\",\"target\":{\"@type\":\"EntryPoint\",\"urlTemplate\":\"https:\/\/futbolhoy.co\/?s={search_term_string}\"},\"query-input\":{\"@type\":\"PropertyValueSpecification\",\"valueRequired\":true,\"valueName\":\"search_term_string\"}}],\"inLanguage\":\"es\"},{\"@type\":\"Organization\",\"@id\":\"https:\/\/futbolhoy.co\/#organization\",\"name\":\"Futbolhoy.co\",\"url\":\"https:\/\/futbolhoy.co\/\",\"logo\":{\"@type\":\"ImageObject\",\"inLanguage\":\"es\",\"@id\":\"https:\/\/futbolhoy.co\/#\/schema\/logo\/image\/\",\"url\":\"https:\/\/futbolhoy.co\/wp-content\/uploads\/2018\/08\/17426380_1906371736249227_6326180412931521141_n.jpg\",\"contentUrl\":\"https:\/\/futbolhoy.co\/wp-content\/uploads\/2018\/08\/17426380_1906371736249227_6326180412931521141_n.jpg\",\"width\":960,\"height\":960,\"caption\":\"Futbolhoy.co\"},\"image\":{\"@id\":\"https:\/\/futbolhoy.co\/#\/schema\/logo\/image\/\"},\"sameAs\":[\"https:\/\/www.facebook.com\/FutbolHoyCol\/\",\"https:\/\/x.com\/FutbolHoyCol\",\"https:\/\/www.instagram.com\/futbolhoycol\/\"]},{\"@type\":\"Person\",\"@id\":\"https:\/\/futbolhoy.co\/#\/schema\/person\/1721b69355b6623eaff15ac7b92d4cc3\",\"name\":\"contenido\",\"image\":{\"@type\":\"ImageObject\",\"inLanguage\":\"es\",\"@id\":\"https:\/\/futbolhoy.co\/#\/schema\/person\/image\/\",\"url\":\"https:\/\/secure.gravatar.com\/avatar\/4f656d3256f5134f466206e7c3941518?s=96&d=mm&r=g\",\"contentUrl\":\"https:\/\/secure.gravatar.com\/avatar\/4f656d3256f5134f466206e7c3941518?s=96&d=mm&r=g\",\"caption\":\"contenido\"}}]}<\/script>\n<!-- \/ Yoast SEO plugin. -->","yoast_head_json":{"title":"Nacional ratifica a su cuerpo t\u00e9cnico -","robots":{"index":"index","follow":"follow","max-snippet":"max-snippet:-1","max-image-preview":"max-image-preview:large","max-video-preview":"max-video-preview:-1"},"canonical":"https:\/\/futbolhoy.co\/index.php\/2025\/10\/16\/nacional-ratifica-a-su-cuerpo-tecnico\/","og_locale":"es_ES","og_type":"article","og_title":"Nacional ratifica a su cuerpo t\u00e9cnico -","og_description":"Atl\u00e9tico Nacional seguir\u00e1 bajo el mando de Diego Arias hasta fin de a\u00f1o, tal y como se ven\u00eda especulando desde hace unas semanas. El presidente, Sebasti\u00e1n Botero, as\u00ed lo confirm\u00f3. \u201cHoy destacamos el talento institucional que demuestra con resultados lo que somos capaces de lograr. Atl\u00e9tico Nacional se enorgullece de ratificar al cuerpo t\u00e9cnico actual, [&hellip;]","og_url":"https:\/\/futbolhoy.co\/index.php\/2025\/10\/16\/nacional-ratifica-a-su-cuerpo-tecnico\/","article_publisher":"https:\/\/www.facebook.com\/FutbolHoyCol\/","article_published_time":"2025-10-16T22:18:55+00:00","article_modified_time":"2025-10-18T19:20:51+00:00","og_image":[{"width":726,"height":465,"url":"https:\/\/futbolhoy.co\/wp-content\/uploads\/2025\/10\/Captura-de-pantalla-2025-10-16-171806.png","type":"image\/png"}],"author":"contenido","twitter_card":"summary_large_image","twitter_creator":"@FutbolHoyCol","twitter_site":"@FutbolHoyCol","twitter_misc":{"Escrito por":"contenido","Tiempo de lectura":"1 minuto"},"schema":{"@context":"https:\/\/schema.org","@graph":[{"@type":"Article","@id":"https:\/\/futbolhoy.co\/index.php\/2025\/10\/16\/nacional-ratifica-a-su-cuerpo-tecnico\/#article","isPartOf":{"@id":"https:\/\/futbolhoy.co\/index.php\/2025\/10\/16\/nacional-ratifica-a-su-cuerpo-tecnico\/"},"author":{"name":"contenido","@id":"https:\/\/futbolhoy.co\/#\/schema\/person\/1721b69355b6623eaff15ac7b92d4cc3"},"headline":"Nacional ratifica a su cuerpo t\u00e9cnico","datePublished":"2025-10-16T22:18:55+00:00","dateModified":"2025-10-18T19:20:51+00:00","mainEntityOfPage":{"@id":"https:\/\/futbolhoy.co\/index.php\/2025\/10\/16\/nacional-ratifica-a-su-cuerpo-tecnico\/"},"wordCount":266,"commentCount":0,"publisher":{"@id":"https:\/\/futbolhoy.co\/#organization"},"image":{"@id":"https:\/\/futbolhoy.co\/index.php\/2025\/10\/16\/nacional-ratifica-a-su-cuerpo-tecnico\/#primaryimage"},"thumbnailUrl":"https:\/\/futbolhoy.co\/wp-content\/uploads\/2025\/10\/Captura-de-pantalla-2025-10-16-171806.png","articleSection":["Liga BetPlay"],"inLanguage":"es","potentialAction":[{"@type":"CommentAction","name":"Comment","target":["https:\/\/futbolhoy.co\/index.php\/2025\/10\/16\/nacional-ratifica-a-su-cuerpo-tecnico\/#respond"]}]},{"@type":"WebPage","@id":"https:\/\/futbolhoy.co\/index.php\/2025\/10\/16\/nacional-ratifica-a-su-cuerpo-tecnico\/","url":"https:\/\/futbolhoy.co\/index.php\/2025\/10\/16\/nacional-ratifica-a-su-cuerpo-tecnico\/","name":"Nacional ratifica a su cuerpo t\u00e9cnico -","isPartOf":{"@id":"https:\/\/futbolhoy.co\/#website"},"primaryImageOfPage":{"@id":"https:\/\/futbolhoy.co\/index.php\/2025\/10\/16\/nacional-ratifica-a-su-cuerpo-tecnico\/#primaryimage"},"image":{"@id":"https:\/\/futbolhoy.co\/index.php\/2025\/10\/16\/nacional-ratifica-a-su-cuerpo-tecnico\/#primaryimage"},"thumbnailUrl":"https:\/\/futbolhoy.co\/wp-content\/uploads\/2025\/10\/Captura-de-pantalla-2025-10-16-171806.png","datePublished":"2025-10-16T22:18:55+00:00","dateModified":"2025-10-18T19:20:51+00:00","breadcrumb":{"@id":"https:\/\/futbolhoy.co\/index.php\/2025\/10\/16\/nacional-ratifica-a-su-cuerpo-tecnico\/#breadcrumb"},"inLanguage":"es","potentialAction":[{"@type":"ReadAction","target":["https:\/\/futbolhoy.co\/index.php\/2025\/10\/16\/nacional-ratifica-a-su-cuerpo-tecnico\/"]}]},{"@type":"ImageObject","inLanguage":"es","@id":"https:\/\/futbolhoy.co\/index.php\/2025\/10\/16\/nacional-ratifica-a-su-cuerpo-tecnico\/#primaryimage","url":"https:\/\/futbolhoy.co\/wp-content\/uploads\/2025\/10\/Captura-de-pantalla-2025-10-16-171806.png","contentUrl":"https:\/\/futbolhoy.co\/wp-content\/uploads\/2025\/10\/Captura-de-pantalla-2025-10-16-171806.png","width":726,"height":465},{"@type":"BreadcrumbList","@id":"https:\/\/futbolhoy.co\/index.php\/2025\/10\/16\/nacional-ratifica-a-su-cuerpo-tecnico\/#breadcrumb","itemListElement":[{"@type":"ListItem","position":1,"name":"Portada","item":"https:\/\/futbolhoy.co\/"},{"@type":"ListItem","position":2,"name":"Nacional ratifica a su cuerpo t\u00e9cnico"}]},{"@type":"WebSite","@id":"https:\/\/futbolhoy.co\/#website","url":"https:\/\/futbolhoy.co\/","name":"FutbolHoy","description":"","publisher":{"@id":"https:\/\/futbolhoy.co\/#organization"},"potentialAction":[{"@type":"SearchAction","target":{"@type":"EntryPoint","urlTemplate":"https:\/\/futbolhoy.co\/?s={search_term_string}"},"query-input":{"@type":"PropertyValueSpecification","valueRequired":true,"valueName":"search_term_string"}}],"inLanguage":"es"},{"@type":"Organization","@id":"https:\/\/futbolhoy.co\/#organization","name":"Futbolhoy.co","url":"https:\/\/futbolhoy.co\/","logo":{"@type":"ImageObject","inLanguage":"es","@id":"https:\/\/futbolhoy.co\/#\/schema\/logo\/image\/","url":"https:\/\/futbolhoy.co\/wp-content\/uploads\/2018\/08\/17426380_1906371736249227_6326180412931521141_n.jpg","contentUrl":"https:\/\/futbolhoy.co\/wp-content\/uploads\/2018\/08\/17426380_1906371736249227_6326180412931521141_n.jpg","width":960,"height":960,"caption":"Futbolhoy.co"},"image":{"@id":"https:\/\/futbolhoy.co\/#\/schema\/logo\/image\/"},"sameAs":["https:\/\/www.facebook.com\/FutbolHoyCol\/","https:\/\/x.com\/FutbolHoyCol","https:\/\/www.instagram.com\/futbolhoycol\/"]},{"@type":"Person","@id":"https:\/\/futbolhoy.co\/#\/schema\/person\/1721b69355b6623eaff15ac7b92d4cc3","name":"contenido","image":{"@type":"ImageObject","inLanguage":"es","@id":"https:\/\/futbolhoy.co\/#\/schema\/person\/image\/","url":"https:\/\/secure.gravatar.com\/avatar\/4f656d3256f5134f466206e7c3941518?s=96&d=mm&r=g","contentUrl":"https:\/\/secure.gravatar.com\/avatar\/4f656d3256f5134f466206e7c3941518?s=96&d=mm&r=g","caption":"contenido"}}]}},"publishpress_future_action":{"enabled":false,"date":"2026-05-04 03:52:26","action":"change-status","newStatus":"draft","terms":[],"taxonomy":"category","extraData":[]},"publishpress_future_workflow_manual_trigger":{"enabledWorkflows":[]},"_links":{"self":[{"href":"https:\/\/futbolhoy.co\/index.php\/wp-json\/wp\/v2\/posts\/124722","targetHints":{"allow":["GET"]}}],"collection":[{"href":"https:\/\/futbolhoy.co\/index.php\/wp-json\/wp\/v2\/posts"}],"about":[{"href":"https:\/\/futbolhoy.co\/index.php\/wp-json\/wp\/v2\/types\/post"}],"author":[{"embeddable":true,"href":"https:\/\/futbolhoy.co\/index.php\/wp-json\/wp\/v2\/users\/4"}],"replies":[{"embeddable":true,"href":"https:\/\/futbolhoy.co\/index.php\/wp-json\/wp\/v2\/comments?post=124722"}],"version-history":[{"count":1,"href":"https:\/\/futbolhoy.co\/index.php\/wp-json\/wp\/v2\/posts\/124722\/revisions"}],"predecessor-version":[{"id":124724,"href":"https:\/\/futbolhoy.co\/index.php\/wp-json\/wp\/v2\/posts\/124722\/revisions\/124724"}],"wp:featuredmedia":[{"embeddable":true,"href":"https:\/\/futbolhoy.co\/index.php\/wp-json\/wp\/v2\/media\/124723"}],"wp:attachment":[{"href":"https:\/\/futbolhoy.co\/index.php\/wp-json\/wp\/v2\/media?parent=124722"}],"wp:term":[{"taxonomy":"category","embeddable":true,"href":"https:\/\/futbolhoy.co\/index.php\/wp-json\/wp\/v2\/categories?post=124722"},{"taxonomy":"post_tag","embeddable":true,"href":"https:\/\/futbolhoy.co\/index.php\/wp-json\/wp\/v2\/tags?post=124722"}],"curies":[{"name":"wp","href":"https:\/\/api.w.org\/{rel}","templated":true}]}}