{"id":124735,"date":"2025-10-17T09:09:42","date_gmt":"2025-10-17T14:09:42","guid":{"rendered":"https:\/\/futbolhoy.co\/?p=124735"},"modified":"2025-10-18T16:23:43","modified_gmt":"2025-10-18T21:23:43","slug":"la-seleccion-colombia-mantiene-su-posicion-en-ultima-actualizacion-del-ranking-fifa","status":"publish","type":"post","link":"https:\/\/futbolhoy.co\/index.php\/2025\/10\/17\/la-seleccion-colombia-mantiene-su-posicion-en-ultima-actualizacion-del-ranking-fifa\/","title":{"rendered":"La Selecci\u00f3n Colombia mantiene su posici\u00f3n en el Ranking FIFA"},"content":{"rendered":"<p style=\"text-align: justify;\"><span style=\"font-family: helvetica, arial, sans-serif;\">Tras la goleada 4-0 sobre <strong>M\u00e9xico<\/strong> y el empate 0-0 con <strong>Canad\u00e1<\/strong>, la<strong> Selecci\u00f3n Colombia<\/strong> se mantuvo en el puesto 13 del <strong>Ranking FIFA,<\/strong> escalaf\u00f3n que sigue siendo liderado por Espa\u00f1a y que determinar\u00e1 las selecciones que ser\u00e1n cabeza de grupo en el sorteo del <strong>Mundial 2026.<\/strong><\/span><\/p>\n<p style=\"text-align: justify;\"><span style=\"font-family: helvetica, arial, sans-serif;\">Colombia registra 1695.72 puntos, manteni\u00e9ndose a un poco menos de 15 unidades de <strong>Marruecos<\/strong>, quien cay\u00f3 al puesto 12 del listado. El equipo de N\u00e9stor Lorenzo contin\u00faa distante de la lucha por un lugar como cabeza de serie en la pr\u00f3xima Copa del Mundo.<\/span><\/p>\n<p style=\"text-align: justify;\"><span style=\"font-family: helvetica, arial, sans-serif;\">En los primeros lugares la principal modificaci\u00f3n fue el ascenso de Argentina a la segunda plaza, desplazando a Francia al tercer lugar. Espa\u00f1a se mantuvo en lo m\u00e1s alto del escalaf\u00f3n con 1880.76 puntos.<\/span><\/p>\n<p style=\"text-align: justify;\"><span style=\"font-family: helvetica, arial, sans-serif;\"><strong>\u00bfQu\u00e9 necesita Colombia para ser cabeza de grupo?<\/strong><\/span><\/p>\n<p style=\"text-align: justify;\"><span style=\"font-family: helvetica, arial, sans-serif;\">Teniendo en cuenta que <strong>Estados Unidos, M\u00e9xico y Canad\u00e1<\/strong> son los anfitriones de la pr\u00f3xima Copa del Mundo y por ende ser\u00e1n cabezas de serie,<strong> Colombia deber\u00eda ascender al menos hasta la novena posici\u00f3n del Ranking FIFA<\/strong> en su pr\u00f3xima actualizaci\u00f3n (noviembre 20), la cual ser\u00e1 la definitiva para sortear la fase de grupos del Mundial.<\/span><\/p>\n<p style=\"text-align: justify;\"><span style=\"font-family: helvetica, arial, sans-serif;\">En caso de terminar d\u00e9cimo o und\u00e9cimo, deber\u00e1 esperar que alg\u00fan equipo por delante suyo no clasifique al Mundial o al menos no lo haga de manera directa.<\/span><\/p>\n<p style=\"text-align: justify;\"><span style=\"font-family: helvetica, arial, sans-serif;\"><strong>Ranking FIFA<\/strong><\/span><\/p>\n<table>\n<thead>\n<tr>\n<th>Pos.<\/th>\n<th>Selecci\u00f3n<\/th>\n<th>Pts<\/th>\n<th>Movimiento<\/th>\n<\/tr>\n<\/thead>\n<tbody>\n<tr>\n<td>1<\/td>\n<td>Espa\u00f1a<\/td>\n<td>1880.76<\/td>\n<td>0<\/td>\n<\/tr>\n<tr>\n<td>2<\/td>\n<td>Argentina<\/td>\n<td>1872.43<\/td>\n<td>+1<\/td>\n<\/tr>\n<tr>\n<td>3<\/td>\n<td>Francia<\/td>\n<td>1862.71<\/td>\n<td>-1<\/td>\n<\/tr>\n<tr>\n<td>4<\/td>\n<td>Inglaterra<\/td>\n<td>1824.3<\/td>\n<td>0<\/td>\n<\/tr>\n<tr>\n<td>5<\/td>\n<td>Portugal<\/td>\n<td>1778<\/td>\n<td>0<\/td>\n<\/tr>\n<tr>\n<td>6<\/td>\n<td>Pa\u00edses Bajos<\/td>\n<td>1759.6<\/td>\n<td>+1<\/td>\n<\/tr>\n<tr>\n<td>7<\/td>\n<td>Brasil<\/td>\n<td>1758.85<\/td>\n<td>-1<\/td>\n<\/tr>\n<tr>\n<td>8<\/td>\n<td>B\u00e9lgica<\/td>\n<td>1740.01<\/td>\n<td>0<\/td>\n<\/tr>\n<tr>\n<td>9<\/td>\n<td>Italia<\/td>\n<td>1717.15<\/td>\n<td>+1<\/td>\n<\/tr>\n<tr>\n<td>10<\/td>\n<td>Alemania<\/td>\n<td>1713.3<\/td>\n<td>+2<\/td>\n<\/tr>\n<tr>\n<td>11<\/td>\n<td>Croacia<\/td>\n<td>1710.15<\/td>\n<td>-2<\/td>\n<\/tr>\n<tr>\n<td>12<\/td>\n<td>Marruecos<\/td>\n<td>1710.11<\/td>\n<td>-1<\/td>\n<\/tr>\n<tr>\n<td><b>13<\/b><\/td>\n<td><b>Colombia<\/b><\/td>\n<td><b>1695.72<\/b><\/td>\n<td><b>0<\/b><\/td>\n<\/tr>\n<tr>\n<td>14<\/td>\n<td>M\u00e9xico<\/td>\n<td>1682.52<\/td>\n<td>0<\/td>\n<\/tr>\n<tr>\n<td>15<\/td>\n<td>Uruguay<\/td>\n<td>1677.57<\/td>\n<td>0<\/td>\n<\/tr>\n<\/tbody>\n<\/table>\n<p>&nbsp;<\/p>\n","protected":false},"excerpt":{"rendered":"<p>Tras la goleada 4-0 sobre M\u00e9xico y el empate 0-0 con Canad\u00e1, la Selecci\u00f3n Colombia se mantuvo en el puesto 13 del Ranking FIFA, escalaf\u00f3n que sigue siendo liderado por Espa\u00f1a y que determinar\u00e1 las selecciones que ser\u00e1n cabeza de grupo en el sorteo del Mundial 2026. Colombia registra 1695.72 puntos, manteni\u00e9ndose a un poco [&hellip;]<\/p>\n","protected":false},"author":4,"featured_media":117678,"comment_status":"open","ping_status":"open","sticky":false,"template":"","format":"standard","meta":{"_acf_changed":false,"footnotes":""},"categories":[418],"tags":[],"class_list":{"0":"post-124735","1":"post","2":"type-post","3":"status-publish","4":"format-standard","5":"has-post-thumbnail","7":"category-colombia"},"acf":[],"yoast_head":"<!-- This site is optimized with the Yoast SEO plugin v26.8 - https:\/\/yoast.com\/product\/yoast-seo-wordpress\/ -->\n<title>La Selecci\u00f3n Colombia mantiene su posici\u00f3n en el Ranking FIFA -<\/title>\n<meta name=\"robots\" content=\"index, follow, max-snippet:-1, max-image-preview:large, max-video-preview:-1\" \/>\n<link rel=\"canonical\" href=\"https:\/\/futbolhoy.co\/index.php\/2025\/10\/17\/la-seleccion-colombia-mantiene-su-posicion-en-ultima-actualizacion-del-ranking-fifa\/\" \/>\n<meta property=\"og:locale\" content=\"es_ES\" \/>\n<meta property=\"og:type\" content=\"article\" \/>\n<meta property=\"og:title\" content=\"La Selecci\u00f3n Colombia mantiene su posici\u00f3n en el Ranking FIFA -\" \/>\n<meta property=\"og:description\" content=\"Tras la goleada 4-0 sobre M\u00e9xico y el empate 0-0 con Canad\u00e1, la Selecci\u00f3n Colombia se mantuvo en el puesto 13 del Ranking FIFA, escalaf\u00f3n que sigue siendo liderado por Espa\u00f1a y que determinar\u00e1 las selecciones que ser\u00e1n cabeza de grupo en el sorteo del Mundial 2026. Colombia registra 1695.72 puntos, manteni\u00e9ndose a un poco [&hellip;]\" \/>\n<meta property=\"og:url\" content=\"https:\/\/futbolhoy.co\/index.php\/2025\/10\/17\/la-seleccion-colombia-mantiene-su-posicion-en-ultima-actualizacion-del-ranking-fifa\/\" \/>\n<meta property=\"article:publisher\" content=\"https:\/\/www.facebook.com\/FutbolHoyCol\/\" \/>\n<meta property=\"article:published_time\" content=\"2025-10-17T14:09:42+00:00\" \/>\n<meta property=\"article:modified_time\" content=\"2025-10-18T21:23:43+00:00\" \/>\n<meta property=\"og:image\" content=\"https:\/\/futbolhoy.co\/wp-content\/uploads\/2025\/03\/Lucho-Colombia.png\" \/>\n\t<meta property=\"og:image:width\" content=\"744\" \/>\n\t<meta property=\"og:image:height\" content=\"569\" \/>\n\t<meta property=\"og:image:type\" content=\"image\/png\" \/>\n<meta name=\"author\" content=\"contenido\" \/>\n<meta name=\"twitter:card\" content=\"summary_large_image\" \/>\n<meta name=\"twitter:creator\" content=\"@FutbolHoyCol\" \/>\n<meta name=\"twitter:site\" content=\"@FutbolHoyCol\" \/>\n<meta name=\"twitter:label1\" content=\"Escrito por\" \/>\n\t<meta name=\"twitter:data1\" content=\"contenido\" \/>\n\t<meta name=\"twitter:label2\" content=\"Tiempo de lectura\" \/>\n\t<meta name=\"twitter:data2\" content=\"1 minuto\" \/>\n<script type=\"application\/ld+json\" class=\"yoast-schema-graph\">{\"@context\":\"https:\/\/schema.org\",\"@graph\":[{\"@type\":\"Article\",\"@id\":\"https:\/\/futbolhoy.co\/index.php\/2025\/10\/17\/la-seleccion-colombia-mantiene-su-posicion-en-ultima-actualizacion-del-ranking-fifa\/#article\",\"isPartOf\":{\"@id\":\"https:\/\/futbolhoy.co\/index.php\/2025\/10\/17\/la-seleccion-colombia-mantiene-su-posicion-en-ultima-actualizacion-del-ranking-fifa\/\"},\"author\":{\"name\":\"contenido\",\"@id\":\"https:\/\/futbolhoy.co\/#\/schema\/person\/1721b69355b6623eaff15ac7b92d4cc3\"},\"headline\":\"La Selecci\u00f3n Colombia mantiene su posici\u00f3n en el Ranking FIFA\",\"datePublished\":\"2025-10-17T14:09:42+00:00\",\"dateModified\":\"2025-10-18T21:23:43+00:00\",\"mainEntityOfPage\":{\"@id\":\"https:\/\/futbolhoy.co\/index.php\/2025\/10\/17\/la-seleccion-colombia-mantiene-su-posicion-en-ultima-actualizacion-del-ranking-fifa\/\"},\"wordCount\":277,\"commentCount\":0,\"publisher\":{\"@id\":\"https:\/\/futbolhoy.co\/#organization\"},\"image\":{\"@id\":\"https:\/\/futbolhoy.co\/index.php\/2025\/10\/17\/la-seleccion-colombia-mantiene-su-posicion-en-ultima-actualizacion-del-ranking-fifa\/#primaryimage\"},\"thumbnailUrl\":\"https:\/\/futbolhoy.co\/wp-content\/uploads\/2025\/03\/Lucho-Colombia.png\",\"articleSection\":[\"Colombia\"],\"inLanguage\":\"es\",\"potentialAction\":[{\"@type\":\"CommentAction\",\"name\":\"Comment\",\"target\":[\"https:\/\/futbolhoy.co\/index.php\/2025\/10\/17\/la-seleccion-colombia-mantiene-su-posicion-en-ultima-actualizacion-del-ranking-fifa\/#respond\"]}]},{\"@type\":\"WebPage\",\"@id\":\"https:\/\/futbolhoy.co\/index.php\/2025\/10\/17\/la-seleccion-colombia-mantiene-su-posicion-en-ultima-actualizacion-del-ranking-fifa\/\",\"url\":\"https:\/\/futbolhoy.co\/index.php\/2025\/10\/17\/la-seleccion-colombia-mantiene-su-posicion-en-ultima-actualizacion-del-ranking-fifa\/\",\"name\":\"La Selecci\u00f3n Colombia mantiene su posici\u00f3n en el Ranking FIFA -\",\"isPartOf\":{\"@id\":\"https:\/\/futbolhoy.co\/#website\"},\"primaryImageOfPage\":{\"@id\":\"https:\/\/futbolhoy.co\/index.php\/2025\/10\/17\/la-seleccion-colombia-mantiene-su-posicion-en-ultima-actualizacion-del-ranking-fifa\/#primaryimage\"},\"image\":{\"@id\":\"https:\/\/futbolhoy.co\/index.php\/2025\/10\/17\/la-seleccion-colombia-mantiene-su-posicion-en-ultima-actualizacion-del-ranking-fifa\/#primaryimage\"},\"thumbnailUrl\":\"https:\/\/futbolhoy.co\/wp-content\/uploads\/2025\/03\/Lucho-Colombia.png\",\"datePublished\":\"2025-10-17T14:09:42+00:00\",\"dateModified\":\"2025-10-18T21:23:43+00:00\",\"breadcrumb\":{\"@id\":\"https:\/\/futbolhoy.co\/index.php\/2025\/10\/17\/la-seleccion-colombia-mantiene-su-posicion-en-ultima-actualizacion-del-ranking-fifa\/#breadcrumb\"},\"inLanguage\":\"es\",\"potentialAction\":[{\"@type\":\"ReadAction\",\"target\":[\"https:\/\/futbolhoy.co\/index.php\/2025\/10\/17\/la-seleccion-colombia-mantiene-su-posicion-en-ultima-actualizacion-del-ranking-fifa\/\"]}]},{\"@type\":\"ImageObject\",\"inLanguage\":\"es\",\"@id\":\"https:\/\/futbolhoy.co\/index.php\/2025\/10\/17\/la-seleccion-colombia-mantiene-su-posicion-en-ultima-actualizacion-del-ranking-fifa\/#primaryimage\",\"url\":\"https:\/\/futbolhoy.co\/wp-content\/uploads\/2025\/03\/Lucho-Colombia.png\",\"contentUrl\":\"https:\/\/futbolhoy.co\/wp-content\/uploads\/2025\/03\/Lucho-Colombia.png\",\"width\":744,\"height\":569},{\"@type\":\"BreadcrumbList\",\"@id\":\"https:\/\/futbolhoy.co\/index.php\/2025\/10\/17\/la-seleccion-colombia-mantiene-su-posicion-en-ultima-actualizacion-del-ranking-fifa\/#breadcrumb\",\"itemListElement\":[{\"@type\":\"ListItem\",\"position\":1,\"name\":\"Portada\",\"item\":\"https:\/\/futbolhoy.co\/\"},{\"@type\":\"ListItem\",\"position\":2,\"name\":\"La Selecci\u00f3n Colombia mantiene su posici\u00f3n en el Ranking FIFA\"}]},{\"@type\":\"WebSite\",\"@id\":\"https:\/\/futbolhoy.co\/#website\",\"url\":\"https:\/\/futbolhoy.co\/\",\"name\":\"FutbolHoy\",\"description\":\"\",\"publisher\":{\"@id\":\"https:\/\/futbolhoy.co\/#organization\"},\"potentialAction\":[{\"@type\":\"SearchAction\",\"target\":{\"@type\":\"EntryPoint\",\"urlTemplate\":\"https:\/\/futbolhoy.co\/?s={search_term_string}\"},\"query-input\":{\"@type\":\"PropertyValueSpecification\",\"valueRequired\":true,\"valueName\":\"search_term_string\"}}],\"inLanguage\":\"es\"},{\"@type\":\"Organization\",\"@id\":\"https:\/\/futbolhoy.co\/#organization\",\"name\":\"Futbolhoy.co\",\"url\":\"https:\/\/futbolhoy.co\/\",\"logo\":{\"@type\":\"ImageObject\",\"inLanguage\":\"es\",\"@id\":\"https:\/\/futbolhoy.co\/#\/schema\/logo\/image\/\",\"url\":\"https:\/\/futbolhoy.co\/wp-content\/uploads\/2018\/08\/17426380_1906371736249227_6326180412931521141_n.jpg\",\"contentUrl\":\"https:\/\/futbolhoy.co\/wp-content\/uploads\/2018\/08\/17426380_1906371736249227_6326180412931521141_n.jpg\",\"width\":960,\"height\":960,\"caption\":\"Futbolhoy.co\"},\"image\":{\"@id\":\"https:\/\/futbolhoy.co\/#\/schema\/logo\/image\/\"},\"sameAs\":[\"https:\/\/www.facebook.com\/FutbolHoyCol\/\",\"https:\/\/x.com\/FutbolHoyCol\",\"https:\/\/www.instagram.com\/futbolhoycol\/\"]},{\"@type\":\"Person\",\"@id\":\"https:\/\/futbolhoy.co\/#\/schema\/person\/1721b69355b6623eaff15ac7b92d4cc3\",\"name\":\"contenido\",\"image\":{\"@type\":\"ImageObject\",\"inLanguage\":\"es\",\"@id\":\"https:\/\/futbolhoy.co\/#\/schema\/person\/image\/\",\"url\":\"https:\/\/secure.gravatar.com\/avatar\/4f656d3256f5134f466206e7c3941518?s=96&d=mm&r=g\",\"contentUrl\":\"https:\/\/secure.gravatar.com\/avatar\/4f656d3256f5134f466206e7c3941518?s=96&d=mm&r=g\",\"caption\":\"contenido\"}}]}<\/script>\n<!-- \/ Yoast SEO plugin. -->","yoast_head_json":{"title":"La Selecci\u00f3n Colombia mantiene su posici\u00f3n en el Ranking FIFA -","robots":{"index":"index","follow":"follow","max-snippet":"max-snippet:-1","max-image-preview":"max-image-preview:large","max-video-preview":"max-video-preview:-1"},"canonical":"https:\/\/futbolhoy.co\/index.php\/2025\/10\/17\/la-seleccion-colombia-mantiene-su-posicion-en-ultima-actualizacion-del-ranking-fifa\/","og_locale":"es_ES","og_type":"article","og_title":"La Selecci\u00f3n Colombia mantiene su posici\u00f3n en el Ranking FIFA -","og_description":"Tras la goleada 4-0 sobre M\u00e9xico y el empate 0-0 con Canad\u00e1, la Selecci\u00f3n Colombia se mantuvo en el puesto 13 del Ranking FIFA, escalaf\u00f3n que sigue siendo liderado por Espa\u00f1a y que determinar\u00e1 las selecciones que ser\u00e1n cabeza de grupo en el sorteo del Mundial 2026. Colombia registra 1695.72 puntos, manteni\u00e9ndose a un poco [&hellip;]","og_url":"https:\/\/futbolhoy.co\/index.php\/2025\/10\/17\/la-seleccion-colombia-mantiene-su-posicion-en-ultima-actualizacion-del-ranking-fifa\/","article_publisher":"https:\/\/www.facebook.com\/FutbolHoyCol\/","article_published_time":"2025-10-17T14:09:42+00:00","article_modified_time":"2025-10-18T21:23:43+00:00","og_image":[{"width":744,"height":569,"url":"https:\/\/futbolhoy.co\/wp-content\/uploads\/2025\/03\/Lucho-Colombia.png","type":"image\/png"}],"author":"contenido","twitter_card":"summary_large_image","twitter_creator":"@FutbolHoyCol","twitter_site":"@FutbolHoyCol","twitter_misc":{"Escrito por":"contenido","Tiempo de lectura":"1 minuto"},"schema":{"@context":"https:\/\/schema.org","@graph":[{"@type":"Article","@id":"https:\/\/futbolhoy.co\/index.php\/2025\/10\/17\/la-seleccion-colombia-mantiene-su-posicion-en-ultima-actualizacion-del-ranking-fifa\/#article","isPartOf":{"@id":"https:\/\/futbolhoy.co\/index.php\/2025\/10\/17\/la-seleccion-colombia-mantiene-su-posicion-en-ultima-actualizacion-del-ranking-fifa\/"},"author":{"name":"contenido","@id":"https:\/\/futbolhoy.co\/#\/schema\/person\/1721b69355b6623eaff15ac7b92d4cc3"},"headline":"La Selecci\u00f3n Colombia mantiene su posici\u00f3n en el Ranking FIFA","datePublished":"2025-10-17T14:09:42+00:00","dateModified":"2025-10-18T21:23:43+00:00","mainEntityOfPage":{"@id":"https:\/\/futbolhoy.co\/index.php\/2025\/10\/17\/la-seleccion-colombia-mantiene-su-posicion-en-ultima-actualizacion-del-ranking-fifa\/"},"wordCount":277,"commentCount":0,"publisher":{"@id":"https:\/\/futbolhoy.co\/#organization"},"image":{"@id":"https:\/\/futbolhoy.co\/index.php\/2025\/10\/17\/la-seleccion-colombia-mantiene-su-posicion-en-ultima-actualizacion-del-ranking-fifa\/#primaryimage"},"thumbnailUrl":"https:\/\/futbolhoy.co\/wp-content\/uploads\/2025\/03\/Lucho-Colombia.png","articleSection":["Colombia"],"inLanguage":"es","potentialAction":[{"@type":"CommentAction","name":"Comment","target":["https:\/\/futbolhoy.co\/index.php\/2025\/10\/17\/la-seleccion-colombia-mantiene-su-posicion-en-ultima-actualizacion-del-ranking-fifa\/#respond"]}]},{"@type":"WebPage","@id":"https:\/\/futbolhoy.co\/index.php\/2025\/10\/17\/la-seleccion-colombia-mantiene-su-posicion-en-ultima-actualizacion-del-ranking-fifa\/","url":"https:\/\/futbolhoy.co\/index.php\/2025\/10\/17\/la-seleccion-colombia-mantiene-su-posicion-en-ultima-actualizacion-del-ranking-fifa\/","name":"La Selecci\u00f3n Colombia mantiene su posici\u00f3n en el Ranking FIFA -","isPartOf":{"@id":"https:\/\/futbolhoy.co\/#website"},"primaryImageOfPage":{"@id":"https:\/\/futbolhoy.co\/index.php\/2025\/10\/17\/la-seleccion-colombia-mantiene-su-posicion-en-ultima-actualizacion-del-ranking-fifa\/#primaryimage"},"image":{"@id":"https:\/\/futbolhoy.co\/index.php\/2025\/10\/17\/la-seleccion-colombia-mantiene-su-posicion-en-ultima-actualizacion-del-ranking-fifa\/#primaryimage"},"thumbnailUrl":"https:\/\/futbolhoy.co\/wp-content\/uploads\/2025\/03\/Lucho-Colombia.png","datePublished":"2025-10-17T14:09:42+00:00","dateModified":"2025-10-18T21:23:43+00:00","breadcrumb":{"@id":"https:\/\/futbolhoy.co\/index.php\/2025\/10\/17\/la-seleccion-colombia-mantiene-su-posicion-en-ultima-actualizacion-del-ranking-fifa\/#breadcrumb"},"inLanguage":"es","potentialAction":[{"@type":"ReadAction","target":["https:\/\/futbolhoy.co\/index.php\/2025\/10\/17\/la-seleccion-colombia-mantiene-su-posicion-en-ultima-actualizacion-del-ranking-fifa\/"]}]},{"@type":"ImageObject","inLanguage":"es","@id":"https:\/\/futbolhoy.co\/index.php\/2025\/10\/17\/la-seleccion-colombia-mantiene-su-posicion-en-ultima-actualizacion-del-ranking-fifa\/#primaryimage","url":"https:\/\/futbolhoy.co\/wp-content\/uploads\/2025\/03\/Lucho-Colombia.png","contentUrl":"https:\/\/futbolhoy.co\/wp-content\/uploads\/2025\/03\/Lucho-Colombia.png","width":744,"height":569},{"@type":"BreadcrumbList","@id":"https:\/\/futbolhoy.co\/index.php\/2025\/10\/17\/la-seleccion-colombia-mantiene-su-posicion-en-ultima-actualizacion-del-ranking-fifa\/#breadcrumb","itemListElement":[{"@type":"ListItem","position":1,"name":"Portada","item":"https:\/\/futbolhoy.co\/"},{"@type":"ListItem","position":2,"name":"La Selecci\u00f3n Colombia mantiene su posici\u00f3n en el Ranking FIFA"}]},{"@type":"WebSite","@id":"https:\/\/futbolhoy.co\/#website","url":"https:\/\/futbolhoy.co\/","name":"FutbolHoy","description":"","publisher":{"@id":"https:\/\/futbolhoy.co\/#organization"},"potentialAction":[{"@type":"SearchAction","target":{"@type":"EntryPoint","urlTemplate":"https:\/\/futbolhoy.co\/?s={search_term_string}"},"query-input":{"@type":"PropertyValueSpecification","valueRequired":true,"valueName":"search_term_string"}}],"inLanguage":"es"},{"@type":"Organization","@id":"https:\/\/futbolhoy.co\/#organization","name":"Futbolhoy.co","url":"https:\/\/futbolhoy.co\/","logo":{"@type":"ImageObject","inLanguage":"es","@id":"https:\/\/futbolhoy.co\/#\/schema\/logo\/image\/","url":"https:\/\/futbolhoy.co\/wp-content\/uploads\/2018\/08\/17426380_1906371736249227_6326180412931521141_n.jpg","contentUrl":"https:\/\/futbolhoy.co\/wp-content\/uploads\/2018\/08\/17426380_1906371736249227_6326180412931521141_n.jpg","width":960,"height":960,"caption":"Futbolhoy.co"},"image":{"@id":"https:\/\/futbolhoy.co\/#\/schema\/logo\/image\/"},"sameAs":["https:\/\/www.facebook.com\/FutbolHoyCol\/","https:\/\/x.com\/FutbolHoyCol","https:\/\/www.instagram.com\/futbolhoycol\/"]},{"@type":"Person","@id":"https:\/\/futbolhoy.co\/#\/schema\/person\/1721b69355b6623eaff15ac7b92d4cc3","name":"contenido","image":{"@type":"ImageObject","inLanguage":"es","@id":"https:\/\/futbolhoy.co\/#\/schema\/person\/image\/","url":"https:\/\/secure.gravatar.com\/avatar\/4f656d3256f5134f466206e7c3941518?s=96&d=mm&r=g","contentUrl":"https:\/\/secure.gravatar.com\/avatar\/4f656d3256f5134f466206e7c3941518?s=96&d=mm&r=g","caption":"contenido"}}]}},"publishpress_future_action":{"enabled":false,"date":"2026-05-04 02:26:40","action":"change-status","newStatus":"draft","terms":[],"taxonomy":"category","extraData":[]},"publishpress_future_workflow_manual_trigger":{"enabledWorkflows":[]},"_links":{"self":[{"href":"https:\/\/futbolhoy.co\/index.php\/wp-json\/wp\/v2\/posts\/124735","targetHints":{"allow":["GET"]}}],"collection":[{"href":"https:\/\/futbolhoy.co\/index.php\/wp-json\/wp\/v2\/posts"}],"about":[{"href":"https:\/\/futbolhoy.co\/index.php\/wp-json\/wp\/v2\/types\/post"}],"author":[{"embeddable":true,"href":"https:\/\/futbolhoy.co\/index.php\/wp-json\/wp\/v2\/users\/4"}],"replies":[{"embeddable":true,"href":"https:\/\/futbolhoy.co\/index.php\/wp-json\/wp\/v2\/comments?post=124735"}],"version-history":[{"count":2,"href":"https:\/\/futbolhoy.co\/index.php\/wp-json\/wp\/v2\/posts\/124735\/revisions"}],"predecessor-version":[{"id":124737,"href":"https:\/\/futbolhoy.co\/index.php\/wp-json\/wp\/v2\/posts\/124735\/revisions\/124737"}],"wp:featuredmedia":[{"embeddable":true,"href":"https:\/\/futbolhoy.co\/index.php\/wp-json\/wp\/v2\/media\/117678"}],"wp:attachment":[{"href":"https:\/\/futbolhoy.co\/index.php\/wp-json\/wp\/v2\/media?parent=124735"}],"wp:term":[{"taxonomy":"category","embeddable":true,"href":"https:\/\/futbolhoy.co\/index.php\/wp-json\/wp\/v2\/categories?post=124735"},{"taxonomy":"post_tag","embeddable":true,"href":"https:\/\/futbolhoy.co\/index.php\/wp-json\/wp\/v2\/tags?post=124735"}],"curies":[{"name":"wp","href":"https:\/\/api.w.org\/{rel}","templated":true}]}}