{"id":124763,"date":"2025-10-18T08:35:28","date_gmt":"2025-10-18T13:35:28","guid":{"rendered":"https:\/\/futbolhoy.co\/?p=124763"},"modified":"2025-10-18T16:55:06","modified_gmt":"2025-10-18T21:55:06","slug":"arbitro-colombiano-pitara-juego-de-semifinal-de-sudamericana","status":"publish","type":"post","link":"https:\/\/futbolhoy.co\/index.php\/2025\/10\/18\/arbitro-colombiano-pitara-juego-de-semifinal-de-sudamericana\/","title":{"rendered":"\u00c1rbitro colombiano pitar\u00e1 juego de semifinal de Sudamericana"},"content":{"rendered":"<p style=\"text-align: justify;\"><span style=\"font-family: helvetica, arial, sans-serif;\"><strong>La Confederaci\u00f3n Sudamericana de F\u00fatbol (Conmebol)<\/strong> anunci\u00f3 este viernes la designaci\u00f3n de \u00e1rbitros de <strong>Colombia<\/strong> y <strong>Brasil<\/strong> para los partidos de ida de las semifinales de la <strong>Copa Sudamericana,<\/strong> que se disputar\u00e1n la pr\u00f3xima semana.<\/span><\/p>\n<p style=\"text-align: justify;\"><span style=\"font-family: helvetica, arial, sans-serif;\">El organismo regional inform\u00f3 que el partido entre el ecuatoriano <strong>Independiente del Valle<\/strong> y el brasile\u00f1o <strong>Atl\u00e9tico Mineiro<\/strong>, que se medir\u00e1n el siguiente martes en el estadio <strong>Banco Guayaquil de Quito,<\/strong> ser\u00e1 arbitrado por el colombiano <strong>Carlos Betancur,<\/strong> asistido por sus compatriotas <strong>Richard Ortiz y Miguel Rold\u00e1n<\/strong>.<\/span><\/p>\n<p style=\"text-align: justify;\"><span style=\"font-family: helvetica, arial, sans-serif;\">El duelo entre la <strong>Universidad de Chile y el Lan\u00fas<\/strong> argentino tendr\u00e1 como juez al brasile\u00f1o <strong>Anderson Daronco<\/strong>, acompa\u00f1ado por <strong>Danilo Manis y Bruno Boschilia, tambi\u00e9n de Brasil.<\/strong><\/span><\/p>\n<p style=\"text-align: justify;\"><span style=\"font-family: helvetica, arial, sans-serif;\">El partido se diputar\u00e1 el jueves 23 en el estadio <strong>Nacional Julio Mart\u00ednez, de Santiago.<\/strong><\/span><\/p>\n<p style=\"text-align: justify;\"><span style=\"font-family: helvetica, arial, sans-serif;\">El encuentro de vuelta Atl\u00e9tico Mineiro-Independiente del Valle se jugar\u00e1 el 28 de octubre y el Lan\u00fas-U de Chile, el d\u00eda 30.<\/span><\/p>\n","protected":false},"excerpt":{"rendered":"<p>La Confederaci\u00f3n Sudamericana de F\u00fatbol (Conmebol) anunci\u00f3 este viernes la designaci\u00f3n de \u00e1rbitros de Colombia y Brasil para los partidos de ida de las semifinales de la Copa Sudamericana, que se disputar\u00e1n la pr\u00f3xima semana. El organismo regional inform\u00f3 que el partido entre el ecuatoriano Independiente del Valle y el brasile\u00f1o Atl\u00e9tico Mineiro, que se [&hellip;]<\/p>\n","protected":false},"author":4,"featured_media":124762,"comment_status":"open","ping_status":"open","sticky":false,"template":"","format":"standard","meta":{"_acf_changed":false,"footnotes":""},"categories":[152],"tags":[],"class_list":{"0":"post-124763","1":"post","2":"type-post","3":"status-publish","4":"format-standard","5":"has-post-thumbnail","7":"category-mundo-futbol"},"acf":[],"yoast_head":"<!-- This site is optimized with the Yoast SEO plugin v26.8 - https:\/\/yoast.com\/product\/yoast-seo-wordpress\/ -->\n<title>\u00c1rbitro colombiano pitar\u00e1 juego de semifinal de Sudamericana -<\/title>\n<meta name=\"robots\" content=\"index, follow, max-snippet:-1, max-image-preview:large, max-video-preview:-1\" \/>\n<link rel=\"canonical\" href=\"https:\/\/futbolhoy.co\/index.php\/2025\/10\/18\/arbitro-colombiano-pitara-juego-de-semifinal-de-sudamericana\/\" \/>\n<meta property=\"og:locale\" content=\"es_ES\" \/>\n<meta property=\"og:type\" content=\"article\" \/>\n<meta property=\"og:title\" content=\"\u00c1rbitro colombiano pitar\u00e1 juego de semifinal de Sudamericana -\" \/>\n<meta property=\"og:description\" content=\"La Confederaci\u00f3n Sudamericana de F\u00fatbol (Conmebol) anunci\u00f3 este viernes la designaci\u00f3n de \u00e1rbitros de Colombia y Brasil para los partidos de ida de las semifinales de la Copa Sudamericana, que se disputar\u00e1n la pr\u00f3xima semana. El organismo regional inform\u00f3 que el partido entre el ecuatoriano Independiente del Valle y el brasile\u00f1o Atl\u00e9tico Mineiro, que se [&hellip;]\" \/>\n<meta property=\"og:url\" content=\"https:\/\/futbolhoy.co\/index.php\/2025\/10\/18\/arbitro-colombiano-pitara-juego-de-semifinal-de-sudamericana\/\" \/>\n<meta property=\"article:publisher\" content=\"https:\/\/www.facebook.com\/FutbolHoyCol\/\" \/>\n<meta property=\"article:published_time\" content=\"2025-10-18T13:35:28+00:00\" \/>\n<meta property=\"article:modified_time\" content=\"2025-10-18T21:55:06+00:00\" \/>\n<meta property=\"og:image\" content=\"https:\/\/futbolhoy.co\/wp-content\/uploads\/2025\/10\/IMG_1872.jpeg\" \/>\n\t<meta property=\"og:image:width\" content=\"1200\" \/>\n\t<meta property=\"og:image:height\" content=\"675\" \/>\n\t<meta property=\"og:image:type\" content=\"image\/jpeg\" \/>\n<meta name=\"author\" content=\"contenido\" \/>\n<meta name=\"twitter:card\" content=\"summary_large_image\" \/>\n<meta name=\"twitter:creator\" content=\"@FutbolHoyCol\" \/>\n<meta name=\"twitter:site\" content=\"@FutbolHoyCol\" \/>\n<meta name=\"twitter:label1\" content=\"Escrito por\" \/>\n\t<meta name=\"twitter:data1\" content=\"contenido\" \/>\n\t<meta name=\"twitter:label2\" content=\"Tiempo de lectura\" \/>\n\t<meta name=\"twitter:data2\" content=\"1 minuto\" \/>\n<script type=\"application\/ld+json\" class=\"yoast-schema-graph\">{\"@context\":\"https:\/\/schema.org\",\"@graph\":[{\"@type\":\"Article\",\"@id\":\"https:\/\/futbolhoy.co\/index.php\/2025\/10\/18\/arbitro-colombiano-pitara-juego-de-semifinal-de-sudamericana\/#article\",\"isPartOf\":{\"@id\":\"https:\/\/futbolhoy.co\/index.php\/2025\/10\/18\/arbitro-colombiano-pitara-juego-de-semifinal-de-sudamericana\/\"},\"author\":{\"name\":\"contenido\",\"@id\":\"https:\/\/futbolhoy.co\/#\/schema\/person\/1721b69355b6623eaff15ac7b92d4cc3\"},\"headline\":\"\u00c1rbitro colombiano pitar\u00e1 juego de semifinal de Sudamericana\",\"datePublished\":\"2025-10-18T13:35:28+00:00\",\"dateModified\":\"2025-10-18T21:55:06+00:00\",\"mainEntityOfPage\":{\"@id\":\"https:\/\/futbolhoy.co\/index.php\/2025\/10\/18\/arbitro-colombiano-pitara-juego-de-semifinal-de-sudamericana\/\"},\"wordCount\":169,\"commentCount\":0,\"publisher\":{\"@id\":\"https:\/\/futbolhoy.co\/#organization\"},\"image\":{\"@id\":\"https:\/\/futbolhoy.co\/index.php\/2025\/10\/18\/arbitro-colombiano-pitara-juego-de-semifinal-de-sudamericana\/#primaryimage\"},\"thumbnailUrl\":\"https:\/\/futbolhoy.co\/wp-content\/uploads\/2025\/10\/IMG_1872.jpeg\",\"articleSection\":[\"Mundo Futbol\"],\"inLanguage\":\"es\",\"potentialAction\":[{\"@type\":\"CommentAction\",\"name\":\"Comment\",\"target\":[\"https:\/\/futbolhoy.co\/index.php\/2025\/10\/18\/arbitro-colombiano-pitara-juego-de-semifinal-de-sudamericana\/#respond\"]}]},{\"@type\":\"WebPage\",\"@id\":\"https:\/\/futbolhoy.co\/index.php\/2025\/10\/18\/arbitro-colombiano-pitara-juego-de-semifinal-de-sudamericana\/\",\"url\":\"https:\/\/futbolhoy.co\/index.php\/2025\/10\/18\/arbitro-colombiano-pitara-juego-de-semifinal-de-sudamericana\/\",\"name\":\"\u00c1rbitro colombiano pitar\u00e1 juego de semifinal de Sudamericana -\",\"isPartOf\":{\"@id\":\"https:\/\/futbolhoy.co\/#website\"},\"primaryImageOfPage\":{\"@id\":\"https:\/\/futbolhoy.co\/index.php\/2025\/10\/18\/arbitro-colombiano-pitara-juego-de-semifinal-de-sudamericana\/#primaryimage\"},\"image\":{\"@id\":\"https:\/\/futbolhoy.co\/index.php\/2025\/10\/18\/arbitro-colombiano-pitara-juego-de-semifinal-de-sudamericana\/#primaryimage\"},\"thumbnailUrl\":\"https:\/\/futbolhoy.co\/wp-content\/uploads\/2025\/10\/IMG_1872.jpeg\",\"datePublished\":\"2025-10-18T13:35:28+00:00\",\"dateModified\":\"2025-10-18T21:55:06+00:00\",\"breadcrumb\":{\"@id\":\"https:\/\/futbolhoy.co\/index.php\/2025\/10\/18\/arbitro-colombiano-pitara-juego-de-semifinal-de-sudamericana\/#breadcrumb\"},\"inLanguage\":\"es\",\"potentialAction\":[{\"@type\":\"ReadAction\",\"target\":[\"https:\/\/futbolhoy.co\/index.php\/2025\/10\/18\/arbitro-colombiano-pitara-juego-de-semifinal-de-sudamericana\/\"]}]},{\"@type\":\"ImageObject\",\"inLanguage\":\"es\",\"@id\":\"https:\/\/futbolhoy.co\/index.php\/2025\/10\/18\/arbitro-colombiano-pitara-juego-de-semifinal-de-sudamericana\/#primaryimage\",\"url\":\"https:\/\/futbolhoy.co\/wp-content\/uploads\/2025\/10\/IMG_1872.jpeg\",\"contentUrl\":\"https:\/\/futbolhoy.co\/wp-content\/uploads\/2025\/10\/IMG_1872.jpeg\",\"width\":1200,\"height\":675},{\"@type\":\"BreadcrumbList\",\"@id\":\"https:\/\/futbolhoy.co\/index.php\/2025\/10\/18\/arbitro-colombiano-pitara-juego-de-semifinal-de-sudamericana\/#breadcrumb\",\"itemListElement\":[{\"@type\":\"ListItem\",\"position\":1,\"name\":\"Portada\",\"item\":\"https:\/\/futbolhoy.co\/\"},{\"@type\":\"ListItem\",\"position\":2,\"name\":\"\u00c1rbitro colombiano pitar\u00e1 juego de semifinal de Sudamericana\"}]},{\"@type\":\"WebSite\",\"@id\":\"https:\/\/futbolhoy.co\/#website\",\"url\":\"https:\/\/futbolhoy.co\/\",\"name\":\"FutbolHoy\",\"description\":\"\",\"publisher\":{\"@id\":\"https:\/\/futbolhoy.co\/#organization\"},\"potentialAction\":[{\"@type\":\"SearchAction\",\"target\":{\"@type\":\"EntryPoint\",\"urlTemplate\":\"https:\/\/futbolhoy.co\/?s={search_term_string}\"},\"query-input\":{\"@type\":\"PropertyValueSpecification\",\"valueRequired\":true,\"valueName\":\"search_term_string\"}}],\"inLanguage\":\"es\"},{\"@type\":\"Organization\",\"@id\":\"https:\/\/futbolhoy.co\/#organization\",\"name\":\"Futbolhoy.co\",\"url\":\"https:\/\/futbolhoy.co\/\",\"logo\":{\"@type\":\"ImageObject\",\"inLanguage\":\"es\",\"@id\":\"https:\/\/futbolhoy.co\/#\/schema\/logo\/image\/\",\"url\":\"https:\/\/futbolhoy.co\/wp-content\/uploads\/2018\/08\/17426380_1906371736249227_6326180412931521141_n.jpg\",\"contentUrl\":\"https:\/\/futbolhoy.co\/wp-content\/uploads\/2018\/08\/17426380_1906371736249227_6326180412931521141_n.jpg\",\"width\":960,\"height\":960,\"caption\":\"Futbolhoy.co\"},\"image\":{\"@id\":\"https:\/\/futbolhoy.co\/#\/schema\/logo\/image\/\"},\"sameAs\":[\"https:\/\/www.facebook.com\/FutbolHoyCol\/\",\"https:\/\/x.com\/FutbolHoyCol\",\"https:\/\/www.instagram.com\/futbolhoycol\/\"]},{\"@type\":\"Person\",\"@id\":\"https:\/\/futbolhoy.co\/#\/schema\/person\/1721b69355b6623eaff15ac7b92d4cc3\",\"name\":\"contenido\",\"image\":{\"@type\":\"ImageObject\",\"inLanguage\":\"es\",\"@id\":\"https:\/\/futbolhoy.co\/#\/schema\/person\/image\/\",\"url\":\"https:\/\/secure.gravatar.com\/avatar\/4f656d3256f5134f466206e7c3941518?s=96&d=mm&r=g\",\"contentUrl\":\"https:\/\/secure.gravatar.com\/avatar\/4f656d3256f5134f466206e7c3941518?s=96&d=mm&r=g\",\"caption\":\"contenido\"}}]}<\/script>\n<!-- \/ Yoast SEO plugin. -->","yoast_head_json":{"title":"\u00c1rbitro colombiano pitar\u00e1 juego de semifinal de Sudamericana -","robots":{"index":"index","follow":"follow","max-snippet":"max-snippet:-1","max-image-preview":"max-image-preview:large","max-video-preview":"max-video-preview:-1"},"canonical":"https:\/\/futbolhoy.co\/index.php\/2025\/10\/18\/arbitro-colombiano-pitara-juego-de-semifinal-de-sudamericana\/","og_locale":"es_ES","og_type":"article","og_title":"\u00c1rbitro colombiano pitar\u00e1 juego de semifinal de Sudamericana -","og_description":"La Confederaci\u00f3n Sudamericana de F\u00fatbol (Conmebol) anunci\u00f3 este viernes la designaci\u00f3n de \u00e1rbitros de Colombia y Brasil para los partidos de ida de las semifinales de la Copa Sudamericana, que se disputar\u00e1n la pr\u00f3xima semana. El organismo regional inform\u00f3 que el partido entre el ecuatoriano Independiente del Valle y el brasile\u00f1o Atl\u00e9tico Mineiro, que se [&hellip;]","og_url":"https:\/\/futbolhoy.co\/index.php\/2025\/10\/18\/arbitro-colombiano-pitara-juego-de-semifinal-de-sudamericana\/","article_publisher":"https:\/\/www.facebook.com\/FutbolHoyCol\/","article_published_time":"2025-10-18T13:35:28+00:00","article_modified_time":"2025-10-18T21:55:06+00:00","og_image":[{"width":1200,"height":675,"url":"https:\/\/futbolhoy.co\/wp-content\/uploads\/2025\/10\/IMG_1872.jpeg","type":"image\/jpeg"}],"author":"contenido","twitter_card":"summary_large_image","twitter_creator":"@FutbolHoyCol","twitter_site":"@FutbolHoyCol","twitter_misc":{"Escrito por":"contenido","Tiempo de lectura":"1 minuto"},"schema":{"@context":"https:\/\/schema.org","@graph":[{"@type":"Article","@id":"https:\/\/futbolhoy.co\/index.php\/2025\/10\/18\/arbitro-colombiano-pitara-juego-de-semifinal-de-sudamericana\/#article","isPartOf":{"@id":"https:\/\/futbolhoy.co\/index.php\/2025\/10\/18\/arbitro-colombiano-pitara-juego-de-semifinal-de-sudamericana\/"},"author":{"name":"contenido","@id":"https:\/\/futbolhoy.co\/#\/schema\/person\/1721b69355b6623eaff15ac7b92d4cc3"},"headline":"\u00c1rbitro colombiano pitar\u00e1 juego de semifinal de Sudamericana","datePublished":"2025-10-18T13:35:28+00:00","dateModified":"2025-10-18T21:55:06+00:00","mainEntityOfPage":{"@id":"https:\/\/futbolhoy.co\/index.php\/2025\/10\/18\/arbitro-colombiano-pitara-juego-de-semifinal-de-sudamericana\/"},"wordCount":169,"commentCount":0,"publisher":{"@id":"https:\/\/futbolhoy.co\/#organization"},"image":{"@id":"https:\/\/futbolhoy.co\/index.php\/2025\/10\/18\/arbitro-colombiano-pitara-juego-de-semifinal-de-sudamericana\/#primaryimage"},"thumbnailUrl":"https:\/\/futbolhoy.co\/wp-content\/uploads\/2025\/10\/IMG_1872.jpeg","articleSection":["Mundo Futbol"],"inLanguage":"es","potentialAction":[{"@type":"CommentAction","name":"Comment","target":["https:\/\/futbolhoy.co\/index.php\/2025\/10\/18\/arbitro-colombiano-pitara-juego-de-semifinal-de-sudamericana\/#respond"]}]},{"@type":"WebPage","@id":"https:\/\/futbolhoy.co\/index.php\/2025\/10\/18\/arbitro-colombiano-pitara-juego-de-semifinal-de-sudamericana\/","url":"https:\/\/futbolhoy.co\/index.php\/2025\/10\/18\/arbitro-colombiano-pitara-juego-de-semifinal-de-sudamericana\/","name":"\u00c1rbitro colombiano pitar\u00e1 juego de semifinal de Sudamericana -","isPartOf":{"@id":"https:\/\/futbolhoy.co\/#website"},"primaryImageOfPage":{"@id":"https:\/\/futbolhoy.co\/index.php\/2025\/10\/18\/arbitro-colombiano-pitara-juego-de-semifinal-de-sudamericana\/#primaryimage"},"image":{"@id":"https:\/\/futbolhoy.co\/index.php\/2025\/10\/18\/arbitro-colombiano-pitara-juego-de-semifinal-de-sudamericana\/#primaryimage"},"thumbnailUrl":"https:\/\/futbolhoy.co\/wp-content\/uploads\/2025\/10\/IMG_1872.jpeg","datePublished":"2025-10-18T13:35:28+00:00","dateModified":"2025-10-18T21:55:06+00:00","breadcrumb":{"@id":"https:\/\/futbolhoy.co\/index.php\/2025\/10\/18\/arbitro-colombiano-pitara-juego-de-semifinal-de-sudamericana\/#breadcrumb"},"inLanguage":"es","potentialAction":[{"@type":"ReadAction","target":["https:\/\/futbolhoy.co\/index.php\/2025\/10\/18\/arbitro-colombiano-pitara-juego-de-semifinal-de-sudamericana\/"]}]},{"@type":"ImageObject","inLanguage":"es","@id":"https:\/\/futbolhoy.co\/index.php\/2025\/10\/18\/arbitro-colombiano-pitara-juego-de-semifinal-de-sudamericana\/#primaryimage","url":"https:\/\/futbolhoy.co\/wp-content\/uploads\/2025\/10\/IMG_1872.jpeg","contentUrl":"https:\/\/futbolhoy.co\/wp-content\/uploads\/2025\/10\/IMG_1872.jpeg","width":1200,"height":675},{"@type":"BreadcrumbList","@id":"https:\/\/futbolhoy.co\/index.php\/2025\/10\/18\/arbitro-colombiano-pitara-juego-de-semifinal-de-sudamericana\/#breadcrumb","itemListElement":[{"@type":"ListItem","position":1,"name":"Portada","item":"https:\/\/futbolhoy.co\/"},{"@type":"ListItem","position":2,"name":"\u00c1rbitro colombiano pitar\u00e1 juego de semifinal de Sudamericana"}]},{"@type":"WebSite","@id":"https:\/\/futbolhoy.co\/#website","url":"https:\/\/futbolhoy.co\/","name":"FutbolHoy","description":"","publisher":{"@id":"https:\/\/futbolhoy.co\/#organization"},"potentialAction":[{"@type":"SearchAction","target":{"@type":"EntryPoint","urlTemplate":"https:\/\/futbolhoy.co\/?s={search_term_string}"},"query-input":{"@type":"PropertyValueSpecification","valueRequired":true,"valueName":"search_term_string"}}],"inLanguage":"es"},{"@type":"Organization","@id":"https:\/\/futbolhoy.co\/#organization","name":"Futbolhoy.co","url":"https:\/\/futbolhoy.co\/","logo":{"@type":"ImageObject","inLanguage":"es","@id":"https:\/\/futbolhoy.co\/#\/schema\/logo\/image\/","url":"https:\/\/futbolhoy.co\/wp-content\/uploads\/2018\/08\/17426380_1906371736249227_6326180412931521141_n.jpg","contentUrl":"https:\/\/futbolhoy.co\/wp-content\/uploads\/2018\/08\/17426380_1906371736249227_6326180412931521141_n.jpg","width":960,"height":960,"caption":"Futbolhoy.co"},"image":{"@id":"https:\/\/futbolhoy.co\/#\/schema\/logo\/image\/"},"sameAs":["https:\/\/www.facebook.com\/FutbolHoyCol\/","https:\/\/x.com\/FutbolHoyCol","https:\/\/www.instagram.com\/futbolhoycol\/"]},{"@type":"Person","@id":"https:\/\/futbolhoy.co\/#\/schema\/person\/1721b69355b6623eaff15ac7b92d4cc3","name":"contenido","image":{"@type":"ImageObject","inLanguage":"es","@id":"https:\/\/futbolhoy.co\/#\/schema\/person\/image\/","url":"https:\/\/secure.gravatar.com\/avatar\/4f656d3256f5134f466206e7c3941518?s=96&d=mm&r=g","contentUrl":"https:\/\/secure.gravatar.com\/avatar\/4f656d3256f5134f466206e7c3941518?s=96&d=mm&r=g","caption":"contenido"}}]}},"publishpress_future_action":{"enabled":false,"date":"2026-05-03 22:10:45","action":"change-status","newStatus":"draft","terms":[],"taxonomy":"category","extraData":[]},"publishpress_future_workflow_manual_trigger":{"enabledWorkflows":[]},"_links":{"self":[{"href":"https:\/\/futbolhoy.co\/index.php\/wp-json\/wp\/v2\/posts\/124763","targetHints":{"allow":["GET"]}}],"collection":[{"href":"https:\/\/futbolhoy.co\/index.php\/wp-json\/wp\/v2\/posts"}],"about":[{"href":"https:\/\/futbolhoy.co\/index.php\/wp-json\/wp\/v2\/types\/post"}],"author":[{"embeddable":true,"href":"https:\/\/futbolhoy.co\/index.php\/wp-json\/wp\/v2\/users\/4"}],"replies":[{"embeddable":true,"href":"https:\/\/futbolhoy.co\/index.php\/wp-json\/wp\/v2\/comments?post=124763"}],"version-history":[{"count":1,"href":"https:\/\/futbolhoy.co\/index.php\/wp-json\/wp\/v2\/posts\/124763\/revisions"}],"predecessor-version":[{"id":124767,"href":"https:\/\/futbolhoy.co\/index.php\/wp-json\/wp\/v2\/posts\/124763\/revisions\/124767"}],"wp:featuredmedia":[{"embeddable":true,"href":"https:\/\/futbolhoy.co\/index.php\/wp-json\/wp\/v2\/media\/124762"}],"wp:attachment":[{"href":"https:\/\/futbolhoy.co\/index.php\/wp-json\/wp\/v2\/media?parent=124763"}],"wp:term":[{"taxonomy":"category","embeddable":true,"href":"https:\/\/futbolhoy.co\/index.php\/wp-json\/wp\/v2\/categories?post=124763"},{"taxonomy":"post_tag","embeddable":true,"href":"https:\/\/futbolhoy.co\/index.php\/wp-json\/wp\/v2\/tags?post=124763"}],"curies":[{"name":"wp","href":"https:\/\/api.w.org\/{rel}","templated":true}]}}