{"id":124791,"date":"2025-10-18T14:26:40","date_gmt":"2025-10-18T19:26:40","guid":{"rendered":"https:\/\/futbolhoy.co\/?p=124791"},"modified":"2025-10-18T20:39:45","modified_gmt":"2025-10-19T01:39:45","slug":"convocatoria-de-la-seleccion-colombia-femenina-para-eliminatorias-al-mundial","status":"publish","type":"post","link":"https:\/\/futbolhoy.co\/index.php\/2025\/10\/18\/convocatoria-de-la-seleccion-colombia-femenina-para-eliminatorias-al-mundial\/","title":{"rendered":"Convocatoria de la Selecci\u00f3n Colombia Femenina para Eliminatorias al Mundial"},"content":{"rendered":"<p style=\"text-align: justify;\"><span style=\"font-family: helvetica, arial, sans-serif;\">La <strong>Federaci\u00f3n Colombiana de F\u00fatbol<\/strong> dio a conocer el listado con las 23 jugadoras citadas para los partidos del inicio de la <strong>Eliminatoria al Mundial 2027,<\/strong> denominada como <strong>Liga de Naciones.<\/strong><\/span><\/p>\n<p style=\"text-align: justify;\"><span style=\"font-family: helvetica, arial, sans-serif;\">La Tricolor se medir\u00e1 ante <strong>Per\u00fa<\/strong> en <strong>Medell\u00edn<\/strong> el viernes 24 de octubre y luego viajar\u00e1 a <strong>Ecuador<\/strong> para el segundo juego el 28 de octubre en <strong>Quito.<\/strong><\/span><\/p>\n<p style=\"text-align: justify;\"><span style=\"font-family: helvetica, arial, sans-serif;\">Las principales novedades en la convocatoria pasan por la presencia de <strong>Linda Caicedo,<\/strong> quien estaba en duda por una lesi\u00f3n con el <strong>Real<\/strong> <strong>Madrid<\/strong>, pero sigue con precauci\u00f3n. Por su parte, no est\u00e1 <strong>Catalina Usme,<\/strong> sobre quien se desconoce si se retir\u00f3 de manera definitiva de la Tricolor.<\/span><\/p>\n<p style=\"text-align: justify;\"><span style=\"font-family: helvetica, arial, sans-serif;\"><strong>Arqueras:<\/strong> Luisa Agudelo (Cali), Katherine Tapia (Palmeiras), Natalia Giraldo (Am\u00e9rica).<\/span><\/p>\n<p style=\"text-align: justify;\"><span style=\"font-family: helvetica, arial, sans-serif;\"><strong>Defensas:<\/strong> Mary Jos\u00e9 \u00c1lvarez (Nacional), Daniela Arias (San Diego Wave), Carolina Arias (Am\u00e9rica), Ana Mar\u00eda Guzm\u00e1n (Palmeiras), Jorelyn Carabal\u00ed (Brighton), Daniela Caracas (Espanyol), Yirleidis Quejada (Pachuca), Kelly Caicedo (Cali).<\/span><\/p>\n<p style=\"text-align: justify;\"><span style=\"font-family: helvetica, arial, sans-serif;\"><strong>Mediocampistas:<\/strong> Lorena Bedoya (Cruzeiro), Ilana Izquierdo (Atl\u00e9tico San Luis), Daniela Montoya (Gremio), Juana Orteg\u00f3n (Santa Fe), Marcela Restrepo (Monterrey), Leicy Santos (Washington Spirit).<\/span><\/p>\n<p style=\"text-align: justify;\"><span style=\"font-family: helvetica, arial, sans-serif;\"><strong>Delanteras:<\/strong> Linda Caicedo (Real Madrid), Wendy Bonilla (Pumas), Ivonne Chac\u00f3n (Chicago Stars), Greicy Landazury (Palmeiras), Valerin Loboa (Portland Thorns) y Manuela Pavi (West Ham).<\/span><\/p>\n","protected":false},"excerpt":{"rendered":"<p>La Federaci\u00f3n Colombiana de F\u00fatbol dio a conocer el listado con las 23 jugadoras citadas para los partidos del inicio de la Eliminatoria al Mundial 2027, denominada como Liga de Naciones. La Tricolor se medir\u00e1 ante Per\u00fa en Medell\u00edn el viernes 24 de octubre y luego viajar\u00e1 a Ecuador para el segundo juego el 28 [&hellip;]<\/p>\n","protected":false},"author":4,"featured_media":97650,"comment_status":"open","ping_status":"open","sticky":false,"template":"","format":"standard","meta":{"_acf_changed":false,"footnotes":""},"categories":[418],"tags":[],"class_list":{"0":"post-124791","1":"post","2":"type-post","3":"status-publish","4":"format-standard","5":"has-post-thumbnail","7":"category-colombia"},"acf":[],"yoast_head":"<!-- This site is optimized with the Yoast SEO plugin v26.8 - https:\/\/yoast.com\/product\/yoast-seo-wordpress\/ -->\n<title>Convocatoria de la Selecci\u00f3n Colombia Femenina para Eliminatorias al Mundial -<\/title>\n<meta name=\"robots\" content=\"index, follow, max-snippet:-1, max-image-preview:large, max-video-preview:-1\" \/>\n<link rel=\"canonical\" href=\"https:\/\/futbolhoy.co\/index.php\/2025\/10\/18\/convocatoria-de-la-seleccion-colombia-femenina-para-eliminatorias-al-mundial\/\" \/>\n<meta property=\"og:locale\" content=\"es_ES\" \/>\n<meta property=\"og:type\" content=\"article\" \/>\n<meta property=\"og:title\" content=\"Convocatoria de la Selecci\u00f3n Colombia Femenina para Eliminatorias al Mundial -\" \/>\n<meta property=\"og:description\" content=\"La Federaci\u00f3n Colombiana de F\u00fatbol dio a conocer el listado con las 23 jugadoras citadas para los partidos del inicio de la Eliminatoria al Mundial 2027, denominada como Liga de Naciones. La Tricolor se medir\u00e1 ante Per\u00fa en Medell\u00edn el viernes 24 de octubre y luego viajar\u00e1 a Ecuador para el segundo juego el 28 [&hellip;]\" \/>\n<meta property=\"og:url\" content=\"https:\/\/futbolhoy.co\/index.php\/2025\/10\/18\/convocatoria-de-la-seleccion-colombia-femenina-para-eliminatorias-al-mundial\/\" \/>\n<meta property=\"article:publisher\" content=\"https:\/\/www.facebook.com\/FutbolHoyCol\/\" \/>\n<meta property=\"article:published_time\" content=\"2025-10-18T19:26:40+00:00\" \/>\n<meta property=\"article:modified_time\" content=\"2025-10-19T01:39:45+00:00\" \/>\n<meta property=\"og:image\" content=\"https:\/\/futbolhoy.co\/wp-content\/uploads\/2023\/08\/Linda-1024x746.png\" \/>\n\t<meta property=\"og:image:width\" content=\"1024\" \/>\n\t<meta property=\"og:image:height\" content=\"746\" \/>\n\t<meta property=\"og:image:type\" content=\"image\/png\" \/>\n<meta name=\"author\" content=\"contenido\" \/>\n<meta name=\"twitter:card\" content=\"summary_large_image\" \/>\n<meta name=\"twitter:creator\" content=\"@FutbolHoyCol\" \/>\n<meta name=\"twitter:site\" content=\"@FutbolHoyCol\" \/>\n<meta name=\"twitter:label1\" content=\"Escrito por\" \/>\n\t<meta name=\"twitter:data1\" content=\"contenido\" \/>\n\t<meta name=\"twitter:label2\" content=\"Tiempo de lectura\" \/>\n\t<meta name=\"twitter:data2\" content=\"1 minuto\" \/>\n<script type=\"application\/ld+json\" class=\"yoast-schema-graph\">{\"@context\":\"https:\/\/schema.org\",\"@graph\":[{\"@type\":\"Article\",\"@id\":\"https:\/\/futbolhoy.co\/index.php\/2025\/10\/18\/convocatoria-de-la-seleccion-colombia-femenina-para-eliminatorias-al-mundial\/#article\",\"isPartOf\":{\"@id\":\"https:\/\/futbolhoy.co\/index.php\/2025\/10\/18\/convocatoria-de-la-seleccion-colombia-femenina-para-eliminatorias-al-mundial\/\"},\"author\":{\"name\":\"contenido\",\"@id\":\"https:\/\/futbolhoy.co\/#\/schema\/person\/1721b69355b6623eaff15ac7b92d4cc3\"},\"headline\":\"Convocatoria de la Selecci\u00f3n Colombia Femenina para Eliminatorias al Mundial\",\"datePublished\":\"2025-10-18T19:26:40+00:00\",\"dateModified\":\"2025-10-19T01:39:45+00:00\",\"mainEntityOfPage\":{\"@id\":\"https:\/\/futbolhoy.co\/index.php\/2025\/10\/18\/convocatoria-de-la-seleccion-colombia-femenina-para-eliminatorias-al-mundial\/\"},\"wordCount\":212,\"commentCount\":0,\"publisher\":{\"@id\":\"https:\/\/futbolhoy.co\/#organization\"},\"image\":{\"@id\":\"https:\/\/futbolhoy.co\/index.php\/2025\/10\/18\/convocatoria-de-la-seleccion-colombia-femenina-para-eliminatorias-al-mundial\/#primaryimage\"},\"thumbnailUrl\":\"https:\/\/futbolhoy.co\/wp-content\/uploads\/2023\/08\/Linda.png\",\"articleSection\":[\"Colombia\"],\"inLanguage\":\"es\",\"potentialAction\":[{\"@type\":\"CommentAction\",\"name\":\"Comment\",\"target\":[\"https:\/\/futbolhoy.co\/index.php\/2025\/10\/18\/convocatoria-de-la-seleccion-colombia-femenina-para-eliminatorias-al-mundial\/#respond\"]}]},{\"@type\":\"WebPage\",\"@id\":\"https:\/\/futbolhoy.co\/index.php\/2025\/10\/18\/convocatoria-de-la-seleccion-colombia-femenina-para-eliminatorias-al-mundial\/\",\"url\":\"https:\/\/futbolhoy.co\/index.php\/2025\/10\/18\/convocatoria-de-la-seleccion-colombia-femenina-para-eliminatorias-al-mundial\/\",\"name\":\"Convocatoria de la Selecci\u00f3n Colombia Femenina para Eliminatorias al Mundial -\",\"isPartOf\":{\"@id\":\"https:\/\/futbolhoy.co\/#website\"},\"primaryImageOfPage\":{\"@id\":\"https:\/\/futbolhoy.co\/index.php\/2025\/10\/18\/convocatoria-de-la-seleccion-colombia-femenina-para-eliminatorias-al-mundial\/#primaryimage\"},\"image\":{\"@id\":\"https:\/\/futbolhoy.co\/index.php\/2025\/10\/18\/convocatoria-de-la-seleccion-colombia-femenina-para-eliminatorias-al-mundial\/#primaryimage\"},\"thumbnailUrl\":\"https:\/\/futbolhoy.co\/wp-content\/uploads\/2023\/08\/Linda.png\",\"datePublished\":\"2025-10-18T19:26:40+00:00\",\"dateModified\":\"2025-10-19T01:39:45+00:00\",\"breadcrumb\":{\"@id\":\"https:\/\/futbolhoy.co\/index.php\/2025\/10\/18\/convocatoria-de-la-seleccion-colombia-femenina-para-eliminatorias-al-mundial\/#breadcrumb\"},\"inLanguage\":\"es\",\"potentialAction\":[{\"@type\":\"ReadAction\",\"target\":[\"https:\/\/futbolhoy.co\/index.php\/2025\/10\/18\/convocatoria-de-la-seleccion-colombia-femenina-para-eliminatorias-al-mundial\/\"]}]},{\"@type\":\"ImageObject\",\"inLanguage\":\"es\",\"@id\":\"https:\/\/futbolhoy.co\/index.php\/2025\/10\/18\/convocatoria-de-la-seleccion-colombia-femenina-para-eliminatorias-al-mundial\/#primaryimage\",\"url\":\"https:\/\/futbolhoy.co\/wp-content\/uploads\/2023\/08\/Linda.png\",\"contentUrl\":\"https:\/\/futbolhoy.co\/wp-content\/uploads\/2023\/08\/Linda.png\",\"width\":1298,\"height\":946},{\"@type\":\"BreadcrumbList\",\"@id\":\"https:\/\/futbolhoy.co\/index.php\/2025\/10\/18\/convocatoria-de-la-seleccion-colombia-femenina-para-eliminatorias-al-mundial\/#breadcrumb\",\"itemListElement\":[{\"@type\":\"ListItem\",\"position\":1,\"name\":\"Portada\",\"item\":\"https:\/\/futbolhoy.co\/\"},{\"@type\":\"ListItem\",\"position\":2,\"name\":\"Convocatoria de la Selecci\u00f3n Colombia Femenina para Eliminatorias al Mundial\"}]},{\"@type\":\"WebSite\",\"@id\":\"https:\/\/futbolhoy.co\/#website\",\"url\":\"https:\/\/futbolhoy.co\/\",\"name\":\"FutbolHoy\",\"description\":\"\",\"publisher\":{\"@id\":\"https:\/\/futbolhoy.co\/#organization\"},\"potentialAction\":[{\"@type\":\"SearchAction\",\"target\":{\"@type\":\"EntryPoint\",\"urlTemplate\":\"https:\/\/futbolhoy.co\/?s={search_term_string}\"},\"query-input\":{\"@type\":\"PropertyValueSpecification\",\"valueRequired\":true,\"valueName\":\"search_term_string\"}}],\"inLanguage\":\"es\"},{\"@type\":\"Organization\",\"@id\":\"https:\/\/futbolhoy.co\/#organization\",\"name\":\"Futbolhoy.co\",\"url\":\"https:\/\/futbolhoy.co\/\",\"logo\":{\"@type\":\"ImageObject\",\"inLanguage\":\"es\",\"@id\":\"https:\/\/futbolhoy.co\/#\/schema\/logo\/image\/\",\"url\":\"https:\/\/futbolhoy.co\/wp-content\/uploads\/2018\/08\/17426380_1906371736249227_6326180412931521141_n.jpg\",\"contentUrl\":\"https:\/\/futbolhoy.co\/wp-content\/uploads\/2018\/08\/17426380_1906371736249227_6326180412931521141_n.jpg\",\"width\":960,\"height\":960,\"caption\":\"Futbolhoy.co\"},\"image\":{\"@id\":\"https:\/\/futbolhoy.co\/#\/schema\/logo\/image\/\"},\"sameAs\":[\"https:\/\/www.facebook.com\/FutbolHoyCol\/\",\"https:\/\/x.com\/FutbolHoyCol\",\"https:\/\/www.instagram.com\/futbolhoycol\/\"]},{\"@type\":\"Person\",\"@id\":\"https:\/\/futbolhoy.co\/#\/schema\/person\/1721b69355b6623eaff15ac7b92d4cc3\",\"name\":\"contenido\",\"image\":{\"@type\":\"ImageObject\",\"inLanguage\":\"es\",\"@id\":\"https:\/\/futbolhoy.co\/#\/schema\/person\/image\/\",\"url\":\"https:\/\/secure.gravatar.com\/avatar\/4f656d3256f5134f466206e7c3941518?s=96&d=mm&r=g\",\"contentUrl\":\"https:\/\/secure.gravatar.com\/avatar\/4f656d3256f5134f466206e7c3941518?s=96&d=mm&r=g\",\"caption\":\"contenido\"}}]}<\/script>\n<!-- \/ Yoast SEO plugin. -->","yoast_head_json":{"title":"Convocatoria de la Selecci\u00f3n Colombia Femenina para Eliminatorias al Mundial -","robots":{"index":"index","follow":"follow","max-snippet":"max-snippet:-1","max-image-preview":"max-image-preview:large","max-video-preview":"max-video-preview:-1"},"canonical":"https:\/\/futbolhoy.co\/index.php\/2025\/10\/18\/convocatoria-de-la-seleccion-colombia-femenina-para-eliminatorias-al-mundial\/","og_locale":"es_ES","og_type":"article","og_title":"Convocatoria de la Selecci\u00f3n Colombia Femenina para Eliminatorias al Mundial -","og_description":"La Federaci\u00f3n Colombiana de F\u00fatbol dio a conocer el listado con las 23 jugadoras citadas para los partidos del inicio de la Eliminatoria al Mundial 2027, denominada como Liga de Naciones. La Tricolor se medir\u00e1 ante Per\u00fa en Medell\u00edn el viernes 24 de octubre y luego viajar\u00e1 a Ecuador para el segundo juego el 28 [&hellip;]","og_url":"https:\/\/futbolhoy.co\/index.php\/2025\/10\/18\/convocatoria-de-la-seleccion-colombia-femenina-para-eliminatorias-al-mundial\/","article_publisher":"https:\/\/www.facebook.com\/FutbolHoyCol\/","article_published_time":"2025-10-18T19:26:40+00:00","article_modified_time":"2025-10-19T01:39:45+00:00","og_image":[{"width":1024,"height":746,"url":"https:\/\/futbolhoy.co\/wp-content\/uploads\/2023\/08\/Linda-1024x746.png","type":"image\/png"}],"author":"contenido","twitter_card":"summary_large_image","twitter_creator":"@FutbolHoyCol","twitter_site":"@FutbolHoyCol","twitter_misc":{"Escrito por":"contenido","Tiempo de lectura":"1 minuto"},"schema":{"@context":"https:\/\/schema.org","@graph":[{"@type":"Article","@id":"https:\/\/futbolhoy.co\/index.php\/2025\/10\/18\/convocatoria-de-la-seleccion-colombia-femenina-para-eliminatorias-al-mundial\/#article","isPartOf":{"@id":"https:\/\/futbolhoy.co\/index.php\/2025\/10\/18\/convocatoria-de-la-seleccion-colombia-femenina-para-eliminatorias-al-mundial\/"},"author":{"name":"contenido","@id":"https:\/\/futbolhoy.co\/#\/schema\/person\/1721b69355b6623eaff15ac7b92d4cc3"},"headline":"Convocatoria de la Selecci\u00f3n Colombia Femenina para Eliminatorias al Mundial","datePublished":"2025-10-18T19:26:40+00:00","dateModified":"2025-10-19T01:39:45+00:00","mainEntityOfPage":{"@id":"https:\/\/futbolhoy.co\/index.php\/2025\/10\/18\/convocatoria-de-la-seleccion-colombia-femenina-para-eliminatorias-al-mundial\/"},"wordCount":212,"commentCount":0,"publisher":{"@id":"https:\/\/futbolhoy.co\/#organization"},"image":{"@id":"https:\/\/futbolhoy.co\/index.php\/2025\/10\/18\/convocatoria-de-la-seleccion-colombia-femenina-para-eliminatorias-al-mundial\/#primaryimage"},"thumbnailUrl":"https:\/\/futbolhoy.co\/wp-content\/uploads\/2023\/08\/Linda.png","articleSection":["Colombia"],"inLanguage":"es","potentialAction":[{"@type":"CommentAction","name":"Comment","target":["https:\/\/futbolhoy.co\/index.php\/2025\/10\/18\/convocatoria-de-la-seleccion-colombia-femenina-para-eliminatorias-al-mundial\/#respond"]}]},{"@type":"WebPage","@id":"https:\/\/futbolhoy.co\/index.php\/2025\/10\/18\/convocatoria-de-la-seleccion-colombia-femenina-para-eliminatorias-al-mundial\/","url":"https:\/\/futbolhoy.co\/index.php\/2025\/10\/18\/convocatoria-de-la-seleccion-colombia-femenina-para-eliminatorias-al-mundial\/","name":"Convocatoria de la Selecci\u00f3n Colombia Femenina para Eliminatorias al Mundial -","isPartOf":{"@id":"https:\/\/futbolhoy.co\/#website"},"primaryImageOfPage":{"@id":"https:\/\/futbolhoy.co\/index.php\/2025\/10\/18\/convocatoria-de-la-seleccion-colombia-femenina-para-eliminatorias-al-mundial\/#primaryimage"},"image":{"@id":"https:\/\/futbolhoy.co\/index.php\/2025\/10\/18\/convocatoria-de-la-seleccion-colombia-femenina-para-eliminatorias-al-mundial\/#primaryimage"},"thumbnailUrl":"https:\/\/futbolhoy.co\/wp-content\/uploads\/2023\/08\/Linda.png","datePublished":"2025-10-18T19:26:40+00:00","dateModified":"2025-10-19T01:39:45+00:00","breadcrumb":{"@id":"https:\/\/futbolhoy.co\/index.php\/2025\/10\/18\/convocatoria-de-la-seleccion-colombia-femenina-para-eliminatorias-al-mundial\/#breadcrumb"},"inLanguage":"es","potentialAction":[{"@type":"ReadAction","target":["https:\/\/futbolhoy.co\/index.php\/2025\/10\/18\/convocatoria-de-la-seleccion-colombia-femenina-para-eliminatorias-al-mundial\/"]}]},{"@type":"ImageObject","inLanguage":"es","@id":"https:\/\/futbolhoy.co\/index.php\/2025\/10\/18\/convocatoria-de-la-seleccion-colombia-femenina-para-eliminatorias-al-mundial\/#primaryimage","url":"https:\/\/futbolhoy.co\/wp-content\/uploads\/2023\/08\/Linda.png","contentUrl":"https:\/\/futbolhoy.co\/wp-content\/uploads\/2023\/08\/Linda.png","width":1298,"height":946},{"@type":"BreadcrumbList","@id":"https:\/\/futbolhoy.co\/index.php\/2025\/10\/18\/convocatoria-de-la-seleccion-colombia-femenina-para-eliminatorias-al-mundial\/#breadcrumb","itemListElement":[{"@type":"ListItem","position":1,"name":"Portada","item":"https:\/\/futbolhoy.co\/"},{"@type":"ListItem","position":2,"name":"Convocatoria de la Selecci\u00f3n Colombia Femenina para Eliminatorias al Mundial"}]},{"@type":"WebSite","@id":"https:\/\/futbolhoy.co\/#website","url":"https:\/\/futbolhoy.co\/","name":"FutbolHoy","description":"","publisher":{"@id":"https:\/\/futbolhoy.co\/#organization"},"potentialAction":[{"@type":"SearchAction","target":{"@type":"EntryPoint","urlTemplate":"https:\/\/futbolhoy.co\/?s={search_term_string}"},"query-input":{"@type":"PropertyValueSpecification","valueRequired":true,"valueName":"search_term_string"}}],"inLanguage":"es"},{"@type":"Organization","@id":"https:\/\/futbolhoy.co\/#organization","name":"Futbolhoy.co","url":"https:\/\/futbolhoy.co\/","logo":{"@type":"ImageObject","inLanguage":"es","@id":"https:\/\/futbolhoy.co\/#\/schema\/logo\/image\/","url":"https:\/\/futbolhoy.co\/wp-content\/uploads\/2018\/08\/17426380_1906371736249227_6326180412931521141_n.jpg","contentUrl":"https:\/\/futbolhoy.co\/wp-content\/uploads\/2018\/08\/17426380_1906371736249227_6326180412931521141_n.jpg","width":960,"height":960,"caption":"Futbolhoy.co"},"image":{"@id":"https:\/\/futbolhoy.co\/#\/schema\/logo\/image\/"},"sameAs":["https:\/\/www.facebook.com\/FutbolHoyCol\/","https:\/\/x.com\/FutbolHoyCol","https:\/\/www.instagram.com\/futbolhoycol\/"]},{"@type":"Person","@id":"https:\/\/futbolhoy.co\/#\/schema\/person\/1721b69355b6623eaff15ac7b92d4cc3","name":"contenido","image":{"@type":"ImageObject","inLanguage":"es","@id":"https:\/\/futbolhoy.co\/#\/schema\/person\/image\/","url":"https:\/\/secure.gravatar.com\/avatar\/4f656d3256f5134f466206e7c3941518?s=96&d=mm&r=g","contentUrl":"https:\/\/secure.gravatar.com\/avatar\/4f656d3256f5134f466206e7c3941518?s=96&d=mm&r=g","caption":"contenido"}}]}},"publishpress_future_action":{"enabled":false,"date":"2026-05-03 19:07:16","action":"change-status","newStatus":"draft","terms":[],"taxonomy":"category","extraData":[]},"publishpress_future_workflow_manual_trigger":{"enabledWorkflows":[]},"_links":{"self":[{"href":"https:\/\/futbolhoy.co\/index.php\/wp-json\/wp\/v2\/posts\/124791","targetHints":{"allow":["GET"]}}],"collection":[{"href":"https:\/\/futbolhoy.co\/index.php\/wp-json\/wp\/v2\/posts"}],"about":[{"href":"https:\/\/futbolhoy.co\/index.php\/wp-json\/wp\/v2\/types\/post"}],"author":[{"embeddable":true,"href":"https:\/\/futbolhoy.co\/index.php\/wp-json\/wp\/v2\/users\/4"}],"replies":[{"embeddable":true,"href":"https:\/\/futbolhoy.co\/index.php\/wp-json\/wp\/v2\/comments?post=124791"}],"version-history":[{"count":3,"href":"https:\/\/futbolhoy.co\/index.php\/wp-json\/wp\/v2\/posts\/124791\/revisions"}],"predecessor-version":[{"id":124794,"href":"https:\/\/futbolhoy.co\/index.php\/wp-json\/wp\/v2\/posts\/124791\/revisions\/124794"}],"wp:featuredmedia":[{"embeddable":true,"href":"https:\/\/futbolhoy.co\/index.php\/wp-json\/wp\/v2\/media\/97650"}],"wp:attachment":[{"href":"https:\/\/futbolhoy.co\/index.php\/wp-json\/wp\/v2\/media?parent=124791"}],"wp:term":[{"taxonomy":"category","embeddable":true,"href":"https:\/\/futbolhoy.co\/index.php\/wp-json\/wp\/v2\/categories?post=124791"},{"taxonomy":"post_tag","embeddable":true,"href":"https:\/\/futbolhoy.co\/index.php\/wp-json\/wp\/v2\/tags?post=124791"}],"curies":[{"name":"wp","href":"https:\/\/api.w.org\/{rel}","templated":true}]}}