{"id":124871,"date":"2025-10-20T13:44:04","date_gmt":"2025-10-20T18:44:04","guid":{"rendered":"https:\/\/futbolhoy.co\/?p=124871"},"modified":"2025-10-21T08:02:05","modified_gmt":"2025-10-21T13:02:05","slug":"audios-del-var-del-polemico-penal-de-nacional-ante-pasto","status":"publish","type":"post","link":"https:\/\/futbolhoy.co\/index.php\/2025\/10\/20\/audios-del-var-del-polemico-penal-de-nacional-ante-pasto\/","title":{"rendered":"Audios del VAR del pol\u00e9mico penal de Nacional ante Pasto"},"content":{"rendered":"<p style=\"text-align: justify;\"><span style=\"font-family: helvetica, arial, sans-serif;\">La<strong> Federaci\u00f3n Colombiana de F\u00fatbol<\/strong> revel\u00f3 el audio del <strong>VAR<\/strong> de la acci\u00f3n del penal con la que <strong>Atl\u00e9tico Nacional<\/strong> rescat\u00f3 de manera ag\u00f3nica un empate 2-2 ante Pasto. La acci\u00f3n gener\u00f3 controversia por las diversas interpretaciones.<\/span><\/p>\n<p style=\"text-align: justify;\"><span style=\"font-family: helvetica, arial, sans-serif;\">El portero del conjunto nari\u00f1ense, <strong>Victor Cabezas,<\/strong> sali\u00f3 a interceptar un centro y termin\u00f3 golpeando al delantero uruguayo <strong>Facundo Batista.<\/strong> El juez, en el primer momento no sancion\u00f3 el penal, pero tras la revisi\u00f3n se percat\u00f3 de la infracci\u00f3n.<\/span><\/p>\n<p style=\"text-align: justify;\"><span style=\"font-family: helvetica, arial, sans-serif;\">El \u00e1rbitro VAR, <strong>Lisandro Castillo,<\/strong> sugiere que s\u00ed hay un penal. \u201cYo veo que el jugador 12 no juega el bal\u00f3n, salta y lo choca con la rodilla en el rostro. Tengo un golpe temerario con su pierna. Tiro penal, listo\u201d, dice.<\/span><\/p>\n<p style=\"text-align: justify;\"><span style=\"font-family: helvetica, arial, sans-serif;\">\u201cMuy diferente a lo que vi, s\u00ed se\u00f1or. S\u00ed, sale y golpea con la rodilla totalmente en la espalda, no es en la cabeza, pero es en la espalda. Tengo un tiro penal con una tarjeta amarilla\u201d, concluye el juez Wilmar Monta\u00f1o.<iframe title=\"Audios VAR Deportivo Pasto vs. Atl\u00e9tico Nacional - Fecha 16 Liga BetPlay DIMAYOR II-2025\" src=\"https:\/\/www.youtube.com\/embed\/CwsHALvTmyQ\" width=\"651\" height=\"383\" frameborder=\"0\" allowfullscreen=\"allowfullscreen\"><\/iframe><\/span><\/p>\n","protected":false},"excerpt":{"rendered":"<p>La Federaci\u00f3n Colombiana de F\u00fatbol revel\u00f3 el audio del VAR de la acci\u00f3n del penal con la que Atl\u00e9tico Nacional rescat\u00f3 de manera ag\u00f3nica un empate 2-2 ante Pasto. La acci\u00f3n gener\u00f3 controversia por las diversas interpretaciones. El portero del conjunto nari\u00f1ense, Victor Cabezas, sali\u00f3 a interceptar un centro y termin\u00f3 golpeando al delantero uruguayo [&hellip;]<\/p>\n","protected":false},"author":4,"featured_media":124872,"comment_status":"open","ping_status":"closed","sticky":false,"template":"","format":"standard","meta":{"_acf_changed":false,"footnotes":""},"categories":[7],"tags":[],"class_list":{"0":"post-124871","1":"post","2":"type-post","3":"status-publish","4":"format-standard","5":"has-post-thumbnail","7":"category-liga-betplay"},"acf":[],"_links":{"self":[{"href":"https:\/\/futbolhoy.co\/index.php\/wp-json\/wp\/v2\/posts\/124871","targetHints":{"allow":["GET"]}}],"collection":[{"href":"https:\/\/futbolhoy.co\/index.php\/wp-json\/wp\/v2\/posts"}],"about":[{"href":"https:\/\/futbolhoy.co\/index.php\/wp-json\/wp\/v2\/types\/post"}],"author":[{"embeddable":true,"href":"https:\/\/futbolhoy.co\/index.php\/wp-json\/wp\/v2\/users\/4"}],"replies":[{"embeddable":true,"href":"https:\/\/futbolhoy.co\/index.php\/wp-json\/wp\/v2\/comments?post=124871"}],"version-history":[{"count":1,"href":"https:\/\/futbolhoy.co\/index.php\/wp-json\/wp\/v2\/posts\/124871\/revisions"}],"predecessor-version":[{"id":124873,"href":"https:\/\/futbolhoy.co\/index.php\/wp-json\/wp\/v2\/posts\/124871\/revisions\/124873"}],"wp:featuredmedia":[{"embeddable":true,"href":"https:\/\/futbolhoy.co\/index.php\/wp-json\/wp\/v2\/media\/124872"}],"wp:attachment":[{"href":"https:\/\/futbolhoy.co\/index.php\/wp-json\/wp\/v2\/media?parent=124871"}],"wp:term":[{"taxonomy":"category","embeddable":true,"href":"https:\/\/futbolhoy.co\/index.php\/wp-json\/wp\/v2\/categories?post=124871"},{"taxonomy":"post_tag","embeddable":true,"href":"https:\/\/futbolhoy.co\/index.php\/wp-json\/wp\/v2\/tags?post=124871"}],"curies":[{"name":"wp","href":"https:\/\/api.w.org\/{rel}","templated":true}]}}