{"id":124899,"date":"2025-10-21T08:04:17","date_gmt":"2025-10-21T13:04:17","guid":{"rendered":"https:\/\/futbolhoy.co\/?p=124899"},"modified":"2025-10-21T20:24:36","modified_gmt":"2025-10-22T01:24:36","slug":"kompany-para-rato-bayern-munich-renovo-su-contrato","status":"publish","type":"post","link":"https:\/\/futbolhoy.co\/index.php\/2025\/10\/21\/kompany-para-rato-bayern-munich-renovo-su-contrato\/","title":{"rendered":"Kompany para rato: Bayern M\u00fanich renov\u00f3 su contrato"},"content":{"rendered":"<p style=\"text-align: justify;\"><span style=\"font-family: helvetica, arial, sans-serif;\"><strong>Bayern M\u00fanich<\/strong> ampli\u00f3 este martes el contrato de su entrenador, el belga <strong>Vincent Kompany,<\/strong> hasta <strong>2029.<\/strong><\/span><\/p>\n<p style=\"text-align: justify;\"><span style=\"font-family: helvetica, arial, sans-serif;\">Seg\u00fan indic\u00f3 el Bayern M\u00fanich en un comunicado, Kompany, que lleg\u00f3 al equipo b\u00e1varo en la campa\u00f1a 2024-2025 con un contrato v\u00e1lido inicialmente hasta el verano de 2027, <strong>ser\u00e1 el director t\u00e9cnico del club hasta el 30 de junio de 2029.<\/strong><\/span><\/p>\n<p style=\"text-align: justify;\"><span style=\"font-family: helvetica, arial, sans-serif;\">La ampliaci\u00f3n del contrato se produce despu\u00e9s de que, tras su primera temporada en el banquillo del Bayern M\u00fanich, el equipo muniqu\u00e9s ganara la <strong>Bundesliga<\/strong> y la <strong>Supercopa de Alemania.<\/strong><\/span><\/p>\n<p style=\"text-align: justify;\"><span style=\"font-family: helvetica, arial, sans-serif;\">\u00abEstoy agradecido, es un honor para m\u00ed y quiero agradecer al Bayern su confianza y el entorno de trabajo que me ha brindado desde el primer d\u00eda\u00bb, dijo Kompany en unas declaraciones recogidas en el comunicado del club.<\/span><\/p>\n<p style=\"text-align: justify;\"><span style=\"font-family: helvetica, arial, sans-serif;\">El equipo de Kompany lleva una temporada impecable en la presente edici\u00f3n de la Bundesliga, pues suma victorias en todos sus partidos y luce como l\u00edder en la clasificaci\u00f3n, con 21 puntos, cinco m\u00e1s que el <strong>Leipzig,<\/strong> segundo, y que el Stuttgart, tercero con 15 unidades. <\/span><\/p>\n<blockquote class=\"twitter-tweet\" data-media-max-width=\"560\">\n<p dir=\"ltr\" lang=\"in\">\ud835\ude46\ud835\ude64\ud835\ude62\ud835\ude65\ud835\ude56\ud835\ude63\ud835\ude6e \ud835\ude3d\ud835\ude56\ud835\ude61\ud835\ude61 bis 2029 \ud83d\udd25 <a href=\"https:\/\/t.co\/Jo0hACqFIN\">pic.twitter.com\/Jo0hACqFIN<\/a><\/p>\n<p>\u2014 FC Bayern M\u00fcnchen (@FCBayern) <a href=\"https:\/\/twitter.com\/FCBayern\/status\/1980579911455609333?ref_src=twsrc%5Etfw\">October 21, 2025<\/a><\/p><\/blockquote>\n<p><script async src=\"https:\/\/platform.twitter.com\/widgets.js\" charset=\"utf-8\"><\/script><\/p>\n","protected":false},"excerpt":{"rendered":"<p>Bayern M\u00fanich ampli\u00f3 este martes el contrato de su entrenador, el belga Vincent Kompany, hasta 2029. Seg\u00fan indic\u00f3 el Bayern M\u00fanich en un comunicado, Kompany, que lleg\u00f3 al equipo b\u00e1varo en la campa\u00f1a 2024-2025 con un contrato v\u00e1lido inicialmente hasta el verano de 2027, ser\u00e1 el director t\u00e9cnico del club hasta el 30 de junio [&hellip;]<\/p>\n","protected":false},"author":4,"featured_media":124900,"comment_status":"open","ping_status":"closed","sticky":false,"template":"","format":"standard","meta":{"_acf_changed":false,"footnotes":""},"categories":[152],"tags":[],"class_list":{"0":"post-124899","1":"post","2":"type-post","3":"status-publish","4":"format-standard","5":"has-post-thumbnail","7":"category-mundo-futbol"},"acf":[],"_links":{"self":[{"href":"https:\/\/futbolhoy.co\/index.php\/wp-json\/wp\/v2\/posts\/124899","targetHints":{"allow":["GET"]}}],"collection":[{"href":"https:\/\/futbolhoy.co\/index.php\/wp-json\/wp\/v2\/posts"}],"about":[{"href":"https:\/\/futbolhoy.co\/index.php\/wp-json\/wp\/v2\/types\/post"}],"author":[{"embeddable":true,"href":"https:\/\/futbolhoy.co\/index.php\/wp-json\/wp\/v2\/users\/4"}],"replies":[{"embeddable":true,"href":"https:\/\/futbolhoy.co\/index.php\/wp-json\/wp\/v2\/comments?post=124899"}],"version-history":[{"count":3,"href":"https:\/\/futbolhoy.co\/index.php\/wp-json\/wp\/v2\/posts\/124899\/revisions"}],"predecessor-version":[{"id":124964,"href":"https:\/\/futbolhoy.co\/index.php\/wp-json\/wp\/v2\/posts\/124899\/revisions\/124964"}],"wp:featuredmedia":[{"embeddable":true,"href":"https:\/\/futbolhoy.co\/index.php\/wp-json\/wp\/v2\/media\/124900"}],"wp:attachment":[{"href":"https:\/\/futbolhoy.co\/index.php\/wp-json\/wp\/v2\/media?parent=124899"}],"wp:term":[{"taxonomy":"category","embeddable":true,"href":"https:\/\/futbolhoy.co\/index.php\/wp-json\/wp\/v2\/categories?post=124899"},{"taxonomy":"post_tag","embeddable":true,"href":"https:\/\/futbolhoy.co\/index.php\/wp-json\/wp\/v2\/tags?post=124899"}],"curies":[{"name":"wp","href":"https:\/\/api.w.org\/{rel}","templated":true}]}}