{"id":124945,"date":"2025-10-21T16:28:46","date_gmt":"2025-10-21T21:28:46","guid":{"rendered":"https:\/\/futbolhoy.co\/?p=124945"},"modified":"2025-10-21T20:46:29","modified_gmt":"2025-10-22T01:46:29","slug":"veredicto-final-sobre-caso-de-sebastian-villa-por-abuso-sexual","status":"publish","type":"post","link":"https:\/\/futbolhoy.co\/index.php\/2025\/10\/21\/veredicto-final-sobre-caso-de-sebastian-villa-por-abuso-sexual\/","title":{"rendered":"Veredicto final sobre caso de Sebasti\u00e1n Villa por abuso sexual"},"content":{"rendered":"<p style=\"text-align: justify;\"><span style=\"font-family: helvetica, arial, sans-serif;\"><strong>Sebasti\u00e1n Villa<\/strong> qued\u00f3 absuelto del caso en el que se vio involucrado por abuso sexual desde 2021, ante la demanda de <strong>Roc\u00edo Tamara Dold\u00e1n<\/strong>, exnovia del futbolista.<\/span><\/p>\n<p style=\"text-align: justify;\"><span style=\"font-family: helvetica, arial, sans-serif;\">De acuerdo con la informaci\u00f3n revelada por <em>Radio La Red<\/em>, medio nativo de Argentina, el fiscal encargado del caso inform\u00f3:<\/span><\/p>\n<p style=\"text-align: justify;\"><span style=\"font-family: helvetica, arial, sans-serif;\">\u00abNo se ha brindado elemento sustantivo, ni prueba aut\u00f3noma que permita acreditar con certeza la ocurrencia del evento tal cual se denunciara de inicio\u00bb, indic\u00f3.<\/span><\/p>\n<p style=\"text-align: justify;\"><span style=\"font-family: helvetica, arial, sans-serif;\">Cabe mencionar que en 2023, el antioque\u00f1o fue condenado a dos a\u00f1os por violencia de g\u00e9nero, tras golpear a su anterior pareja, Daniela Cortes.<\/span><\/p>\n<blockquote class=\"twitter-tweet\" data-media-max-width=\"560\">\n<p dir=\"ltr\" lang=\"es\">\u201cNo se ha brindado elemento sustantivo, ni prueba aut\u00f3noma que permita acreditar con certeza la ocurrencia del evento tal cual se denunciara de inicio\u201d, indic\u00f3 el Fiscal.<\/p>\n<p>\ud83c\udfa7 AM 910<br \/>\n\ud83d\udcf1 APP: La Red<br \/>\n\ud83d\udda5\ufe0f <a href=\"https:\/\/t.co\/AuI07f91PJ\">https:\/\/t.co\/AuI07f91PJ<\/a><br \/>\n\u25b6\ufe0f YouTube: Radio La Red<\/p>\n<p>\u2014 Radio La Red &#8211; AM 910 \ud83d\udcfb (@radiolared) <a href=\"https:\/\/twitter.com\/radiolared\/status\/1980697730227061096?ref_src=twsrc%5Etfw\">October 21, 2025<\/a><\/p><\/blockquote>\n<p style=\"text-align: justify;\"><script async src=\"https:\/\/platform.twitter.com\/widgets.js\" charset=\"utf-8\"><\/script><span style=\"font-family: helvetica, arial, sans-serif;\">Seg\u00fan <em>TYC Sports<\/em>, el fiscal de la denunciante y el tribunal Oral en lo Criminal N\u00b0 4 de Lomas de Zamora, determin\u00f3 absolver al futbolista de 29 a\u00f1os.<\/span><\/p>\n<p style=\"text-align: justify;\"><span style=\"font-family: helvetica, arial, sans-serif;\"><strong>Sebasti\u00e1n Villa<\/strong> se uni\u00f3 a Independiente de Rivadavia en julio de 2024, y ha disputado 55 partidos donde suma 10 goles y 14 asistencias. Sin embargo, en 2025, solo estuvo presente en 33 compromisos, donde anot\u00f3 6 goles y asisti\u00f3 en 8 oportunidades.<\/span><\/p>\n<p style=\"text-align: justify;\"><span style=\"font-family: helvetica, arial, sans-serif;\">En este orden de ideas, el antioque\u00f1o tendr\u00eda solucionados sus problemas con la justicia argentina y podr\u00eda regresar a las concentraciones con su club con normalidad.<\/span><\/p>\n<p style=\"text-align: justify;\"><span style=\"font-family: helvetica, arial, sans-serif;\">Actualmente, Independiente de Rivadavia marcha en la decimotercera posici\u00f3n del grupo A del Campeonato Argentino con 12 puntos, producto de luego de 13 compromisos jugados, producto d 2 victorias, 6 empates y 5 derrotas.\u00a0<\/span><\/p>\n<p style=\"text-align: justify;\"><span style=\"font-family: helvetica, arial, sans-serif;\">&#8216;El Azul&#8217; luchar\u00e1 por ingresar a la fase final durante las \u00faltimas tres jornadas, pero no tiene margen de error.<\/span><\/p>\n","protected":false},"excerpt":{"rendered":"<p>Sebasti\u00e1n Villa qued\u00f3 absuelto del caso en el que se vio involucrado por abuso sexual desde 2021, ante la demanda de Roc\u00edo Tamara Dold\u00e1n, exnovia del futbolista. De acuerdo con la informaci\u00f3n revelada por Radio La Red, medio nativo de Argentina, el fiscal encargado del caso inform\u00f3: \u00abNo se ha brindado elemento sustantivo, ni prueba [&hellip;]<\/p>\n","protected":false},"author":4,"featured_media":124946,"comment_status":"open","ping_status":"closed","sticky":false,"template":"","format":"standard","meta":{"_acf_changed":false,"footnotes":""},"categories":[152],"tags":[],"class_list":{"0":"post-124945","1":"post","2":"type-post","3":"status-publish","4":"format-standard","5":"has-post-thumbnail","7":"category-mundo-futbol"},"acf":[],"_links":{"self":[{"href":"https:\/\/futbolhoy.co\/index.php\/wp-json\/wp\/v2\/posts\/124945","targetHints":{"allow":["GET"]}}],"collection":[{"href":"https:\/\/futbolhoy.co\/index.php\/wp-json\/wp\/v2\/posts"}],"about":[{"href":"https:\/\/futbolhoy.co\/index.php\/wp-json\/wp\/v2\/types\/post"}],"author":[{"embeddable":true,"href":"https:\/\/futbolhoy.co\/index.php\/wp-json\/wp\/v2\/users\/4"}],"replies":[{"embeddable":true,"href":"https:\/\/futbolhoy.co\/index.php\/wp-json\/wp\/v2\/comments?post=124945"}],"version-history":[{"count":4,"href":"https:\/\/futbolhoy.co\/index.php\/wp-json\/wp\/v2\/posts\/124945\/revisions"}],"predecessor-version":[{"id":124950,"href":"https:\/\/futbolhoy.co\/index.php\/wp-json\/wp\/v2\/posts\/124945\/revisions\/124950"}],"wp:featuredmedia":[{"embeddable":true,"href":"https:\/\/futbolhoy.co\/index.php\/wp-json\/wp\/v2\/media\/124946"}],"wp:attachment":[{"href":"https:\/\/futbolhoy.co\/index.php\/wp-json\/wp\/v2\/media?parent=124945"}],"wp:term":[{"taxonomy":"category","embeddable":true,"href":"https:\/\/futbolhoy.co\/index.php\/wp-json\/wp\/v2\/categories?post=124945"},{"taxonomy":"post_tag","embeddable":true,"href":"https:\/\/futbolhoy.co\/index.php\/wp-json\/wp\/v2\/tags?post=124945"}],"curies":[{"name":"wp","href":"https:\/\/api.w.org\/{rel}","templated":true}]}}