{"id":125082,"date":"2025-10-23T22:13:22","date_gmt":"2025-10-24T03:13:22","guid":{"rendered":"https:\/\/futbolhoy.co\/?p=125082"},"modified":"2025-10-24T10:55:08","modified_gmt":"2025-10-24T15:55:08","slug":"dimayor-respondio-apelacion-de-nacional-por-el-caso-alfredo-morelos-asi-resolvio","status":"publish","type":"post","link":"https:\/\/futbolhoy.co\/index.php\/2025\/10\/23\/dimayor-respondio-apelacion-de-nacional-por-el-caso-alfredo-morelos-asi-resolvio\/","title":{"rendered":"Dimayor respondi\u00f3 apelaci\u00f3n de Nacional por el caso Alfredo Morelos: As\u00ed resolvi\u00f3"},"content":{"rendered":"<p style=\"text-align: justify;\"><span style=\"font-family: helvetica, arial, sans-serif;\">En el marco de la sanci\u00f3n impuesta sobre <strong>Alfredo Morelos<\/strong> de<strong> Atl\u00e9tico Nacional<\/strong> por \"inducir al error\" del \u00e1rbitro Nicol\u00e1s Gallo durante la fecha 14 ante Boyac\u00e1 Chic\u00f3, en una pena m\u00e1xima, Dimayor resolvi\u00f3 ante la reposici\u00f3n impuesta por el cuadro antioque\u00f1o.<\/span><\/p>\n<p style=\"text-align: justify;\"><span style=\"font-family: helvetica, arial, sans-serif;\">De acuerdo con el \u00faltimo comunicado oficial de la m\u00e1xima autoridad del f\u00fatbol colombiano, \"El Comit\u00e9 disciplinario del Campeonato decidi\u00f3 no reponer la decisi\u00f3n contenida en el art\u00edculo 1\u00b0 de la Resoluci\u00f3n No. 103 de 2025 y en consecuencia de ello<strong> confirma la sanci\u00f3n impuesta al se\u00f1or Alfredo Jos\u00e9 Morelos Avilez<\/strong>, <strong>la sanci\u00f3n m\u00ednima<\/strong> consistente en suspensi\u00f3n de dos (2) semanas y multa de sesenta SMLMV, equivalentes a ($85.410.000) pesos colombianos\", inform\u00f3.<\/span><\/p>\n<h3><span style=\"font-family: helvetica, arial, sans-serif;\">Ac\u00e1 el comunicado oficial de Dimayor<\/span><\/h3>\n<blockquote class=\"twitter-tweet\">\n<p dir=\"ltr\" lang=\"es\">En la Resoluci\u00f3n No. 107, el \ud835\uddd6\ud835\uddfc\ud835\uddfa\ud835\uddf6\ud835\ude01\ud835\uddf2\u0301 \ud835\uddd7\ud835\uddf6\ud835\ude00\ud835\uddf0\ud835\uddf6\ud835\uddfd\ud835\uddf9\ud835\uddf6\ud835\uddfb\ud835\uddee\ud835\uddff\ud835\uddf6\ud835\uddfc establece que \ud83d\udc49 <a href=\"https:\/\/t.co\/BrJbKTTjas\">https:\/\/t.co\/BrJbKTTjas<\/a><a href=\"https:\/\/twitter.com\/hashtag\/LoDamosTodo?src=hash&amp;ref_src=twsrc%5Etfw\">#LoDamosTodo<\/a> <a href=\"https:\/\/t.co\/FZVj1wHHsw\">pic.twitter.com\/FZVj1wHHsw<\/a><\/p>\n<p>\u2014 DIMAYOR (@Dimayor) <a href=\"https:\/\/twitter.com\/Dimayor\/status\/1981538230655701203?ref_src=twsrc%5Etfw\">October 24, 2025<\/a><\/p><\/blockquote>\n<p style=\"text-align: justify;\"><script async src=\"https:\/\/platform.twitter.com\/widgets.js\" charset=\"utf-8\"><\/script><span style=\"font-family: helvetica, arial, sans-serif;\">En este orden de ideas, se mantiene la decisi\u00f3n inicial, pese al reclamo del equipo en zona mixta tras eliminar a Once Caldas en cuartos de final de Copa BetPlay, donde <strong>Camilo C\u00e1ndido<\/strong> afirm\u00f3:<\/span><\/p>\n<p style=\"text-align: justify;\"><span style=\"font-family: helvetica, arial, sans-serif;\">\"<strong>Nos multan si hablamos<\/strong>\", respondi\u00f3 ante la pregunta de los periodistas sobre el silencio despu\u00e9s de la victoria.<\/span><\/p>\n<p style=\"text-align: justify;\"><span style=\"font-family: helvetica, arial, sans-serif;\">Es importante aclarar que en el comunicado oficial, la m\u00e1xima autoridad del f\u00fatbol colombiano tampoco se refiri\u00f3 al \u00e1rbitro <strong>Nicol\u00e1s Gallo<\/strong>, quien en los audios VAR de ese partido se evidenci\u00f3 que fue la \u00fanica persona del equipo arbitral que desde un principio, vio el supuesto penalti sobre Morelos, y fue quien indujo al error al juez central del compromiso.<\/span><\/p>\n<p>&nbsp;<\/p>\n<p>&nbsp;<\/p>\n","protected":false},"excerpt":{"rendered":"<p>En el marco de la sanci\u00f3n impuesta sobre Alfredo Morelos de Atl\u00e9tico Nacional por \"inducir al error\" del \u00e1rbitro Nicol\u00e1s Gallo durante la fecha 14 ante Boyac\u00e1 Chic\u00f3, en una pena m\u00e1xima, Dimayor resolvi\u00f3 ante la reposici\u00f3n impuesta por el cuadro antioque\u00f1o. De acuerdo con el \u00faltimo comunicado oficial de la m\u00e1xima autoridad del f\u00fatbol [&hellip;]<\/p>\n","protected":false},"author":4,"featured_media":125083,"comment_status":"open","ping_status":"open","sticky":false,"template":"","format":"standard","meta":{"_acf_changed":false,"footnotes":""},"categories":[7],"tags":[],"class_list":{"0":"post-125082","1":"post","2":"type-post","3":"status-publish","4":"format-standard","5":"has-post-thumbnail","7":"category-liga-betplay"},"acf":[],"yoast_head":"<!-- This site is optimized with the Yoast SEO plugin v26.8 - https:\/\/yoast.com\/product\/yoast-seo-wordpress\/ -->\n<title>Dimayor respondi\u00f3 apelaci\u00f3n de Nacional por el caso Alfredo Morelos: As\u00ed resolvi\u00f3 -<\/title>\n<meta name=\"robots\" content=\"index, follow, max-snippet:-1, max-image-preview:large, max-video-preview:-1\" \/>\n<link rel=\"canonical\" href=\"https:\/\/futbolhoy.co\/index.php\/2025\/10\/23\/dimayor-respondio-apelacion-de-nacional-por-el-caso-alfredo-morelos-asi-resolvio\/\" \/>\n<meta property=\"og:locale\" content=\"es_ES\" \/>\n<meta property=\"og:type\" content=\"article\" \/>\n<meta property=\"og:title\" content=\"Dimayor respondi\u00f3 apelaci\u00f3n de Nacional por el caso Alfredo Morelos: As\u00ed resolvi\u00f3 -\" \/>\n<meta property=\"og:description\" content=\"En el marco de la sanci\u00f3n impuesta sobre Alfredo Morelos de Atl\u00e9tico Nacional por &quot;inducir al error&quot; del \u00e1rbitro Nicol\u00e1s Gallo durante la fecha 14 ante Boyac\u00e1 Chic\u00f3, en una pena m\u00e1xima, Dimayor resolvi\u00f3 ante la reposici\u00f3n impuesta por el cuadro antioque\u00f1o. De acuerdo con el \u00faltimo comunicado oficial de la m\u00e1xima autoridad del f\u00fatbol [&hellip;]\" \/>\n<meta property=\"og:url\" content=\"https:\/\/futbolhoy.co\/index.php\/2025\/10\/23\/dimayor-respondio-apelacion-de-nacional-por-el-caso-alfredo-morelos-asi-resolvio\/\" \/>\n<meta property=\"article:publisher\" content=\"https:\/\/www.facebook.com\/FutbolHoyCol\/\" \/>\n<meta property=\"article:published_time\" content=\"2025-10-24T03:13:22+00:00\" \/>\n<meta property=\"article:modified_time\" content=\"2025-10-24T15:55:08+00:00\" \/>\n<meta property=\"og:image\" content=\"https:\/\/futbolhoy.co\/wp-content\/uploads\/2025\/10\/WhatsApp-Image-2025-10-23-at-10.12.02-PM.jpeg\" \/>\n\t<meta property=\"og:image:width\" content=\"828\" \/>\n\t<meta property=\"og:image:height\" content=\"647\" \/>\n\t<meta property=\"og:image:type\" content=\"image\/jpeg\" \/>\n<meta name=\"author\" content=\"contenido\" \/>\n<meta name=\"twitter:card\" content=\"summary_large_image\" \/>\n<meta name=\"twitter:creator\" content=\"@FutbolHoyCol\" \/>\n<meta name=\"twitter:site\" content=\"@FutbolHoyCol\" \/>\n<meta name=\"twitter:label1\" content=\"Escrito por\" \/>\n\t<meta name=\"twitter:data1\" content=\"contenido\" \/>\n\t<meta name=\"twitter:label2\" content=\"Tiempo de lectura\" \/>\n\t<meta name=\"twitter:data2\" content=\"1 minuto\" \/>\n<script type=\"application\/ld+json\" class=\"yoast-schema-graph\">{\"@context\":\"https:\/\/schema.org\",\"@graph\":[{\"@type\":\"Article\",\"@id\":\"https:\/\/futbolhoy.co\/index.php\/2025\/10\/23\/dimayor-respondio-apelacion-de-nacional-por-el-caso-alfredo-morelos-asi-resolvio\/#article\",\"isPartOf\":{\"@id\":\"https:\/\/futbolhoy.co\/index.php\/2025\/10\/23\/dimayor-respondio-apelacion-de-nacional-por-el-caso-alfredo-morelos-asi-resolvio\/\"},\"author\":{\"name\":\"contenido\",\"@id\":\"https:\/\/futbolhoy.co\/#\/schema\/person\/1721b69355b6623eaff15ac7b92d4cc3\"},\"headline\":\"Dimayor respondi\u00f3 apelaci\u00f3n de Nacional por el caso Alfredo Morelos: As\u00ed resolvi\u00f3\",\"datePublished\":\"2025-10-24T03:13:22+00:00\",\"dateModified\":\"2025-10-24T15:55:08+00:00\",\"mainEntityOfPage\":{\"@id\":\"https:\/\/futbolhoy.co\/index.php\/2025\/10\/23\/dimayor-respondio-apelacion-de-nacional-por-el-caso-alfredo-morelos-asi-resolvio\/\"},\"wordCount\":284,\"commentCount\":0,\"publisher\":{\"@id\":\"https:\/\/futbolhoy.co\/#organization\"},\"image\":{\"@id\":\"https:\/\/futbolhoy.co\/index.php\/2025\/10\/23\/dimayor-respondio-apelacion-de-nacional-por-el-caso-alfredo-morelos-asi-resolvio\/#primaryimage\"},\"thumbnailUrl\":\"https:\/\/futbolhoy.co\/wp-content\/uploads\/2025\/10\/WhatsApp-Image-2025-10-23-at-10.12.02-PM.jpeg\",\"articleSection\":[\"Liga BetPlay\"],\"inLanguage\":\"es\",\"potentialAction\":[{\"@type\":\"CommentAction\",\"name\":\"Comment\",\"target\":[\"https:\/\/futbolhoy.co\/index.php\/2025\/10\/23\/dimayor-respondio-apelacion-de-nacional-por-el-caso-alfredo-morelos-asi-resolvio\/#respond\"]}]},{\"@type\":\"WebPage\",\"@id\":\"https:\/\/futbolhoy.co\/index.php\/2025\/10\/23\/dimayor-respondio-apelacion-de-nacional-por-el-caso-alfredo-morelos-asi-resolvio\/\",\"url\":\"https:\/\/futbolhoy.co\/index.php\/2025\/10\/23\/dimayor-respondio-apelacion-de-nacional-por-el-caso-alfredo-morelos-asi-resolvio\/\",\"name\":\"Dimayor respondi\u00f3 apelaci\u00f3n de Nacional por el caso Alfredo Morelos: As\u00ed resolvi\u00f3 -\",\"isPartOf\":{\"@id\":\"https:\/\/futbolhoy.co\/#website\"},\"primaryImageOfPage\":{\"@id\":\"https:\/\/futbolhoy.co\/index.php\/2025\/10\/23\/dimayor-respondio-apelacion-de-nacional-por-el-caso-alfredo-morelos-asi-resolvio\/#primaryimage\"},\"image\":{\"@id\":\"https:\/\/futbolhoy.co\/index.php\/2025\/10\/23\/dimayor-respondio-apelacion-de-nacional-por-el-caso-alfredo-morelos-asi-resolvio\/#primaryimage\"},\"thumbnailUrl\":\"https:\/\/futbolhoy.co\/wp-content\/uploads\/2025\/10\/WhatsApp-Image-2025-10-23-at-10.12.02-PM.jpeg\",\"datePublished\":\"2025-10-24T03:13:22+00:00\",\"dateModified\":\"2025-10-24T15:55:08+00:00\",\"breadcrumb\":{\"@id\":\"https:\/\/futbolhoy.co\/index.php\/2025\/10\/23\/dimayor-respondio-apelacion-de-nacional-por-el-caso-alfredo-morelos-asi-resolvio\/#breadcrumb\"},\"inLanguage\":\"es\",\"potentialAction\":[{\"@type\":\"ReadAction\",\"target\":[\"https:\/\/futbolhoy.co\/index.php\/2025\/10\/23\/dimayor-respondio-apelacion-de-nacional-por-el-caso-alfredo-morelos-asi-resolvio\/\"]}]},{\"@type\":\"ImageObject\",\"inLanguage\":\"es\",\"@id\":\"https:\/\/futbolhoy.co\/index.php\/2025\/10\/23\/dimayor-respondio-apelacion-de-nacional-por-el-caso-alfredo-morelos-asi-resolvio\/#primaryimage\",\"url\":\"https:\/\/futbolhoy.co\/wp-content\/uploads\/2025\/10\/WhatsApp-Image-2025-10-23-at-10.12.02-PM.jpeg\",\"contentUrl\":\"https:\/\/futbolhoy.co\/wp-content\/uploads\/2025\/10\/WhatsApp-Image-2025-10-23-at-10.12.02-PM.jpeg\",\"width\":828,\"height\":647},{\"@type\":\"BreadcrumbList\",\"@id\":\"https:\/\/futbolhoy.co\/index.php\/2025\/10\/23\/dimayor-respondio-apelacion-de-nacional-por-el-caso-alfredo-morelos-asi-resolvio\/#breadcrumb\",\"itemListElement\":[{\"@type\":\"ListItem\",\"position\":1,\"name\":\"Portada\",\"item\":\"https:\/\/futbolhoy.co\/\"},{\"@type\":\"ListItem\",\"position\":2,\"name\":\"Dimayor respondi\u00f3 apelaci\u00f3n de Nacional por el caso Alfredo Morelos: As\u00ed resolvi\u00f3\"}]},{\"@type\":\"WebSite\",\"@id\":\"https:\/\/futbolhoy.co\/#website\",\"url\":\"https:\/\/futbolhoy.co\/\",\"name\":\"FutbolHoy\",\"description\":\"\",\"publisher\":{\"@id\":\"https:\/\/futbolhoy.co\/#organization\"},\"potentialAction\":[{\"@type\":\"SearchAction\",\"target\":{\"@type\":\"EntryPoint\",\"urlTemplate\":\"https:\/\/futbolhoy.co\/?s={search_term_string}\"},\"query-input\":{\"@type\":\"PropertyValueSpecification\",\"valueRequired\":true,\"valueName\":\"search_term_string\"}}],\"inLanguage\":\"es\"},{\"@type\":\"Organization\",\"@id\":\"https:\/\/futbolhoy.co\/#organization\",\"name\":\"Futbolhoy.co\",\"url\":\"https:\/\/futbolhoy.co\/\",\"logo\":{\"@type\":\"ImageObject\",\"inLanguage\":\"es\",\"@id\":\"https:\/\/futbolhoy.co\/#\/schema\/logo\/image\/\",\"url\":\"https:\/\/futbolhoy.co\/wp-content\/uploads\/2018\/08\/17426380_1906371736249227_6326180412931521141_n.jpg\",\"contentUrl\":\"https:\/\/futbolhoy.co\/wp-content\/uploads\/2018\/08\/17426380_1906371736249227_6326180412931521141_n.jpg\",\"width\":960,\"height\":960,\"caption\":\"Futbolhoy.co\"},\"image\":{\"@id\":\"https:\/\/futbolhoy.co\/#\/schema\/logo\/image\/\"},\"sameAs\":[\"https:\/\/www.facebook.com\/FutbolHoyCol\/\",\"https:\/\/x.com\/FutbolHoyCol\",\"https:\/\/www.instagram.com\/futbolhoycol\/\"]},{\"@type\":\"Person\",\"@id\":\"https:\/\/futbolhoy.co\/#\/schema\/person\/1721b69355b6623eaff15ac7b92d4cc3\",\"name\":\"contenido\",\"image\":{\"@type\":\"ImageObject\",\"inLanguage\":\"es\",\"@id\":\"https:\/\/futbolhoy.co\/#\/schema\/person\/image\/\",\"url\":\"https:\/\/secure.gravatar.com\/avatar\/4f656d3256f5134f466206e7c3941518?s=96&d=mm&r=g\",\"contentUrl\":\"https:\/\/secure.gravatar.com\/avatar\/4f656d3256f5134f466206e7c3941518?s=96&d=mm&r=g\",\"caption\":\"contenido\"}}]}<\/script>\n<!-- \/ Yoast SEO plugin. -->","yoast_head_json":{"title":"Dimayor respondi\u00f3 apelaci\u00f3n de Nacional por el caso Alfredo Morelos: As\u00ed resolvi\u00f3 -","robots":{"index":"index","follow":"follow","max-snippet":"max-snippet:-1","max-image-preview":"max-image-preview:large","max-video-preview":"max-video-preview:-1"},"canonical":"https:\/\/futbolhoy.co\/index.php\/2025\/10\/23\/dimayor-respondio-apelacion-de-nacional-por-el-caso-alfredo-morelos-asi-resolvio\/","og_locale":"es_ES","og_type":"article","og_title":"Dimayor respondi\u00f3 apelaci\u00f3n de Nacional por el caso Alfredo Morelos: As\u00ed resolvi\u00f3 -","og_description":"En el marco de la sanci\u00f3n impuesta sobre Alfredo Morelos de Atl\u00e9tico Nacional por \"inducir al error\" del \u00e1rbitro Nicol\u00e1s Gallo durante la fecha 14 ante Boyac\u00e1 Chic\u00f3, en una pena m\u00e1xima, Dimayor resolvi\u00f3 ante la reposici\u00f3n impuesta por el cuadro antioque\u00f1o. De acuerdo con el \u00faltimo comunicado oficial de la m\u00e1xima autoridad del f\u00fatbol [&hellip;]","og_url":"https:\/\/futbolhoy.co\/index.php\/2025\/10\/23\/dimayor-respondio-apelacion-de-nacional-por-el-caso-alfredo-morelos-asi-resolvio\/","article_publisher":"https:\/\/www.facebook.com\/FutbolHoyCol\/","article_published_time":"2025-10-24T03:13:22+00:00","article_modified_time":"2025-10-24T15:55:08+00:00","og_image":[{"width":828,"height":647,"url":"https:\/\/futbolhoy.co\/wp-content\/uploads\/2025\/10\/WhatsApp-Image-2025-10-23-at-10.12.02-PM.jpeg","type":"image\/jpeg"}],"author":"contenido","twitter_card":"summary_large_image","twitter_creator":"@FutbolHoyCol","twitter_site":"@FutbolHoyCol","twitter_misc":{"Escrito por":"contenido","Tiempo de lectura":"1 minuto"},"schema":{"@context":"https:\/\/schema.org","@graph":[{"@type":"Article","@id":"https:\/\/futbolhoy.co\/index.php\/2025\/10\/23\/dimayor-respondio-apelacion-de-nacional-por-el-caso-alfredo-morelos-asi-resolvio\/#article","isPartOf":{"@id":"https:\/\/futbolhoy.co\/index.php\/2025\/10\/23\/dimayor-respondio-apelacion-de-nacional-por-el-caso-alfredo-morelos-asi-resolvio\/"},"author":{"name":"contenido","@id":"https:\/\/futbolhoy.co\/#\/schema\/person\/1721b69355b6623eaff15ac7b92d4cc3"},"headline":"Dimayor respondi\u00f3 apelaci\u00f3n de Nacional por el caso Alfredo Morelos: As\u00ed resolvi\u00f3","datePublished":"2025-10-24T03:13:22+00:00","dateModified":"2025-10-24T15:55:08+00:00","mainEntityOfPage":{"@id":"https:\/\/futbolhoy.co\/index.php\/2025\/10\/23\/dimayor-respondio-apelacion-de-nacional-por-el-caso-alfredo-morelos-asi-resolvio\/"},"wordCount":284,"commentCount":0,"publisher":{"@id":"https:\/\/futbolhoy.co\/#organization"},"image":{"@id":"https:\/\/futbolhoy.co\/index.php\/2025\/10\/23\/dimayor-respondio-apelacion-de-nacional-por-el-caso-alfredo-morelos-asi-resolvio\/#primaryimage"},"thumbnailUrl":"https:\/\/futbolhoy.co\/wp-content\/uploads\/2025\/10\/WhatsApp-Image-2025-10-23-at-10.12.02-PM.jpeg","articleSection":["Liga BetPlay"],"inLanguage":"es","potentialAction":[{"@type":"CommentAction","name":"Comment","target":["https:\/\/futbolhoy.co\/index.php\/2025\/10\/23\/dimayor-respondio-apelacion-de-nacional-por-el-caso-alfredo-morelos-asi-resolvio\/#respond"]}]},{"@type":"WebPage","@id":"https:\/\/futbolhoy.co\/index.php\/2025\/10\/23\/dimayor-respondio-apelacion-de-nacional-por-el-caso-alfredo-morelos-asi-resolvio\/","url":"https:\/\/futbolhoy.co\/index.php\/2025\/10\/23\/dimayor-respondio-apelacion-de-nacional-por-el-caso-alfredo-morelos-asi-resolvio\/","name":"Dimayor respondi\u00f3 apelaci\u00f3n de Nacional por el caso Alfredo Morelos: As\u00ed resolvi\u00f3 -","isPartOf":{"@id":"https:\/\/futbolhoy.co\/#website"},"primaryImageOfPage":{"@id":"https:\/\/futbolhoy.co\/index.php\/2025\/10\/23\/dimayor-respondio-apelacion-de-nacional-por-el-caso-alfredo-morelos-asi-resolvio\/#primaryimage"},"image":{"@id":"https:\/\/futbolhoy.co\/index.php\/2025\/10\/23\/dimayor-respondio-apelacion-de-nacional-por-el-caso-alfredo-morelos-asi-resolvio\/#primaryimage"},"thumbnailUrl":"https:\/\/futbolhoy.co\/wp-content\/uploads\/2025\/10\/WhatsApp-Image-2025-10-23-at-10.12.02-PM.jpeg","datePublished":"2025-10-24T03:13:22+00:00","dateModified":"2025-10-24T15:55:08+00:00","breadcrumb":{"@id":"https:\/\/futbolhoy.co\/index.php\/2025\/10\/23\/dimayor-respondio-apelacion-de-nacional-por-el-caso-alfredo-morelos-asi-resolvio\/#breadcrumb"},"inLanguage":"es","potentialAction":[{"@type":"ReadAction","target":["https:\/\/futbolhoy.co\/index.php\/2025\/10\/23\/dimayor-respondio-apelacion-de-nacional-por-el-caso-alfredo-morelos-asi-resolvio\/"]}]},{"@type":"ImageObject","inLanguage":"es","@id":"https:\/\/futbolhoy.co\/index.php\/2025\/10\/23\/dimayor-respondio-apelacion-de-nacional-por-el-caso-alfredo-morelos-asi-resolvio\/#primaryimage","url":"https:\/\/futbolhoy.co\/wp-content\/uploads\/2025\/10\/WhatsApp-Image-2025-10-23-at-10.12.02-PM.jpeg","contentUrl":"https:\/\/futbolhoy.co\/wp-content\/uploads\/2025\/10\/WhatsApp-Image-2025-10-23-at-10.12.02-PM.jpeg","width":828,"height":647},{"@type":"BreadcrumbList","@id":"https:\/\/futbolhoy.co\/index.php\/2025\/10\/23\/dimayor-respondio-apelacion-de-nacional-por-el-caso-alfredo-morelos-asi-resolvio\/#breadcrumb","itemListElement":[{"@type":"ListItem","position":1,"name":"Portada","item":"https:\/\/futbolhoy.co\/"},{"@type":"ListItem","position":2,"name":"Dimayor respondi\u00f3 apelaci\u00f3n de Nacional por el caso Alfredo Morelos: As\u00ed resolvi\u00f3"}]},{"@type":"WebSite","@id":"https:\/\/futbolhoy.co\/#website","url":"https:\/\/futbolhoy.co\/","name":"FutbolHoy","description":"","publisher":{"@id":"https:\/\/futbolhoy.co\/#organization"},"potentialAction":[{"@type":"SearchAction","target":{"@type":"EntryPoint","urlTemplate":"https:\/\/futbolhoy.co\/?s={search_term_string}"},"query-input":{"@type":"PropertyValueSpecification","valueRequired":true,"valueName":"search_term_string"}}],"inLanguage":"es"},{"@type":"Organization","@id":"https:\/\/futbolhoy.co\/#organization","name":"Futbolhoy.co","url":"https:\/\/futbolhoy.co\/","logo":{"@type":"ImageObject","inLanguage":"es","@id":"https:\/\/futbolhoy.co\/#\/schema\/logo\/image\/","url":"https:\/\/futbolhoy.co\/wp-content\/uploads\/2018\/08\/17426380_1906371736249227_6326180412931521141_n.jpg","contentUrl":"https:\/\/futbolhoy.co\/wp-content\/uploads\/2018\/08\/17426380_1906371736249227_6326180412931521141_n.jpg","width":960,"height":960,"caption":"Futbolhoy.co"},"image":{"@id":"https:\/\/futbolhoy.co\/#\/schema\/logo\/image\/"},"sameAs":["https:\/\/www.facebook.com\/FutbolHoyCol\/","https:\/\/x.com\/FutbolHoyCol","https:\/\/www.instagram.com\/futbolhoycol\/"]},{"@type":"Person","@id":"https:\/\/futbolhoy.co\/#\/schema\/person\/1721b69355b6623eaff15ac7b92d4cc3","name":"contenido","image":{"@type":"ImageObject","inLanguage":"es","@id":"https:\/\/futbolhoy.co\/#\/schema\/person\/image\/","url":"https:\/\/secure.gravatar.com\/avatar\/4f656d3256f5134f466206e7c3941518?s=96&d=mm&r=g","contentUrl":"https:\/\/secure.gravatar.com\/avatar\/4f656d3256f5134f466206e7c3941518?s=96&d=mm&r=g","caption":"contenido"}}]}},"publishpress_future_action":{"enabled":false,"date":"2026-05-04 05:04:38","action":"change-status","newStatus":"draft","terms":[],"taxonomy":"category","extraData":[]},"publishpress_future_workflow_manual_trigger":{"enabledWorkflows":[]},"_links":{"self":[{"href":"https:\/\/futbolhoy.co\/index.php\/wp-json\/wp\/v2\/posts\/125082","targetHints":{"allow":["GET"]}}],"collection":[{"href":"https:\/\/futbolhoy.co\/index.php\/wp-json\/wp\/v2\/posts"}],"about":[{"href":"https:\/\/futbolhoy.co\/index.php\/wp-json\/wp\/v2\/types\/post"}],"author":[{"embeddable":true,"href":"https:\/\/futbolhoy.co\/index.php\/wp-json\/wp\/v2\/users\/4"}],"replies":[{"embeddable":true,"href":"https:\/\/futbolhoy.co\/index.php\/wp-json\/wp\/v2\/comments?post=125082"}],"version-history":[{"count":1,"href":"https:\/\/futbolhoy.co\/index.php\/wp-json\/wp\/v2\/posts\/125082\/revisions"}],"predecessor-version":[{"id":125084,"href":"https:\/\/futbolhoy.co\/index.php\/wp-json\/wp\/v2\/posts\/125082\/revisions\/125084"}],"wp:featuredmedia":[{"embeddable":true,"href":"https:\/\/futbolhoy.co\/index.php\/wp-json\/wp\/v2\/media\/125083"}],"wp:attachment":[{"href":"https:\/\/futbolhoy.co\/index.php\/wp-json\/wp\/v2\/media?parent=125082"}],"wp:term":[{"taxonomy":"category","embeddable":true,"href":"https:\/\/futbolhoy.co\/index.php\/wp-json\/wp\/v2\/categories?post=125082"},{"taxonomy":"post_tag","embeddable":true,"href":"https:\/\/futbolhoy.co\/index.php\/wp-json\/wp\/v2\/tags?post=125082"}],"curies":[{"name":"wp","href":"https:\/\/api.w.org\/{rel}","templated":true}]}}