{"id":125132,"date":"2025-10-24T11:45:59","date_gmt":"2025-10-24T16:45:59","guid":{"rendered":"https:\/\/futbolhoy.co\/?p=125132"},"modified":"2025-10-24T16:44:37","modified_gmt":"2025-10-24T21:44:37","slug":"dt-diego-arias-sobre-marino-previo-al-clasico-ante-medellin-confiamos-en-que-va-a-hacer-goles-importantes","status":"publish","type":"post","link":"https:\/\/futbolhoy.co\/index.php\/2025\/10\/24\/dt-diego-arias-sobre-marino-previo-al-clasico-ante-medellin-confiamos-en-que-va-a-hacer-goles-importantes\/","title":{"rendered":"DT Diego Arias sobre Marino previo al cl\u00e1sico ante Medell\u00edn: \"Confiamos en que va a hacer goles importantes\""},"content":{"rendered":"<p style=\"text-align: justify;\"><span style=\"font-family: helvetica, arial, sans-serif;\">La atractiva <strong>fecha 17 de la Liga BetPlay<\/strong> tiene al cl\u00e1sico entre <strong>Atl\u00e9tico Nacional e Independiente Medell\u00edn<\/strong> como uno de los principales duelos.<\/span><\/p>\n<p style=\"text-align: justify;\"><span style=\"font-family: helvetica, arial, sans-serif;\">El entrenador del conjunto verdolaga, <strong>Diego Arias<\/strong>, concedi\u00f3 detalles sobre el compromiso clave para los objetivos de ambos clubes en conseguir la clasificaci\u00f3n anticipada.<\/span><\/p>\n<p style=\"text-align: justify;\"><span style=\"font-family: helvetica, arial, sans-serif;\">El equipo que consiga los tres puntos obtendr\u00e1 el tiquete anticipado para los cuadrangulares finales, y un empate favorecer\u00e1 al 'Poderoso de la Monta\u00f1a', pues alcanzar\u00e1 32 unidades con tres partidos restantes.<\/span><\/p>\n<p style=\"text-align: justify;\"><span style=\"font-family: helvetica, arial, sans-serif;\">En rueda de prensa previo al cl\u00e1sico paisa, el t\u00e9cnico risaraldense se refiri\u00f3 al presente de <strong>Alfredo Morelos<\/strong>, el rendimiento de <strong>Marino Hinestroza<\/strong> y, por supuesto, revel\u00f3 detalles sobre el compromiso ante Medell\u00edn.<\/span><\/p>\n<h2 style=\"text-align: justify;\"><span style=\"font-family: helvetica, arial, sans-serif;\">Rueda de prensa de DT Diego Arias<\/span><\/h2>\n<p style=\"text-align: justify;\"><span style=\"font-family: helvetica, arial, sans-serif;\">Sobre la lectura del partido:<\/span><\/p>\n<p style=\"text-align: justify;\"><span style=\"font-family: helvetica, arial, sans-serif;\">\"Dos equipos que les gusta atacar que tienen jugadores de mucha calidad. Nosotros intentaremos llevar el partido a nuestro favor para estar m\u00e1s cerca de ganarlo\", inici\u00f3 explicando.<\/span><\/p>\n<p style=\"text-align: justify;\"><span style=\"font-family: helvetica, arial, sans-serif;\">\"Ellos tienen jugadores r\u00e1pidos en ataque y apuestan por explotar el espacio. Nosotros debemos mejorar y entender que el partido no es solamente ese momento, son muchos momentos y <strong>la forma de atacar determina la forma en la que podemos defender,<\/strong> e intentaremos ser eficientes\", afirm\u00f3 Arias.<\/span><\/p>\n<p style=\"text-align: justify;\"><span style=\"font-family: helvetica, arial, sans-serif;\">\"El partido anterior es un partido muy diferente, es un cl\u00e1sico y no creo que solucionando los puntos d\u00e9biles de ese partido va a ser suficiente para ganar el cl\u00e1sico\", declar\u00f3.<\/span><\/p>\n<p style=\"text-align: justify;\"><span style=\"font-family: helvetica, arial, sans-serif;\">Sobre el momento de Marino Hinestroza:<\/span><\/p>\n<p style=\"text-align: justify;\"><span style=\"font-family: helvetica, arial, sans-serif;\">\"Los jugadores participan en muchos momentos, no solo en la finalizaci\u00f3n.<strong> Marino es un jugador con mucha calidad para finalizar<\/strong> y la vemos todos los d\u00edas en los entrenamientos. Confiamos que va a hacer goles relevantes y lo importante es que siga con la intensidad para defender, generar situaciones de gol y <strong>confiamos plenamente en su capacidad<\/strong>\", respald\u00f3 el director t\u00e9cnico.<\/span><\/p>\n<p style=\"text-align: justify;\"><span style=\"font-family: helvetica, arial, sans-serif;\">Sobre la t\u00e1ctica del partido:<\/span><\/p>\n<p style=\"text-align: justify;\"><span style=\"font-family: helvetica, arial, sans-serif;\">\"Para mi la t\u00e1ctica m\u00e1s importantes que <strong>hagamos lo que hagamos, lo hagamos juntos<\/strong> con mucha determinaci\u00f3n y eso nos va a llevar a un estado emocional \u00f3ptimo. Sentirnos felices de representar a nuestra hinchada y confiamos que ese estado emocional nos va a poner en condiciones de ganar el partido\", declar\u00f3 el entrenador del cuadro verdolaga.<\/span><\/p>\n<p style=\"text-align: justify;\"><span style=\"font-family: helvetica, arial, sans-serif;\">Sobre las expulsiones de Nacional:<\/span><\/p>\n<p style=\"text-align: justify;\"><span style=\"font-family: helvetica, arial, sans-serif;\">\"Todas las expulsiones no son iguales. Despu\u00e9s del partido ante Once Caldas expres\u00e9 que entend\u00eda la posici\u00f3n de Edwin porque fue una expulsi\u00f3n m\u00e1s por un accidente del partido que por una intenci\u00f3n de golpear.<strong> Considero que esa jugada tiene que ver con la interpretaci\u00f3n del \u00e1rbitro<\/strong>, de entender la talla del jugador que va a presionar a Edwin, de entender que la cara en ese movimiento se acerca m\u00e1s al cuerpo de Edwin que al rev\u00e9s, pero son decisiones muy r\u00e1pidas y no podemos hacer mucho m\u00e1s\", asegur\u00f3.<\/span><\/p>\n<p style=\"text-align: justify;\"><span style=\"font-family: helvetica, arial, sans-serif;\">\"No podemos decirle a los jugadores que porque el \u00e1rbitro no va a poder identificar lo que pasa en la jugada no se esfuercen en la cancha\", finaliz\u00f3.<\/span><\/p>\n<p style=\"text-align: justify;\"><span style=\"font-family: helvetica, arial, sans-serif;\">Sobre las variantes en ataque:<\/span><\/p>\n<p style=\"text-align: justify;\"><span style=\"font-family: helvetica, arial, sans-serif;\">\"<strong>Alfredo se est\u00e1 preparando muy bien<\/strong>, est\u00e1 en condiciones futbol\u00edsticas y f\u00edsicas de poder actuar en caso de que se pueda habilitar. Nos pone muy contentos el momento de Dairon y de muchos jugadores en la plantilla y analizaremos de aqu\u00ed al inicio del partido\", indic\u00f3.<\/span><\/p>\n<p style=\"text-align: justify;\"><span style=\"font-family: helvetica, arial, sans-serif;\">El compromiso est\u00e1 programado para el domingo 26 de octubre a partir de las <strong>6:30 pm<\/strong> en el Estadio Atanasio Girardot de Medell\u00edn, bajo la <strong>local\u00eda de Atl\u00e9tico Nacional<\/strong>.<\/span><\/p>\n<h3 style=\"text-align: justify;\"><span style=\"font-family: helvetica, arial, sans-serif;\">Rueda de prensa completa<\/span><\/h3>\n<p><iframe title=\"YouTube video player\" src=\"https:\/\/www.youtube.com\/embed\/9zv1bMPNmHk?si=fx3TYnUIx7o7KLlU\" width=\"560\" height=\"315\" frameborder=\"0\" allowfullscreen=\"allowfullscreen\"><\/iframe><\/p>\n<h3><span style=\"font-family: helvetica, arial, sans-serif;\">Tabla de posiciones<\/span><\/h3>\n<p><img fetchpriority=\"high\" decoding=\"async\" class=\"alignnone size-full wp-image-125134\" src=\"https:\/\/futbolhoy.co\/wp-content\/uploads\/2025\/10\/WhatsApp-Image-2025-10-24-at-11.36.30-AM-1.jpeg\" alt=\"\" width=\"745\" height=\"1076\" srcset=\"https:\/\/futbolhoy.co\/wp-content\/uploads\/2025\/10\/WhatsApp-Image-2025-10-24-at-11.36.30-AM-1.jpeg 745w, https:\/\/futbolhoy.co\/wp-content\/uploads\/2025\/10\/WhatsApp-Image-2025-10-24-at-11.36.30-AM-1-208x300.jpeg 208w, https:\/\/futbolhoy.co\/wp-content\/uploads\/2025\/10\/WhatsApp-Image-2025-10-24-at-11.36.30-AM-1-709x1024.jpeg 709w, https:\/\/futbolhoy.co\/wp-content\/uploads\/2025\/10\/WhatsApp-Image-2025-10-24-at-11.36.30-AM-1-696x1005.jpeg 696w, https:\/\/futbolhoy.co\/wp-content\/uploads\/2025\/10\/WhatsApp-Image-2025-10-24-at-11.36.30-AM-1-89x128.jpeg 89w, https:\/\/futbolhoy.co\/wp-content\/uploads\/2025\/10\/WhatsApp-Image-2025-10-24-at-11.36.30-AM-1-22x32.jpeg 22w\" sizes=\"(max-width: 745px) 100vw, 745px\" \/><\/p>\n<p>&nbsp;<\/p>\n","protected":false},"excerpt":{"rendered":"<p>La atractiva fecha 17 de la Liga BetPlay tiene al cl\u00e1sico entre Atl\u00e9tico Nacional e Independiente Medell\u00edn como uno de los principales duelos. El entrenador del conjunto verdolaga, Diego Arias, concedi\u00f3 detalles sobre el compromiso clave para los objetivos de ambos clubes en conseguir la clasificaci\u00f3n anticipada. El equipo que consiga los tres puntos obtendr\u00e1 [&hellip;]<\/p>\n","protected":false},"author":4,"featured_media":125135,"comment_status":"open","ping_status":"open","sticky":false,"template":"","format":"standard","meta":{"_acf_changed":false,"footnotes":""},"categories":[7],"tags":[],"class_list":{"0":"post-125132","1":"post","2":"type-post","3":"status-publish","4":"format-standard","5":"has-post-thumbnail","7":"category-liga-betplay"},"acf":[],"yoast_head":"<!-- This site is optimized with the Yoast SEO plugin v26.8 - https:\/\/yoast.com\/product\/yoast-seo-wordpress\/ -->\n<title>DT Diego Arias sobre Marino previo al cl\u00e1sico ante Medell\u00edn: &quot;Confiamos en que va a hacer goles importantes&quot; -<\/title>\n<meta name=\"robots\" content=\"index, follow, max-snippet:-1, max-image-preview:large, max-video-preview:-1\" \/>\n<link rel=\"canonical\" href=\"https:\/\/futbolhoy.co\/index.php\/2025\/10\/24\/dt-diego-arias-sobre-marino-previo-al-clasico-ante-medellin-confiamos-en-que-va-a-hacer-goles-importantes\/\" \/>\n<meta property=\"og:locale\" content=\"es_ES\" \/>\n<meta property=\"og:type\" content=\"article\" \/>\n<meta property=\"og:title\" content=\"DT Diego Arias sobre Marino previo al cl\u00e1sico ante Medell\u00edn: &quot;Confiamos en que va a hacer goles importantes&quot; -\" \/>\n<meta property=\"og:description\" content=\"La atractiva fecha 17 de la Liga BetPlay tiene al cl\u00e1sico entre Atl\u00e9tico Nacional e Independiente Medell\u00edn como uno de los principales duelos. El entrenador del conjunto verdolaga, Diego Arias, concedi\u00f3 detalles sobre el compromiso clave para los objetivos de ambos clubes en conseguir la clasificaci\u00f3n anticipada. El equipo que consiga los tres puntos obtendr\u00e1 [&hellip;]\" \/>\n<meta property=\"og:url\" content=\"https:\/\/futbolhoy.co\/index.php\/2025\/10\/24\/dt-diego-arias-sobre-marino-previo-al-clasico-ante-medellin-confiamos-en-que-va-a-hacer-goles-importantes\/\" \/>\n<meta property=\"article:publisher\" content=\"https:\/\/www.facebook.com\/FutbolHoyCol\/\" \/>\n<meta property=\"article:published_time\" content=\"2025-10-24T16:45:59+00:00\" \/>\n<meta property=\"article:modified_time\" content=\"2025-10-24T21:44:37+00:00\" \/>\n<meta property=\"og:image\" content=\"https:\/\/futbolhoy.co\/wp-content\/uploads\/2025\/10\/WhatsApp-Image-2025-10-24-at-11.44.31-AM.jpeg\" \/>\n\t<meta property=\"og:image:width\" content=\"1179\" \/>\n\t<meta property=\"og:image:height\" content=\"779\" \/>\n\t<meta property=\"og:image:type\" content=\"image\/jpeg\" \/>\n<meta name=\"author\" content=\"contenido\" \/>\n<meta name=\"twitter:card\" content=\"summary_large_image\" \/>\n<meta name=\"twitter:creator\" content=\"@FutbolHoyCol\" \/>\n<meta name=\"twitter:site\" content=\"@FutbolHoyCol\" \/>\n<meta name=\"twitter:label1\" content=\"Escrito por\" \/>\n\t<meta name=\"twitter:data1\" content=\"contenido\" \/>\n\t<meta name=\"twitter:label2\" content=\"Tiempo de lectura\" \/>\n\t<meta name=\"twitter:data2\" content=\"3 minutos\" \/>\n<script type=\"application\/ld+json\" class=\"yoast-schema-graph\">{\"@context\":\"https:\/\/schema.org\",\"@graph\":[{\"@type\":\"Article\",\"@id\":\"https:\/\/futbolhoy.co\/index.php\/2025\/10\/24\/dt-diego-arias-sobre-marino-previo-al-clasico-ante-medellin-confiamos-en-que-va-a-hacer-goles-importantes\/#article\",\"isPartOf\":{\"@id\":\"https:\/\/futbolhoy.co\/index.php\/2025\/10\/24\/dt-diego-arias-sobre-marino-previo-al-clasico-ante-medellin-confiamos-en-que-va-a-hacer-goles-importantes\/\"},\"author\":{\"name\":\"contenido\",\"@id\":\"https:\/\/futbolhoy.co\/#\/schema\/person\/1721b69355b6623eaff15ac7b92d4cc3\"},\"headline\":\"DT Diego Arias sobre Marino previo al cl\u00e1sico ante Medell\u00edn: \\\"Confiamos en que va a hacer goles importantes\\\"\",\"datePublished\":\"2025-10-24T16:45:59+00:00\",\"dateModified\":\"2025-10-24T21:44:37+00:00\",\"mainEntityOfPage\":{\"@id\":\"https:\/\/futbolhoy.co\/index.php\/2025\/10\/24\/dt-diego-arias-sobre-marino-previo-al-clasico-ante-medellin-confiamos-en-que-va-a-hacer-goles-importantes\/\"},\"wordCount\":621,\"commentCount\":0,\"publisher\":{\"@id\":\"https:\/\/futbolhoy.co\/#organization\"},\"image\":{\"@id\":\"https:\/\/futbolhoy.co\/index.php\/2025\/10\/24\/dt-diego-arias-sobre-marino-previo-al-clasico-ante-medellin-confiamos-en-que-va-a-hacer-goles-importantes\/#primaryimage\"},\"thumbnailUrl\":\"https:\/\/futbolhoy.co\/wp-content\/uploads\/2025\/10\/WhatsApp-Image-2025-10-24-at-11.44.31-AM.jpeg\",\"articleSection\":[\"Liga BetPlay\"],\"inLanguage\":\"es\",\"potentialAction\":[{\"@type\":\"CommentAction\",\"name\":\"Comment\",\"target\":[\"https:\/\/futbolhoy.co\/index.php\/2025\/10\/24\/dt-diego-arias-sobre-marino-previo-al-clasico-ante-medellin-confiamos-en-que-va-a-hacer-goles-importantes\/#respond\"]}]},{\"@type\":\"WebPage\",\"@id\":\"https:\/\/futbolhoy.co\/index.php\/2025\/10\/24\/dt-diego-arias-sobre-marino-previo-al-clasico-ante-medellin-confiamos-en-que-va-a-hacer-goles-importantes\/\",\"url\":\"https:\/\/futbolhoy.co\/index.php\/2025\/10\/24\/dt-diego-arias-sobre-marino-previo-al-clasico-ante-medellin-confiamos-en-que-va-a-hacer-goles-importantes\/\",\"name\":\"DT Diego Arias sobre Marino previo al cl\u00e1sico ante Medell\u00edn: \\\"Confiamos en que va a hacer goles importantes\\\" -\",\"isPartOf\":{\"@id\":\"https:\/\/futbolhoy.co\/#website\"},\"primaryImageOfPage\":{\"@id\":\"https:\/\/futbolhoy.co\/index.php\/2025\/10\/24\/dt-diego-arias-sobre-marino-previo-al-clasico-ante-medellin-confiamos-en-que-va-a-hacer-goles-importantes\/#primaryimage\"},\"image\":{\"@id\":\"https:\/\/futbolhoy.co\/index.php\/2025\/10\/24\/dt-diego-arias-sobre-marino-previo-al-clasico-ante-medellin-confiamos-en-que-va-a-hacer-goles-importantes\/#primaryimage\"},\"thumbnailUrl\":\"https:\/\/futbolhoy.co\/wp-content\/uploads\/2025\/10\/WhatsApp-Image-2025-10-24-at-11.44.31-AM.jpeg\",\"datePublished\":\"2025-10-24T16:45:59+00:00\",\"dateModified\":\"2025-10-24T21:44:37+00:00\",\"breadcrumb\":{\"@id\":\"https:\/\/futbolhoy.co\/index.php\/2025\/10\/24\/dt-diego-arias-sobre-marino-previo-al-clasico-ante-medellin-confiamos-en-que-va-a-hacer-goles-importantes\/#breadcrumb\"},\"inLanguage\":\"es\",\"potentialAction\":[{\"@type\":\"ReadAction\",\"target\":[\"https:\/\/futbolhoy.co\/index.php\/2025\/10\/24\/dt-diego-arias-sobre-marino-previo-al-clasico-ante-medellin-confiamos-en-que-va-a-hacer-goles-importantes\/\"]}]},{\"@type\":\"ImageObject\",\"inLanguage\":\"es\",\"@id\":\"https:\/\/futbolhoy.co\/index.php\/2025\/10\/24\/dt-diego-arias-sobre-marino-previo-al-clasico-ante-medellin-confiamos-en-que-va-a-hacer-goles-importantes\/#primaryimage\",\"url\":\"https:\/\/futbolhoy.co\/wp-content\/uploads\/2025\/10\/WhatsApp-Image-2025-10-24-at-11.44.31-AM.jpeg\",\"contentUrl\":\"https:\/\/futbolhoy.co\/wp-content\/uploads\/2025\/10\/WhatsApp-Image-2025-10-24-at-11.44.31-AM.jpeg\",\"width\":1179,\"height\":779},{\"@type\":\"BreadcrumbList\",\"@id\":\"https:\/\/futbolhoy.co\/index.php\/2025\/10\/24\/dt-diego-arias-sobre-marino-previo-al-clasico-ante-medellin-confiamos-en-que-va-a-hacer-goles-importantes\/#breadcrumb\",\"itemListElement\":[{\"@type\":\"ListItem\",\"position\":1,\"name\":\"Portada\",\"item\":\"https:\/\/futbolhoy.co\/\"},{\"@type\":\"ListItem\",\"position\":2,\"name\":\"DT Diego Arias sobre Marino previo al cl\u00e1sico ante Medell\u00edn: \\\"Confiamos en que va a hacer goles importantes\\\"\"}]},{\"@type\":\"WebSite\",\"@id\":\"https:\/\/futbolhoy.co\/#website\",\"url\":\"https:\/\/futbolhoy.co\/\",\"name\":\"FutbolHoy\",\"description\":\"\",\"publisher\":{\"@id\":\"https:\/\/futbolhoy.co\/#organization\"},\"potentialAction\":[{\"@type\":\"SearchAction\",\"target\":{\"@type\":\"EntryPoint\",\"urlTemplate\":\"https:\/\/futbolhoy.co\/?s={search_term_string}\"},\"query-input\":{\"@type\":\"PropertyValueSpecification\",\"valueRequired\":true,\"valueName\":\"search_term_string\"}}],\"inLanguage\":\"es\"},{\"@type\":\"Organization\",\"@id\":\"https:\/\/futbolhoy.co\/#organization\",\"name\":\"Futbolhoy.co\",\"url\":\"https:\/\/futbolhoy.co\/\",\"logo\":{\"@type\":\"ImageObject\",\"inLanguage\":\"es\",\"@id\":\"https:\/\/futbolhoy.co\/#\/schema\/logo\/image\/\",\"url\":\"https:\/\/futbolhoy.co\/wp-content\/uploads\/2018\/08\/17426380_1906371736249227_6326180412931521141_n.jpg\",\"contentUrl\":\"https:\/\/futbolhoy.co\/wp-content\/uploads\/2018\/08\/17426380_1906371736249227_6326180412931521141_n.jpg\",\"width\":960,\"height\":960,\"caption\":\"Futbolhoy.co\"},\"image\":{\"@id\":\"https:\/\/futbolhoy.co\/#\/schema\/logo\/image\/\"},\"sameAs\":[\"https:\/\/www.facebook.com\/FutbolHoyCol\/\",\"https:\/\/x.com\/FutbolHoyCol\",\"https:\/\/www.instagram.com\/futbolhoycol\/\"]},{\"@type\":\"Person\",\"@id\":\"https:\/\/futbolhoy.co\/#\/schema\/person\/1721b69355b6623eaff15ac7b92d4cc3\",\"name\":\"contenido\",\"image\":{\"@type\":\"ImageObject\",\"inLanguage\":\"es\",\"@id\":\"https:\/\/futbolhoy.co\/#\/schema\/person\/image\/\",\"url\":\"https:\/\/secure.gravatar.com\/avatar\/4f656d3256f5134f466206e7c3941518?s=96&d=mm&r=g\",\"contentUrl\":\"https:\/\/secure.gravatar.com\/avatar\/4f656d3256f5134f466206e7c3941518?s=96&d=mm&r=g\",\"caption\":\"contenido\"}}]}<\/script>\n<!-- \/ Yoast SEO plugin. -->","yoast_head_json":{"title":"DT Diego Arias sobre Marino previo al cl\u00e1sico ante Medell\u00edn: \"Confiamos en que va a hacer goles importantes\" -","robots":{"index":"index","follow":"follow","max-snippet":"max-snippet:-1","max-image-preview":"max-image-preview:large","max-video-preview":"max-video-preview:-1"},"canonical":"https:\/\/futbolhoy.co\/index.php\/2025\/10\/24\/dt-diego-arias-sobre-marino-previo-al-clasico-ante-medellin-confiamos-en-que-va-a-hacer-goles-importantes\/","og_locale":"es_ES","og_type":"article","og_title":"DT Diego Arias sobre Marino previo al cl\u00e1sico ante Medell\u00edn: \"Confiamos en que va a hacer goles importantes\" -","og_description":"La atractiva fecha 17 de la Liga BetPlay tiene al cl\u00e1sico entre Atl\u00e9tico Nacional e Independiente Medell\u00edn como uno de los principales duelos. El entrenador del conjunto verdolaga, Diego Arias, concedi\u00f3 detalles sobre el compromiso clave para los objetivos de ambos clubes en conseguir la clasificaci\u00f3n anticipada. El equipo que consiga los tres puntos obtendr\u00e1 [&hellip;]","og_url":"https:\/\/futbolhoy.co\/index.php\/2025\/10\/24\/dt-diego-arias-sobre-marino-previo-al-clasico-ante-medellin-confiamos-en-que-va-a-hacer-goles-importantes\/","article_publisher":"https:\/\/www.facebook.com\/FutbolHoyCol\/","article_published_time":"2025-10-24T16:45:59+00:00","article_modified_time":"2025-10-24T21:44:37+00:00","og_image":[{"width":1179,"height":779,"url":"https:\/\/futbolhoy.co\/wp-content\/uploads\/2025\/10\/WhatsApp-Image-2025-10-24-at-11.44.31-AM.jpeg","type":"image\/jpeg"}],"author":"contenido","twitter_card":"summary_large_image","twitter_creator":"@FutbolHoyCol","twitter_site":"@FutbolHoyCol","twitter_misc":{"Escrito por":"contenido","Tiempo de lectura":"3 minutos"},"schema":{"@context":"https:\/\/schema.org","@graph":[{"@type":"Article","@id":"https:\/\/futbolhoy.co\/index.php\/2025\/10\/24\/dt-diego-arias-sobre-marino-previo-al-clasico-ante-medellin-confiamos-en-que-va-a-hacer-goles-importantes\/#article","isPartOf":{"@id":"https:\/\/futbolhoy.co\/index.php\/2025\/10\/24\/dt-diego-arias-sobre-marino-previo-al-clasico-ante-medellin-confiamos-en-que-va-a-hacer-goles-importantes\/"},"author":{"name":"contenido","@id":"https:\/\/futbolhoy.co\/#\/schema\/person\/1721b69355b6623eaff15ac7b92d4cc3"},"headline":"DT Diego Arias sobre Marino previo al cl\u00e1sico ante Medell\u00edn: \"Confiamos en que va a hacer goles importantes\"","datePublished":"2025-10-24T16:45:59+00:00","dateModified":"2025-10-24T21:44:37+00:00","mainEntityOfPage":{"@id":"https:\/\/futbolhoy.co\/index.php\/2025\/10\/24\/dt-diego-arias-sobre-marino-previo-al-clasico-ante-medellin-confiamos-en-que-va-a-hacer-goles-importantes\/"},"wordCount":621,"commentCount":0,"publisher":{"@id":"https:\/\/futbolhoy.co\/#organization"},"image":{"@id":"https:\/\/futbolhoy.co\/index.php\/2025\/10\/24\/dt-diego-arias-sobre-marino-previo-al-clasico-ante-medellin-confiamos-en-que-va-a-hacer-goles-importantes\/#primaryimage"},"thumbnailUrl":"https:\/\/futbolhoy.co\/wp-content\/uploads\/2025\/10\/WhatsApp-Image-2025-10-24-at-11.44.31-AM.jpeg","articleSection":["Liga BetPlay"],"inLanguage":"es","potentialAction":[{"@type":"CommentAction","name":"Comment","target":["https:\/\/futbolhoy.co\/index.php\/2025\/10\/24\/dt-diego-arias-sobre-marino-previo-al-clasico-ante-medellin-confiamos-en-que-va-a-hacer-goles-importantes\/#respond"]}]},{"@type":"WebPage","@id":"https:\/\/futbolhoy.co\/index.php\/2025\/10\/24\/dt-diego-arias-sobre-marino-previo-al-clasico-ante-medellin-confiamos-en-que-va-a-hacer-goles-importantes\/","url":"https:\/\/futbolhoy.co\/index.php\/2025\/10\/24\/dt-diego-arias-sobre-marino-previo-al-clasico-ante-medellin-confiamos-en-que-va-a-hacer-goles-importantes\/","name":"DT Diego Arias sobre Marino previo al cl\u00e1sico ante Medell\u00edn: \"Confiamos en que va a hacer goles importantes\" -","isPartOf":{"@id":"https:\/\/futbolhoy.co\/#website"},"primaryImageOfPage":{"@id":"https:\/\/futbolhoy.co\/index.php\/2025\/10\/24\/dt-diego-arias-sobre-marino-previo-al-clasico-ante-medellin-confiamos-en-que-va-a-hacer-goles-importantes\/#primaryimage"},"image":{"@id":"https:\/\/futbolhoy.co\/index.php\/2025\/10\/24\/dt-diego-arias-sobre-marino-previo-al-clasico-ante-medellin-confiamos-en-que-va-a-hacer-goles-importantes\/#primaryimage"},"thumbnailUrl":"https:\/\/futbolhoy.co\/wp-content\/uploads\/2025\/10\/WhatsApp-Image-2025-10-24-at-11.44.31-AM.jpeg","datePublished":"2025-10-24T16:45:59+00:00","dateModified":"2025-10-24T21:44:37+00:00","breadcrumb":{"@id":"https:\/\/futbolhoy.co\/index.php\/2025\/10\/24\/dt-diego-arias-sobre-marino-previo-al-clasico-ante-medellin-confiamos-en-que-va-a-hacer-goles-importantes\/#breadcrumb"},"inLanguage":"es","potentialAction":[{"@type":"ReadAction","target":["https:\/\/futbolhoy.co\/index.php\/2025\/10\/24\/dt-diego-arias-sobre-marino-previo-al-clasico-ante-medellin-confiamos-en-que-va-a-hacer-goles-importantes\/"]}]},{"@type":"ImageObject","inLanguage":"es","@id":"https:\/\/futbolhoy.co\/index.php\/2025\/10\/24\/dt-diego-arias-sobre-marino-previo-al-clasico-ante-medellin-confiamos-en-que-va-a-hacer-goles-importantes\/#primaryimage","url":"https:\/\/futbolhoy.co\/wp-content\/uploads\/2025\/10\/WhatsApp-Image-2025-10-24-at-11.44.31-AM.jpeg","contentUrl":"https:\/\/futbolhoy.co\/wp-content\/uploads\/2025\/10\/WhatsApp-Image-2025-10-24-at-11.44.31-AM.jpeg","width":1179,"height":779},{"@type":"BreadcrumbList","@id":"https:\/\/futbolhoy.co\/index.php\/2025\/10\/24\/dt-diego-arias-sobre-marino-previo-al-clasico-ante-medellin-confiamos-en-que-va-a-hacer-goles-importantes\/#breadcrumb","itemListElement":[{"@type":"ListItem","position":1,"name":"Portada","item":"https:\/\/futbolhoy.co\/"},{"@type":"ListItem","position":2,"name":"DT Diego Arias sobre Marino previo al cl\u00e1sico ante Medell\u00edn: \"Confiamos en que va a hacer goles importantes\""}]},{"@type":"WebSite","@id":"https:\/\/futbolhoy.co\/#website","url":"https:\/\/futbolhoy.co\/","name":"FutbolHoy","description":"","publisher":{"@id":"https:\/\/futbolhoy.co\/#organization"},"potentialAction":[{"@type":"SearchAction","target":{"@type":"EntryPoint","urlTemplate":"https:\/\/futbolhoy.co\/?s={search_term_string}"},"query-input":{"@type":"PropertyValueSpecification","valueRequired":true,"valueName":"search_term_string"}}],"inLanguage":"es"},{"@type":"Organization","@id":"https:\/\/futbolhoy.co\/#organization","name":"Futbolhoy.co","url":"https:\/\/futbolhoy.co\/","logo":{"@type":"ImageObject","inLanguage":"es","@id":"https:\/\/futbolhoy.co\/#\/schema\/logo\/image\/","url":"https:\/\/futbolhoy.co\/wp-content\/uploads\/2018\/08\/17426380_1906371736249227_6326180412931521141_n.jpg","contentUrl":"https:\/\/futbolhoy.co\/wp-content\/uploads\/2018\/08\/17426380_1906371736249227_6326180412931521141_n.jpg","width":960,"height":960,"caption":"Futbolhoy.co"},"image":{"@id":"https:\/\/futbolhoy.co\/#\/schema\/logo\/image\/"},"sameAs":["https:\/\/www.facebook.com\/FutbolHoyCol\/","https:\/\/x.com\/FutbolHoyCol","https:\/\/www.instagram.com\/futbolhoycol\/"]},{"@type":"Person","@id":"https:\/\/futbolhoy.co\/#\/schema\/person\/1721b69355b6623eaff15ac7b92d4cc3","name":"contenido","image":{"@type":"ImageObject","inLanguage":"es","@id":"https:\/\/futbolhoy.co\/#\/schema\/person\/image\/","url":"https:\/\/secure.gravatar.com\/avatar\/4f656d3256f5134f466206e7c3941518?s=96&d=mm&r=g","contentUrl":"https:\/\/secure.gravatar.com\/avatar\/4f656d3256f5134f466206e7c3941518?s=96&d=mm&r=g","caption":"contenido"}}]}},"publishpress_future_action":{"enabled":false,"date":"2026-05-03 20:47:21","action":"change-status","newStatus":"draft","terms":[],"taxonomy":"category","extraData":[]},"publishpress_future_workflow_manual_trigger":{"enabledWorkflows":[]},"_links":{"self":[{"href":"https:\/\/futbolhoy.co\/index.php\/wp-json\/wp\/v2\/posts\/125132","targetHints":{"allow":["GET"]}}],"collection":[{"href":"https:\/\/futbolhoy.co\/index.php\/wp-json\/wp\/v2\/posts"}],"about":[{"href":"https:\/\/futbolhoy.co\/index.php\/wp-json\/wp\/v2\/types\/post"}],"author":[{"embeddable":true,"href":"https:\/\/futbolhoy.co\/index.php\/wp-json\/wp\/v2\/users\/4"}],"replies":[{"embeddable":true,"href":"https:\/\/futbolhoy.co\/index.php\/wp-json\/wp\/v2\/comments?post=125132"}],"version-history":[{"count":1,"href":"https:\/\/futbolhoy.co\/index.php\/wp-json\/wp\/v2\/posts\/125132\/revisions"}],"predecessor-version":[{"id":125136,"href":"https:\/\/futbolhoy.co\/index.php\/wp-json\/wp\/v2\/posts\/125132\/revisions\/125136"}],"wp:featuredmedia":[{"embeddable":true,"href":"https:\/\/futbolhoy.co\/index.php\/wp-json\/wp\/v2\/media\/125135"}],"wp:attachment":[{"href":"https:\/\/futbolhoy.co\/index.php\/wp-json\/wp\/v2\/media?parent=125132"}],"wp:term":[{"taxonomy":"category","embeddable":true,"href":"https:\/\/futbolhoy.co\/index.php\/wp-json\/wp\/v2\/categories?post=125132"},{"taxonomy":"post_tag","embeddable":true,"href":"https:\/\/futbolhoy.co\/index.php\/wp-json\/wp\/v2\/tags?post=125132"}],"curies":[{"name":"wp","href":"https:\/\/api.w.org\/{rel}","templated":true}]}}