{"id":125138,"date":"2025-10-24T14:33:02","date_gmt":"2025-10-24T19:33:02","guid":{"rendered":"https:\/\/futbolhoy.co\/?p=125138"},"modified":"2025-10-24T19:01:48","modified_gmt":"2025-10-25T00:01:48","slug":"arjen-robben-elogia-el-presente-de-luis-diaz-con-bayern-munich","status":"publish","type":"post","link":"https:\/\/futbolhoy.co\/index.php\/2025\/10\/24\/arjen-robben-elogia-el-presente-de-luis-diaz-con-bayern-munich\/","title":{"rendered":"Arjen Robben elogia el presente de Luis D\u00edaz con Bayern M\u00fanich"},"content":{"rendered":"<p style=\"text-align: justify;\"><span style=\"font-family: helvetica, arial, sans-serif;\"><strong>Luis D\u00edaz<\/strong> contin\u00faa recibiendo elogios desde su traspaso al <strong>Bayern M\u00fanich<\/strong>, donde acumula 7 goles y 4 asistencias en 1.004 minutos, equivalente a una participaci\u00f3n directa en gol cada 91,27 minutos.<\/span><\/p>\n<p style=\"text-align: justify;\"><span style=\"font-family: helvetica, arial, sans-serif;\">En esta oportunidad las palabras se las dedic\u00f3 la leyenda neerlandesa, <strong>Arjen Robben<\/strong>, quien se se convirti\u00f3 en \u00eddolo de algunos aficionados 'B\u00e1varos', luego de marcar <strong>144 goles y asistir en 11 oportunidades<\/strong> durante 309 participaciones con Bayern M\u00fanich.<\/span><\/p>\n<p style=\"text-align: justify;\"><span style=\"font-family: helvetica, arial, sans-serif;\">Robben, con pasado tambi\u00e9n en <strong>Real Madrid, Chelsea<\/strong>, PSV y Groningen, se retir\u00f3 en el verano de 2021, y concedi\u00f3 una entrevista con <em>fcbayern.com<\/em>, donde destac\u00f3 el juego del equipo y dedic\u00f3 unas palabras para el colombiano.<\/span><\/p>\n<p style=\"text-align: justify;\"><span style=\"font-family: helvetica, arial, sans-serif;\">\"Las cosas van de maravilla en el Bayern. Me gusta especialmente el trabajo en equipo. El equipo trabaja bien unido y en armon\u00eda, y todos defienden muy bien. Si siguen jugando con tanta consistencia,<strong> jugadores como Michael Olise o Luis D\u00edaz pueden marcar la diferencia. Ambos est\u00e1n en un gran momento<\/strong>; <strong>son muy r\u00e1pidos y fuertes en el uno contra uno<\/strong>\", asegur\u00f3 el mejor jugador del a\u00f1o en Alemania, en la temporada 2009-2010.<\/span><\/p>\n<blockquote class=\"twitter-tweet\">\n<p dir=\"ltr\" lang=\"en\">Arjen Robben: \"Things are going great at Bayern. I especially like the way they're playing together. The team is working together \u2013 and everyone defends very well as a team. If they continue to play so consistently, guys like Michael Olise and Luis D\u00edaz can make the difference.\u2026 <a href=\"https:\/\/t.co\/r3Lnu5elBE\">pic.twitter.com\/r3Lnu5elBE<\/a><\/p>\n<p>\u2014 Bayern &amp; Germany (@iMiaSanMia) <a href=\"https:\/\/twitter.com\/iMiaSanMia\/status\/1981753980410610034?ref_src=twsrc%5Etfw\">October 24, 2025<\/a><\/p><\/blockquote>\n<p style=\"text-align: justify;\"><script async src=\"https:\/\/platform.twitter.com\/widgets.js\" charset=\"utf-8\"><\/script><span style=\"font-family: helvetica, arial, sans-serif;\">Con el conjunto alem\u00e1n, <strong>Robben<\/strong> conquist\u00f3 1 Champions League, 8 Bundesliga, 1 Supercopa Europea, 5 Copas de Alemania y 4 Supercopas locales.<\/span><\/p>\n<p style=\"text-align: justify;\"><span style=\"font-family: helvetica, arial, sans-serif;\"><strong>Luis Fernando D\u00edaz Marulanda<\/strong> debe continuar con buen rendimiento, sobre todo ahora, que Jamal Musiala se recuper\u00f3 de su lesi\u00f3n, e intentar\u00e1 regresar\u00e1 paulatinamente a su posici\u00f3n de titular habitual en el frente de ataque.<\/span><\/p>\n<p style=\"text-align: justify;\"><span style=\"font-family: helvetica, arial, sans-serif;\">El pr\u00f3ximo partido de Bayern M\u00fanich est\u00e1 programado para el s\u00e1bado <strong>25 de octubre<\/strong> ante Borussia Monchengladbach, por la fecha 8 de la Bundesliga, partir de las <strong>8:30 am<\/strong> (hora Colombia).<\/span><\/p>\n<p style=\"text-align: justify;\"><span style=\"font-family: helvetica, arial, sans-serif;\">En esta competencia, los dirigidos por el t\u00e9cnico <strong>Vincent Kompany<\/strong> no solamente marchan en el primer puesto de posiciones, invictos, sino que mantienen puntaje perfecto (21-21 puntos).<\/span><\/p>\n","protected":false},"excerpt":{"rendered":"<p>Luis D\u00edaz contin\u00faa recibiendo elogios desde su traspaso al Bayern M\u00fanich, donde acumula 7 goles y 4 asistencias en 1.004 minutos, equivalente a una participaci\u00f3n directa en gol cada 91,27 minutos. En esta oportunidad las palabras se las dedic\u00f3 la leyenda neerlandesa, Arjen Robben, quien se se convirti\u00f3 en \u00eddolo de algunos aficionados 'B\u00e1varos', luego [&hellip;]<\/p>\n","protected":false},"author":4,"featured_media":125139,"comment_status":"open","ping_status":"open","sticky":false,"template":"","format":"standard","meta":{"_acf_changed":false,"footnotes":""},"categories":[153],"tags":[],"class_list":{"0":"post-125138","1":"post","2":"type-post","3":"status-publish","4":"format-standard","5":"has-post-thumbnail","7":"category-selecion-colombia"},"acf":[],"yoast_head":"<!-- This site is optimized with the Yoast SEO plugin v26.8 - https:\/\/yoast.com\/product\/yoast-seo-wordpress\/ -->\n<title>Arjen Robben elogia el presente de Luis D\u00edaz con Bayern M\u00fanich -<\/title>\n<meta name=\"robots\" content=\"index, follow, max-snippet:-1, max-image-preview:large, max-video-preview:-1\" \/>\n<link rel=\"canonical\" href=\"https:\/\/futbolhoy.co\/index.php\/2025\/10\/24\/arjen-robben-elogia-el-presente-de-luis-diaz-con-bayern-munich\/\" \/>\n<meta property=\"og:locale\" content=\"es_ES\" \/>\n<meta property=\"og:type\" content=\"article\" \/>\n<meta property=\"og:title\" content=\"Arjen Robben elogia el presente de Luis D\u00edaz con Bayern M\u00fanich -\" \/>\n<meta property=\"og:description\" content=\"Luis D\u00edaz contin\u00faa recibiendo elogios desde su traspaso al Bayern M\u00fanich, donde acumula 7 goles y 4 asistencias en 1.004 minutos, equivalente a una participaci\u00f3n directa en gol cada 91,27 minutos. En esta oportunidad las palabras se las dedic\u00f3 la leyenda neerlandesa, Arjen Robben, quien se se convirti\u00f3 en \u00eddolo de algunos aficionados &#039;B\u00e1varos&#039;, luego [&hellip;]\" \/>\n<meta property=\"og:url\" content=\"https:\/\/futbolhoy.co\/index.php\/2025\/10\/24\/arjen-robben-elogia-el-presente-de-luis-diaz-con-bayern-munich\/\" \/>\n<meta property=\"article:publisher\" content=\"https:\/\/www.facebook.com\/FutbolHoyCol\/\" \/>\n<meta property=\"article:published_time\" content=\"2025-10-24T19:33:02+00:00\" \/>\n<meta property=\"article:modified_time\" content=\"2025-10-25T00:01:48+00:00\" \/>\n<meta property=\"og:image\" content=\"https:\/\/futbolhoy.co\/wp-content\/uploads\/2025\/10\/WhatsApp-Image-2025-10-24-at-2.30.25-PM.jpeg\" \/>\n\t<meta property=\"og:image:width\" content=\"828\" \/>\n\t<meta property=\"og:image:height\" content=\"515\" \/>\n\t<meta property=\"og:image:type\" content=\"image\/jpeg\" \/>\n<meta name=\"author\" content=\"contenido\" \/>\n<meta name=\"twitter:card\" content=\"summary_large_image\" \/>\n<meta name=\"twitter:creator\" content=\"@FutbolHoyCol\" \/>\n<meta name=\"twitter:site\" content=\"@FutbolHoyCol\" \/>\n<meta name=\"twitter:label1\" content=\"Escrito por\" \/>\n\t<meta name=\"twitter:data1\" content=\"contenido\" \/>\n\t<meta name=\"twitter:label2\" content=\"Tiempo de lectura\" \/>\n\t<meta name=\"twitter:data2\" content=\"2 minutos\" \/>\n<script type=\"application\/ld+json\" class=\"yoast-schema-graph\">{\"@context\":\"https:\/\/schema.org\",\"@graph\":[{\"@type\":\"Article\",\"@id\":\"https:\/\/futbolhoy.co\/index.php\/2025\/10\/24\/arjen-robben-elogia-el-presente-de-luis-diaz-con-bayern-munich\/#article\",\"isPartOf\":{\"@id\":\"https:\/\/futbolhoy.co\/index.php\/2025\/10\/24\/arjen-robben-elogia-el-presente-de-luis-diaz-con-bayern-munich\/\"},\"author\":{\"name\":\"contenido\",\"@id\":\"https:\/\/futbolhoy.co\/#\/schema\/person\/1721b69355b6623eaff15ac7b92d4cc3\"},\"headline\":\"Arjen Robben elogia el presente de Luis D\u00edaz con Bayern M\u00fanich\",\"datePublished\":\"2025-10-24T19:33:02+00:00\",\"dateModified\":\"2025-10-25T00:01:48+00:00\",\"mainEntityOfPage\":{\"@id\":\"https:\/\/futbolhoy.co\/index.php\/2025\/10\/24\/arjen-robben-elogia-el-presente-de-luis-diaz-con-bayern-munich\/\"},\"wordCount\":372,\"commentCount\":0,\"publisher\":{\"@id\":\"https:\/\/futbolhoy.co\/#organization\"},\"image\":{\"@id\":\"https:\/\/futbolhoy.co\/index.php\/2025\/10\/24\/arjen-robben-elogia-el-presente-de-luis-diaz-con-bayern-munich\/#primaryimage\"},\"thumbnailUrl\":\"https:\/\/futbolhoy.co\/wp-content\/uploads\/2025\/10\/WhatsApp-Image-2025-10-24-at-2.30.25-PM.jpeg\",\"articleSection\":[\"Selecci\u00f3n Colombia\"],\"inLanguage\":\"es\",\"potentialAction\":[{\"@type\":\"CommentAction\",\"name\":\"Comment\",\"target\":[\"https:\/\/futbolhoy.co\/index.php\/2025\/10\/24\/arjen-robben-elogia-el-presente-de-luis-diaz-con-bayern-munich\/#respond\"]}]},{\"@type\":\"WebPage\",\"@id\":\"https:\/\/futbolhoy.co\/index.php\/2025\/10\/24\/arjen-robben-elogia-el-presente-de-luis-diaz-con-bayern-munich\/\",\"url\":\"https:\/\/futbolhoy.co\/index.php\/2025\/10\/24\/arjen-robben-elogia-el-presente-de-luis-diaz-con-bayern-munich\/\",\"name\":\"Arjen Robben elogia el presente de Luis D\u00edaz con Bayern M\u00fanich -\",\"isPartOf\":{\"@id\":\"https:\/\/futbolhoy.co\/#website\"},\"primaryImageOfPage\":{\"@id\":\"https:\/\/futbolhoy.co\/index.php\/2025\/10\/24\/arjen-robben-elogia-el-presente-de-luis-diaz-con-bayern-munich\/#primaryimage\"},\"image\":{\"@id\":\"https:\/\/futbolhoy.co\/index.php\/2025\/10\/24\/arjen-robben-elogia-el-presente-de-luis-diaz-con-bayern-munich\/#primaryimage\"},\"thumbnailUrl\":\"https:\/\/futbolhoy.co\/wp-content\/uploads\/2025\/10\/WhatsApp-Image-2025-10-24-at-2.30.25-PM.jpeg\",\"datePublished\":\"2025-10-24T19:33:02+00:00\",\"dateModified\":\"2025-10-25T00:01:48+00:00\",\"breadcrumb\":{\"@id\":\"https:\/\/futbolhoy.co\/index.php\/2025\/10\/24\/arjen-robben-elogia-el-presente-de-luis-diaz-con-bayern-munich\/#breadcrumb\"},\"inLanguage\":\"es\",\"potentialAction\":[{\"@type\":\"ReadAction\",\"target\":[\"https:\/\/futbolhoy.co\/index.php\/2025\/10\/24\/arjen-robben-elogia-el-presente-de-luis-diaz-con-bayern-munich\/\"]}]},{\"@type\":\"ImageObject\",\"inLanguage\":\"es\",\"@id\":\"https:\/\/futbolhoy.co\/index.php\/2025\/10\/24\/arjen-robben-elogia-el-presente-de-luis-diaz-con-bayern-munich\/#primaryimage\",\"url\":\"https:\/\/futbolhoy.co\/wp-content\/uploads\/2025\/10\/WhatsApp-Image-2025-10-24-at-2.30.25-PM.jpeg\",\"contentUrl\":\"https:\/\/futbolhoy.co\/wp-content\/uploads\/2025\/10\/WhatsApp-Image-2025-10-24-at-2.30.25-PM.jpeg\",\"width\":828,\"height\":515},{\"@type\":\"BreadcrumbList\",\"@id\":\"https:\/\/futbolhoy.co\/index.php\/2025\/10\/24\/arjen-robben-elogia-el-presente-de-luis-diaz-con-bayern-munich\/#breadcrumb\",\"itemListElement\":[{\"@type\":\"ListItem\",\"position\":1,\"name\":\"Portada\",\"item\":\"https:\/\/futbolhoy.co\/\"},{\"@type\":\"ListItem\",\"position\":2,\"name\":\"Arjen Robben elogia el presente de Luis D\u00edaz con Bayern M\u00fanich\"}]},{\"@type\":\"WebSite\",\"@id\":\"https:\/\/futbolhoy.co\/#website\",\"url\":\"https:\/\/futbolhoy.co\/\",\"name\":\"FutbolHoy\",\"description\":\"\",\"publisher\":{\"@id\":\"https:\/\/futbolhoy.co\/#organization\"},\"potentialAction\":[{\"@type\":\"SearchAction\",\"target\":{\"@type\":\"EntryPoint\",\"urlTemplate\":\"https:\/\/futbolhoy.co\/?s={search_term_string}\"},\"query-input\":{\"@type\":\"PropertyValueSpecification\",\"valueRequired\":true,\"valueName\":\"search_term_string\"}}],\"inLanguage\":\"es\"},{\"@type\":\"Organization\",\"@id\":\"https:\/\/futbolhoy.co\/#organization\",\"name\":\"Futbolhoy.co\",\"url\":\"https:\/\/futbolhoy.co\/\",\"logo\":{\"@type\":\"ImageObject\",\"inLanguage\":\"es\",\"@id\":\"https:\/\/futbolhoy.co\/#\/schema\/logo\/image\/\",\"url\":\"https:\/\/futbolhoy.co\/wp-content\/uploads\/2018\/08\/17426380_1906371736249227_6326180412931521141_n.jpg\",\"contentUrl\":\"https:\/\/futbolhoy.co\/wp-content\/uploads\/2018\/08\/17426380_1906371736249227_6326180412931521141_n.jpg\",\"width\":960,\"height\":960,\"caption\":\"Futbolhoy.co\"},\"image\":{\"@id\":\"https:\/\/futbolhoy.co\/#\/schema\/logo\/image\/\"},\"sameAs\":[\"https:\/\/www.facebook.com\/FutbolHoyCol\/\",\"https:\/\/x.com\/FutbolHoyCol\",\"https:\/\/www.instagram.com\/futbolhoycol\/\"]},{\"@type\":\"Person\",\"@id\":\"https:\/\/futbolhoy.co\/#\/schema\/person\/1721b69355b6623eaff15ac7b92d4cc3\",\"name\":\"contenido\",\"image\":{\"@type\":\"ImageObject\",\"inLanguage\":\"es\",\"@id\":\"https:\/\/futbolhoy.co\/#\/schema\/person\/image\/\",\"url\":\"https:\/\/secure.gravatar.com\/avatar\/4f656d3256f5134f466206e7c3941518?s=96&d=mm&r=g\",\"contentUrl\":\"https:\/\/secure.gravatar.com\/avatar\/4f656d3256f5134f466206e7c3941518?s=96&d=mm&r=g\",\"caption\":\"contenido\"}}]}<\/script>\n<!-- \/ Yoast SEO plugin. -->","yoast_head_json":{"title":"Arjen Robben elogia el presente de Luis D\u00edaz con Bayern M\u00fanich -","robots":{"index":"index","follow":"follow","max-snippet":"max-snippet:-1","max-image-preview":"max-image-preview:large","max-video-preview":"max-video-preview:-1"},"canonical":"https:\/\/futbolhoy.co\/index.php\/2025\/10\/24\/arjen-robben-elogia-el-presente-de-luis-diaz-con-bayern-munich\/","og_locale":"es_ES","og_type":"article","og_title":"Arjen Robben elogia el presente de Luis D\u00edaz con Bayern M\u00fanich -","og_description":"Luis D\u00edaz contin\u00faa recibiendo elogios desde su traspaso al Bayern M\u00fanich, donde acumula 7 goles y 4 asistencias en 1.004 minutos, equivalente a una participaci\u00f3n directa en gol cada 91,27 minutos. En esta oportunidad las palabras se las dedic\u00f3 la leyenda neerlandesa, Arjen Robben, quien se se convirti\u00f3 en \u00eddolo de algunos aficionados 'B\u00e1varos', luego [&hellip;]","og_url":"https:\/\/futbolhoy.co\/index.php\/2025\/10\/24\/arjen-robben-elogia-el-presente-de-luis-diaz-con-bayern-munich\/","article_publisher":"https:\/\/www.facebook.com\/FutbolHoyCol\/","article_published_time":"2025-10-24T19:33:02+00:00","article_modified_time":"2025-10-25T00:01:48+00:00","og_image":[{"width":828,"height":515,"url":"https:\/\/futbolhoy.co\/wp-content\/uploads\/2025\/10\/WhatsApp-Image-2025-10-24-at-2.30.25-PM.jpeg","type":"image\/jpeg"}],"author":"contenido","twitter_card":"summary_large_image","twitter_creator":"@FutbolHoyCol","twitter_site":"@FutbolHoyCol","twitter_misc":{"Escrito por":"contenido","Tiempo de lectura":"2 minutos"},"schema":{"@context":"https:\/\/schema.org","@graph":[{"@type":"Article","@id":"https:\/\/futbolhoy.co\/index.php\/2025\/10\/24\/arjen-robben-elogia-el-presente-de-luis-diaz-con-bayern-munich\/#article","isPartOf":{"@id":"https:\/\/futbolhoy.co\/index.php\/2025\/10\/24\/arjen-robben-elogia-el-presente-de-luis-diaz-con-bayern-munich\/"},"author":{"name":"contenido","@id":"https:\/\/futbolhoy.co\/#\/schema\/person\/1721b69355b6623eaff15ac7b92d4cc3"},"headline":"Arjen Robben elogia el presente de Luis D\u00edaz con Bayern M\u00fanich","datePublished":"2025-10-24T19:33:02+00:00","dateModified":"2025-10-25T00:01:48+00:00","mainEntityOfPage":{"@id":"https:\/\/futbolhoy.co\/index.php\/2025\/10\/24\/arjen-robben-elogia-el-presente-de-luis-diaz-con-bayern-munich\/"},"wordCount":372,"commentCount":0,"publisher":{"@id":"https:\/\/futbolhoy.co\/#organization"},"image":{"@id":"https:\/\/futbolhoy.co\/index.php\/2025\/10\/24\/arjen-robben-elogia-el-presente-de-luis-diaz-con-bayern-munich\/#primaryimage"},"thumbnailUrl":"https:\/\/futbolhoy.co\/wp-content\/uploads\/2025\/10\/WhatsApp-Image-2025-10-24-at-2.30.25-PM.jpeg","articleSection":["Selecci\u00f3n Colombia"],"inLanguage":"es","potentialAction":[{"@type":"CommentAction","name":"Comment","target":["https:\/\/futbolhoy.co\/index.php\/2025\/10\/24\/arjen-robben-elogia-el-presente-de-luis-diaz-con-bayern-munich\/#respond"]}]},{"@type":"WebPage","@id":"https:\/\/futbolhoy.co\/index.php\/2025\/10\/24\/arjen-robben-elogia-el-presente-de-luis-diaz-con-bayern-munich\/","url":"https:\/\/futbolhoy.co\/index.php\/2025\/10\/24\/arjen-robben-elogia-el-presente-de-luis-diaz-con-bayern-munich\/","name":"Arjen Robben elogia el presente de Luis D\u00edaz con Bayern M\u00fanich -","isPartOf":{"@id":"https:\/\/futbolhoy.co\/#website"},"primaryImageOfPage":{"@id":"https:\/\/futbolhoy.co\/index.php\/2025\/10\/24\/arjen-robben-elogia-el-presente-de-luis-diaz-con-bayern-munich\/#primaryimage"},"image":{"@id":"https:\/\/futbolhoy.co\/index.php\/2025\/10\/24\/arjen-robben-elogia-el-presente-de-luis-diaz-con-bayern-munich\/#primaryimage"},"thumbnailUrl":"https:\/\/futbolhoy.co\/wp-content\/uploads\/2025\/10\/WhatsApp-Image-2025-10-24-at-2.30.25-PM.jpeg","datePublished":"2025-10-24T19:33:02+00:00","dateModified":"2025-10-25T00:01:48+00:00","breadcrumb":{"@id":"https:\/\/futbolhoy.co\/index.php\/2025\/10\/24\/arjen-robben-elogia-el-presente-de-luis-diaz-con-bayern-munich\/#breadcrumb"},"inLanguage":"es","potentialAction":[{"@type":"ReadAction","target":["https:\/\/futbolhoy.co\/index.php\/2025\/10\/24\/arjen-robben-elogia-el-presente-de-luis-diaz-con-bayern-munich\/"]}]},{"@type":"ImageObject","inLanguage":"es","@id":"https:\/\/futbolhoy.co\/index.php\/2025\/10\/24\/arjen-robben-elogia-el-presente-de-luis-diaz-con-bayern-munich\/#primaryimage","url":"https:\/\/futbolhoy.co\/wp-content\/uploads\/2025\/10\/WhatsApp-Image-2025-10-24-at-2.30.25-PM.jpeg","contentUrl":"https:\/\/futbolhoy.co\/wp-content\/uploads\/2025\/10\/WhatsApp-Image-2025-10-24-at-2.30.25-PM.jpeg","width":828,"height":515},{"@type":"BreadcrumbList","@id":"https:\/\/futbolhoy.co\/index.php\/2025\/10\/24\/arjen-robben-elogia-el-presente-de-luis-diaz-con-bayern-munich\/#breadcrumb","itemListElement":[{"@type":"ListItem","position":1,"name":"Portada","item":"https:\/\/futbolhoy.co\/"},{"@type":"ListItem","position":2,"name":"Arjen Robben elogia el presente de Luis D\u00edaz con Bayern M\u00fanich"}]},{"@type":"WebSite","@id":"https:\/\/futbolhoy.co\/#website","url":"https:\/\/futbolhoy.co\/","name":"FutbolHoy","description":"","publisher":{"@id":"https:\/\/futbolhoy.co\/#organization"},"potentialAction":[{"@type":"SearchAction","target":{"@type":"EntryPoint","urlTemplate":"https:\/\/futbolhoy.co\/?s={search_term_string}"},"query-input":{"@type":"PropertyValueSpecification","valueRequired":true,"valueName":"search_term_string"}}],"inLanguage":"es"},{"@type":"Organization","@id":"https:\/\/futbolhoy.co\/#organization","name":"Futbolhoy.co","url":"https:\/\/futbolhoy.co\/","logo":{"@type":"ImageObject","inLanguage":"es","@id":"https:\/\/futbolhoy.co\/#\/schema\/logo\/image\/","url":"https:\/\/futbolhoy.co\/wp-content\/uploads\/2018\/08\/17426380_1906371736249227_6326180412931521141_n.jpg","contentUrl":"https:\/\/futbolhoy.co\/wp-content\/uploads\/2018\/08\/17426380_1906371736249227_6326180412931521141_n.jpg","width":960,"height":960,"caption":"Futbolhoy.co"},"image":{"@id":"https:\/\/futbolhoy.co\/#\/schema\/logo\/image\/"},"sameAs":["https:\/\/www.facebook.com\/FutbolHoyCol\/","https:\/\/x.com\/FutbolHoyCol","https:\/\/www.instagram.com\/futbolhoycol\/"]},{"@type":"Person","@id":"https:\/\/futbolhoy.co\/#\/schema\/person\/1721b69355b6623eaff15ac7b92d4cc3","name":"contenido","image":{"@type":"ImageObject","inLanguage":"es","@id":"https:\/\/futbolhoy.co\/#\/schema\/person\/image\/","url":"https:\/\/secure.gravatar.com\/avatar\/4f656d3256f5134f466206e7c3941518?s=96&d=mm&r=g","contentUrl":"https:\/\/secure.gravatar.com\/avatar\/4f656d3256f5134f466206e7c3941518?s=96&d=mm&r=g","caption":"contenido"}}]}},"publishpress_future_action":{"enabled":false,"date":"2026-05-03 17:53:55","action":"change-status","newStatus":"draft","terms":[],"taxonomy":"category","extraData":[]},"publishpress_future_workflow_manual_trigger":{"enabledWorkflows":[]},"_links":{"self":[{"href":"https:\/\/futbolhoy.co\/index.php\/wp-json\/wp\/v2\/posts\/125138","targetHints":{"allow":["GET"]}}],"collection":[{"href":"https:\/\/futbolhoy.co\/index.php\/wp-json\/wp\/v2\/posts"}],"about":[{"href":"https:\/\/futbolhoy.co\/index.php\/wp-json\/wp\/v2\/types\/post"}],"author":[{"embeddable":true,"href":"https:\/\/futbolhoy.co\/index.php\/wp-json\/wp\/v2\/users\/4"}],"replies":[{"embeddable":true,"href":"https:\/\/futbolhoy.co\/index.php\/wp-json\/wp\/v2\/comments?post=125138"}],"version-history":[{"count":1,"href":"https:\/\/futbolhoy.co\/index.php\/wp-json\/wp\/v2\/posts\/125138\/revisions"}],"predecessor-version":[{"id":125140,"href":"https:\/\/futbolhoy.co\/index.php\/wp-json\/wp\/v2\/posts\/125138\/revisions\/125140"}],"wp:featuredmedia":[{"embeddable":true,"href":"https:\/\/futbolhoy.co\/index.php\/wp-json\/wp\/v2\/media\/125139"}],"wp:attachment":[{"href":"https:\/\/futbolhoy.co\/index.php\/wp-json\/wp\/v2\/media?parent=125138"}],"wp:term":[{"taxonomy":"category","embeddable":true,"href":"https:\/\/futbolhoy.co\/index.php\/wp-json\/wp\/v2\/categories?post=125138"},{"taxonomy":"post_tag","embeddable":true,"href":"https:\/\/futbolhoy.co\/index.php\/wp-json\/wp\/v2\/tags?post=125138"}],"curies":[{"name":"wp","href":"https:\/\/api.w.org\/{rel}","templated":true}]}}