{"id":125141,"date":"2025-10-24T15:26:46","date_gmt":"2025-10-24T20:26:46","guid":{"rendered":"https:\/\/futbolhoy.co\/?p=125141"},"modified":"2025-10-24T22:21:52","modified_gmt":"2025-10-25T03:21:52","slug":"juan-guillermo-cuadrado-anoto-el-primer-gol-con-pisa-en-empate-ante-milan","status":"publish","type":"post","link":"https:\/\/futbolhoy.co\/index.php\/2025\/10\/24\/juan-guillermo-cuadrado-anoto-el-primer-gol-con-pisa-en-empate-ante-milan\/","title":{"rendered":"Juan Guillermo Cuadrado regres\u00f3 al gol en empate de Pisa y Milan"},"content":{"rendered":"<p style=\"text-align: justify;\"><span style=\"font-family: helvetica, arial, sans-serif;\"><strong>Juan Guillermo Cuadrado<\/strong> marc\u00f3 el gol del empate parcial entre <strong>Milan y Pisa<\/strong> por la fecha 8 de la Serie A, y es el primer tanto con el conjunto 'Nerazzurri', desde su llegada en agosto del a\u00f1o en curso.<\/span><\/p>\n<p style=\"text-align: justify;\"><span style=\"font-family: helvetica, arial, sans-serif;\">La anotaci\u00f3n lleg\u00f3 al 60', cuando el partido ya estaba 1-0 a favor de Milan gracias a la definici\u00f3n de <strong>Rafael Le\u00e3o<\/strong> (10').<\/span><\/p>\n<p style=\"text-align: justify;\"><span style=\"font-family: helvetica, arial, sans-serif;\">La acci\u00f3n de la igualdad parcial surgi\u00f3 desde los pies de<strong> Juan Guillermo Cuadrado<\/strong>, con un remate desde afuera del \u00e1rea que peg\u00f3 en la mano de Koni De Winter. El \u00e1rbitro pit\u00f3 penalti, y el colombiano se encarg\u00f3 de la ejecuci\u00f3n.<\/span><\/p>\n<h3 style=\"text-align: justify;\"><span style=\"font-family: helvetica, arial, sans-serif;\">Vea el gol de Juan Guillermo Cuadrado ante Milan<\/span><\/h3>\n<blockquote class=\"twitter-tweet\" data-media-max-width=\"560\">\n<p dir=\"ltr\" lang=\"es\">LA CALIDAD INTACTA DEL COLOMBIANO: Juan Guillermo Cuadrado la cruz\u00f3 con fuerza y firm\u00f3 el 1-1 entre Pisa y Milan.<\/p>\n<p>\ud83d\udcfa Mir\u00e1 la <a href=\"https:\/\/twitter.com\/hashtag\/SerieA?src=hash&amp;ref_src=twsrc%5Etfw\">#SerieA<\/a> por <a href=\"https:\/\/twitter.com\/hashtag\/DisneyPlus?src=hash&amp;ref_src=twsrc%5Etfw\">#DisneyPlus<\/a> Plan Premium <a href=\"https:\/\/t.co\/K2CmbPQSMI\">pic.twitter.com\/K2CmbPQSMI<\/a><\/p>\n<p>\u2014 SportsCenter (@SC_ESPN) <a href=\"https:\/\/twitter.com\/SC_ESPN\/status\/1981820306822963688?ref_src=twsrc%5Etfw\">October 24, 2025<\/a><\/p><\/blockquote>\n<p style=\"text-align: justify;\"><script async src=\"https:\/\/platform.twitter.com\/widgets.js\" charset=\"utf-8\"><\/script><\/p>\n<p style=\"text-align: justify;\"><span style=\"font-family: helvetica, arial, sans-serif;\">Este fue el tanto #56 en la carrera del antioque\u00f1o de 37 a\u00f1os, que se reencontr\u00f3 con el gol <\/span><strong style=\"font-family: helvetica, arial, sans-serif;\">despu\u00e9s de dos a\u00f1os y medio<\/strong><span style=\"font-family: helvetica, arial, sans-serif;\">. Su \u00faltima anotaci\u00f3n fue en febrero de 2024, cuando anot\u00f3 en la victoria de <\/span><strong style=\"font-family: helvetica, arial, sans-serif;\">Juventus sobre Torino<\/strong><span style=\"font-family: helvetica, arial, sans-serif;\">.<\/span><\/p>\n<p style=\"text-align: justify;\"><span style=\"font-family: helvetica, arial, sans-serif;\">El compromiso finaliz\u00f3 con sorpresivo empate 2-2 ante el l\u00edder, luego de los goles de M'Bala Nzola (86') y Zachary Athekame (90+3'), sobre el final del encuentro.<\/span><\/p>\n<p style=\"text-align: justify;\"><span style=\"font-family: helvetica, arial, sans-serif;\">Actualmente <strong>Pisa lucha por no perder la categor\u00eda al final de la temporada<\/strong>, y ocupa la\u00a0 casilla 18 de la Serie A con 4 puntos. Uno m\u00e1s que Genoa y Florentina, pero tambi\u00e9n en zona de descenso directo.<\/span><\/p>\n","protected":false},"excerpt":{"rendered":"<p>Juan Guillermo Cuadrado marc\u00f3 el gol del empate parcial entre Milan y Pisa por la fecha 8 de la Serie A, y es el primer tanto con el conjunto 'Nerazzurri', desde su llegada en agosto del a\u00f1o en curso. La anotaci\u00f3n lleg\u00f3 al 60', cuando el partido ya estaba 1-0 a favor de Milan gracias [&hellip;]<\/p>\n","protected":false},"author":4,"featured_media":125142,"comment_status":"open","ping_status":"open","sticky":false,"template":"","format":"standard","meta":{"_acf_changed":false,"footnotes":""},"categories":[152],"tags":[],"class_list":{"0":"post-125141","1":"post","2":"type-post","3":"status-publish","4":"format-standard","5":"has-post-thumbnail","7":"category-mundo-futbol"},"acf":[],"yoast_head":"<!-- This site is optimized with the Yoast SEO plugin v26.8 - https:\/\/yoast.com\/product\/yoast-seo-wordpress\/ -->\n<title>Juan Guillermo Cuadrado regres\u00f3 al gol en empate de Pisa y Milan -<\/title>\n<meta name=\"robots\" content=\"index, follow, max-snippet:-1, max-image-preview:large, max-video-preview:-1\" \/>\n<link rel=\"canonical\" href=\"https:\/\/futbolhoy.co\/index.php\/2025\/10\/24\/juan-guillermo-cuadrado-anoto-el-primer-gol-con-pisa-en-empate-ante-milan\/\" \/>\n<meta property=\"og:locale\" content=\"es_ES\" \/>\n<meta property=\"og:type\" content=\"article\" \/>\n<meta property=\"og:title\" content=\"Juan Guillermo Cuadrado regres\u00f3 al gol en empate de Pisa y Milan -\" \/>\n<meta property=\"og:description\" content=\"Juan Guillermo Cuadrado marc\u00f3 el gol del empate parcial entre Milan y Pisa por la fecha 8 de la Serie A, y es el primer tanto con el conjunto &#039;Nerazzurri&#039;, desde su llegada en agosto del a\u00f1o en curso. La anotaci\u00f3n lleg\u00f3 al 60&#039;, cuando el partido ya estaba 1-0 a favor de Milan gracias [&hellip;]\" \/>\n<meta property=\"og:url\" content=\"https:\/\/futbolhoy.co\/index.php\/2025\/10\/24\/juan-guillermo-cuadrado-anoto-el-primer-gol-con-pisa-en-empate-ante-milan\/\" \/>\n<meta property=\"article:publisher\" content=\"https:\/\/www.facebook.com\/FutbolHoyCol\/\" \/>\n<meta property=\"article:published_time\" content=\"2025-10-24T20:26:46+00:00\" \/>\n<meta property=\"article:modified_time\" content=\"2025-10-25T03:21:52+00:00\" \/>\n<meta property=\"og:image\" content=\"https:\/\/futbolhoy.co\/wp-content\/uploads\/2025\/10\/WhatsApp-Image-2025-10-24-at-3.25.05-PM.jpeg\" \/>\n\t<meta property=\"og:image:width\" content=\"828\" \/>\n\t<meta property=\"og:image:height\" content=\"661\" \/>\n\t<meta property=\"og:image:type\" content=\"image\/jpeg\" \/>\n<meta name=\"author\" content=\"contenido\" \/>\n<meta name=\"twitter:card\" content=\"summary_large_image\" \/>\n<meta name=\"twitter:creator\" content=\"@FutbolHoyCol\" \/>\n<meta name=\"twitter:site\" content=\"@FutbolHoyCol\" \/>\n<meta name=\"twitter:label1\" content=\"Escrito por\" \/>\n\t<meta name=\"twitter:data1\" content=\"contenido\" \/>\n\t<meta name=\"twitter:label2\" content=\"Tiempo de lectura\" \/>\n\t<meta name=\"twitter:data2\" content=\"1 minuto\" \/>\n<script type=\"application\/ld+json\" class=\"yoast-schema-graph\">{\"@context\":\"https:\/\/schema.org\",\"@graph\":[{\"@type\":\"Article\",\"@id\":\"https:\/\/futbolhoy.co\/index.php\/2025\/10\/24\/juan-guillermo-cuadrado-anoto-el-primer-gol-con-pisa-en-empate-ante-milan\/#article\",\"isPartOf\":{\"@id\":\"https:\/\/futbolhoy.co\/index.php\/2025\/10\/24\/juan-guillermo-cuadrado-anoto-el-primer-gol-con-pisa-en-empate-ante-milan\/\"},\"author\":{\"name\":\"contenido\",\"@id\":\"https:\/\/futbolhoy.co\/#\/schema\/person\/1721b69355b6623eaff15ac7b92d4cc3\"},\"headline\":\"Juan Guillermo Cuadrado regres\u00f3 al gol en empate de Pisa y Milan\",\"datePublished\":\"2025-10-24T20:26:46+00:00\",\"dateModified\":\"2025-10-25T03:21:52+00:00\",\"mainEntityOfPage\":{\"@id\":\"https:\/\/futbolhoy.co\/index.php\/2025\/10\/24\/juan-guillermo-cuadrado-anoto-el-primer-gol-con-pisa-en-empate-ante-milan\/\"},\"wordCount\":277,\"commentCount\":0,\"publisher\":{\"@id\":\"https:\/\/futbolhoy.co\/#organization\"},\"image\":{\"@id\":\"https:\/\/futbolhoy.co\/index.php\/2025\/10\/24\/juan-guillermo-cuadrado-anoto-el-primer-gol-con-pisa-en-empate-ante-milan\/#primaryimage\"},\"thumbnailUrl\":\"https:\/\/futbolhoy.co\/wp-content\/uploads\/2025\/10\/WhatsApp-Image-2025-10-24-at-3.25.05-PM.jpeg\",\"articleSection\":[\"Mundo Futbol\"],\"inLanguage\":\"es\",\"potentialAction\":[{\"@type\":\"CommentAction\",\"name\":\"Comment\",\"target\":[\"https:\/\/futbolhoy.co\/index.php\/2025\/10\/24\/juan-guillermo-cuadrado-anoto-el-primer-gol-con-pisa-en-empate-ante-milan\/#respond\"]}]},{\"@type\":\"WebPage\",\"@id\":\"https:\/\/futbolhoy.co\/index.php\/2025\/10\/24\/juan-guillermo-cuadrado-anoto-el-primer-gol-con-pisa-en-empate-ante-milan\/\",\"url\":\"https:\/\/futbolhoy.co\/index.php\/2025\/10\/24\/juan-guillermo-cuadrado-anoto-el-primer-gol-con-pisa-en-empate-ante-milan\/\",\"name\":\"Juan Guillermo Cuadrado regres\u00f3 al gol en empate de Pisa y Milan -\",\"isPartOf\":{\"@id\":\"https:\/\/futbolhoy.co\/#website\"},\"primaryImageOfPage\":{\"@id\":\"https:\/\/futbolhoy.co\/index.php\/2025\/10\/24\/juan-guillermo-cuadrado-anoto-el-primer-gol-con-pisa-en-empate-ante-milan\/#primaryimage\"},\"image\":{\"@id\":\"https:\/\/futbolhoy.co\/index.php\/2025\/10\/24\/juan-guillermo-cuadrado-anoto-el-primer-gol-con-pisa-en-empate-ante-milan\/#primaryimage\"},\"thumbnailUrl\":\"https:\/\/futbolhoy.co\/wp-content\/uploads\/2025\/10\/WhatsApp-Image-2025-10-24-at-3.25.05-PM.jpeg\",\"datePublished\":\"2025-10-24T20:26:46+00:00\",\"dateModified\":\"2025-10-25T03:21:52+00:00\",\"breadcrumb\":{\"@id\":\"https:\/\/futbolhoy.co\/index.php\/2025\/10\/24\/juan-guillermo-cuadrado-anoto-el-primer-gol-con-pisa-en-empate-ante-milan\/#breadcrumb\"},\"inLanguage\":\"es\",\"potentialAction\":[{\"@type\":\"ReadAction\",\"target\":[\"https:\/\/futbolhoy.co\/index.php\/2025\/10\/24\/juan-guillermo-cuadrado-anoto-el-primer-gol-con-pisa-en-empate-ante-milan\/\"]}]},{\"@type\":\"ImageObject\",\"inLanguage\":\"es\",\"@id\":\"https:\/\/futbolhoy.co\/index.php\/2025\/10\/24\/juan-guillermo-cuadrado-anoto-el-primer-gol-con-pisa-en-empate-ante-milan\/#primaryimage\",\"url\":\"https:\/\/futbolhoy.co\/wp-content\/uploads\/2025\/10\/WhatsApp-Image-2025-10-24-at-3.25.05-PM.jpeg\",\"contentUrl\":\"https:\/\/futbolhoy.co\/wp-content\/uploads\/2025\/10\/WhatsApp-Image-2025-10-24-at-3.25.05-PM.jpeg\",\"width\":828,\"height\":661},{\"@type\":\"BreadcrumbList\",\"@id\":\"https:\/\/futbolhoy.co\/index.php\/2025\/10\/24\/juan-guillermo-cuadrado-anoto-el-primer-gol-con-pisa-en-empate-ante-milan\/#breadcrumb\",\"itemListElement\":[{\"@type\":\"ListItem\",\"position\":1,\"name\":\"Portada\",\"item\":\"https:\/\/futbolhoy.co\/\"},{\"@type\":\"ListItem\",\"position\":2,\"name\":\"Juan Guillermo Cuadrado regres\u00f3 al gol en empate de Pisa y Milan\"}]},{\"@type\":\"WebSite\",\"@id\":\"https:\/\/futbolhoy.co\/#website\",\"url\":\"https:\/\/futbolhoy.co\/\",\"name\":\"FutbolHoy\",\"description\":\"\",\"publisher\":{\"@id\":\"https:\/\/futbolhoy.co\/#organization\"},\"potentialAction\":[{\"@type\":\"SearchAction\",\"target\":{\"@type\":\"EntryPoint\",\"urlTemplate\":\"https:\/\/futbolhoy.co\/?s={search_term_string}\"},\"query-input\":{\"@type\":\"PropertyValueSpecification\",\"valueRequired\":true,\"valueName\":\"search_term_string\"}}],\"inLanguage\":\"es\"},{\"@type\":\"Organization\",\"@id\":\"https:\/\/futbolhoy.co\/#organization\",\"name\":\"Futbolhoy.co\",\"url\":\"https:\/\/futbolhoy.co\/\",\"logo\":{\"@type\":\"ImageObject\",\"inLanguage\":\"es\",\"@id\":\"https:\/\/futbolhoy.co\/#\/schema\/logo\/image\/\",\"url\":\"https:\/\/futbolhoy.co\/wp-content\/uploads\/2018\/08\/17426380_1906371736249227_6326180412931521141_n.jpg\",\"contentUrl\":\"https:\/\/futbolhoy.co\/wp-content\/uploads\/2018\/08\/17426380_1906371736249227_6326180412931521141_n.jpg\",\"width\":960,\"height\":960,\"caption\":\"Futbolhoy.co\"},\"image\":{\"@id\":\"https:\/\/futbolhoy.co\/#\/schema\/logo\/image\/\"},\"sameAs\":[\"https:\/\/www.facebook.com\/FutbolHoyCol\/\",\"https:\/\/x.com\/FutbolHoyCol\",\"https:\/\/www.instagram.com\/futbolhoycol\/\"]},{\"@type\":\"Person\",\"@id\":\"https:\/\/futbolhoy.co\/#\/schema\/person\/1721b69355b6623eaff15ac7b92d4cc3\",\"name\":\"contenido\",\"image\":{\"@type\":\"ImageObject\",\"inLanguage\":\"es\",\"@id\":\"https:\/\/futbolhoy.co\/#\/schema\/person\/image\/\",\"url\":\"https:\/\/secure.gravatar.com\/avatar\/4f656d3256f5134f466206e7c3941518?s=96&d=mm&r=g\",\"contentUrl\":\"https:\/\/secure.gravatar.com\/avatar\/4f656d3256f5134f466206e7c3941518?s=96&d=mm&r=g\",\"caption\":\"contenido\"}}]}<\/script>\n<!-- \/ Yoast SEO plugin. -->","yoast_head_json":{"title":"Juan Guillermo Cuadrado regres\u00f3 al gol en empate de Pisa y Milan -","robots":{"index":"index","follow":"follow","max-snippet":"max-snippet:-1","max-image-preview":"max-image-preview:large","max-video-preview":"max-video-preview:-1"},"canonical":"https:\/\/futbolhoy.co\/index.php\/2025\/10\/24\/juan-guillermo-cuadrado-anoto-el-primer-gol-con-pisa-en-empate-ante-milan\/","og_locale":"es_ES","og_type":"article","og_title":"Juan Guillermo Cuadrado regres\u00f3 al gol en empate de Pisa y Milan -","og_description":"Juan Guillermo Cuadrado marc\u00f3 el gol del empate parcial entre Milan y Pisa por la fecha 8 de la Serie A, y es el primer tanto con el conjunto 'Nerazzurri', desde su llegada en agosto del a\u00f1o en curso. La anotaci\u00f3n lleg\u00f3 al 60', cuando el partido ya estaba 1-0 a favor de Milan gracias [&hellip;]","og_url":"https:\/\/futbolhoy.co\/index.php\/2025\/10\/24\/juan-guillermo-cuadrado-anoto-el-primer-gol-con-pisa-en-empate-ante-milan\/","article_publisher":"https:\/\/www.facebook.com\/FutbolHoyCol\/","article_published_time":"2025-10-24T20:26:46+00:00","article_modified_time":"2025-10-25T03:21:52+00:00","og_image":[{"width":828,"height":661,"url":"https:\/\/futbolhoy.co\/wp-content\/uploads\/2025\/10\/WhatsApp-Image-2025-10-24-at-3.25.05-PM.jpeg","type":"image\/jpeg"}],"author":"contenido","twitter_card":"summary_large_image","twitter_creator":"@FutbolHoyCol","twitter_site":"@FutbolHoyCol","twitter_misc":{"Escrito por":"contenido","Tiempo de lectura":"1 minuto"},"schema":{"@context":"https:\/\/schema.org","@graph":[{"@type":"Article","@id":"https:\/\/futbolhoy.co\/index.php\/2025\/10\/24\/juan-guillermo-cuadrado-anoto-el-primer-gol-con-pisa-en-empate-ante-milan\/#article","isPartOf":{"@id":"https:\/\/futbolhoy.co\/index.php\/2025\/10\/24\/juan-guillermo-cuadrado-anoto-el-primer-gol-con-pisa-en-empate-ante-milan\/"},"author":{"name":"contenido","@id":"https:\/\/futbolhoy.co\/#\/schema\/person\/1721b69355b6623eaff15ac7b92d4cc3"},"headline":"Juan Guillermo Cuadrado regres\u00f3 al gol en empate de Pisa y Milan","datePublished":"2025-10-24T20:26:46+00:00","dateModified":"2025-10-25T03:21:52+00:00","mainEntityOfPage":{"@id":"https:\/\/futbolhoy.co\/index.php\/2025\/10\/24\/juan-guillermo-cuadrado-anoto-el-primer-gol-con-pisa-en-empate-ante-milan\/"},"wordCount":277,"commentCount":0,"publisher":{"@id":"https:\/\/futbolhoy.co\/#organization"},"image":{"@id":"https:\/\/futbolhoy.co\/index.php\/2025\/10\/24\/juan-guillermo-cuadrado-anoto-el-primer-gol-con-pisa-en-empate-ante-milan\/#primaryimage"},"thumbnailUrl":"https:\/\/futbolhoy.co\/wp-content\/uploads\/2025\/10\/WhatsApp-Image-2025-10-24-at-3.25.05-PM.jpeg","articleSection":["Mundo Futbol"],"inLanguage":"es","potentialAction":[{"@type":"CommentAction","name":"Comment","target":["https:\/\/futbolhoy.co\/index.php\/2025\/10\/24\/juan-guillermo-cuadrado-anoto-el-primer-gol-con-pisa-en-empate-ante-milan\/#respond"]}]},{"@type":"WebPage","@id":"https:\/\/futbolhoy.co\/index.php\/2025\/10\/24\/juan-guillermo-cuadrado-anoto-el-primer-gol-con-pisa-en-empate-ante-milan\/","url":"https:\/\/futbolhoy.co\/index.php\/2025\/10\/24\/juan-guillermo-cuadrado-anoto-el-primer-gol-con-pisa-en-empate-ante-milan\/","name":"Juan Guillermo Cuadrado regres\u00f3 al gol en empate de Pisa y Milan -","isPartOf":{"@id":"https:\/\/futbolhoy.co\/#website"},"primaryImageOfPage":{"@id":"https:\/\/futbolhoy.co\/index.php\/2025\/10\/24\/juan-guillermo-cuadrado-anoto-el-primer-gol-con-pisa-en-empate-ante-milan\/#primaryimage"},"image":{"@id":"https:\/\/futbolhoy.co\/index.php\/2025\/10\/24\/juan-guillermo-cuadrado-anoto-el-primer-gol-con-pisa-en-empate-ante-milan\/#primaryimage"},"thumbnailUrl":"https:\/\/futbolhoy.co\/wp-content\/uploads\/2025\/10\/WhatsApp-Image-2025-10-24-at-3.25.05-PM.jpeg","datePublished":"2025-10-24T20:26:46+00:00","dateModified":"2025-10-25T03:21:52+00:00","breadcrumb":{"@id":"https:\/\/futbolhoy.co\/index.php\/2025\/10\/24\/juan-guillermo-cuadrado-anoto-el-primer-gol-con-pisa-en-empate-ante-milan\/#breadcrumb"},"inLanguage":"es","potentialAction":[{"@type":"ReadAction","target":["https:\/\/futbolhoy.co\/index.php\/2025\/10\/24\/juan-guillermo-cuadrado-anoto-el-primer-gol-con-pisa-en-empate-ante-milan\/"]}]},{"@type":"ImageObject","inLanguage":"es","@id":"https:\/\/futbolhoy.co\/index.php\/2025\/10\/24\/juan-guillermo-cuadrado-anoto-el-primer-gol-con-pisa-en-empate-ante-milan\/#primaryimage","url":"https:\/\/futbolhoy.co\/wp-content\/uploads\/2025\/10\/WhatsApp-Image-2025-10-24-at-3.25.05-PM.jpeg","contentUrl":"https:\/\/futbolhoy.co\/wp-content\/uploads\/2025\/10\/WhatsApp-Image-2025-10-24-at-3.25.05-PM.jpeg","width":828,"height":661},{"@type":"BreadcrumbList","@id":"https:\/\/futbolhoy.co\/index.php\/2025\/10\/24\/juan-guillermo-cuadrado-anoto-el-primer-gol-con-pisa-en-empate-ante-milan\/#breadcrumb","itemListElement":[{"@type":"ListItem","position":1,"name":"Portada","item":"https:\/\/futbolhoy.co\/"},{"@type":"ListItem","position":2,"name":"Juan Guillermo Cuadrado regres\u00f3 al gol en empate de Pisa y Milan"}]},{"@type":"WebSite","@id":"https:\/\/futbolhoy.co\/#website","url":"https:\/\/futbolhoy.co\/","name":"FutbolHoy","description":"","publisher":{"@id":"https:\/\/futbolhoy.co\/#organization"},"potentialAction":[{"@type":"SearchAction","target":{"@type":"EntryPoint","urlTemplate":"https:\/\/futbolhoy.co\/?s={search_term_string}"},"query-input":{"@type":"PropertyValueSpecification","valueRequired":true,"valueName":"search_term_string"}}],"inLanguage":"es"},{"@type":"Organization","@id":"https:\/\/futbolhoy.co\/#organization","name":"Futbolhoy.co","url":"https:\/\/futbolhoy.co\/","logo":{"@type":"ImageObject","inLanguage":"es","@id":"https:\/\/futbolhoy.co\/#\/schema\/logo\/image\/","url":"https:\/\/futbolhoy.co\/wp-content\/uploads\/2018\/08\/17426380_1906371736249227_6326180412931521141_n.jpg","contentUrl":"https:\/\/futbolhoy.co\/wp-content\/uploads\/2018\/08\/17426380_1906371736249227_6326180412931521141_n.jpg","width":960,"height":960,"caption":"Futbolhoy.co"},"image":{"@id":"https:\/\/futbolhoy.co\/#\/schema\/logo\/image\/"},"sameAs":["https:\/\/www.facebook.com\/FutbolHoyCol\/","https:\/\/x.com\/FutbolHoyCol","https:\/\/www.instagram.com\/futbolhoycol\/"]},{"@type":"Person","@id":"https:\/\/futbolhoy.co\/#\/schema\/person\/1721b69355b6623eaff15ac7b92d4cc3","name":"contenido","image":{"@type":"ImageObject","inLanguage":"es","@id":"https:\/\/futbolhoy.co\/#\/schema\/person\/image\/","url":"https:\/\/secure.gravatar.com\/avatar\/4f656d3256f5134f466206e7c3941518?s=96&d=mm&r=g","contentUrl":"https:\/\/secure.gravatar.com\/avatar\/4f656d3256f5134f466206e7c3941518?s=96&d=mm&r=g","caption":"contenido"}}]}},"publishpress_future_action":{"enabled":false,"date":"2026-05-03 16:36:25","action":"change-status","newStatus":"draft","terms":[],"taxonomy":"category","extraData":[]},"publishpress_future_workflow_manual_trigger":{"enabledWorkflows":[]},"_links":{"self":[{"href":"https:\/\/futbolhoy.co\/index.php\/wp-json\/wp\/v2\/posts\/125141","targetHints":{"allow":["GET"]}}],"collection":[{"href":"https:\/\/futbolhoy.co\/index.php\/wp-json\/wp\/v2\/posts"}],"about":[{"href":"https:\/\/futbolhoy.co\/index.php\/wp-json\/wp\/v2\/types\/post"}],"author":[{"embeddable":true,"href":"https:\/\/futbolhoy.co\/index.php\/wp-json\/wp\/v2\/users\/4"}],"replies":[{"embeddable":true,"href":"https:\/\/futbolhoy.co\/index.php\/wp-json\/wp\/v2\/comments?post=125141"}],"version-history":[{"count":8,"href":"https:\/\/futbolhoy.co\/index.php\/wp-json\/wp\/v2\/posts\/125141\/revisions"}],"predecessor-version":[{"id":125144,"href":"https:\/\/futbolhoy.co\/index.php\/wp-json\/wp\/v2\/posts\/125141\/revisions\/125144"}],"wp:featuredmedia":[{"embeddable":true,"href":"https:\/\/futbolhoy.co\/index.php\/wp-json\/wp\/v2\/media\/125142"}],"wp:attachment":[{"href":"https:\/\/futbolhoy.co\/index.php\/wp-json\/wp\/v2\/media?parent=125141"}],"wp:term":[{"taxonomy":"category","embeddable":true,"href":"https:\/\/futbolhoy.co\/index.php\/wp-json\/wp\/v2\/categories?post=125141"},{"taxonomy":"post_tag","embeddable":true,"href":"https:\/\/futbolhoy.co\/index.php\/wp-json\/wp\/v2\/tags?post=125141"}],"curies":[{"name":"wp","href":"https:\/\/api.w.org\/{rel}","templated":true}]}}