{"id":125153,"date":"2025-10-24T17:21:22","date_gmt":"2025-10-24T22:21:22","guid":{"rendered":"https:\/\/futbolhoy.co\/?p=125153"},"modified":"2025-10-26T09:39:54","modified_gmt":"2025-10-26T14:39:54","slug":"definido-rival-de-seleccion-colombia-antes-del-mundial-2026","status":"publish","type":"post","link":"https:\/\/futbolhoy.co\/index.php\/2025\/10\/24\/definido-rival-de-seleccion-colombia-antes-del-mundial-2026\/","title":{"rendered":"Definido rival de Selecci\u00f3n Colombia antes del Mundial 2026"},"content":{"rendered":"<p style=\"text-align: justify;\"><span style=\"font-family: helvetica, arial, sans-serif;\">Despu\u00e9s de conseguir una victoria y un empate ante dos de las anfitrionas de la Copa del <strong>Mundo 2026<\/strong> durante los amistosos de octubre, la <strong>Selecci\u00f3n Colombia<\/strong> confirm\u00f3 los rivales para los partidos en noviembre.<\/span><\/p>\n<p style=\"text-align: justify;\"><span style=\"font-family: helvetica, arial, sans-serif;\">En primera instancia, estos encuentros fueron anunciados ante<strong> Nueva Zelanda<\/strong> y Nigeria. Sin embargo, el combinado africano clasific\u00f3 al repechaje en su confederaci\u00f3n, que se disputar\u00e1n entre el 13 y el 16 de noviembre.<\/span><\/p>\n<p style=\"text-align: justify;\"><span style=\"font-family: helvetica, arial, sans-serif;\">Esta noticia no tom\u00f3 por sorpresa al entrenador N\u00e9stor Lorenzo, que tras el empate ante Canad\u00e1, asegur\u00f3:<\/span><\/p>\n<p style=\"text-align: justify;\"><span style=\"font-family: helvetica, arial, sans-serif;\">\"Vamos a buscar otro rival. Tenemos que aprovechar la fecha al m\u00e1ximo y otra vez venir con la intenci\u00f3n de sacar conclusiones de cara al Mundial\u201d, a\u00f1adi\u00f3.<\/span><\/p>\n<p style=\"text-align: justify;\"><span style=\"font-family: helvetica, arial, sans-serif;\">Por medio de las redes oficiales, la Selecci\u00f3n Colombia confirm\u00f3 que <strong>Australia<\/strong> reemplazar\u00e1 a Nigeria en el duelo.<\/span><\/p>\n<blockquote class=\"twitter-tweet\">\n<p dir=\"ltr\" lang=\"es\">\ud83d\uddd3\ufe0f \ud835\udc0b\ud835\udc1a \ud835\udc12\ud835\udc1e\ud835\udc25\ud835\udc1e\ud835\udc1c\ud835\udc1c\ud835\udc22\ud835\udc28\u0301\ud835\udc27 \ud835\udc02\ud835\udc28\ud835\udc25\ud835\udc28\ud835\udc26\ud835\udc1b\ud835\udc22\ud835\udc1a \ud835\udc1e\ud835\udc27\ud835\udc1f\ud835\udc2b\ud835\udc1e\ud835\udc27\ud835\udc2d\ud835\udc1a\ud835\udc2b\ud835\udc1a\u0301 \ud835\udc1a \ud835\udc00\ud835\udc2e\ud835\udc2c\ud835\udc2d\ud835\udc2b\ud835\udc1a\ud835\udc25\ud835\udc22\ud835\udc1a \ud835\udc1e\ud835\udc27 \ud835\udc29\ud835\udc1a\ud835\udc2b\ud835\udc2d\ud835\udc22\ud835\udc1d\ud835\udc28 \ud835\udc1a\ud835\udc26\ud835\udc22\ud835\udc2c\ud835\udc2d\ud835\udc28\ud835\udc2c\ud835\udc28 \ud835\udc22\ud835\udc27\ud835\udc2d\ud835\udc1e\ud835\udc2b\ud835\udc27\ud835\udc1a\ud835\udc1c\ud835\udc22\ud835\udc28\ud835\udc27\ud835\udc1a\ud835\udc25 \ud835\udc1e\ud835\udc27 \ud835\udc0d\ud835\udc2e\ud835\udc1e\ud835\udc2f\ud835\udc1a \ud835\udc18\ud835\udc28\ud835\udc2b\ud835\udc24 \ud83d\udc4c\ud83d\ude03<\/p>\n<p>El encuentro ser\u00e1 ante su similar de Australia, el pr\u00f3ximo martes 18 de noviembre en el Citi\u2026 <a href=\"https:\/\/t.co\/k6au8f8XIJ\">pic.twitter.com\/k6au8f8XIJ<\/a><\/p>\n<p>\u2014 Selecci\u00f3n Colombia (@FCFSeleccionCol) <a href=\"https:\/\/twitter.com\/FCFSeleccionCol\/status\/1981801054531731942?ref_src=twsrc%5Etfw\">October 24, 2025<\/a><\/p><\/blockquote>\n<h2 style=\"text-align: justify;\"><script async src=\"https:\/\/platform.twitter.com\/widgets.js\" charset=\"utf-8\"><\/script><span style=\"font-family: helvetica, arial, sans-serif;\">As\u00ed ser\u00e1n los pr\u00f3ximos amistosos de la Selecci\u00f3n Colombia <\/span><\/h2>\n<h3 style=\"text-align: justify;\"><span style=\"font-family: helvetica, arial, sans-serif;\">S\u00e1bado 15 de noviembre<\/span><\/h3>\n<ul style=\"text-align: justify;\">\n<li><span style=\"font-family: helvetica, arial, sans-serif;\">7:00 pm - Colombia vs. Nueva Zelanda<\/span><\/li>\n<\/ul>\n<p style=\"text-align: justify;\"><span style=\"font-family: helvetica, arial, sans-serif;\">Chase Stadium, Fort Lauderdale, Estados Unidos.<\/span><\/p>\n<h3 style=\"text-align: justify;\"><span style=\"font-family: helvetica, arial, sans-serif;\">Martes 18 de noviembre<\/span><\/h3>\n<ul style=\"text-align: justify;\">\n<li><span style=\"font-family: helvetica, arial, sans-serif;\">8:00 pm - Colombia vs. Australia\u00a0<\/span><\/li>\n<\/ul>\n<p style=\"text-align: justify;\"><span style=\"font-family: helvetica, arial, sans-serif;\">Citi Field, Nueva York, Estados Unidos.<\/span><\/p>\n","protected":false},"excerpt":{"rendered":"<p>Despu\u00e9s de conseguir una victoria y un empate ante dos de las anfitrionas de la Copa del Mundo 2026 durante los amistosos de octubre, la Selecci\u00f3n Colombia confirm\u00f3 los rivales para los partidos en noviembre. En primera instancia, estos encuentros fueron anunciados ante Nueva Zelanda y Nigeria. Sin embargo, el combinado africano clasific\u00f3 al repechaje [&hellip;]<\/p>\n","protected":false},"author":4,"featured_media":125154,"comment_status":"open","ping_status":"open","sticky":false,"template":"","format":"standard","meta":{"_acf_changed":false,"footnotes":""},"categories":[418,153],"tags":[],"class_list":{"0":"post-125153","1":"post","2":"type-post","3":"status-publish","4":"format-standard","5":"has-post-thumbnail","7":"category-colombia","8":"category-selecion-colombia"},"acf":[],"yoast_head":"<!-- This site is optimized with the Yoast SEO plugin v26.8 - https:\/\/yoast.com\/product\/yoast-seo-wordpress\/ -->\n<title>Definido rival de Selecci\u00f3n Colombia antes del Mundial 2026 -<\/title>\n<meta name=\"robots\" content=\"index, follow, max-snippet:-1, max-image-preview:large, max-video-preview:-1\" \/>\n<link rel=\"canonical\" href=\"https:\/\/futbolhoy.co\/index.php\/2025\/10\/24\/definido-rival-de-seleccion-colombia-antes-del-mundial-2026\/\" \/>\n<meta property=\"og:locale\" content=\"es_ES\" \/>\n<meta property=\"og:type\" content=\"article\" \/>\n<meta property=\"og:title\" content=\"Definido rival de Selecci\u00f3n Colombia antes del Mundial 2026 -\" \/>\n<meta property=\"og:description\" content=\"Despu\u00e9s de conseguir una victoria y un empate ante dos de las anfitrionas de la Copa del Mundo 2026 durante los amistosos de octubre, la Selecci\u00f3n Colombia confirm\u00f3 los rivales para los partidos en noviembre. En primera instancia, estos encuentros fueron anunciados ante Nueva Zelanda y Nigeria. Sin embargo, el combinado africano clasific\u00f3 al repechaje [&hellip;]\" \/>\n<meta property=\"og:url\" content=\"https:\/\/futbolhoy.co\/index.php\/2025\/10\/24\/definido-rival-de-seleccion-colombia-antes-del-mundial-2026\/\" \/>\n<meta property=\"article:publisher\" content=\"https:\/\/www.facebook.com\/FutbolHoyCol\/\" \/>\n<meta property=\"article:published_time\" content=\"2025-10-24T22:21:22+00:00\" \/>\n<meta property=\"article:modified_time\" content=\"2025-10-26T14:39:54+00:00\" \/>\n<meta property=\"og:image\" content=\"https:\/\/futbolhoy.co\/wp-content\/uploads\/2025\/10\/WhatsApp-Image-2025-10-24-at-5.15.39-PM.jpeg\" \/>\n\t<meta property=\"og:image:width\" content=\"789\" \/>\n\t<meta property=\"og:image:height\" content=\"499\" \/>\n\t<meta property=\"og:image:type\" content=\"image\/jpeg\" \/>\n<meta name=\"author\" content=\"contenido\" \/>\n<meta name=\"twitter:card\" content=\"summary_large_image\" \/>\n<meta name=\"twitter:creator\" content=\"@FutbolHoyCol\" \/>\n<meta name=\"twitter:site\" content=\"@FutbolHoyCol\" \/>\n<meta name=\"twitter:label1\" content=\"Escrito por\" \/>\n\t<meta name=\"twitter:data1\" content=\"contenido\" \/>\n\t<meta name=\"twitter:label2\" content=\"Tiempo de lectura\" \/>\n\t<meta name=\"twitter:data2\" content=\"1 minuto\" \/>\n<script type=\"application\/ld+json\" class=\"yoast-schema-graph\">{\"@context\":\"https:\/\/schema.org\",\"@graph\":[{\"@type\":\"Article\",\"@id\":\"https:\/\/futbolhoy.co\/index.php\/2025\/10\/24\/definido-rival-de-seleccion-colombia-antes-del-mundial-2026\/#article\",\"isPartOf\":{\"@id\":\"https:\/\/futbolhoy.co\/index.php\/2025\/10\/24\/definido-rival-de-seleccion-colombia-antes-del-mundial-2026\/\"},\"author\":{\"name\":\"contenido\",\"@id\":\"https:\/\/futbolhoy.co\/#\/schema\/person\/1721b69355b6623eaff15ac7b92d4cc3\"},\"headline\":\"Definido rival de Selecci\u00f3n Colombia antes del Mundial 2026\",\"datePublished\":\"2025-10-24T22:21:22+00:00\",\"dateModified\":\"2025-10-26T14:39:54+00:00\",\"mainEntityOfPage\":{\"@id\":\"https:\/\/futbolhoy.co\/index.php\/2025\/10\/24\/definido-rival-de-seleccion-colombia-antes-del-mundial-2026\/\"},\"wordCount\":217,\"commentCount\":0,\"publisher\":{\"@id\":\"https:\/\/futbolhoy.co\/#organization\"},\"image\":{\"@id\":\"https:\/\/futbolhoy.co\/index.php\/2025\/10\/24\/definido-rival-de-seleccion-colombia-antes-del-mundial-2026\/#primaryimage\"},\"thumbnailUrl\":\"https:\/\/futbolhoy.co\/wp-content\/uploads\/2025\/10\/WhatsApp-Image-2025-10-24-at-5.15.39-PM.jpeg\",\"articleSection\":[\"Colombia\",\"Selecci\u00f3n Colombia\"],\"inLanguage\":\"es\",\"potentialAction\":[{\"@type\":\"CommentAction\",\"name\":\"Comment\",\"target\":[\"https:\/\/futbolhoy.co\/index.php\/2025\/10\/24\/definido-rival-de-seleccion-colombia-antes-del-mundial-2026\/#respond\"]}]},{\"@type\":\"WebPage\",\"@id\":\"https:\/\/futbolhoy.co\/index.php\/2025\/10\/24\/definido-rival-de-seleccion-colombia-antes-del-mundial-2026\/\",\"url\":\"https:\/\/futbolhoy.co\/index.php\/2025\/10\/24\/definido-rival-de-seleccion-colombia-antes-del-mundial-2026\/\",\"name\":\"Definido rival de Selecci\u00f3n Colombia antes del Mundial 2026 -\",\"isPartOf\":{\"@id\":\"https:\/\/futbolhoy.co\/#website\"},\"primaryImageOfPage\":{\"@id\":\"https:\/\/futbolhoy.co\/index.php\/2025\/10\/24\/definido-rival-de-seleccion-colombia-antes-del-mundial-2026\/#primaryimage\"},\"image\":{\"@id\":\"https:\/\/futbolhoy.co\/index.php\/2025\/10\/24\/definido-rival-de-seleccion-colombia-antes-del-mundial-2026\/#primaryimage\"},\"thumbnailUrl\":\"https:\/\/futbolhoy.co\/wp-content\/uploads\/2025\/10\/WhatsApp-Image-2025-10-24-at-5.15.39-PM.jpeg\",\"datePublished\":\"2025-10-24T22:21:22+00:00\",\"dateModified\":\"2025-10-26T14:39:54+00:00\",\"breadcrumb\":{\"@id\":\"https:\/\/futbolhoy.co\/index.php\/2025\/10\/24\/definido-rival-de-seleccion-colombia-antes-del-mundial-2026\/#breadcrumb\"},\"inLanguage\":\"es\",\"potentialAction\":[{\"@type\":\"ReadAction\",\"target\":[\"https:\/\/futbolhoy.co\/index.php\/2025\/10\/24\/definido-rival-de-seleccion-colombia-antes-del-mundial-2026\/\"]}]},{\"@type\":\"ImageObject\",\"inLanguage\":\"es\",\"@id\":\"https:\/\/futbolhoy.co\/index.php\/2025\/10\/24\/definido-rival-de-seleccion-colombia-antes-del-mundial-2026\/#primaryimage\",\"url\":\"https:\/\/futbolhoy.co\/wp-content\/uploads\/2025\/10\/WhatsApp-Image-2025-10-24-at-5.15.39-PM.jpeg\",\"contentUrl\":\"https:\/\/futbolhoy.co\/wp-content\/uploads\/2025\/10\/WhatsApp-Image-2025-10-24-at-5.15.39-PM.jpeg\",\"width\":789,\"height\":499},{\"@type\":\"BreadcrumbList\",\"@id\":\"https:\/\/futbolhoy.co\/index.php\/2025\/10\/24\/definido-rival-de-seleccion-colombia-antes-del-mundial-2026\/#breadcrumb\",\"itemListElement\":[{\"@type\":\"ListItem\",\"position\":1,\"name\":\"Portada\",\"item\":\"https:\/\/futbolhoy.co\/\"},{\"@type\":\"ListItem\",\"position\":2,\"name\":\"Definido rival de Selecci\u00f3n Colombia antes del Mundial 2026\"}]},{\"@type\":\"WebSite\",\"@id\":\"https:\/\/futbolhoy.co\/#website\",\"url\":\"https:\/\/futbolhoy.co\/\",\"name\":\"FutbolHoy\",\"description\":\"\",\"publisher\":{\"@id\":\"https:\/\/futbolhoy.co\/#organization\"},\"potentialAction\":[{\"@type\":\"SearchAction\",\"target\":{\"@type\":\"EntryPoint\",\"urlTemplate\":\"https:\/\/futbolhoy.co\/?s={search_term_string}\"},\"query-input\":{\"@type\":\"PropertyValueSpecification\",\"valueRequired\":true,\"valueName\":\"search_term_string\"}}],\"inLanguage\":\"es\"},{\"@type\":\"Organization\",\"@id\":\"https:\/\/futbolhoy.co\/#organization\",\"name\":\"Futbolhoy.co\",\"url\":\"https:\/\/futbolhoy.co\/\",\"logo\":{\"@type\":\"ImageObject\",\"inLanguage\":\"es\",\"@id\":\"https:\/\/futbolhoy.co\/#\/schema\/logo\/image\/\",\"url\":\"https:\/\/futbolhoy.co\/wp-content\/uploads\/2018\/08\/17426380_1906371736249227_6326180412931521141_n.jpg\",\"contentUrl\":\"https:\/\/futbolhoy.co\/wp-content\/uploads\/2018\/08\/17426380_1906371736249227_6326180412931521141_n.jpg\",\"width\":960,\"height\":960,\"caption\":\"Futbolhoy.co\"},\"image\":{\"@id\":\"https:\/\/futbolhoy.co\/#\/schema\/logo\/image\/\"},\"sameAs\":[\"https:\/\/www.facebook.com\/FutbolHoyCol\/\",\"https:\/\/x.com\/FutbolHoyCol\",\"https:\/\/www.instagram.com\/futbolhoycol\/\"]},{\"@type\":\"Person\",\"@id\":\"https:\/\/futbolhoy.co\/#\/schema\/person\/1721b69355b6623eaff15ac7b92d4cc3\",\"name\":\"contenido\",\"image\":{\"@type\":\"ImageObject\",\"inLanguage\":\"es\",\"@id\":\"https:\/\/futbolhoy.co\/#\/schema\/person\/image\/\",\"url\":\"https:\/\/secure.gravatar.com\/avatar\/4f656d3256f5134f466206e7c3941518?s=96&d=mm&r=g\",\"contentUrl\":\"https:\/\/secure.gravatar.com\/avatar\/4f656d3256f5134f466206e7c3941518?s=96&d=mm&r=g\",\"caption\":\"contenido\"}}]}<\/script>\n<!-- \/ Yoast SEO plugin. -->","yoast_head_json":{"title":"Definido rival de Selecci\u00f3n Colombia antes del Mundial 2026 -","robots":{"index":"index","follow":"follow","max-snippet":"max-snippet:-1","max-image-preview":"max-image-preview:large","max-video-preview":"max-video-preview:-1"},"canonical":"https:\/\/futbolhoy.co\/index.php\/2025\/10\/24\/definido-rival-de-seleccion-colombia-antes-del-mundial-2026\/","og_locale":"es_ES","og_type":"article","og_title":"Definido rival de Selecci\u00f3n Colombia antes del Mundial 2026 -","og_description":"Despu\u00e9s de conseguir una victoria y un empate ante dos de las anfitrionas de la Copa del Mundo 2026 durante los amistosos de octubre, la Selecci\u00f3n Colombia confirm\u00f3 los rivales para los partidos en noviembre. En primera instancia, estos encuentros fueron anunciados ante Nueva Zelanda y Nigeria. Sin embargo, el combinado africano clasific\u00f3 al repechaje [&hellip;]","og_url":"https:\/\/futbolhoy.co\/index.php\/2025\/10\/24\/definido-rival-de-seleccion-colombia-antes-del-mundial-2026\/","article_publisher":"https:\/\/www.facebook.com\/FutbolHoyCol\/","article_published_time":"2025-10-24T22:21:22+00:00","article_modified_time":"2025-10-26T14:39:54+00:00","og_image":[{"width":789,"height":499,"url":"https:\/\/futbolhoy.co\/wp-content\/uploads\/2025\/10\/WhatsApp-Image-2025-10-24-at-5.15.39-PM.jpeg","type":"image\/jpeg"}],"author":"contenido","twitter_card":"summary_large_image","twitter_creator":"@FutbolHoyCol","twitter_site":"@FutbolHoyCol","twitter_misc":{"Escrito por":"contenido","Tiempo de lectura":"1 minuto"},"schema":{"@context":"https:\/\/schema.org","@graph":[{"@type":"Article","@id":"https:\/\/futbolhoy.co\/index.php\/2025\/10\/24\/definido-rival-de-seleccion-colombia-antes-del-mundial-2026\/#article","isPartOf":{"@id":"https:\/\/futbolhoy.co\/index.php\/2025\/10\/24\/definido-rival-de-seleccion-colombia-antes-del-mundial-2026\/"},"author":{"name":"contenido","@id":"https:\/\/futbolhoy.co\/#\/schema\/person\/1721b69355b6623eaff15ac7b92d4cc3"},"headline":"Definido rival de Selecci\u00f3n Colombia antes del Mundial 2026","datePublished":"2025-10-24T22:21:22+00:00","dateModified":"2025-10-26T14:39:54+00:00","mainEntityOfPage":{"@id":"https:\/\/futbolhoy.co\/index.php\/2025\/10\/24\/definido-rival-de-seleccion-colombia-antes-del-mundial-2026\/"},"wordCount":217,"commentCount":0,"publisher":{"@id":"https:\/\/futbolhoy.co\/#organization"},"image":{"@id":"https:\/\/futbolhoy.co\/index.php\/2025\/10\/24\/definido-rival-de-seleccion-colombia-antes-del-mundial-2026\/#primaryimage"},"thumbnailUrl":"https:\/\/futbolhoy.co\/wp-content\/uploads\/2025\/10\/WhatsApp-Image-2025-10-24-at-5.15.39-PM.jpeg","articleSection":["Colombia","Selecci\u00f3n Colombia"],"inLanguage":"es","potentialAction":[{"@type":"CommentAction","name":"Comment","target":["https:\/\/futbolhoy.co\/index.php\/2025\/10\/24\/definido-rival-de-seleccion-colombia-antes-del-mundial-2026\/#respond"]}]},{"@type":"WebPage","@id":"https:\/\/futbolhoy.co\/index.php\/2025\/10\/24\/definido-rival-de-seleccion-colombia-antes-del-mundial-2026\/","url":"https:\/\/futbolhoy.co\/index.php\/2025\/10\/24\/definido-rival-de-seleccion-colombia-antes-del-mundial-2026\/","name":"Definido rival de Selecci\u00f3n Colombia antes del Mundial 2026 -","isPartOf":{"@id":"https:\/\/futbolhoy.co\/#website"},"primaryImageOfPage":{"@id":"https:\/\/futbolhoy.co\/index.php\/2025\/10\/24\/definido-rival-de-seleccion-colombia-antes-del-mundial-2026\/#primaryimage"},"image":{"@id":"https:\/\/futbolhoy.co\/index.php\/2025\/10\/24\/definido-rival-de-seleccion-colombia-antes-del-mundial-2026\/#primaryimage"},"thumbnailUrl":"https:\/\/futbolhoy.co\/wp-content\/uploads\/2025\/10\/WhatsApp-Image-2025-10-24-at-5.15.39-PM.jpeg","datePublished":"2025-10-24T22:21:22+00:00","dateModified":"2025-10-26T14:39:54+00:00","breadcrumb":{"@id":"https:\/\/futbolhoy.co\/index.php\/2025\/10\/24\/definido-rival-de-seleccion-colombia-antes-del-mundial-2026\/#breadcrumb"},"inLanguage":"es","potentialAction":[{"@type":"ReadAction","target":["https:\/\/futbolhoy.co\/index.php\/2025\/10\/24\/definido-rival-de-seleccion-colombia-antes-del-mundial-2026\/"]}]},{"@type":"ImageObject","inLanguage":"es","@id":"https:\/\/futbolhoy.co\/index.php\/2025\/10\/24\/definido-rival-de-seleccion-colombia-antes-del-mundial-2026\/#primaryimage","url":"https:\/\/futbolhoy.co\/wp-content\/uploads\/2025\/10\/WhatsApp-Image-2025-10-24-at-5.15.39-PM.jpeg","contentUrl":"https:\/\/futbolhoy.co\/wp-content\/uploads\/2025\/10\/WhatsApp-Image-2025-10-24-at-5.15.39-PM.jpeg","width":789,"height":499},{"@type":"BreadcrumbList","@id":"https:\/\/futbolhoy.co\/index.php\/2025\/10\/24\/definido-rival-de-seleccion-colombia-antes-del-mundial-2026\/#breadcrumb","itemListElement":[{"@type":"ListItem","position":1,"name":"Portada","item":"https:\/\/futbolhoy.co\/"},{"@type":"ListItem","position":2,"name":"Definido rival de Selecci\u00f3n Colombia antes del Mundial 2026"}]},{"@type":"WebSite","@id":"https:\/\/futbolhoy.co\/#website","url":"https:\/\/futbolhoy.co\/","name":"FutbolHoy","description":"","publisher":{"@id":"https:\/\/futbolhoy.co\/#organization"},"potentialAction":[{"@type":"SearchAction","target":{"@type":"EntryPoint","urlTemplate":"https:\/\/futbolhoy.co\/?s={search_term_string}"},"query-input":{"@type":"PropertyValueSpecification","valueRequired":true,"valueName":"search_term_string"}}],"inLanguage":"es"},{"@type":"Organization","@id":"https:\/\/futbolhoy.co\/#organization","name":"Futbolhoy.co","url":"https:\/\/futbolhoy.co\/","logo":{"@type":"ImageObject","inLanguage":"es","@id":"https:\/\/futbolhoy.co\/#\/schema\/logo\/image\/","url":"https:\/\/futbolhoy.co\/wp-content\/uploads\/2018\/08\/17426380_1906371736249227_6326180412931521141_n.jpg","contentUrl":"https:\/\/futbolhoy.co\/wp-content\/uploads\/2018\/08\/17426380_1906371736249227_6326180412931521141_n.jpg","width":960,"height":960,"caption":"Futbolhoy.co"},"image":{"@id":"https:\/\/futbolhoy.co\/#\/schema\/logo\/image\/"},"sameAs":["https:\/\/www.facebook.com\/FutbolHoyCol\/","https:\/\/x.com\/FutbolHoyCol","https:\/\/www.instagram.com\/futbolhoycol\/"]},{"@type":"Person","@id":"https:\/\/futbolhoy.co\/#\/schema\/person\/1721b69355b6623eaff15ac7b92d4cc3","name":"contenido","image":{"@type":"ImageObject","inLanguage":"es","@id":"https:\/\/futbolhoy.co\/#\/schema\/person\/image\/","url":"https:\/\/secure.gravatar.com\/avatar\/4f656d3256f5134f466206e7c3941518?s=96&d=mm&r=g","contentUrl":"https:\/\/secure.gravatar.com\/avatar\/4f656d3256f5134f466206e7c3941518?s=96&d=mm&r=g","caption":"contenido"}}]}},"publishpress_future_action":{"enabled":false,"date":"2026-05-03 13:36:10","action":"change-status","newStatus":"draft","terms":[],"taxonomy":"category","extraData":[]},"publishpress_future_workflow_manual_trigger":{"enabledWorkflows":[]},"_links":{"self":[{"href":"https:\/\/futbolhoy.co\/index.php\/wp-json\/wp\/v2\/posts\/125153","targetHints":{"allow":["GET"]}}],"collection":[{"href":"https:\/\/futbolhoy.co\/index.php\/wp-json\/wp\/v2\/posts"}],"about":[{"href":"https:\/\/futbolhoy.co\/index.php\/wp-json\/wp\/v2\/types\/post"}],"author":[{"embeddable":true,"href":"https:\/\/futbolhoy.co\/index.php\/wp-json\/wp\/v2\/users\/4"}],"replies":[{"embeddable":true,"href":"https:\/\/futbolhoy.co\/index.php\/wp-json\/wp\/v2\/comments?post=125153"}],"version-history":[{"count":2,"href":"https:\/\/futbolhoy.co\/index.php\/wp-json\/wp\/v2\/posts\/125153\/revisions"}],"predecessor-version":[{"id":125180,"href":"https:\/\/futbolhoy.co\/index.php\/wp-json\/wp\/v2\/posts\/125153\/revisions\/125180"}],"wp:featuredmedia":[{"embeddable":true,"href":"https:\/\/futbolhoy.co\/index.php\/wp-json\/wp\/v2\/media\/125154"}],"wp:attachment":[{"href":"https:\/\/futbolhoy.co\/index.php\/wp-json\/wp\/v2\/media?parent=125153"}],"wp:term":[{"taxonomy":"category","embeddable":true,"href":"https:\/\/futbolhoy.co\/index.php\/wp-json\/wp\/v2\/categories?post=125153"},{"taxonomy":"post_tag","embeddable":true,"href":"https:\/\/futbolhoy.co\/index.php\/wp-json\/wp\/v2\/tags?post=125153"}],"curies":[{"name":"wp","href":"https:\/\/api.w.org\/{rel}","templated":true}]}}