{"id":125157,"date":"2025-10-24T20:04:53","date_gmt":"2025-10-25T01:04:53","guid":{"rendered":"https:\/\/futbolhoy.co\/?p=125157"},"modified":"2025-10-26T09:38:49","modified_gmt":"2025-10-26T14:38:49","slug":"la-seleccion-colombia-goleo-en-su-debut-rumbo-al-mundial-2027","status":"publish","type":"post","link":"https:\/\/futbolhoy.co\/index.php\/2025\/10\/24\/la-seleccion-colombia-goleo-en-su-debut-rumbo-al-mundial-2027\/","title":{"rendered":"La Selecci\u00f3n Colombia gole\u00f3 en su debut rumbo al Mundial 2027"},"content":{"rendered":"<p style=\"text-align: justify;\"><span style=\"font-family: helvetica, arial, sans-serif;\">\u00a1La Selecci\u00f3n Colombia inici\u00f3 con victoria el camino rumbo al Mundial 2027! Fue 4-1 el debut frente a Per\u00fa en la primera fecha de la Liga de Naciones Femenina Conmebol, que se disput\u00f3 en el Estadio Atanasio Girardot de Medell\u00edn.<\/span><\/p>\n<p style=\"text-align: justify;\"><span style=\"font-family: helvetica, arial, sans-serif;\">Las dirigidas por el t\u00e9cnico <strong>Carlos Paniagua<\/strong> encontraron la llave del gol tras el derribo de Ilana Izquierdo en el \u00e1rea rival, que <strong>Leicy Santos<\/strong> se encarg\u00f3 de convertir en gol (04'), el tiro penal.<\/span><\/p>\n<p style=\"text-align: justify;\"><span style=\"font-family: helvetica, arial, sans-serif;\">Con solo dos minutos de la segunda parte, <strong>Pierina N\u00fa\u00f1ez<\/strong> igual\u00f3 el compromiso despu\u00e9s de cazar un rebote de Katherine Tapia dentro del \u00e1rea.<\/span><\/p>\n<p style=\"text-align: justify;\"><span style=\"font-family: helvetica, arial, sans-serif;\"><strong>Linda Caicedo<\/strong>, quien se recupera de una molestia muscular desde Espa\u00f1a, ingres\u00f3 al 46' por Wendy Bonilla, y le dio frescura en ataque a la Selecci\u00f3n Colombia, adem\u00e1s de provocar un penalti que err\u00f3 Marcela Restrepo.<\/span><\/p>\n<p style=\"text-align: justify;\"><span style=\"font-family: helvetica, arial, sans-serif;\">El segundo gol para las locales lleg\u00f3 gracias a un formidable cabezazo de <strong>Daniela Montoya<\/strong> en un tiro de esquina ejecutado por Leicy Santos.<\/span><\/p>\n<p style=\"text-align: justify;\"><span style=\"font-family: helvetica, arial, sans-serif;\">Finalmente, la figura del campo, <strong>Leicy Santos<\/strong>, sell\u00f3 su doblete (89') y confirm\u00f3 la victoria colombiana en el inicio del sue\u00f1o por llegar al Mundial en Brasil, y Colombia es tercer en la Liga de Naciones Femenina, por detr\u00e1s de Ecuador y Argentina.<\/span><\/p>\n<p style=\"text-align: justify;\"><span style=\"font-family: helvetica, arial, sans-serif;\">En la \u00faltima jugada, <strong>Ivonne Chac\u00f3n<\/strong> ampli\u00f3 la diferencia y culmin\u00f3 una gran jugada colectiva.<\/span><\/p>\n<h3 style=\"text-align: justify;\"><span style=\"font-family: helvetica, arial, sans-serif;\">As\u00ed qued\u00f3 la tabla de posiciones<\/span><\/h3>\n<p><img fetchpriority=\"high\" decoding=\"async\" class=\"alignnone size-full wp-image-125160\" src=\"https:\/\/futbolhoy.co\/wp-content\/uploads\/2025\/10\/WhatsApp-Image-2025-10-24-at-8.01.35-PM.jpeg\" alt=\"\" width=\"1033\" height=\"835\" srcset=\"https:\/\/futbolhoy.co\/wp-content\/uploads\/2025\/10\/WhatsApp-Image-2025-10-24-at-8.01.35-PM.jpeg 1033w, https:\/\/futbolhoy.co\/wp-content\/uploads\/2025\/10\/WhatsApp-Image-2025-10-24-at-8.01.35-PM-300x242.jpeg 300w, https:\/\/futbolhoy.co\/wp-content\/uploads\/2025\/10\/WhatsApp-Image-2025-10-24-at-8.01.35-PM-1024x828.jpeg 1024w, https:\/\/futbolhoy.co\/wp-content\/uploads\/2025\/10\/WhatsApp-Image-2025-10-24-at-8.01.35-PM-768x621.jpeg 768w, https:\/\/futbolhoy.co\/wp-content\/uploads\/2025\/10\/WhatsApp-Image-2025-10-24-at-8.01.35-PM-696x563.jpeg 696w, https:\/\/futbolhoy.co\/wp-content\/uploads\/2025\/10\/WhatsApp-Image-2025-10-24-at-8.01.35-PM-128x103.jpeg 128w, https:\/\/futbolhoy.co\/wp-content\/uploads\/2025\/10\/WhatsApp-Image-2025-10-24-at-8.01.35-PM-32x26.jpeg 32w\" sizes=\"(max-width: 1033px) 100vw, 1033px\" \/><\/p>\n<h3 style=\"text-align: justify;\"><span style=\"font-family: helvetica, arial, sans-serif;\">Pr\u00f3ximo partido de Colombia<\/span><\/h3>\n<p style=\"text-align: justify;\"><span style=\"font-family: helvetica, arial, sans-serif;\">El combinado nacional deber\u00e1 recuperarse y enfocarse en el siguiente desaf\u00edo que ser\u00e1 ante Ecuador, el martes <strong>28 de octubre a<\/strong> partir de las <strong>6:00 pm<\/strong> (hora Colombia), en el Estadio Rodrigo Paz Delgado, de Quito.<\/span><\/p>\n<p style=\"text-align: justify;\"><span style=\"font-family: helvetica, arial, sans-serif;\">Cabe mencionar que la <strong>Selecci\u00f3n de Uruguay<\/strong> descans\u00f3 en la jornada en curso, y en la siguiente, el turno ser\u00e1 para Per\u00fa, producto de la ausencia de Brasil en las Eliminatorias, por ser anfitriona en la Copa del Mundo 2027.<\/span><\/p>\n<p>&nbsp;<\/p>\n","protected":false},"excerpt":{"rendered":"<p>\u00a1La Selecci\u00f3n Colombia inici\u00f3 con victoria el camino rumbo al Mundial 2027! Fue 4-1 el debut frente a Per\u00fa en la primera fecha de la Liga de Naciones Femenina Conmebol, que se disput\u00f3 en el Estadio Atanasio Girardot de Medell\u00edn. Las dirigidas por el t\u00e9cnico Carlos Paniagua encontraron la llave del gol tras el derribo [&hellip;]<\/p>\n","protected":false},"author":4,"featured_media":125159,"comment_status":"open","ping_status":"open","sticky":false,"template":"","format":"standard","meta":{"_acf_changed":false,"footnotes":""},"categories":[418,153],"tags":[],"class_list":{"0":"post-125157","1":"post","2":"type-post","3":"status-publish","4":"format-standard","5":"has-post-thumbnail","7":"category-colombia","8":"category-selecion-colombia"},"acf":[],"yoast_head":"<!-- This site is optimized with the Yoast SEO plugin v26.8 - https:\/\/yoast.com\/product\/yoast-seo-wordpress\/ -->\n<title>La Selecci\u00f3n Colombia gole\u00f3 en su debut rumbo al Mundial 2027 -<\/title>\n<meta name=\"robots\" content=\"index, follow, max-snippet:-1, max-image-preview:large, max-video-preview:-1\" \/>\n<link rel=\"canonical\" href=\"https:\/\/futbolhoy.co\/index.php\/2025\/10\/24\/la-seleccion-colombia-goleo-en-su-debut-rumbo-al-mundial-2027\/\" \/>\n<meta property=\"og:locale\" content=\"es_ES\" \/>\n<meta property=\"og:type\" content=\"article\" \/>\n<meta property=\"og:title\" content=\"La Selecci\u00f3n Colombia gole\u00f3 en su debut rumbo al Mundial 2027 -\" \/>\n<meta property=\"og:description\" content=\"\u00a1La Selecci\u00f3n Colombia inici\u00f3 con victoria el camino rumbo al Mundial 2027! Fue 4-1 el debut frente a Per\u00fa en la primera fecha de la Liga de Naciones Femenina Conmebol, que se disput\u00f3 en el Estadio Atanasio Girardot de Medell\u00edn. Las dirigidas por el t\u00e9cnico Carlos Paniagua encontraron la llave del gol tras el derribo [&hellip;]\" \/>\n<meta property=\"og:url\" content=\"https:\/\/futbolhoy.co\/index.php\/2025\/10\/24\/la-seleccion-colombia-goleo-en-su-debut-rumbo-al-mundial-2027\/\" \/>\n<meta property=\"article:publisher\" content=\"https:\/\/www.facebook.com\/FutbolHoyCol\/\" \/>\n<meta property=\"article:published_time\" content=\"2025-10-25T01:04:53+00:00\" \/>\n<meta property=\"article:modified_time\" content=\"2025-10-26T14:38:49+00:00\" \/>\n<meta property=\"og:image\" content=\"https:\/\/futbolhoy.co\/wp-content\/uploads\/2025\/10\/WhatsApp-Image-2025-10-24-at-7.59.10-PM.jpeg\" \/>\n\t<meta property=\"og:image:width\" content=\"978\" \/>\n\t<meta property=\"og:image:height\" content=\"811\" \/>\n\t<meta property=\"og:image:type\" content=\"image\/jpeg\" \/>\n<meta name=\"author\" content=\"contenido\" \/>\n<meta name=\"twitter:card\" content=\"summary_large_image\" \/>\n<meta name=\"twitter:creator\" content=\"@FutbolHoyCol\" \/>\n<meta name=\"twitter:site\" content=\"@FutbolHoyCol\" \/>\n<meta name=\"twitter:label1\" content=\"Escrito por\" \/>\n\t<meta name=\"twitter:data1\" content=\"contenido\" \/>\n\t<meta name=\"twitter:label2\" content=\"Tiempo de lectura\" \/>\n\t<meta name=\"twitter:data2\" content=\"2 minutos\" \/>\n<script type=\"application\/ld+json\" class=\"yoast-schema-graph\">{\"@context\":\"https:\/\/schema.org\",\"@graph\":[{\"@type\":\"Article\",\"@id\":\"https:\/\/futbolhoy.co\/index.php\/2025\/10\/24\/la-seleccion-colombia-goleo-en-su-debut-rumbo-al-mundial-2027\/#article\",\"isPartOf\":{\"@id\":\"https:\/\/futbolhoy.co\/index.php\/2025\/10\/24\/la-seleccion-colombia-goleo-en-su-debut-rumbo-al-mundial-2027\/\"},\"author\":{\"name\":\"contenido\",\"@id\":\"https:\/\/futbolhoy.co\/#\/schema\/person\/1721b69355b6623eaff15ac7b92d4cc3\"},\"headline\":\"La Selecci\u00f3n Colombia gole\u00f3 en su debut rumbo al Mundial 2027\",\"datePublished\":\"2025-10-25T01:04:53+00:00\",\"dateModified\":\"2025-10-26T14:38:49+00:00\",\"mainEntityOfPage\":{\"@id\":\"https:\/\/futbolhoy.co\/index.php\/2025\/10\/24\/la-seleccion-colombia-goleo-en-su-debut-rumbo-al-mundial-2027\/\"},\"wordCount\":325,\"commentCount\":0,\"publisher\":{\"@id\":\"https:\/\/futbolhoy.co\/#organization\"},\"image\":{\"@id\":\"https:\/\/futbolhoy.co\/index.php\/2025\/10\/24\/la-seleccion-colombia-goleo-en-su-debut-rumbo-al-mundial-2027\/#primaryimage\"},\"thumbnailUrl\":\"https:\/\/futbolhoy.co\/wp-content\/uploads\/2025\/10\/WhatsApp-Image-2025-10-24-at-7.59.10-PM.jpeg\",\"articleSection\":[\"Colombia\",\"Selecci\u00f3n Colombia\"],\"inLanguage\":\"es\",\"potentialAction\":[{\"@type\":\"CommentAction\",\"name\":\"Comment\",\"target\":[\"https:\/\/futbolhoy.co\/index.php\/2025\/10\/24\/la-seleccion-colombia-goleo-en-su-debut-rumbo-al-mundial-2027\/#respond\"]}]},{\"@type\":\"WebPage\",\"@id\":\"https:\/\/futbolhoy.co\/index.php\/2025\/10\/24\/la-seleccion-colombia-goleo-en-su-debut-rumbo-al-mundial-2027\/\",\"url\":\"https:\/\/futbolhoy.co\/index.php\/2025\/10\/24\/la-seleccion-colombia-goleo-en-su-debut-rumbo-al-mundial-2027\/\",\"name\":\"La Selecci\u00f3n Colombia gole\u00f3 en su debut rumbo al Mundial 2027 -\",\"isPartOf\":{\"@id\":\"https:\/\/futbolhoy.co\/#website\"},\"primaryImageOfPage\":{\"@id\":\"https:\/\/futbolhoy.co\/index.php\/2025\/10\/24\/la-seleccion-colombia-goleo-en-su-debut-rumbo-al-mundial-2027\/#primaryimage\"},\"image\":{\"@id\":\"https:\/\/futbolhoy.co\/index.php\/2025\/10\/24\/la-seleccion-colombia-goleo-en-su-debut-rumbo-al-mundial-2027\/#primaryimage\"},\"thumbnailUrl\":\"https:\/\/futbolhoy.co\/wp-content\/uploads\/2025\/10\/WhatsApp-Image-2025-10-24-at-7.59.10-PM.jpeg\",\"datePublished\":\"2025-10-25T01:04:53+00:00\",\"dateModified\":\"2025-10-26T14:38:49+00:00\",\"breadcrumb\":{\"@id\":\"https:\/\/futbolhoy.co\/index.php\/2025\/10\/24\/la-seleccion-colombia-goleo-en-su-debut-rumbo-al-mundial-2027\/#breadcrumb\"},\"inLanguage\":\"es\",\"potentialAction\":[{\"@type\":\"ReadAction\",\"target\":[\"https:\/\/futbolhoy.co\/index.php\/2025\/10\/24\/la-seleccion-colombia-goleo-en-su-debut-rumbo-al-mundial-2027\/\"]}]},{\"@type\":\"ImageObject\",\"inLanguage\":\"es\",\"@id\":\"https:\/\/futbolhoy.co\/index.php\/2025\/10\/24\/la-seleccion-colombia-goleo-en-su-debut-rumbo-al-mundial-2027\/#primaryimage\",\"url\":\"https:\/\/futbolhoy.co\/wp-content\/uploads\/2025\/10\/WhatsApp-Image-2025-10-24-at-7.59.10-PM.jpeg\",\"contentUrl\":\"https:\/\/futbolhoy.co\/wp-content\/uploads\/2025\/10\/WhatsApp-Image-2025-10-24-at-7.59.10-PM.jpeg\",\"width\":978,\"height\":811},{\"@type\":\"BreadcrumbList\",\"@id\":\"https:\/\/futbolhoy.co\/index.php\/2025\/10\/24\/la-seleccion-colombia-goleo-en-su-debut-rumbo-al-mundial-2027\/#breadcrumb\",\"itemListElement\":[{\"@type\":\"ListItem\",\"position\":1,\"name\":\"Portada\",\"item\":\"https:\/\/futbolhoy.co\/\"},{\"@type\":\"ListItem\",\"position\":2,\"name\":\"La Selecci\u00f3n Colombia gole\u00f3 en su debut rumbo al Mundial 2027\"}]},{\"@type\":\"WebSite\",\"@id\":\"https:\/\/futbolhoy.co\/#website\",\"url\":\"https:\/\/futbolhoy.co\/\",\"name\":\"FutbolHoy\",\"description\":\"\",\"publisher\":{\"@id\":\"https:\/\/futbolhoy.co\/#organization\"},\"potentialAction\":[{\"@type\":\"SearchAction\",\"target\":{\"@type\":\"EntryPoint\",\"urlTemplate\":\"https:\/\/futbolhoy.co\/?s={search_term_string}\"},\"query-input\":{\"@type\":\"PropertyValueSpecification\",\"valueRequired\":true,\"valueName\":\"search_term_string\"}}],\"inLanguage\":\"es\"},{\"@type\":\"Organization\",\"@id\":\"https:\/\/futbolhoy.co\/#organization\",\"name\":\"Futbolhoy.co\",\"url\":\"https:\/\/futbolhoy.co\/\",\"logo\":{\"@type\":\"ImageObject\",\"inLanguage\":\"es\",\"@id\":\"https:\/\/futbolhoy.co\/#\/schema\/logo\/image\/\",\"url\":\"https:\/\/futbolhoy.co\/wp-content\/uploads\/2018\/08\/17426380_1906371736249227_6326180412931521141_n.jpg\",\"contentUrl\":\"https:\/\/futbolhoy.co\/wp-content\/uploads\/2018\/08\/17426380_1906371736249227_6326180412931521141_n.jpg\",\"width\":960,\"height\":960,\"caption\":\"Futbolhoy.co\"},\"image\":{\"@id\":\"https:\/\/futbolhoy.co\/#\/schema\/logo\/image\/\"},\"sameAs\":[\"https:\/\/www.facebook.com\/FutbolHoyCol\/\",\"https:\/\/x.com\/FutbolHoyCol\",\"https:\/\/www.instagram.com\/futbolhoycol\/\"]},{\"@type\":\"Person\",\"@id\":\"https:\/\/futbolhoy.co\/#\/schema\/person\/1721b69355b6623eaff15ac7b92d4cc3\",\"name\":\"contenido\",\"image\":{\"@type\":\"ImageObject\",\"inLanguage\":\"es\",\"@id\":\"https:\/\/futbolhoy.co\/#\/schema\/person\/image\/\",\"url\":\"https:\/\/secure.gravatar.com\/avatar\/4f656d3256f5134f466206e7c3941518?s=96&d=mm&r=g\",\"contentUrl\":\"https:\/\/secure.gravatar.com\/avatar\/4f656d3256f5134f466206e7c3941518?s=96&d=mm&r=g\",\"caption\":\"contenido\"}}]}<\/script>\n<!-- \/ Yoast SEO plugin. -->","yoast_head_json":{"title":"La Selecci\u00f3n Colombia gole\u00f3 en su debut rumbo al Mundial 2027 -","robots":{"index":"index","follow":"follow","max-snippet":"max-snippet:-1","max-image-preview":"max-image-preview:large","max-video-preview":"max-video-preview:-1"},"canonical":"https:\/\/futbolhoy.co\/index.php\/2025\/10\/24\/la-seleccion-colombia-goleo-en-su-debut-rumbo-al-mundial-2027\/","og_locale":"es_ES","og_type":"article","og_title":"La Selecci\u00f3n Colombia gole\u00f3 en su debut rumbo al Mundial 2027 -","og_description":"\u00a1La Selecci\u00f3n Colombia inici\u00f3 con victoria el camino rumbo al Mundial 2027! Fue 4-1 el debut frente a Per\u00fa en la primera fecha de la Liga de Naciones Femenina Conmebol, que se disput\u00f3 en el Estadio Atanasio Girardot de Medell\u00edn. Las dirigidas por el t\u00e9cnico Carlos Paniagua encontraron la llave del gol tras el derribo [&hellip;]","og_url":"https:\/\/futbolhoy.co\/index.php\/2025\/10\/24\/la-seleccion-colombia-goleo-en-su-debut-rumbo-al-mundial-2027\/","article_publisher":"https:\/\/www.facebook.com\/FutbolHoyCol\/","article_published_time":"2025-10-25T01:04:53+00:00","article_modified_time":"2025-10-26T14:38:49+00:00","og_image":[{"width":978,"height":811,"url":"https:\/\/futbolhoy.co\/wp-content\/uploads\/2025\/10\/WhatsApp-Image-2025-10-24-at-7.59.10-PM.jpeg","type":"image\/jpeg"}],"author":"contenido","twitter_card":"summary_large_image","twitter_creator":"@FutbolHoyCol","twitter_site":"@FutbolHoyCol","twitter_misc":{"Escrito por":"contenido","Tiempo de lectura":"2 minutos"},"schema":{"@context":"https:\/\/schema.org","@graph":[{"@type":"Article","@id":"https:\/\/futbolhoy.co\/index.php\/2025\/10\/24\/la-seleccion-colombia-goleo-en-su-debut-rumbo-al-mundial-2027\/#article","isPartOf":{"@id":"https:\/\/futbolhoy.co\/index.php\/2025\/10\/24\/la-seleccion-colombia-goleo-en-su-debut-rumbo-al-mundial-2027\/"},"author":{"name":"contenido","@id":"https:\/\/futbolhoy.co\/#\/schema\/person\/1721b69355b6623eaff15ac7b92d4cc3"},"headline":"La Selecci\u00f3n Colombia gole\u00f3 en su debut rumbo al Mundial 2027","datePublished":"2025-10-25T01:04:53+00:00","dateModified":"2025-10-26T14:38:49+00:00","mainEntityOfPage":{"@id":"https:\/\/futbolhoy.co\/index.php\/2025\/10\/24\/la-seleccion-colombia-goleo-en-su-debut-rumbo-al-mundial-2027\/"},"wordCount":325,"commentCount":0,"publisher":{"@id":"https:\/\/futbolhoy.co\/#organization"},"image":{"@id":"https:\/\/futbolhoy.co\/index.php\/2025\/10\/24\/la-seleccion-colombia-goleo-en-su-debut-rumbo-al-mundial-2027\/#primaryimage"},"thumbnailUrl":"https:\/\/futbolhoy.co\/wp-content\/uploads\/2025\/10\/WhatsApp-Image-2025-10-24-at-7.59.10-PM.jpeg","articleSection":["Colombia","Selecci\u00f3n Colombia"],"inLanguage":"es","potentialAction":[{"@type":"CommentAction","name":"Comment","target":["https:\/\/futbolhoy.co\/index.php\/2025\/10\/24\/la-seleccion-colombia-goleo-en-su-debut-rumbo-al-mundial-2027\/#respond"]}]},{"@type":"WebPage","@id":"https:\/\/futbolhoy.co\/index.php\/2025\/10\/24\/la-seleccion-colombia-goleo-en-su-debut-rumbo-al-mundial-2027\/","url":"https:\/\/futbolhoy.co\/index.php\/2025\/10\/24\/la-seleccion-colombia-goleo-en-su-debut-rumbo-al-mundial-2027\/","name":"La Selecci\u00f3n Colombia gole\u00f3 en su debut rumbo al Mundial 2027 -","isPartOf":{"@id":"https:\/\/futbolhoy.co\/#website"},"primaryImageOfPage":{"@id":"https:\/\/futbolhoy.co\/index.php\/2025\/10\/24\/la-seleccion-colombia-goleo-en-su-debut-rumbo-al-mundial-2027\/#primaryimage"},"image":{"@id":"https:\/\/futbolhoy.co\/index.php\/2025\/10\/24\/la-seleccion-colombia-goleo-en-su-debut-rumbo-al-mundial-2027\/#primaryimage"},"thumbnailUrl":"https:\/\/futbolhoy.co\/wp-content\/uploads\/2025\/10\/WhatsApp-Image-2025-10-24-at-7.59.10-PM.jpeg","datePublished":"2025-10-25T01:04:53+00:00","dateModified":"2025-10-26T14:38:49+00:00","breadcrumb":{"@id":"https:\/\/futbolhoy.co\/index.php\/2025\/10\/24\/la-seleccion-colombia-goleo-en-su-debut-rumbo-al-mundial-2027\/#breadcrumb"},"inLanguage":"es","potentialAction":[{"@type":"ReadAction","target":["https:\/\/futbolhoy.co\/index.php\/2025\/10\/24\/la-seleccion-colombia-goleo-en-su-debut-rumbo-al-mundial-2027\/"]}]},{"@type":"ImageObject","inLanguage":"es","@id":"https:\/\/futbolhoy.co\/index.php\/2025\/10\/24\/la-seleccion-colombia-goleo-en-su-debut-rumbo-al-mundial-2027\/#primaryimage","url":"https:\/\/futbolhoy.co\/wp-content\/uploads\/2025\/10\/WhatsApp-Image-2025-10-24-at-7.59.10-PM.jpeg","contentUrl":"https:\/\/futbolhoy.co\/wp-content\/uploads\/2025\/10\/WhatsApp-Image-2025-10-24-at-7.59.10-PM.jpeg","width":978,"height":811},{"@type":"BreadcrumbList","@id":"https:\/\/futbolhoy.co\/index.php\/2025\/10\/24\/la-seleccion-colombia-goleo-en-su-debut-rumbo-al-mundial-2027\/#breadcrumb","itemListElement":[{"@type":"ListItem","position":1,"name":"Portada","item":"https:\/\/futbolhoy.co\/"},{"@type":"ListItem","position":2,"name":"La Selecci\u00f3n Colombia gole\u00f3 en su debut rumbo al Mundial 2027"}]},{"@type":"WebSite","@id":"https:\/\/futbolhoy.co\/#website","url":"https:\/\/futbolhoy.co\/","name":"FutbolHoy","description":"","publisher":{"@id":"https:\/\/futbolhoy.co\/#organization"},"potentialAction":[{"@type":"SearchAction","target":{"@type":"EntryPoint","urlTemplate":"https:\/\/futbolhoy.co\/?s={search_term_string}"},"query-input":{"@type":"PropertyValueSpecification","valueRequired":true,"valueName":"search_term_string"}}],"inLanguage":"es"},{"@type":"Organization","@id":"https:\/\/futbolhoy.co\/#organization","name":"Futbolhoy.co","url":"https:\/\/futbolhoy.co\/","logo":{"@type":"ImageObject","inLanguage":"es","@id":"https:\/\/futbolhoy.co\/#\/schema\/logo\/image\/","url":"https:\/\/futbolhoy.co\/wp-content\/uploads\/2018\/08\/17426380_1906371736249227_6326180412931521141_n.jpg","contentUrl":"https:\/\/futbolhoy.co\/wp-content\/uploads\/2018\/08\/17426380_1906371736249227_6326180412931521141_n.jpg","width":960,"height":960,"caption":"Futbolhoy.co"},"image":{"@id":"https:\/\/futbolhoy.co\/#\/schema\/logo\/image\/"},"sameAs":["https:\/\/www.facebook.com\/FutbolHoyCol\/","https:\/\/x.com\/FutbolHoyCol","https:\/\/www.instagram.com\/futbolhoycol\/"]},{"@type":"Person","@id":"https:\/\/futbolhoy.co\/#\/schema\/person\/1721b69355b6623eaff15ac7b92d4cc3","name":"contenido","image":{"@type":"ImageObject","inLanguage":"es","@id":"https:\/\/futbolhoy.co\/#\/schema\/person\/image\/","url":"https:\/\/secure.gravatar.com\/avatar\/4f656d3256f5134f466206e7c3941518?s=96&d=mm&r=g","contentUrl":"https:\/\/secure.gravatar.com\/avatar\/4f656d3256f5134f466206e7c3941518?s=96&d=mm&r=g","caption":"contenido"}}]}},"publishpress_future_action":{"enabled":false,"date":"2026-05-03 13:37:26","action":"change-status","newStatus":"draft","terms":[],"taxonomy":"category","extraData":[]},"publishpress_future_workflow_manual_trigger":{"enabledWorkflows":[]},"_links":{"self":[{"href":"https:\/\/futbolhoy.co\/index.php\/wp-json\/wp\/v2\/posts\/125157","targetHints":{"allow":["GET"]}}],"collection":[{"href":"https:\/\/futbolhoy.co\/index.php\/wp-json\/wp\/v2\/posts"}],"about":[{"href":"https:\/\/futbolhoy.co\/index.php\/wp-json\/wp\/v2\/types\/post"}],"author":[{"embeddable":true,"href":"https:\/\/futbolhoy.co\/index.php\/wp-json\/wp\/v2\/users\/4"}],"replies":[{"embeddable":true,"href":"https:\/\/futbolhoy.co\/index.php\/wp-json\/wp\/v2\/comments?post=125157"}],"version-history":[{"count":1,"href":"https:\/\/futbolhoy.co\/index.php\/wp-json\/wp\/v2\/posts\/125157\/revisions"}],"predecessor-version":[{"id":125162,"href":"https:\/\/futbolhoy.co\/index.php\/wp-json\/wp\/v2\/posts\/125157\/revisions\/125162"}],"wp:featuredmedia":[{"embeddable":true,"href":"https:\/\/futbolhoy.co\/index.php\/wp-json\/wp\/v2\/media\/125159"}],"wp:attachment":[{"href":"https:\/\/futbolhoy.co\/index.php\/wp-json\/wp\/v2\/media?parent=125157"}],"wp:term":[{"taxonomy":"category","embeddable":true,"href":"https:\/\/futbolhoy.co\/index.php\/wp-json\/wp\/v2\/categories?post=125157"},{"taxonomy":"post_tag","embeddable":true,"href":"https:\/\/futbolhoy.co\/index.php\/wp-json\/wp\/v2\/tags?post=125157"}],"curies":[{"name":"wp","href":"https:\/\/api.w.org\/{rel}","templated":true}]}}