{"id":125200,"date":"2025-10-25T10:52:34","date_gmt":"2025-10-25T15:52:34","guid":{"rendered":"https:\/\/futbolhoy.co\/?p=125200"},"modified":"2025-10-26T09:36:46","modified_gmt":"2025-10-26T14:36:46","slug":"la-seleccion-colombia-avanzo-a-octavos-de-final-del-mundial-femenino-sub-17","status":"publish","type":"post","link":"https:\/\/futbolhoy.co\/index.php\/2025\/10\/25\/la-seleccion-colombia-avanzo-a-octavos-de-final-del-mundial-femenino-sub-17\/","title":{"rendered":"Selecci\u00f3n Colombia y Jap\u00f3n, por un cupo a cuartos del Mundial Femenino Sub-17"},"content":{"rendered":"<p style=\"text-align: justify;\"><span style=\"font-family: helvetica, arial, sans-serif;\">La <strong>Selecci\u00f3n Colombia<\/strong> se qued\u00f3 con el segundo puesto del grupo E en la <strong>Copa del Mundo Femenina Sub-17<\/strong> que se disputa en Marruecos. luego de vencer 1-0 a Corea del Sur en la \u00faltima jornada de la fase de grupos. London Crawford marc\u00f3 el gol de la victoria.<\/span><\/p>\n<p style=\"text-align: justify;\"><span style=\"font-family: helvetica, arial, sans-serif;\">Junto a Espa\u00f1a, son las selecciones de la zona que avanzan en la competencia, despu\u00e9s de que 'La Roja' consiguiera los tres puntos ante Costa de Marfil (3-0), de manera simult\u00e1nea.<\/span><\/p>\n<p style=\"text-align: justify;\"><span style=\"font-family: helvetica, arial, sans-serif;\">As\u00ed qued\u00f3 la tabla de posiciones del grupo\u00a0 E tras la \u00faltima jornada<\/span><\/p>\n<table style=\"border-collapse: collapse; width: 100%; height: 130px;\">\n<tbody>\n<tr style=\"height: 26px;\">\n<td style=\"width: 25%; height: 26px; text-align: justify;\"><span style=\"font-family: helvetica, arial, sans-serif;\">Posici\u00f3n<\/span><\/td>\n<td style=\"width: 25%; text-align: justify; height: 26px;\"><span style=\"font-family: helvetica, arial, sans-serif;\">Selecci\u00f3n<\/span><\/td>\n<td style=\"width: 25%; text-align: justify; height: 26px;\"><span style=\"font-family: helvetica, arial, sans-serif;\">Puntos<\/span><\/td>\n<td style=\"width: 25%; text-align: justify; height: 26px;\"><span style=\"font-family: helvetica, arial, sans-serif;\">Diferencia de gol<\/span><\/td>\n<\/tr>\n<tr style=\"height: 26px;\">\n<td style=\"width: 25%; height: 26px; text-align: justify;\"><span style=\"font-family: helvetica, arial, sans-serif;\">1<\/span><\/td>\n<td style=\"width: 25%; text-align: justify; height: 26px;\"><span style=\"font-family: helvetica, arial, sans-serif;\">Espa\u00f1a<\/span><\/td>\n<td style=\"width: 25%; text-align: justify; height: 26px;\"><span style=\"font-family: helvetica, arial, sans-serif;\">9<\/span><\/td>\n<td style=\"width: 25%; text-align: justify; height: 26px;\"><span style=\"font-family: helvetica, arial, sans-serif;\">+12<\/span><\/td>\n<\/tr>\n<tr style=\"height: 26px;\">\n<td style=\"width: 25%; height: 26px; text-align: justify;\"><span style=\"font-family: helvetica, arial, sans-serif;\"><strong>2<\/strong><\/span><\/td>\n<td style=\"width: 25%; text-align: justify; height: 26px;\"><span style=\"font-family: helvetica, arial, sans-serif;\"><strong>Colombia\u00a0<\/strong><\/span><\/td>\n<td style=\"width: 25%; text-align: justify; height: 26px;\"><span style=\"font-family: helvetica, arial, sans-serif;\"><strong>6<\/strong><\/span><\/td>\n<td style=\"width: 25%; text-align: justify; height: 26px;\"><span style=\"font-family: helvetica, arial, sans-serif;\"><strong>0<\/strong><\/span><\/td>\n<\/tr>\n<tr style=\"height: 26px;\">\n<td style=\"width: 25%; height: 26px; text-align: justify;\"><span style=\"font-family: helvetica, arial, sans-serif;\">3<\/span><\/td>\n<td style=\"width: 25%; text-align: justify; height: 26px;\"><span style=\"font-family: helvetica, arial, sans-serif;\">Costa de Marfil<\/span><\/td>\n<td style=\"width: 25%; text-align: justify; height: 26px;\"><span style=\"font-family: helvetica, arial, sans-serif;\">2<\/span><\/td>\n<td style=\"width: 25%; text-align: justify; height: 26px;\"><span style=\"font-family: helvetica, arial, sans-serif;\">-3<\/span><\/td>\n<\/tr>\n<tr style=\"height: 26px;\">\n<td style=\"width: 25%; height: 26px; text-align: justify;\"><span style=\"font-family: helvetica, arial, sans-serif;\">4<\/span><\/td>\n<td style=\"width: 25%; text-align: justify; height: 26px;\"><span style=\"font-family: helvetica, arial, sans-serif;\">Corea del Sur<\/span><\/td>\n<td style=\"width: 25%; text-align: justify; height: 26px;\"><span style=\"font-family: helvetica, arial, sans-serif;\">2<\/span><\/td>\n<td style=\"width: 25%; text-align: justify; height: 26px;\"><span style=\"font-family: helvetica, arial, sans-serif;\">-5<\/span><\/td>\n<\/tr>\n<\/tbody>\n<\/table>\n<p>&nbsp;<\/p>\n<p style=\"text-align: justify;\"><span style=\"font-family: helvetica, arial, sans-serif;\">Las dirigidas por el t\u00e9cnico <strong>Carlos Paniagua<\/strong> sumaron 2 victorias y 1 derrota durante la competencia, y esperan por la definici\u00f3n del grupo F para conocer al rival en la siguiente ronda. El \u00fanico compromiso en el que Colombia no logr\u00f3 imponerse fue ante Espa\u00f1a, en la primera jornada.\u00a0<\/span><\/p>\n<h3><span style=\"font-family: helvetica, arial, sans-serif;\">Colombia vs. Jap\u00f3n en octavos de final<\/span><\/h3>\n<p style=\"text-align: justify;\"><span style=\"font-family: helvetica, arial, sans-serif;\">De acuerdo con el fixture oficial de la competencia, a Colombia, por quedar segunda en su grupo, le corresponde enfrentar al primero del grupo F.<\/span><\/p>\n<p style=\"text-align: justify;\"><span style=\"font-family: helvetica, arial, sans-serif;\">Jap\u00f3n se qued\u00f3 con esta casilla despu\u00e9s igualar ag\u00f3nicamente 1-1 ante Paraguay, y por diferencia de gol, superarlo en la tabla. <\/span><span style=\"font-family: helvetica, arial, sans-serif;\">Este ser\u00e1 el primer choque ante las colombianas en la historia del Mundial.<\/span><\/p>\n<p style=\"text-align: justify;\"><span style=\"font-family: helvetica, arial, sans-serif;\">El compromiso est\u00e1 programado para <\/span><span style=\"font-family: helvetica, arial, sans-serif;\">el mi\u00e9rcoles<strong> 29 de octubre<\/strong> a partir de las <strong>2:00 pm<\/strong> (hora Colombia).<\/span><\/p>\n<p style=\"text-align: justify;\"><span style=\"font-family: helvetica, arial, sans-serif;\">Esta es la segunda ocasi\u00f3n en la historia que Colombia supera la fase de grupos de la Copa del Mundo de esta categor\u00eda, despu\u00e9s de <strong>India 2022<\/strong>, cuando cay\u00f3 en la gran final frente a <strong>Espa\u00f1a<\/strong> (1-0).<\/span><\/p>\n","protected":false},"excerpt":{"rendered":"<p>La Selecci\u00f3n Colombia se qued\u00f3 con el segundo puesto del grupo E en la Copa del Mundo Femenina Sub-17 que se disputa en Marruecos. luego de vencer 1-0 a Corea del Sur en la \u00faltima jornada de la fase de grupos. London Crawford marc\u00f3 el gol de la victoria. Junto a Espa\u00f1a, son las selecciones [&hellip;]<\/p>\n","protected":false},"author":4,"featured_media":125215,"comment_status":"open","ping_status":"open","sticky":false,"template":"","format":"standard","meta":{"_acf_changed":false,"footnotes":""},"categories":[418,153],"tags":[],"class_list":{"0":"post-125200","1":"post","2":"type-post","3":"status-publish","4":"format-standard","5":"has-post-thumbnail","7":"category-colombia","8":"category-selecion-colombia"},"acf":[],"yoast_head":"<!-- This site is optimized with the Yoast SEO plugin v26.8 - https:\/\/yoast.com\/product\/yoast-seo-wordpress\/ -->\n<title>Selecci\u00f3n Colombia y Jap\u00f3n, por un cupo a cuartos del Mundial Femenino Sub-17 -<\/title>\n<meta name=\"robots\" content=\"index, follow, max-snippet:-1, max-image-preview:large, max-video-preview:-1\" \/>\n<link rel=\"canonical\" href=\"https:\/\/futbolhoy.co\/index.php\/2025\/10\/25\/la-seleccion-colombia-avanzo-a-octavos-de-final-del-mundial-femenino-sub-17\/\" \/>\n<meta property=\"og:locale\" content=\"es_ES\" \/>\n<meta property=\"og:type\" content=\"article\" \/>\n<meta property=\"og:title\" content=\"Selecci\u00f3n Colombia y Jap\u00f3n, por un cupo a cuartos del Mundial Femenino Sub-17 -\" \/>\n<meta property=\"og:description\" content=\"La Selecci\u00f3n Colombia se qued\u00f3 con el segundo puesto del grupo E en la Copa del Mundo Femenina Sub-17 que se disputa en Marruecos. luego de vencer 1-0 a Corea del Sur en la \u00faltima jornada de la fase de grupos. London Crawford marc\u00f3 el gol de la victoria. Junto a Espa\u00f1a, son las selecciones [&hellip;]\" \/>\n<meta property=\"og:url\" content=\"https:\/\/futbolhoy.co\/index.php\/2025\/10\/25\/la-seleccion-colombia-avanzo-a-octavos-de-final-del-mundial-femenino-sub-17\/\" \/>\n<meta property=\"article:publisher\" content=\"https:\/\/www.facebook.com\/FutbolHoyCol\/\" \/>\n<meta property=\"article:published_time\" content=\"2025-10-25T15:52:34+00:00\" \/>\n<meta property=\"article:modified_time\" content=\"2025-10-26T14:36:46+00:00\" \/>\n<meta property=\"og:image\" content=\"https:\/\/futbolhoy.co\/wp-content\/uploads\/2025\/10\/WhatsApp-Image-2025-10-25-at-3.54.23-PM-1.jpeg\" \/>\n\t<meta property=\"og:image:width\" content=\"745\" \/>\n\t<meta property=\"og:image:height\" content=\"431\" \/>\n\t<meta property=\"og:image:type\" content=\"image\/jpeg\" \/>\n<meta name=\"author\" content=\"contenido\" \/>\n<meta name=\"twitter:card\" content=\"summary_large_image\" \/>\n<meta name=\"twitter:creator\" content=\"@FutbolHoyCol\" \/>\n<meta name=\"twitter:site\" content=\"@FutbolHoyCol\" \/>\n<meta name=\"twitter:label1\" content=\"Escrito por\" \/>\n\t<meta name=\"twitter:data1\" content=\"contenido\" \/>\n\t<meta name=\"twitter:label2\" content=\"Tiempo de lectura\" \/>\n\t<meta name=\"twitter:data2\" content=\"1 minuto\" \/>\n<script type=\"application\/ld+json\" class=\"yoast-schema-graph\">{\"@context\":\"https:\/\/schema.org\",\"@graph\":[{\"@type\":\"Article\",\"@id\":\"https:\/\/futbolhoy.co\/index.php\/2025\/10\/25\/la-seleccion-colombia-avanzo-a-octavos-de-final-del-mundial-femenino-sub-17\/#article\",\"isPartOf\":{\"@id\":\"https:\/\/futbolhoy.co\/index.php\/2025\/10\/25\/la-seleccion-colombia-avanzo-a-octavos-de-final-del-mundial-femenino-sub-17\/\"},\"author\":{\"name\":\"contenido\",\"@id\":\"https:\/\/futbolhoy.co\/#\/schema\/person\/1721b69355b6623eaff15ac7b92d4cc3\"},\"headline\":\"Selecci\u00f3n Colombia y Jap\u00f3n, por un cupo a cuartos del Mundial Femenino Sub-17\",\"datePublished\":\"2025-10-25T15:52:34+00:00\",\"dateModified\":\"2025-10-26T14:36:46+00:00\",\"mainEntityOfPage\":{\"@id\":\"https:\/\/futbolhoy.co\/index.php\/2025\/10\/25\/la-seleccion-colombia-avanzo-a-octavos-de-final-del-mundial-femenino-sub-17\/\"},\"wordCount\":309,\"commentCount\":0,\"publisher\":{\"@id\":\"https:\/\/futbolhoy.co\/#organization\"},\"image\":{\"@id\":\"https:\/\/futbolhoy.co\/index.php\/2025\/10\/25\/la-seleccion-colombia-avanzo-a-octavos-de-final-del-mundial-femenino-sub-17\/#primaryimage\"},\"thumbnailUrl\":\"https:\/\/futbolhoy.co\/wp-content\/uploads\/2025\/10\/WhatsApp-Image-2025-10-25-at-3.54.23-PM-1.jpeg\",\"articleSection\":[\"Colombia\",\"Selecci\u00f3n Colombia\"],\"inLanguage\":\"es\",\"potentialAction\":[{\"@type\":\"CommentAction\",\"name\":\"Comment\",\"target\":[\"https:\/\/futbolhoy.co\/index.php\/2025\/10\/25\/la-seleccion-colombia-avanzo-a-octavos-de-final-del-mundial-femenino-sub-17\/#respond\"]}]},{\"@type\":\"WebPage\",\"@id\":\"https:\/\/futbolhoy.co\/index.php\/2025\/10\/25\/la-seleccion-colombia-avanzo-a-octavos-de-final-del-mundial-femenino-sub-17\/\",\"url\":\"https:\/\/futbolhoy.co\/index.php\/2025\/10\/25\/la-seleccion-colombia-avanzo-a-octavos-de-final-del-mundial-femenino-sub-17\/\",\"name\":\"Selecci\u00f3n Colombia y Jap\u00f3n, por un cupo a cuartos del Mundial Femenino Sub-17 -\",\"isPartOf\":{\"@id\":\"https:\/\/futbolhoy.co\/#website\"},\"primaryImageOfPage\":{\"@id\":\"https:\/\/futbolhoy.co\/index.php\/2025\/10\/25\/la-seleccion-colombia-avanzo-a-octavos-de-final-del-mundial-femenino-sub-17\/#primaryimage\"},\"image\":{\"@id\":\"https:\/\/futbolhoy.co\/index.php\/2025\/10\/25\/la-seleccion-colombia-avanzo-a-octavos-de-final-del-mundial-femenino-sub-17\/#primaryimage\"},\"thumbnailUrl\":\"https:\/\/futbolhoy.co\/wp-content\/uploads\/2025\/10\/WhatsApp-Image-2025-10-25-at-3.54.23-PM-1.jpeg\",\"datePublished\":\"2025-10-25T15:52:34+00:00\",\"dateModified\":\"2025-10-26T14:36:46+00:00\",\"breadcrumb\":{\"@id\":\"https:\/\/futbolhoy.co\/index.php\/2025\/10\/25\/la-seleccion-colombia-avanzo-a-octavos-de-final-del-mundial-femenino-sub-17\/#breadcrumb\"},\"inLanguage\":\"es\",\"potentialAction\":[{\"@type\":\"ReadAction\",\"target\":[\"https:\/\/futbolhoy.co\/index.php\/2025\/10\/25\/la-seleccion-colombia-avanzo-a-octavos-de-final-del-mundial-femenino-sub-17\/\"]}]},{\"@type\":\"ImageObject\",\"inLanguage\":\"es\",\"@id\":\"https:\/\/futbolhoy.co\/index.php\/2025\/10\/25\/la-seleccion-colombia-avanzo-a-octavos-de-final-del-mundial-femenino-sub-17\/#primaryimage\",\"url\":\"https:\/\/futbolhoy.co\/wp-content\/uploads\/2025\/10\/WhatsApp-Image-2025-10-25-at-3.54.23-PM-1.jpeg\",\"contentUrl\":\"https:\/\/futbolhoy.co\/wp-content\/uploads\/2025\/10\/WhatsApp-Image-2025-10-25-at-3.54.23-PM-1.jpeg\",\"width\":745,\"height\":431},{\"@type\":\"BreadcrumbList\",\"@id\":\"https:\/\/futbolhoy.co\/index.php\/2025\/10\/25\/la-seleccion-colombia-avanzo-a-octavos-de-final-del-mundial-femenino-sub-17\/#breadcrumb\",\"itemListElement\":[{\"@type\":\"ListItem\",\"position\":1,\"name\":\"Portada\",\"item\":\"https:\/\/futbolhoy.co\/\"},{\"@type\":\"ListItem\",\"position\":2,\"name\":\"Selecci\u00f3n Colombia y Jap\u00f3n, por un cupo a cuartos del Mundial Femenino Sub-17\"}]},{\"@type\":\"WebSite\",\"@id\":\"https:\/\/futbolhoy.co\/#website\",\"url\":\"https:\/\/futbolhoy.co\/\",\"name\":\"FutbolHoy\",\"description\":\"\",\"publisher\":{\"@id\":\"https:\/\/futbolhoy.co\/#organization\"},\"potentialAction\":[{\"@type\":\"SearchAction\",\"target\":{\"@type\":\"EntryPoint\",\"urlTemplate\":\"https:\/\/futbolhoy.co\/?s={search_term_string}\"},\"query-input\":{\"@type\":\"PropertyValueSpecification\",\"valueRequired\":true,\"valueName\":\"search_term_string\"}}],\"inLanguage\":\"es\"},{\"@type\":\"Organization\",\"@id\":\"https:\/\/futbolhoy.co\/#organization\",\"name\":\"Futbolhoy.co\",\"url\":\"https:\/\/futbolhoy.co\/\",\"logo\":{\"@type\":\"ImageObject\",\"inLanguage\":\"es\",\"@id\":\"https:\/\/futbolhoy.co\/#\/schema\/logo\/image\/\",\"url\":\"https:\/\/futbolhoy.co\/wp-content\/uploads\/2018\/08\/17426380_1906371736249227_6326180412931521141_n.jpg\",\"contentUrl\":\"https:\/\/futbolhoy.co\/wp-content\/uploads\/2018\/08\/17426380_1906371736249227_6326180412931521141_n.jpg\",\"width\":960,\"height\":960,\"caption\":\"Futbolhoy.co\"},\"image\":{\"@id\":\"https:\/\/futbolhoy.co\/#\/schema\/logo\/image\/\"},\"sameAs\":[\"https:\/\/www.facebook.com\/FutbolHoyCol\/\",\"https:\/\/x.com\/FutbolHoyCol\",\"https:\/\/www.instagram.com\/futbolhoycol\/\"]},{\"@type\":\"Person\",\"@id\":\"https:\/\/futbolhoy.co\/#\/schema\/person\/1721b69355b6623eaff15ac7b92d4cc3\",\"name\":\"contenido\",\"image\":{\"@type\":\"ImageObject\",\"inLanguage\":\"es\",\"@id\":\"https:\/\/futbolhoy.co\/#\/schema\/person\/image\/\",\"url\":\"https:\/\/secure.gravatar.com\/avatar\/4f656d3256f5134f466206e7c3941518?s=96&d=mm&r=g\",\"contentUrl\":\"https:\/\/secure.gravatar.com\/avatar\/4f656d3256f5134f466206e7c3941518?s=96&d=mm&r=g\",\"caption\":\"contenido\"}}]}<\/script>\n<!-- \/ Yoast SEO plugin. -->","yoast_head_json":{"title":"Selecci\u00f3n Colombia y Jap\u00f3n, por un cupo a cuartos del Mundial Femenino Sub-17 -","robots":{"index":"index","follow":"follow","max-snippet":"max-snippet:-1","max-image-preview":"max-image-preview:large","max-video-preview":"max-video-preview:-1"},"canonical":"https:\/\/futbolhoy.co\/index.php\/2025\/10\/25\/la-seleccion-colombia-avanzo-a-octavos-de-final-del-mundial-femenino-sub-17\/","og_locale":"es_ES","og_type":"article","og_title":"Selecci\u00f3n Colombia y Jap\u00f3n, por un cupo a cuartos del Mundial Femenino Sub-17 -","og_description":"La Selecci\u00f3n Colombia se qued\u00f3 con el segundo puesto del grupo E en la Copa del Mundo Femenina Sub-17 que se disputa en Marruecos. luego de vencer 1-0 a Corea del Sur en la \u00faltima jornada de la fase de grupos. London Crawford marc\u00f3 el gol de la victoria. Junto a Espa\u00f1a, son las selecciones [&hellip;]","og_url":"https:\/\/futbolhoy.co\/index.php\/2025\/10\/25\/la-seleccion-colombia-avanzo-a-octavos-de-final-del-mundial-femenino-sub-17\/","article_publisher":"https:\/\/www.facebook.com\/FutbolHoyCol\/","article_published_time":"2025-10-25T15:52:34+00:00","article_modified_time":"2025-10-26T14:36:46+00:00","og_image":[{"width":745,"height":431,"url":"https:\/\/futbolhoy.co\/wp-content\/uploads\/2025\/10\/WhatsApp-Image-2025-10-25-at-3.54.23-PM-1.jpeg","type":"image\/jpeg"}],"author":"contenido","twitter_card":"summary_large_image","twitter_creator":"@FutbolHoyCol","twitter_site":"@FutbolHoyCol","twitter_misc":{"Escrito por":"contenido","Tiempo de lectura":"1 minuto"},"schema":{"@context":"https:\/\/schema.org","@graph":[{"@type":"Article","@id":"https:\/\/futbolhoy.co\/index.php\/2025\/10\/25\/la-seleccion-colombia-avanzo-a-octavos-de-final-del-mundial-femenino-sub-17\/#article","isPartOf":{"@id":"https:\/\/futbolhoy.co\/index.php\/2025\/10\/25\/la-seleccion-colombia-avanzo-a-octavos-de-final-del-mundial-femenino-sub-17\/"},"author":{"name":"contenido","@id":"https:\/\/futbolhoy.co\/#\/schema\/person\/1721b69355b6623eaff15ac7b92d4cc3"},"headline":"Selecci\u00f3n Colombia y Jap\u00f3n, por un cupo a cuartos del Mundial Femenino Sub-17","datePublished":"2025-10-25T15:52:34+00:00","dateModified":"2025-10-26T14:36:46+00:00","mainEntityOfPage":{"@id":"https:\/\/futbolhoy.co\/index.php\/2025\/10\/25\/la-seleccion-colombia-avanzo-a-octavos-de-final-del-mundial-femenino-sub-17\/"},"wordCount":309,"commentCount":0,"publisher":{"@id":"https:\/\/futbolhoy.co\/#organization"},"image":{"@id":"https:\/\/futbolhoy.co\/index.php\/2025\/10\/25\/la-seleccion-colombia-avanzo-a-octavos-de-final-del-mundial-femenino-sub-17\/#primaryimage"},"thumbnailUrl":"https:\/\/futbolhoy.co\/wp-content\/uploads\/2025\/10\/WhatsApp-Image-2025-10-25-at-3.54.23-PM-1.jpeg","articleSection":["Colombia","Selecci\u00f3n Colombia"],"inLanguage":"es","potentialAction":[{"@type":"CommentAction","name":"Comment","target":["https:\/\/futbolhoy.co\/index.php\/2025\/10\/25\/la-seleccion-colombia-avanzo-a-octavos-de-final-del-mundial-femenino-sub-17\/#respond"]}]},{"@type":"WebPage","@id":"https:\/\/futbolhoy.co\/index.php\/2025\/10\/25\/la-seleccion-colombia-avanzo-a-octavos-de-final-del-mundial-femenino-sub-17\/","url":"https:\/\/futbolhoy.co\/index.php\/2025\/10\/25\/la-seleccion-colombia-avanzo-a-octavos-de-final-del-mundial-femenino-sub-17\/","name":"Selecci\u00f3n Colombia y Jap\u00f3n, por un cupo a cuartos del Mundial Femenino Sub-17 -","isPartOf":{"@id":"https:\/\/futbolhoy.co\/#website"},"primaryImageOfPage":{"@id":"https:\/\/futbolhoy.co\/index.php\/2025\/10\/25\/la-seleccion-colombia-avanzo-a-octavos-de-final-del-mundial-femenino-sub-17\/#primaryimage"},"image":{"@id":"https:\/\/futbolhoy.co\/index.php\/2025\/10\/25\/la-seleccion-colombia-avanzo-a-octavos-de-final-del-mundial-femenino-sub-17\/#primaryimage"},"thumbnailUrl":"https:\/\/futbolhoy.co\/wp-content\/uploads\/2025\/10\/WhatsApp-Image-2025-10-25-at-3.54.23-PM-1.jpeg","datePublished":"2025-10-25T15:52:34+00:00","dateModified":"2025-10-26T14:36:46+00:00","breadcrumb":{"@id":"https:\/\/futbolhoy.co\/index.php\/2025\/10\/25\/la-seleccion-colombia-avanzo-a-octavos-de-final-del-mundial-femenino-sub-17\/#breadcrumb"},"inLanguage":"es","potentialAction":[{"@type":"ReadAction","target":["https:\/\/futbolhoy.co\/index.php\/2025\/10\/25\/la-seleccion-colombia-avanzo-a-octavos-de-final-del-mundial-femenino-sub-17\/"]}]},{"@type":"ImageObject","inLanguage":"es","@id":"https:\/\/futbolhoy.co\/index.php\/2025\/10\/25\/la-seleccion-colombia-avanzo-a-octavos-de-final-del-mundial-femenino-sub-17\/#primaryimage","url":"https:\/\/futbolhoy.co\/wp-content\/uploads\/2025\/10\/WhatsApp-Image-2025-10-25-at-3.54.23-PM-1.jpeg","contentUrl":"https:\/\/futbolhoy.co\/wp-content\/uploads\/2025\/10\/WhatsApp-Image-2025-10-25-at-3.54.23-PM-1.jpeg","width":745,"height":431},{"@type":"BreadcrumbList","@id":"https:\/\/futbolhoy.co\/index.php\/2025\/10\/25\/la-seleccion-colombia-avanzo-a-octavos-de-final-del-mundial-femenino-sub-17\/#breadcrumb","itemListElement":[{"@type":"ListItem","position":1,"name":"Portada","item":"https:\/\/futbolhoy.co\/"},{"@type":"ListItem","position":2,"name":"Selecci\u00f3n Colombia y Jap\u00f3n, por un cupo a cuartos del Mundial Femenino Sub-17"}]},{"@type":"WebSite","@id":"https:\/\/futbolhoy.co\/#website","url":"https:\/\/futbolhoy.co\/","name":"FutbolHoy","description":"","publisher":{"@id":"https:\/\/futbolhoy.co\/#organization"},"potentialAction":[{"@type":"SearchAction","target":{"@type":"EntryPoint","urlTemplate":"https:\/\/futbolhoy.co\/?s={search_term_string}"},"query-input":{"@type":"PropertyValueSpecification","valueRequired":true,"valueName":"search_term_string"}}],"inLanguage":"es"},{"@type":"Organization","@id":"https:\/\/futbolhoy.co\/#organization","name":"Futbolhoy.co","url":"https:\/\/futbolhoy.co\/","logo":{"@type":"ImageObject","inLanguage":"es","@id":"https:\/\/futbolhoy.co\/#\/schema\/logo\/image\/","url":"https:\/\/futbolhoy.co\/wp-content\/uploads\/2018\/08\/17426380_1906371736249227_6326180412931521141_n.jpg","contentUrl":"https:\/\/futbolhoy.co\/wp-content\/uploads\/2018\/08\/17426380_1906371736249227_6326180412931521141_n.jpg","width":960,"height":960,"caption":"Futbolhoy.co"},"image":{"@id":"https:\/\/futbolhoy.co\/#\/schema\/logo\/image\/"},"sameAs":["https:\/\/www.facebook.com\/FutbolHoyCol\/","https:\/\/x.com\/FutbolHoyCol","https:\/\/www.instagram.com\/futbolhoycol\/"]},{"@type":"Person","@id":"https:\/\/futbolhoy.co\/#\/schema\/person\/1721b69355b6623eaff15ac7b92d4cc3","name":"contenido","image":{"@type":"ImageObject","inLanguage":"es","@id":"https:\/\/futbolhoy.co\/#\/schema\/person\/image\/","url":"https:\/\/secure.gravatar.com\/avatar\/4f656d3256f5134f466206e7c3941518?s=96&d=mm&r=g","contentUrl":"https:\/\/secure.gravatar.com\/avatar\/4f656d3256f5134f466206e7c3941518?s=96&d=mm&r=g","caption":"contenido"}}]}},"publishpress_future_action":{"enabled":false,"date":"2026-05-03 10:50:28","action":"change-status","newStatus":"draft","terms":[],"taxonomy":"category","extraData":[]},"publishpress_future_workflow_manual_trigger":{"enabledWorkflows":[]},"_links":{"self":[{"href":"https:\/\/futbolhoy.co\/index.php\/wp-json\/wp\/v2\/posts\/125200","targetHints":{"allow":["GET"]}}],"collection":[{"href":"https:\/\/futbolhoy.co\/index.php\/wp-json\/wp\/v2\/posts"}],"about":[{"href":"https:\/\/futbolhoy.co\/index.php\/wp-json\/wp\/v2\/types\/post"}],"author":[{"embeddable":true,"href":"https:\/\/futbolhoy.co\/index.php\/wp-json\/wp\/v2\/users\/4"}],"replies":[{"embeddable":true,"href":"https:\/\/futbolhoy.co\/index.php\/wp-json\/wp\/v2\/comments?post=125200"}],"version-history":[{"count":6,"href":"https:\/\/futbolhoy.co\/index.php\/wp-json\/wp\/v2\/posts\/125200\/revisions"}],"predecessor-version":[{"id":125216,"href":"https:\/\/futbolhoy.co\/index.php\/wp-json\/wp\/v2\/posts\/125200\/revisions\/125216"}],"wp:featuredmedia":[{"embeddable":true,"href":"https:\/\/futbolhoy.co\/index.php\/wp-json\/wp\/v2\/media\/125215"}],"wp:attachment":[{"href":"https:\/\/futbolhoy.co\/index.php\/wp-json\/wp\/v2\/media?parent=125200"}],"wp:term":[{"taxonomy":"category","embeddable":true,"href":"https:\/\/futbolhoy.co\/index.php\/wp-json\/wp\/v2\/categories?post=125200"},{"taxonomy":"post_tag","embeddable":true,"href":"https:\/\/futbolhoy.co\/index.php\/wp-json\/wp\/v2\/tags?post=125200"}],"curies":[{"name":"wp","href":"https:\/\/api.w.org\/{rel}","templated":true}]}}