{"id":125206,"date":"2025-10-25T10:51:05","date_gmt":"2025-10-25T15:51:05","guid":{"rendered":"https:\/\/futbolhoy.co\/?p=125206"},"modified":"2025-10-25T17:30:55","modified_gmt":"2025-10-25T22:30:55","slug":"luis-diaz-clave-en-goleada-de-bayern-munich-por-bundesliga","status":"publish","type":"post","link":"https:\/\/futbolhoy.co\/index.php\/2025\/10\/25\/luis-diaz-clave-en-goleada-de-bayern-munich-por-bundesliga\/","title":{"rendered":"Luis D\u00edaz, clave en goleada de Bayern M\u00fanich por Bundesliga"},"content":{"rendered":"<p style=\"text-align: justify;\"><span style=\"font-family: helvetica, arial, sans-serif;\"><strong>Bayern M\u00fanich<\/strong> ampli\u00f3 su invicto a 16 compromisos, despu\u00e9s de golear 0-3 a Borussia Monchengladbach por Bundesliga con anotaciones de Joshua Kimmich (64'), Raph\u00e4el Guerreiro (69') y Kennart Karl (81').<\/span><\/p>\n<p style=\"text-align: justify;\"><span style=\"font-family: helvetica, arial, sans-serif;\"><strong>Luis D\u00edaz<\/strong> fue titular y jug\u00f3 76' para el equipo de Vincent Kompany, y aunque no marc\u00f3, tuvo la primera oportunidad antes de los dos minutos de juego, luego de una gran jugada con Kane y Jackson.<\/span><\/p>\n<p style=\"text-align: justify;\"><span style=\"font-family: helvetica, arial, sans-serif;\">Adem\u00e1s, sobre el 16' estuvo como protagonista en una acci\u00f3n que gener\u00f3 la reacci\u00f3n de sus compa\u00f1eros en el banquillo<\/span><span style=\"font-family: helvetica, arial, sans-serif;\">, como s\u00edmbolo de protesta.<\/span><\/p>\n<h3 style=\"text-align: justify;\"><span style=\"font-family: helvetica, arial, sans-serif;\">La expulsi\u00f3n que provoc\u00f3 Luis D\u00edaz<\/span><\/h3>\n<p style=\"text-align: justify;\"><span style=\"font-family: helvetica, arial, sans-serif;\">Cuando el compromiso estaba 0-0, el colombiano recibi\u00f3 un cambio de frente, y en el momento que quiso desbordar, <strong>recibi\u00f3 la imprudente plancha del coreano<\/strong>, que en primera instancia fue castigado con la tarjeta amarilla.<\/span><\/p>\n<p style=\"text-align: justify;\"><span style=\"font-family: helvetica, arial, sans-serif;\">El \u00e1rbitro Sascha Stegemann acudi\u00f3 al llamado del VAR, y tras la revisi\u00f3n, expuls\u00f3 al mediocampista de 22 a\u00f1os.<\/span><\/p>\n<p style=\"text-align: justify;\"><span style=\"font-family: helvetica, arial, sans-serif;\">As\u00ed fue la acci\u00f3n:<\/span><\/p>\n<blockquote class=\"twitter-tweet\" data-media-max-width=\"560\">\n<p dir=\"ltr\" lang=\"es\">\u00a1CUIDADO CON LUCHO! Por esta plancha sobre Luis D\u00edaz, Jens Castrop se fue EXPULSADO en Borussia Monchengladbach<\/p>\n<p>\ud83d\udcfa Mir\u00e1 la <a href=\"https:\/\/twitter.com\/hashtag\/Bundesliga?src=hash&amp;ref_src=twsrc%5Etfw\">#Bundesliga<\/a> por <a href=\"https:\/\/twitter.com\/hashtag\/DisneyPlus?src=hash&amp;ref_src=twsrc%5Etfw\">#DisneyPlus<\/a> Plan Premium <a href=\"https:\/\/t.co\/CvNGBqApZV\">pic.twitter.com\/CvNGBqApZV<\/a><\/p>\n<p>\u2014 SportsCenter (@SC_ESPN) <a href=\"https:\/\/twitter.com\/SC_ESPN\/status\/1982086598633128342?ref_src=twsrc%5Etfw\">October 25, 2025<\/a><\/p><\/blockquote>\n<p style=\"text-align: justify;\"><script async src=\"https:\/\/platform.twitter.com\/widgets.js\" charset=\"utf-8\"><\/script><span style=\"font-family: helvetica, arial, sans-serif;\">Los locales jugaron con diez jugadores a partir del minuto 19, y esto aport\u00f3 para que <strong>Bayern M\u00fanich<\/strong> fuera el dominador durante el resto del encuentro.<\/span><\/p>\n<p style=\"text-align: justify;\"><span style=\"font-family: helvetica, arial, sans-serif;\">'Lucho' mantiene <strong>7 goles y 4 asistencias<\/strong> en 1.100' minutos disputados, aproximadamente, desde que lleg\u00f3 al club en julio de 2025.<\/span><\/p>\n<p style=\"text-align: justify;\"><span style=\"font-family: helvetica, arial, sans-serif;\">El pr\u00f3ximo partido de Bayern M\u00fanich con Luis Fernando D\u00edaz ser\u00e1 el <strong>mi\u00e9rcoles 29 de octubre<\/strong> por la segunda ronda de la Copa local, ante <strong>FC Colonia<\/strong>, desde las <strong>2:45 pm<\/strong>.<\/span><\/p>\n<p>&nbsp;<\/p>\n","protected":false},"excerpt":{"rendered":"<p>Bayern M\u00fanich ampli\u00f3 su invicto a 16 compromisos, despu\u00e9s de golear 0-3 a Borussia Monchengladbach por Bundesliga con anotaciones de Joshua Kimmich (64'), Raph\u00e4el Guerreiro (69') y Kennart Karl (81'). Luis D\u00edaz fue titular y jug\u00f3 76' para el equipo de Vincent Kompany, y aunque no marc\u00f3, tuvo la primera oportunidad antes de los dos [&hellip;]<\/p>\n","protected":false},"author":4,"featured_media":125207,"comment_status":"open","ping_status":"open","sticky":false,"template":"","format":"standard","meta":{"_acf_changed":false,"footnotes":""},"categories":[153],"tags":[],"class_list":{"0":"post-125206","1":"post","2":"type-post","3":"status-publish","4":"format-standard","5":"has-post-thumbnail","7":"category-selecion-colombia"},"acf":[],"yoast_head":"<!-- This site is optimized with the Yoast SEO plugin v26.8 - https:\/\/yoast.com\/product\/yoast-seo-wordpress\/ -->\n<title>Luis D\u00edaz, clave en goleada de Bayern M\u00fanich por Bundesliga -<\/title>\n<meta name=\"robots\" content=\"index, follow, max-snippet:-1, max-image-preview:large, max-video-preview:-1\" \/>\n<link rel=\"canonical\" href=\"https:\/\/futbolhoy.co\/index.php\/2025\/10\/25\/luis-diaz-clave-en-goleada-de-bayern-munich-por-bundesliga\/\" \/>\n<meta property=\"og:locale\" content=\"es_ES\" \/>\n<meta property=\"og:type\" content=\"article\" \/>\n<meta property=\"og:title\" content=\"Luis D\u00edaz, clave en goleada de Bayern M\u00fanich por Bundesliga -\" \/>\n<meta property=\"og:description\" content=\"Bayern M\u00fanich ampli\u00f3 su invicto a 16 compromisos, despu\u00e9s de golear 0-3 a Borussia Monchengladbach por Bundesliga con anotaciones de Joshua Kimmich (64&#039;), Raph\u00e4el Guerreiro (69&#039;) y Kennart Karl (81&#039;). Luis D\u00edaz fue titular y jug\u00f3 76&#039; para el equipo de Vincent Kompany, y aunque no marc\u00f3, tuvo la primera oportunidad antes de los dos [&hellip;]\" \/>\n<meta property=\"og:url\" content=\"https:\/\/futbolhoy.co\/index.php\/2025\/10\/25\/luis-diaz-clave-en-goleada-de-bayern-munich-por-bundesliga\/\" \/>\n<meta property=\"article:publisher\" content=\"https:\/\/www.facebook.com\/FutbolHoyCol\/\" \/>\n<meta property=\"article:published_time\" content=\"2025-10-25T15:51:05+00:00\" \/>\n<meta property=\"article:modified_time\" content=\"2025-10-25T22:30:55+00:00\" \/>\n<meta property=\"og:image\" content=\"https:\/\/futbolhoy.co\/wp-content\/uploads\/2025\/10\/572013665_1232333018926082_5490074215314438645_n.png\" \/>\n\t<meta property=\"og:image:width\" content=\"1162\" \/>\n\t<meta property=\"og:image:height\" content=\"784\" \/>\n\t<meta property=\"og:image:type\" content=\"image\/png\" \/>\n<meta name=\"author\" content=\"contenido\" \/>\n<meta name=\"twitter:card\" content=\"summary_large_image\" \/>\n<meta name=\"twitter:creator\" content=\"@FutbolHoyCol\" \/>\n<meta name=\"twitter:site\" content=\"@FutbolHoyCol\" \/>\n<meta name=\"twitter:label1\" content=\"Escrito por\" \/>\n\t<meta name=\"twitter:data1\" content=\"contenido\" \/>\n\t<meta name=\"twitter:label2\" content=\"Tiempo de lectura\" \/>\n\t<meta name=\"twitter:data2\" content=\"1 minuto\" \/>\n<script type=\"application\/ld+json\" class=\"yoast-schema-graph\">{\"@context\":\"https:\/\/schema.org\",\"@graph\":[{\"@type\":\"Article\",\"@id\":\"https:\/\/futbolhoy.co\/index.php\/2025\/10\/25\/luis-diaz-clave-en-goleada-de-bayern-munich-por-bundesliga\/#article\",\"isPartOf\":{\"@id\":\"https:\/\/futbolhoy.co\/index.php\/2025\/10\/25\/luis-diaz-clave-en-goleada-de-bayern-munich-por-bundesliga\/\"},\"author\":{\"name\":\"contenido\",\"@id\":\"https:\/\/futbolhoy.co\/#\/schema\/person\/1721b69355b6623eaff15ac7b92d4cc3\"},\"headline\":\"Luis D\u00edaz, clave en goleada de Bayern M\u00fanich por Bundesliga\",\"datePublished\":\"2025-10-25T15:51:05+00:00\",\"dateModified\":\"2025-10-25T22:30:55+00:00\",\"mainEntityOfPage\":{\"@id\":\"https:\/\/futbolhoy.co\/index.php\/2025\/10\/25\/luis-diaz-clave-en-goleada-de-bayern-munich-por-bundesliga\/\"},\"wordCount\":290,\"commentCount\":0,\"publisher\":{\"@id\":\"https:\/\/futbolhoy.co\/#organization\"},\"image\":{\"@id\":\"https:\/\/futbolhoy.co\/index.php\/2025\/10\/25\/luis-diaz-clave-en-goleada-de-bayern-munich-por-bundesliga\/#primaryimage\"},\"thumbnailUrl\":\"https:\/\/futbolhoy.co\/wp-content\/uploads\/2025\/10\/572013665_1232333018926082_5490074215314438645_n.png\",\"articleSection\":[\"Selecci\u00f3n Colombia\"],\"inLanguage\":\"es\",\"potentialAction\":[{\"@type\":\"CommentAction\",\"name\":\"Comment\",\"target\":[\"https:\/\/futbolhoy.co\/index.php\/2025\/10\/25\/luis-diaz-clave-en-goleada-de-bayern-munich-por-bundesliga\/#respond\"]}]},{\"@type\":\"WebPage\",\"@id\":\"https:\/\/futbolhoy.co\/index.php\/2025\/10\/25\/luis-diaz-clave-en-goleada-de-bayern-munich-por-bundesliga\/\",\"url\":\"https:\/\/futbolhoy.co\/index.php\/2025\/10\/25\/luis-diaz-clave-en-goleada-de-bayern-munich-por-bundesliga\/\",\"name\":\"Luis D\u00edaz, clave en goleada de Bayern M\u00fanich por Bundesliga -\",\"isPartOf\":{\"@id\":\"https:\/\/futbolhoy.co\/#website\"},\"primaryImageOfPage\":{\"@id\":\"https:\/\/futbolhoy.co\/index.php\/2025\/10\/25\/luis-diaz-clave-en-goleada-de-bayern-munich-por-bundesliga\/#primaryimage\"},\"image\":{\"@id\":\"https:\/\/futbolhoy.co\/index.php\/2025\/10\/25\/luis-diaz-clave-en-goleada-de-bayern-munich-por-bundesliga\/#primaryimage\"},\"thumbnailUrl\":\"https:\/\/futbolhoy.co\/wp-content\/uploads\/2025\/10\/572013665_1232333018926082_5490074215314438645_n.png\",\"datePublished\":\"2025-10-25T15:51:05+00:00\",\"dateModified\":\"2025-10-25T22:30:55+00:00\",\"breadcrumb\":{\"@id\":\"https:\/\/futbolhoy.co\/index.php\/2025\/10\/25\/luis-diaz-clave-en-goleada-de-bayern-munich-por-bundesliga\/#breadcrumb\"},\"inLanguage\":\"es\",\"potentialAction\":[{\"@type\":\"ReadAction\",\"target\":[\"https:\/\/futbolhoy.co\/index.php\/2025\/10\/25\/luis-diaz-clave-en-goleada-de-bayern-munich-por-bundesliga\/\"]}]},{\"@type\":\"ImageObject\",\"inLanguage\":\"es\",\"@id\":\"https:\/\/futbolhoy.co\/index.php\/2025\/10\/25\/luis-diaz-clave-en-goleada-de-bayern-munich-por-bundesliga\/#primaryimage\",\"url\":\"https:\/\/futbolhoy.co\/wp-content\/uploads\/2025\/10\/572013665_1232333018926082_5490074215314438645_n.png\",\"contentUrl\":\"https:\/\/futbolhoy.co\/wp-content\/uploads\/2025\/10\/572013665_1232333018926082_5490074215314438645_n.png\",\"width\":1162,\"height\":784},{\"@type\":\"BreadcrumbList\",\"@id\":\"https:\/\/futbolhoy.co\/index.php\/2025\/10\/25\/luis-diaz-clave-en-goleada-de-bayern-munich-por-bundesliga\/#breadcrumb\",\"itemListElement\":[{\"@type\":\"ListItem\",\"position\":1,\"name\":\"Portada\",\"item\":\"https:\/\/futbolhoy.co\/\"},{\"@type\":\"ListItem\",\"position\":2,\"name\":\"Luis D\u00edaz, clave en goleada de Bayern M\u00fanich por Bundesliga\"}]},{\"@type\":\"WebSite\",\"@id\":\"https:\/\/futbolhoy.co\/#website\",\"url\":\"https:\/\/futbolhoy.co\/\",\"name\":\"FutbolHoy\",\"description\":\"\",\"publisher\":{\"@id\":\"https:\/\/futbolhoy.co\/#organization\"},\"potentialAction\":[{\"@type\":\"SearchAction\",\"target\":{\"@type\":\"EntryPoint\",\"urlTemplate\":\"https:\/\/futbolhoy.co\/?s={search_term_string}\"},\"query-input\":{\"@type\":\"PropertyValueSpecification\",\"valueRequired\":true,\"valueName\":\"search_term_string\"}}],\"inLanguage\":\"es\"},{\"@type\":\"Organization\",\"@id\":\"https:\/\/futbolhoy.co\/#organization\",\"name\":\"Futbolhoy.co\",\"url\":\"https:\/\/futbolhoy.co\/\",\"logo\":{\"@type\":\"ImageObject\",\"inLanguage\":\"es\",\"@id\":\"https:\/\/futbolhoy.co\/#\/schema\/logo\/image\/\",\"url\":\"https:\/\/futbolhoy.co\/wp-content\/uploads\/2018\/08\/17426380_1906371736249227_6326180412931521141_n.jpg\",\"contentUrl\":\"https:\/\/futbolhoy.co\/wp-content\/uploads\/2018\/08\/17426380_1906371736249227_6326180412931521141_n.jpg\",\"width\":960,\"height\":960,\"caption\":\"Futbolhoy.co\"},\"image\":{\"@id\":\"https:\/\/futbolhoy.co\/#\/schema\/logo\/image\/\"},\"sameAs\":[\"https:\/\/www.facebook.com\/FutbolHoyCol\/\",\"https:\/\/x.com\/FutbolHoyCol\",\"https:\/\/www.instagram.com\/futbolhoycol\/\"]},{\"@type\":\"Person\",\"@id\":\"https:\/\/futbolhoy.co\/#\/schema\/person\/1721b69355b6623eaff15ac7b92d4cc3\",\"name\":\"contenido\",\"image\":{\"@type\":\"ImageObject\",\"inLanguage\":\"es\",\"@id\":\"https:\/\/futbolhoy.co\/#\/schema\/person\/image\/\",\"url\":\"https:\/\/secure.gravatar.com\/avatar\/4f656d3256f5134f466206e7c3941518?s=96&d=mm&r=g\",\"contentUrl\":\"https:\/\/secure.gravatar.com\/avatar\/4f656d3256f5134f466206e7c3941518?s=96&d=mm&r=g\",\"caption\":\"contenido\"}}]}<\/script>\n<!-- \/ Yoast SEO plugin. -->","yoast_head_json":{"title":"Luis D\u00edaz, clave en goleada de Bayern M\u00fanich por Bundesliga -","robots":{"index":"index","follow":"follow","max-snippet":"max-snippet:-1","max-image-preview":"max-image-preview:large","max-video-preview":"max-video-preview:-1"},"canonical":"https:\/\/futbolhoy.co\/index.php\/2025\/10\/25\/luis-diaz-clave-en-goleada-de-bayern-munich-por-bundesliga\/","og_locale":"es_ES","og_type":"article","og_title":"Luis D\u00edaz, clave en goleada de Bayern M\u00fanich por Bundesliga -","og_description":"Bayern M\u00fanich ampli\u00f3 su invicto a 16 compromisos, despu\u00e9s de golear 0-3 a Borussia Monchengladbach por Bundesliga con anotaciones de Joshua Kimmich (64'), Raph\u00e4el Guerreiro (69') y Kennart Karl (81'). Luis D\u00edaz fue titular y jug\u00f3 76' para el equipo de Vincent Kompany, y aunque no marc\u00f3, tuvo la primera oportunidad antes de los dos [&hellip;]","og_url":"https:\/\/futbolhoy.co\/index.php\/2025\/10\/25\/luis-diaz-clave-en-goleada-de-bayern-munich-por-bundesliga\/","article_publisher":"https:\/\/www.facebook.com\/FutbolHoyCol\/","article_published_time":"2025-10-25T15:51:05+00:00","article_modified_time":"2025-10-25T22:30:55+00:00","og_image":[{"width":1162,"height":784,"url":"https:\/\/futbolhoy.co\/wp-content\/uploads\/2025\/10\/572013665_1232333018926082_5490074215314438645_n.png","type":"image\/png"}],"author":"contenido","twitter_card":"summary_large_image","twitter_creator":"@FutbolHoyCol","twitter_site":"@FutbolHoyCol","twitter_misc":{"Escrito por":"contenido","Tiempo de lectura":"1 minuto"},"schema":{"@context":"https:\/\/schema.org","@graph":[{"@type":"Article","@id":"https:\/\/futbolhoy.co\/index.php\/2025\/10\/25\/luis-diaz-clave-en-goleada-de-bayern-munich-por-bundesliga\/#article","isPartOf":{"@id":"https:\/\/futbolhoy.co\/index.php\/2025\/10\/25\/luis-diaz-clave-en-goleada-de-bayern-munich-por-bundesliga\/"},"author":{"name":"contenido","@id":"https:\/\/futbolhoy.co\/#\/schema\/person\/1721b69355b6623eaff15ac7b92d4cc3"},"headline":"Luis D\u00edaz, clave en goleada de Bayern M\u00fanich por Bundesliga","datePublished":"2025-10-25T15:51:05+00:00","dateModified":"2025-10-25T22:30:55+00:00","mainEntityOfPage":{"@id":"https:\/\/futbolhoy.co\/index.php\/2025\/10\/25\/luis-diaz-clave-en-goleada-de-bayern-munich-por-bundesliga\/"},"wordCount":290,"commentCount":0,"publisher":{"@id":"https:\/\/futbolhoy.co\/#organization"},"image":{"@id":"https:\/\/futbolhoy.co\/index.php\/2025\/10\/25\/luis-diaz-clave-en-goleada-de-bayern-munich-por-bundesliga\/#primaryimage"},"thumbnailUrl":"https:\/\/futbolhoy.co\/wp-content\/uploads\/2025\/10\/572013665_1232333018926082_5490074215314438645_n.png","articleSection":["Selecci\u00f3n Colombia"],"inLanguage":"es","potentialAction":[{"@type":"CommentAction","name":"Comment","target":["https:\/\/futbolhoy.co\/index.php\/2025\/10\/25\/luis-diaz-clave-en-goleada-de-bayern-munich-por-bundesliga\/#respond"]}]},{"@type":"WebPage","@id":"https:\/\/futbolhoy.co\/index.php\/2025\/10\/25\/luis-diaz-clave-en-goleada-de-bayern-munich-por-bundesliga\/","url":"https:\/\/futbolhoy.co\/index.php\/2025\/10\/25\/luis-diaz-clave-en-goleada-de-bayern-munich-por-bundesliga\/","name":"Luis D\u00edaz, clave en goleada de Bayern M\u00fanich por Bundesliga -","isPartOf":{"@id":"https:\/\/futbolhoy.co\/#website"},"primaryImageOfPage":{"@id":"https:\/\/futbolhoy.co\/index.php\/2025\/10\/25\/luis-diaz-clave-en-goleada-de-bayern-munich-por-bundesliga\/#primaryimage"},"image":{"@id":"https:\/\/futbolhoy.co\/index.php\/2025\/10\/25\/luis-diaz-clave-en-goleada-de-bayern-munich-por-bundesliga\/#primaryimage"},"thumbnailUrl":"https:\/\/futbolhoy.co\/wp-content\/uploads\/2025\/10\/572013665_1232333018926082_5490074215314438645_n.png","datePublished":"2025-10-25T15:51:05+00:00","dateModified":"2025-10-25T22:30:55+00:00","breadcrumb":{"@id":"https:\/\/futbolhoy.co\/index.php\/2025\/10\/25\/luis-diaz-clave-en-goleada-de-bayern-munich-por-bundesliga\/#breadcrumb"},"inLanguage":"es","potentialAction":[{"@type":"ReadAction","target":["https:\/\/futbolhoy.co\/index.php\/2025\/10\/25\/luis-diaz-clave-en-goleada-de-bayern-munich-por-bundesliga\/"]}]},{"@type":"ImageObject","inLanguage":"es","@id":"https:\/\/futbolhoy.co\/index.php\/2025\/10\/25\/luis-diaz-clave-en-goleada-de-bayern-munich-por-bundesliga\/#primaryimage","url":"https:\/\/futbolhoy.co\/wp-content\/uploads\/2025\/10\/572013665_1232333018926082_5490074215314438645_n.png","contentUrl":"https:\/\/futbolhoy.co\/wp-content\/uploads\/2025\/10\/572013665_1232333018926082_5490074215314438645_n.png","width":1162,"height":784},{"@type":"BreadcrumbList","@id":"https:\/\/futbolhoy.co\/index.php\/2025\/10\/25\/luis-diaz-clave-en-goleada-de-bayern-munich-por-bundesliga\/#breadcrumb","itemListElement":[{"@type":"ListItem","position":1,"name":"Portada","item":"https:\/\/futbolhoy.co\/"},{"@type":"ListItem","position":2,"name":"Luis D\u00edaz, clave en goleada de Bayern M\u00fanich por Bundesliga"}]},{"@type":"WebSite","@id":"https:\/\/futbolhoy.co\/#website","url":"https:\/\/futbolhoy.co\/","name":"FutbolHoy","description":"","publisher":{"@id":"https:\/\/futbolhoy.co\/#organization"},"potentialAction":[{"@type":"SearchAction","target":{"@type":"EntryPoint","urlTemplate":"https:\/\/futbolhoy.co\/?s={search_term_string}"},"query-input":{"@type":"PropertyValueSpecification","valueRequired":true,"valueName":"search_term_string"}}],"inLanguage":"es"},{"@type":"Organization","@id":"https:\/\/futbolhoy.co\/#organization","name":"Futbolhoy.co","url":"https:\/\/futbolhoy.co\/","logo":{"@type":"ImageObject","inLanguage":"es","@id":"https:\/\/futbolhoy.co\/#\/schema\/logo\/image\/","url":"https:\/\/futbolhoy.co\/wp-content\/uploads\/2018\/08\/17426380_1906371736249227_6326180412931521141_n.jpg","contentUrl":"https:\/\/futbolhoy.co\/wp-content\/uploads\/2018\/08\/17426380_1906371736249227_6326180412931521141_n.jpg","width":960,"height":960,"caption":"Futbolhoy.co"},"image":{"@id":"https:\/\/futbolhoy.co\/#\/schema\/logo\/image\/"},"sameAs":["https:\/\/www.facebook.com\/FutbolHoyCol\/","https:\/\/x.com\/FutbolHoyCol","https:\/\/www.instagram.com\/futbolhoycol\/"]},{"@type":"Person","@id":"https:\/\/futbolhoy.co\/#\/schema\/person\/1721b69355b6623eaff15ac7b92d4cc3","name":"contenido","image":{"@type":"ImageObject","inLanguage":"es","@id":"https:\/\/futbolhoy.co\/#\/schema\/person\/image\/","url":"https:\/\/secure.gravatar.com\/avatar\/4f656d3256f5134f466206e7c3941518?s=96&d=mm&r=g","contentUrl":"https:\/\/secure.gravatar.com\/avatar\/4f656d3256f5134f466206e7c3941518?s=96&d=mm&r=g","caption":"contenido"}}]}},"publishpress_future_action":{"enabled":false,"date":"2026-05-03 10:28:22","action":"change-status","newStatus":"draft","terms":[],"taxonomy":"category","extraData":[]},"publishpress_future_workflow_manual_trigger":{"enabledWorkflows":[]},"_links":{"self":[{"href":"https:\/\/futbolhoy.co\/index.php\/wp-json\/wp\/v2\/posts\/125206","targetHints":{"allow":["GET"]}}],"collection":[{"href":"https:\/\/futbolhoy.co\/index.php\/wp-json\/wp\/v2\/posts"}],"about":[{"href":"https:\/\/futbolhoy.co\/index.php\/wp-json\/wp\/v2\/types\/post"}],"author":[{"embeddable":true,"href":"https:\/\/futbolhoy.co\/index.php\/wp-json\/wp\/v2\/users\/4"}],"replies":[{"embeddable":true,"href":"https:\/\/futbolhoy.co\/index.php\/wp-json\/wp\/v2\/comments?post=125206"}],"version-history":[{"count":6,"href":"https:\/\/futbolhoy.co\/index.php\/wp-json\/wp\/v2\/posts\/125206\/revisions"}],"predecessor-version":[{"id":125221,"href":"https:\/\/futbolhoy.co\/index.php\/wp-json\/wp\/v2\/posts\/125206\/revisions\/125221"}],"wp:featuredmedia":[{"embeddable":true,"href":"https:\/\/futbolhoy.co\/index.php\/wp-json\/wp\/v2\/media\/125207"}],"wp:attachment":[{"href":"https:\/\/futbolhoy.co\/index.php\/wp-json\/wp\/v2\/media?parent=125206"}],"wp:term":[{"taxonomy":"category","embeddable":true,"href":"https:\/\/futbolhoy.co\/index.php\/wp-json\/wp\/v2\/categories?post=125206"},{"taxonomy":"post_tag","embeddable":true,"href":"https:\/\/futbolhoy.co\/index.php\/wp-json\/wp\/v2\/tags?post=125206"}],"curies":[{"name":"wp","href":"https:\/\/api.w.org\/{rel}","templated":true}]}}